{"id":63931,"date":"2018-07-16T22:55:34","date_gmt":"2018-07-16T20:55:34","guid":{"rendered":"https:\/\/sdk.mk\/?p=63931"},"modified":"2018-07-19T10:59:08","modified_gmt":"2018-07-19T08:59:08","slug":"kur-ik-nje-femije-strehoj-nje-tjeter-qe-te-mos-qaj-shprehet-lejla-shabanova-e-cila-ka-strehuar-25-femije","status":"publish","type":"post","link":"https:\/\/sdk.mk\/index.php\/histori-te-parrefyera\/kur-ik-nje-femije-strehoj-nje-tjeter-qe-te-mos-qaj-shprehet-lejla-shabanova-e-cila-ka-strehuar-25-femije\/","title":{"rendered":"KUR M\u00cb IK NJ\u00cb F\u00cbMIJ\u00cb, STREHOJ NJ\u00cb TJET\u00cbR Q\u00cb T\u00cb MOS QAJ, SHPREHET LEJLA SHABANOVA E CILA KA STREHUAR 25 F\u00cbMIJ\u00cb"},"content":{"rendered":"<div class=\"f52428582a4b906b2d2e2a7d733c7d27\" data-index=\"7\" style=\"float: none; margin:10px 0 10px 0; text-align:center;\">\n<!-- MSP Ads Asynchronous JS Tag - Generated with Revive Adserver v5.4.1 -->\r\n<ins data-revive-zoneid=\"167\" data-revive-id=\"060fdb01f6430ec164d3519234aa4967\"><\/ins>\r\n<script async src=\"\/\/panel.ads.com.mk\/www\/delivery\/asyncjs.php\"><\/script>\n<\/div>\n<p>Isha 2 vje\u00e7e, e martuar dhe n\u00ebn\u00eb e dy f\u00ebmij\u00ebve kur vendosa t\u2019ua hap der\u00ebn e sht\u00ebpis\u00eb son\u00eb f\u00ebmij\u00ebve t\u00eb braktisur nga prind\u00ebrit e tyre apo t\u00eb larguar nga qendrat p\u00ebr mbrojtje sociale, e filloi historin\u00eb e saj 34 vje\u00e7arja Lejla Shabanova, e cila p\u00ebr 13 vjet \u00ebsht\u00eb pjes\u00eb e familjeve strehuese n\u00eb Maqedoni.<\/p>\n<p>\u201cGjyshja ime gjithashtu strehonte f\u00ebmij\u00eb dhe besoj se kjo ndjenj\u00eb p\u00ebr t\u2019u ndihmuar f\u00ebmij\u00ebve t\u00eb braktisur nga prind\u00ebrit q\u00eb nuk kan\u00eb ku t\u00eb shkojn\u00eb, m\u00eb \u00ebsht\u00eb shfaqur edhe mua gjat\u00eb koh\u00ebs q\u00eb jam rritur me ta. Kur u b\u00ebra n\u00ebn\u00eb, ndjenja mu forcua edhe m\u00eb shum\u00eb dhe disa dit\u00eb pasi vajza ime mbushi 2 vjet, shkova n\u00eb Qendr\u00ebn p\u00ebr pun\u00eb sociale n\u00eb Shkup dhe k\u00ebrkova q\u00eb t\u00eb strehoj nj\u00eb f\u00ebmij\u00eb. Q\u00eb at\u00ebher\u00eb n\u00eb sht\u00ebpin\u00eb ton\u00eb ka vazhdimisht ndonj\u00eb f\u00ebmij\u00eb t\u00eb strehuar\u201d, thot\u00eb Lejla, e cila ka qen\u00eb kujdestare e plot 25 f\u00ebmij\u00ebve.<\/p>\n<p>F\u00ebmija i par\u00eb q\u00eb ka strehuar ka qen\u00eb Bajramsha. Ajo ka pasur vet\u00ebm 7 muaj dhe q\u00eb at\u00ebher\u00eb ka jetuar me Shabanov\u00ebt. Meq\u00eb Bajramsha ka pasur pengesa n\u00eb zhvillim, askush nuk ka dashur ta adoptoj\u00eb.<\/p>\n<p>\u201cBajramsh\u00ebn prind\u00ebrit e saj e kishin l\u00ebn\u00eb n\u00eb nj\u00eb dhom\u00eb. Pas paraqitjes s\u00eb komshinjve si rast, pun\u00ebtor\u00ebt social\u00eb e gjet\u00ebn pas 10 dit\u00ebsh. F\u00ebmija nuk kishte ngr\u00ebn\u00eb, n\u00eb goj\u00eb i gjet\u00ebn filtra cigaresh, q\u00eb kan\u00eb qen\u00eb gj\u00ebja e vetme q\u00eb ka hasur n\u00eb dhom\u00eb p\u00ebr t\u00eb konsumuar. Kur e mora n\u00eb duart e mia ishte aq e dob\u00ebt dhe e pafuqishme. Pas disa muajve, mjek\u00ebt konstatuan se ajo ka pengesa n\u00eb zhvillim, gj\u00eb q\u00eb ishte dhe arsyeja q\u00eb askush nuk donte ta adoptonte. Un\u00eb dhe im shoq nuk ia dor\u00ebzuam ndonj\u00eb institucioni dhe ja ku \u00ebsht\u00eb tani, ka mbushur 12 vjet dhe \u00ebsht\u00eb pjes\u00eb e familjes\u201d thot\u00eb Lejla.<\/p>\n<p>Deri para disa muajve, Bajramsha nuk ka pasur as dokumente, gjegj\u00ebsisht \u00e7ertifikat\u00eb lindjeje, andaj t\u00eb gjith\u00eb p\u00ebrkujdesjen sh\u00ebndet\u00ebsore t\u00eb saj Lejla e ka paguar privatisht.<\/p>\n<p>\u201cKishim mund\u00ebsi t\u00eb shp\u00ebrngulemi n\u00eb Austri, por Bajramsha nuk kishte dokumente dhe nuk shkuam. N\u00ebse nuk mund ta marr me vete, at\u00ebher\u00eb nuk shkoj as un\u00eb, nuk e l\u00eb\u201d, thot\u00eb Lejla.<\/p>\n<p>Familja Shabanov tani ruan dy f\u00ebmij\u00eb, Medin\u00ebn, nj\u00eb vajz\u00eb 10 muajshe dhe n\u00ebnt\u00ebvje\u00e7arin Isak, mot\u00ebr e v\u00eblla, t\u00eb cil\u00ebt n\u00ebna e tyre i ka braktisur n\u00eb Qendr\u00ebn p\u00ebr pun\u00eb sociale pasi nuk ka pasur kushte t\u2019i rris\u00eb.<\/p>\n<p>Kur i vizituam n\u00eb Trubarevo, f\u00ebmij\u00ebt flinin n\u00eb dhom\u00ebn t\u00eb cil\u00ebn Lejla e kishte pajisur me t\u00eb gjitha pajisjet e nevojshme p\u00ebr f\u00ebmij\u00eb t\u00eb vegj\u00ebl. Na tha se ka dy krevate p\u00ebr f\u00ebmij\u00eb sepse ndodh q\u00eb nj\u00ebkoh\u00ebsish t\u00eb p\u00ebrkujdeset p\u00ebr dy foshnje. Bajramsha na i tregoi karrocat dhe loj\u00ebrat me t\u00eb cilat do t\u00eb luajn\u00eb f\u00ebmij\u00ebt.<\/p>\n<p>\u201cMe mua jan\u00eb vet\u00ebm dy muaj e gjys\u00ebm. Ishte aq e vog\u00ebl dhe e dob\u00ebt kur e pash\u00eb p\u00ebr her\u00eb t\u00eb par\u00eb, tani shikoni si \u00ebsht\u00eb rritur. Prind\u00ebrit para disa dit\u00ebsh kan\u00eb k\u00ebrkuar q\u00eb t\u2019i marrin f\u00ebmij\u00ebt tek Qendra p\u00ebr pun\u00eb sociale. Dinka nuk m\u00eb shqitet, madje filloi t\u00eb m\u00eb th\u00ebrriste mama, edhe pse un\u00eb i them si t\u00eb gjith\u00eb f\u00ebmij\u00ebt, t\u00eb m\u00eb quajn\u00eb dada. Por jo, ata prap\u00eb se prap\u00eb m\u00eb quajn\u00eb mama\u201d, thot\u00eb Lejla.<\/p>\n<p>\u00c7do ndarje nga f\u00ebmij\u00ebt \u00ebsht\u00eb e v\u00ebshtir\u00eb p\u00ebr Lejl\u00ebn, sidomos nga ata p\u00ebr t\u00eb cil\u00ebt \u00ebsht\u00eb p\u00ebrkujdesur p\u00ebr nj\u00eb koh\u00eb m\u00eb t\u00eb gjat\u00eb. Ndarja m\u00eb e v\u00ebshir\u00eb deri m\u00eb tani ka qen\u00eb ajo me Blendimin, t\u00eb cilin e ka ruajtur p\u00ebr 2 vjet, e ka marr\u00eb nga Qendra kur ka pasur vet\u00ebm 6 muaj dhe m\u00eb pas \u00ebsht\u00eb adoptuar.<\/p>\n<p>\u201cTani kur t\u00eb shkojn\u00eb Medina dhe Isaku un\u00eb do t\u00eb qaj derisa t\u00eb kem strehuar nj\u00eb f\u00ebmij\u00eb tjet\u00ebr. Andaj, sapo t\u00eb shkoj\u00eb nj\u00eb f\u00ebmij\u00eb, un\u00eb i k\u00ebrkoj Qendr\u00ebs t\u00eb m\u00eb japin nj\u00eb tjet\u00ebr. I dedikohem rritjes dhe p\u00ebrkujdesjes p\u00ebr t\u00eb dhe nuk mendoj n\u00ebse Isaku ka nd\u00ebrruar rrobat apo n\u00ebse Medina ka ngr\u00ebn\u00eb, a kan\u00eb ftoh\u00eb n\u00eb dim\u00ebr apo n\u00ebse kan\u00eb gjith\u00e7ka q\u00eb u nevojitet\u201d, thot\u00eb Lejla.<\/p>\n<p>Mes f\u00ebmij\u00ebve q\u00eb kan\u00eb jetuar me familjen Shabanov, ka pasur edhe viktima t\u00eb dhun\u00ebs familjare. Lejla p\u00ebr disa muaj ka ruajtur dy motra, t\u00eb cilat n\u00ebna e tyre i kishte l\u00ebn\u00eb n\u00eb makin\u00eb dhe t\u00eb cilat kan\u00eb qen\u00eb n\u00eb nj\u00eb gjendje t\u00eb r\u00ebn\u00eb sh\u00ebndet\u00ebsore kur i kan\u00eb gjetur. Nuk mund t&#8217;i harroj\u00eb edhe tre v\u00ebllez\u00ebrit Aleksandar, Kiko dhe Nikolla t\u00eb cil\u00ebt ishin rr\u00ebfyer se si babai i tyre e ka rrahur n\u00ebn\u00ebn, nd\u00ebrsa ata i ka detyruar t\u00eb k\u00ebrkojn\u00eb l\u00ebmosh\u00eb rrug\u00ebve.<\/p>\n<p>\u201cF\u00ebmij\u00ebt nuk jan\u00eb fajtor\u00eb p\u00ebr asgj\u00eb, atyre ju duhet vet\u00ebm dashuri. Kur nuk kam f\u00ebmij\u00eb, ndjehem bosh. Vajz\u00ebn dhe djalin tashm\u00eb i kam 14 dhe 17 vje\u00e7, Bajramsha \u00ebsht\u00eb rritur dhe martuar tashm\u00eb. nga burri. Andaj mendoj se deri sa t\u00eb kem mund\u00ebsi do t\u00eb vazhdoj t\u00eb strehoj f\u00ebmij\u00eb. Uroj q\u00eb sa m\u00eb shum\u00eb familje n\u00eb Maqedoni t\u00eb fillojn\u00eb ta praktikojn\u00eb k\u00ebt\u00eb\u201d, thot\u00eb Lejla.<\/p>\n<p><em><strong>A. ANTEVSKA<\/strong><\/em><\/p>\n\n<div style=\"font-size: 0px; height: 0px; line-height: 0px; margin: 0; padding: 0; clear: both;\"><\/div>","protected":false},"excerpt":{"rendered":"<p>Isha 2 vje\u00e7e, e martuar dhe n\u00ebn\u00eb e dy f\u00ebmij\u00ebve kur vendosa t\u2019ua hap der\u00ebn e sht\u00ebpis\u00eb son\u00eb f\u00ebmij\u00ebve t\u00eb [&hellip;]<\/p>\n","protected":false},"author":9,"featured_media":63540,"comment_status":"closed","ping_status":"closed","sticky":false,"template":"","format":"standard","meta":{"_mo_disable_npp":"","inline_featured_image":false},"categories":[3085,3087],"tags":[],"imageURL":"https:\/\/sdk.mk\/wp-content\/uploads\/2018\/07\/zgrizuvacko-semejstvo-trubarevo-2-650x433.jpg","thumbURL":"https:\/\/sdk.mk\/wp-content\/uploads\/2018\/07\/zgrizuvacko-semejstvo-trubarevo-2-250x167.jpg","categoryNames":["Histori t\u00eb parr\u00ebfyera","Maqedonia"],"feature_caption":"Lejla Shabanova, p\u00ebr 13 vjet strehon f\u00ebmij\u00eb t\u00eb cil\u00ebt kan\u00eb qen\u00eb t\u00eb braktisur nga familjet e tyre apo jan\u00eb larguar nga qendrat p\u00ebr mbrojtje sociale (Foto: K. Popov)","subtitle":"","views":"8668","source":"Shkup, (SAKAMDAKAZAM.MK)","yoast_head":"<!-- This site is optimized with the Yoast SEO Premium plugin v15.0 - https:\/\/yoast.com\/wordpress\/plugins\/seo\/ -->\n<title>KUR M\u00cb IK NJ\u00cb F\u00cbMIJ\u00cb, STREHOJ NJ\u00cb TJET\u00cbR Q\u00cb T\u00cb MOS QAJ, SHPREHET LEJLA SHABANOVA E CILA KA STREHUAR 25 F\u00cbMIJ\u00cb - \u0421\u0430\u043a\u0430\u043c \u0414\u0430 \u041a\u0430\u0436\u0430\u043c<\/title>\n<meta name=\"robots\" content=\"index, follow, max-snippet:-1, max-image-preview:large, max-video-preview:-1\" \/>\n<link rel=\"canonical\" href=\"https:\/\/sdk.mk\/index.php\/histori-te-parrefyera\/kur-ik-nje-femije-strehoj-nje-tjeter-qe-te-mos-qaj-shprehet-lejla-shabanova-e-cila-ka-strehuar-25-femije\/\" \/>\n<meta property=\"og:locale\" content=\"mk_MK\" \/>\n<meta property=\"og:type\" content=\"article\" \/>\n<meta property=\"og:title\" content=\"KUR M\u00cb IK NJ\u00cb F\u00cbMIJ\u00cb, STREHOJ NJ\u00cb TJET\u00cbR Q\u00cb T\u00cb MOS QAJ, SHPREHET LEJLA SHABANOVA E CILA KA STREHUAR 25 F\u00cbMIJ\u00cb - \u0421\u0430\u043a\u0430\u043c \u0414\u0430 \u041a\u0430\u0436\u0430\u043c\" \/>\n<meta property=\"og:description\" content=\"Isha 2 vje\u00e7e, e martuar dhe n\u00ebn\u00eb e dy f\u00ebmij\u00ebve kur vendosa t\u2019ua hap der\u00ebn e sht\u00ebpis\u00eb son\u00eb f\u00ebmij\u00ebve t\u00eb [&hellip;]\" \/>\n<meta property=\"og:url\" content=\"https:\/\/sdk.mk\/index.php\/histori-te-parrefyera\/kur-ik-nje-femije-strehoj-nje-tjeter-qe-te-mos-qaj-shprehet-lejla-shabanova-e-cila-ka-strehuar-25-femije\/\" \/>\n<meta property=\"og:site_name\" content=\"\u0421\u0430\u043a\u0430\u043c \u0414\u0430 \u041a\u0430\u0436\u0430\u043c\" \/>\n<meta property=\"article:published_time\" content=\"2018-07-16T20:55:34+00:00\" \/>\n<meta property=\"article:modified_time\" content=\"2018-07-19T08:59:08+00:00\" \/>\n<meta property=\"og:image\" content=\"https:\/\/sdk.mk\/wp-content\/uploads\/2018\/07\/zgrizuvacko-semejstvo-trubarevo-2.jpg\" \/>\n\t<meta property=\"og:image:width\" content=\"1024\" \/>\n\t<meta property=\"og:image:height\" content=\"682\" \/>\n<meta property=\"fb:app_id\" content=\"2407985809428537\" \/>\n<meta name=\"twitter:card\" content=\"summary\" \/>\n<script type=\"application\/ld+json\" class=\"yoast-schema-graph\">{\"@context\":\"https:\/\/schema.org\",\"@graph\":[{\"@type\":\"WebSite\",\"@id\":\"https:\/\/sdk.mk\/#website\",\"url\":\"https:\/\/sdk.mk\/\",\"name\":\"\\u0421\\u0430\\u043a\\u0430\\u043c \\u0414\\u0430 \\u041a\\u0430\\u0436\\u0430\\u043c\",\"description\":\"\\u0417\\u0430 \\u0441\\u043b\\u043e\\u0431\\u043e\\u0434\\u043e\\u0443\\u043c\\u043d\\u0438\",\"potentialAction\":[{\"@type\":\"SearchAction\",\"target\":\"https:\/\/sdk.mk\/?s={search_term_string}\",\"query-input\":\"required name=search_term_string\"}],\"inLanguage\":\"mk-MK\"},{\"@type\":\"ImageObject\",\"@id\":\"https:\/\/sdk.mk\/index.php\/histori-te-parrefyera\/kur-ik-nje-femije-strehoj-nje-tjeter-qe-te-mos-qaj-shprehet-lejla-shabanova-e-cila-ka-strehuar-25-femije\/#primaryimage\",\"inLanguage\":\"mk-MK\",\"url\":\"https:\/\/sdk.mk\/wp-content\/uploads\/2018\/07\/zgrizuvacko-semejstvo-trubarevo-2.jpg\",\"width\":1024,\"height\":682},{\"@type\":\"WebPage\",\"@id\":\"https:\/\/sdk.mk\/index.php\/histori-te-parrefyera\/kur-ik-nje-femije-strehoj-nje-tjeter-qe-te-mos-qaj-shprehet-lejla-shabanova-e-cila-ka-strehuar-25-femije\/#webpage\",\"url\":\"https:\/\/sdk.mk\/index.php\/histori-te-parrefyera\/kur-ik-nje-femije-strehoj-nje-tjeter-qe-te-mos-qaj-shprehet-lejla-shabanova-e-cila-ka-strehuar-25-femije\/\",\"name\":\"KUR M\\u00cb IK NJ\\u00cb F\\u00cbMIJ\\u00cb, STREHOJ NJ\\u00cb TJET\\u00cbR Q\\u00cb T\\u00cb MOS QAJ, SHPREHET LEJLA SHABANOVA E CILA KA STREHUAR 25 F\\u00cbMIJ\\u00cb - \\u0421\\u0430\\u043a\\u0430\\u043c \\u0414\\u0430 \\u041a\\u0430\\u0436\\u0430\\u043c\",\"isPartOf\":{\"@id\":\"https:\/\/sdk.mk\/#website\"},\"primaryImageOfPage\":{\"@id\":\"https:\/\/sdk.mk\/index.php\/histori-te-parrefyera\/kur-ik-nje-femije-strehoj-nje-tjeter-qe-te-mos-qaj-shprehet-lejla-shabanova-e-cila-ka-strehuar-25-femije\/#primaryimage\"},\"datePublished\":\"2018-07-16T20:55:34+00:00\",\"dateModified\":\"2018-07-19T08:59:08+00:00\",\"author\":{\"@id\":\"https:\/\/sdk.mk\/#\/schema\/person\/3e8217f71bc38bd7c592f30c69e10e5a\"},\"inLanguage\":\"mk-MK\",\"potentialAction\":[{\"@type\":\"ReadAction\",\"target\":[\"https:\/\/sdk.mk\/index.php\/histori-te-parrefyera\/kur-ik-nje-femije-strehoj-nje-tjeter-qe-te-mos-qaj-shprehet-lejla-shabanova-e-cila-ka-strehuar-25-femije\/\"]}]},{\"@type\":\"Person\",\"@id\":\"https:\/\/sdk.mk\/#\/schema\/person\/3e8217f71bc38bd7c592f30c69e10e5a\",\"name\":\"\\u041c\\u0438\\u0440\\u043e\\u0441\\u043b\\u0430\\u0432 \\u0418\\u043b\\u0438\\u043e\\u0441\\u043a\\u0438\"}]}<\/script>\n<!-- \/ Yoast SEO Premium plugin. -->","_links":{"self":[{"href":"https:\/\/sdk.mk\/index.php\/wp-json\/wp\/v2\/posts\/63931"}],"collection":[{"href":"https:\/\/sdk.mk\/index.php\/wp-json\/wp\/v2\/posts"}],"about":[{"href":"https:\/\/sdk.mk\/index.php\/wp-json\/wp\/v2\/types\/post"}],"author":[{"embeddable":true,"href":"https:\/\/sdk.mk\/index.php\/wp-json\/wp\/v2\/users\/9"}],"replies":[{"embeddable":true,"href":"https:\/\/sdk.mk\/index.php\/wp-json\/wp\/v2\/comments?post=63931"}],"version-history":[{"count":0,"href":"https:\/\/sdk.mk\/index.php\/wp-json\/wp\/v2\/posts\/63931\/revisions"}],"wp:featuredmedia":[{"embeddable":true,"href":"https:\/\/sdk.mk\/index.php\/wp-json\/wp\/v2\/media\/63540"}],"wp:attachment":[{"href":"https:\/\/sdk.mk\/index.php\/wp-json\/wp\/v2\/media?parent=63931"}],"wp:term":[{"taxonomy":"category","embeddable":true,"href":"https:\/\/sdk.mk\/index.php\/wp-json\/wp\/v2\/categories?post=63931"},{"taxonomy":"post_tag","embeddable":true,"href":"https:\/\/sdk.mk\/index.php\/wp-json\/wp\/v2\/tags?post=63931"}],"curies":[{"name":"wp","href":"https:\/\/api.w.org\/{rel}","templated":true}]}}