{"id":63934,"date":"2018-07-14T23:03:19","date_gmt":"2018-07-14T21:03:19","guid":{"rendered":"https:\/\/sdk.mk\/?p=63934"},"modified":"2018-07-19T11:05:37","modified_gmt":"2018-07-19T09:05:37","slug":"familja-durmishkovski-nga-velesi-ka-strehuar-37-femije-ne-shtepine-plot-gezim-mesojne-per-jeten","status":"publish","type":"post","link":"https:\/\/sdk.mk\/index.php\/histori-te-parrefyera\/familja-durmishkovski-nga-velesi-ka-strehuar-37-femije-ne-shtepine-plot-gezim-mesojne-per-jeten\/","title":{"rendered":"FAMILJA DURMISHKOVSKI NGA VELESI KA STREHUAR 37 F\u00cbMIJ\u00cb, N\u00cb SHT\u00cbPIN\u00cb PLOT G\u00cbZIM I M\u00cbSOJN\u00cb P\u00cbR JET\u00cbN"},"content":{"rendered":"<div class=\"f52428582a4b906b2d2e2a7d733c7d27\" data-index=\"7\" style=\"float: none; margin:10px 0 10px 0; text-align:center;\">\n<!-- MSP Ads Asynchronous JS Tag - Generated with Revive Adserver v5.4.1 -->\r\n<ins data-revive-zoneid=\"167\" data-revive-id=\"060fdb01f6430ec164d3519234aa4967\"><\/ins>\r\n<script async src=\"\/\/panel.ads.com.mk\/www\/delivery\/asyncjs.php\"><\/script>\n<\/div>\n<p>N\u00eb rrug\u00ebn Bogdan Karakostev, 97 n\u00eb Veles, jeton vet\u00ebm familja Durmishovski. Nga sht\u00ebpia e tyre duket nj\u00eb pamje jasht\u00eb mase e bukur e pjes\u00ebs s\u00eb vjet\u00ebr t\u00eb qytetit, n\u00eb pamje shum\u00eb e shtrenj\u00eb dhe e vlefshme. Ve\u00e7 asaj, n\u00eb k\u00ebt\u00eb familje strehuese t\u00eb Velesit mbizot\u00ebron harmonia, dashuria, miq\u00ebsia e cila nuk ka \u00e7mim. P\u00ebrve\u00e7 Isamilit dhe Benas Durmishovskit, me ata jan\u00eb bashk\u00eb edhe kat\u00ebr f\u00ebmij\u00eb n\u00ebn strehim, 2 vje\u00e7ari Emanuel, i cili jeton me ta q\u00eb kur ishte 6 muaj, Sefanka ka nj\u00eb muaj, Gjylberaj ka 15 dhe Miradija 12 vjet.<\/p>\n<p>Ismaili ka punuar n\u00eb \u201cPorcelank\u00eb\u201d e Velesit dhe tani \u00ebsht\u00eb pensioner. Si familje strehuese kan\u00eb filluar nga viti 2004 dhe ka vazhduar deri m\u00eb sot, plot 14 vjet.<\/p>\n<p>\u201cRrjedhim nga nj\u00eb familje ku mbret\u00ebronte dashuria, sidomos dashuria ndaj f\u00ebmij\u00ebve. Nuk jemi m\u00ebsuar t\u00eb jetojm\u00eb vet\u00ebm. Ne lind\u00ebm tre f\u00ebmij\u00eb \u2013 nj\u00eb djal\u00eb dhe dy vajza, t\u00eb gjith\u00eb t\u00eb martuar dhe kemi nip\u00ebr dhe mbesa. Biri, Irfani, jeton me mua n\u00eb sht\u00ebpi dhe ka pranuar t\u00eb jet\u00eb kujdestar. Ka dy f\u00ebmij\u00eb bilogjik\u00eb dhe tre n\u00ebn kujdestarin\u00eb e tij, k\u00ebshtu gjithsej n\u00eb oborr kemi n\u00ebnt\u00eb f\u00ebmij\u00eb. P\u00ebr ne t\u00eb gjith\u00eb jan\u00eb t\u00eb nj\u00ebjt\u00eb, p\u00ebr t\u00eb gjith\u00eb kemi dashuri, mir\u00ebkuptim dhe p\u00ebrkujdesje\u201d, thot\u00eb Ismaili i cili ka 64 vjet, nd\u00ebrsa gruaja e tij 60.<\/p>\n<p>P\u00ebrgjat\u00eb k\u00ebtyre 14 vjet\u00ebve t\u00eb shkuar, famija Durmishovski kan\u00eb rritur 37 f\u00ebmij\u00eb. Aq kan\u00eb dal\u00eb nga sht\u00ebpia e tyre. Disa kan\u00eb mbetur m\u00eb gjat\u00eb, t\u00eb tjer\u00eb kan\u00eb ndenjur p\u00ebrkoh\u00ebsisht, por q\u00eb t\u00eb gjith\u00eb kan\u00eb l\u00ebn\u00eb gjurm\u00eb n\u00eb zemrat e tyre. Kan\u00eb pasur rast t\u00eb ruajn\u00eb dhe n\u00ebna me f\u00ebmij\u00eb viktima t\u00eb nj\u00eb dhune familjare dhe probleme t\u00eb tjera. Atje kan\u00eb ndenjur p\u00ebr rreth dy muaj dhe jan\u00eb larguar.<\/p>\n<p>\u201cNj\u00eb sht\u00ebpi e mbushur me f\u00ebmij\u00eb p\u00ebr ne \u00ebsht\u00eb g\u00ebzim i madh. Un\u00eb kurr\u00eb nuk i ndaj f\u00ebmij\u00ebt. Sht\u00ebpia jon\u00eb \u00ebsht\u00eb gjithmon\u00eb e mbushur me t\u00eb qeshura, asnj\u00ebher\u00eb nuk jemi t\u00eb nevrikosur, nuk zihemi, por jetojm\u00eb me shum\u00eb dashuri. Kur ata shkojn\u00eb n\u00eb shkoll\u00eb, sht\u00ebpia duket bosh. M\u00eb duhet t&#8217;i falenderohem arsimtar\u00ebve dhe profesor\u00ebve, pedagog\u00ebve t\u00eb tyre, t\u00eb cil\u00ebt nuk kursehen q\u00eb t&#8217;u ndihmojn\u00eb, pasi n\u00eb shpi nuk mund t&#8217;u ndihmojm\u00eb aq shum\u00eb p\u00ebr m\u00ebsimin. N\u00eb shkoll\u00eb jan\u00eb t\u00eb shk\u00eblqyer\u201d, thot\u00eb Benasi.<\/p>\n<p>Ajo p\u00ebrkujdeset p\u00ebr vaktet dhe p\u00ebr ushqimin nuk ka asnj\u00eb lloj problemi, t\u00eb gjith\u00eb han\u00eb at\u00eb q\u00eb \u00ebsht\u00eb gatuar, nuk ekziston nuk dua, nuk ha. T\u00eb gjith\u00eb f\u00ebmij\u00ebt jan\u00eb mir\u00eb t\u00eb disciplinuar, gjat\u00eb vizit\u00ebs erdh\u00ebn p\u00ebr t&#8217;u p\u00ebrsh\u00ebndetur me shum\u00eb mir\u00ebsjellje dhe vazhduan t\u00eb luanin. Higjiena e sht\u00ebpis\u00eb \u00ebsht\u00eb n\u00eb nj\u00eb nivel t\u00eb lart\u00eb, p\u00ebr t\u00eb p\u00ebrkujdesen t\u00eb gjith\u00eb, pa p\u00ebrjashtim. F\u00ebmij\u00ebt shoq\u00ebrojn\u00eb Ismailin gjat\u00eb pazarit dhe ndihmojn\u00eb pa hezitim.<br \/>\nM\u00eb i riu, Emanueli, i bie pianos n\u00eb shkoll\u00ebn e muzik\u00ebs, dhe edhe pse n\u00eb sht\u00ebpi ata nuk kan\u00eb piano, ai fiton n\u00eb gara n\u00eb Maqedoni, Serbi, Bullgari.<\/p>\n<p>\u201cI m\u00ebsojm\u00eb p\u00ebr jet\u00ebn, t\u00eb din\u00eb se \u00e7far\u00eb i pret. E kemi t\u00eb v\u00ebshtir\u00eb kur duhet t\u00eb largohen, na dhemb shum\u00eb. Por e dim\u00eb se i p\u00ebrkasin nj\u00eb familjeje tjet\u00ebr dhe se nj\u00eb dit\u00eb ata do t\u00eb ikin. Disa nga f\u00ebmij\u00ebt i din\u00eb prind\u00ebrit e tyre biologjik\u00eb. Mes f\u00ebmij\u00ebve nuk ka ndarje n\u00eb baz\u00eb nacionaliteti. Nj\u00eb vajz\u00eb \u00ebsht\u00eb maqedonase, tre t\u00eb tjerat rome, por e r\u00ebnd\u00ebsishmja \u00ebsht\u00eb q\u00eb mes vete jan\u00eb v\u00ebllez\u00ebr dhe motra. Flasim n\u00eb gjuh\u00ebn maqedonase edhe pse jemi rom\u00eb, f\u00ebmij\u00ebt nuk rrin\u00eb dot nj\u00ebri pa tjetrin, jan\u00eb t\u00eb pandash\u00ebm. Dalin n\u00eb \u00e7arshi me shoqe dhe n\u00eb ora 22.30 jan\u00eb n\u00eb sht\u00ebpi, asnj\u00ebher\u00eb nuk kan\u00eb pasur probleme\u201d, thot\u00eb Durmishovski.<\/p>\n<p>Edhe pse sht\u00ebpia \u00ebsht\u00eb e mbushur me vrullin e f\u00ebmij\u00ebve, t\u00eb gjith\u00eb kan\u00eb rregull, i din\u00eb dhe i respektojn\u00eb detyrimet e tyre, i ndihmojn\u00eb \u201cgjyshe Benas\u201d, si\u00e7 e th\u00ebrrasin. Nuk ka as z\u00ebnka rreth programit televiziv, n\u00ebse nj\u00ebri \u00ebsht\u00eb duke shikuar nj\u00eb seri apo film edhe t\u00eb tjet\u00ebr e shohin, apo n\u00ebse ka sport, nuk ka ndarje, z\u00ebnka, mosmarr\u00ebveshje.<\/p>\n<p>\u201cF\u00ebmij\u00ebt nuk sjellin trishtim. P\u00ebrkundrazi ata din\u00eb si t\u00eb g\u00ebzohen. Din\u00eb t&#8217;ia nisin k\u00ebng\u00ebs e t\u00eb k\u00ebrcejn\u00eb. \u00cbsht\u00eb m\u00ebkat q\u00eb rrug\u00ebt t\u00eb ken\u00eb f\u00ebmij\u00eb t\u00eb braktisur, prandaj le t&#8217;u ndihmojn\u00eb, e t\u00eb p\u00ebrkujdesen p\u00ebr ta, jeta do t&#8217;u ndryshoj\u00eb. N\u00ebse ekziston dashuria ndaj f\u00ebmij\u00ebve, gjith\u00e7ka \u00ebsht\u00eb e mundur\u201d, thot\u00eb Ismaili.<\/p>\n<p>Nj\u00eb vajz\u00eb, nga f\u00ebmij\u00ebt e par\u00eb q\u00eb kan\u00eb ardhur te Durmishovski, tani m\u00eb \u00ebsht\u00eb e martuar, ka tre f\u00ebmij\u00eb dhe shpesh i viziton.<\/p>\n<p>\u201cKjo \u00ebsht\u00eb mir\u00ebnjohja m\u00eb e madhe p\u00ebr p\u00ebrpjekjen ton\u00eb q\u00eb t&#8217;u ndihmojm\u00eb f\u00ebmij\u00ebve at\u00ebher\u00eb kur ata e kan\u00eb m\u00eb t\u00eb v\u00ebshtir\u00eb, duke qen\u00eb se braktisen nga prind\u00ebrit\u201d, thon\u00eb bashk\u00ebshort\u00ebt Durmishovski.<\/p>\n<p><em><strong>P. PE\u00c7KOV<\/strong><\/em><\/p>\n\n<div style=\"font-size: 0px; height: 0px; line-height: 0px; margin: 0; padding: 0; clear: both;\"><\/div>","protected":false},"excerpt":{"rendered":"<p>N\u00eb rrug\u00ebn Bogdan Karakostev, 97 n\u00eb Veles, jeton vet\u00ebm familja Durmishovski. Nga sht\u00ebpia e tyre duket nj\u00eb pamje jasht\u00eb mase [&hellip;]<\/p>\n","protected":false},"author":9,"featured_media":63339,"comment_status":"closed","ping_status":"closed","sticky":false,"template":"","format":"standard","meta":{"_mo_disable_npp":"","inline_featured_image":false},"categories":[3085],"tags":[],"imageURL":"https:\/\/sdk.mk\/wp-content\/uploads\/2018\/07\/zgrizhuvachko-semejstvo-veles-650x433.jpg","thumbURL":"https:\/\/sdk.mk\/wp-content\/uploads\/2018\/07\/zgrizhuvachko-semejstvo-veles-250x167.jpg","categoryNames":["Histori t\u00eb parr\u00ebfyera"],"feature_caption":"F\u00ebmij\u00ebt nuk sjellin trishtim me vete. P\u00ebrkundrazi, ata jan\u00eb t\u00eb lumtur, thon\u00eb Ismail dhe Benas Durmishovski nga velesi, t\u00eb cil\u00ebt p\u00ebr 14 vjet funksionojn\u00eb si nj\u00eb familje strehuese dhe kan\u00eb rritur plot 37 f\u00ebmij\u00eb. (Foto: SDK.MK)","subtitle":"","views":"12943","source":"Velesi, (SAKAMDAKAZAM.MK)","yoast_head":"<!-- This site is optimized with the Yoast SEO Premium plugin v15.0 - https:\/\/yoast.com\/wordpress\/plugins\/seo\/ -->\n<title>FAMILJA DURMISHKOVSKI NGA VELESI KA STREHUAR 37 F\u00cbMIJ\u00cb, N\u00cb SHT\u00cbPIN\u00cb PLOT G\u00cbZIM I M\u00cbSOJN\u00cb P\u00cbR JET\u00cbN - \u0421\u0430\u043a\u0430\u043c \u0414\u0430 \u041a\u0430\u0436\u0430\u043c<\/title>\n<meta name=\"robots\" content=\"index, follow, max-snippet:-1, max-image-preview:large, max-video-preview:-1\" \/>\n<link rel=\"canonical\" href=\"https:\/\/sdk.mk\/index.php\/histori-te-parrefyera\/familja-durmishkovski-nga-velesi-ka-strehuar-37-femije-ne-shtepine-plot-gezim-mesojne-per-jeten\/\" \/>\n<meta property=\"og:locale\" content=\"mk_MK\" \/>\n<meta property=\"og:type\" content=\"article\" \/>\n<meta property=\"og:title\" content=\"FAMILJA DURMISHKOVSKI NGA VELESI KA STREHUAR 37 F\u00cbMIJ\u00cb, N\u00cb SHT\u00cbPIN\u00cb PLOT G\u00cbZIM I M\u00cbSOJN\u00cb P\u00cbR JET\u00cbN - \u0421\u0430\u043a\u0430\u043c \u0414\u0430 \u041a\u0430\u0436\u0430\u043c\" \/>\n<meta property=\"og:description\" content=\"N\u00eb rrug\u00ebn Bogdan Karakostev, 97 n\u00eb Veles, jeton vet\u00ebm familja Durmishovski. Nga sht\u00ebpia e tyre duket nj\u00eb pamje jasht\u00eb mase [&hellip;]\" \/>\n<meta property=\"og:url\" content=\"https:\/\/sdk.mk\/index.php\/histori-te-parrefyera\/familja-durmishkovski-nga-velesi-ka-strehuar-37-femije-ne-shtepine-plot-gezim-mesojne-per-jeten\/\" \/>\n<meta property=\"og:site_name\" content=\"\u0421\u0430\u043a\u0430\u043c \u0414\u0430 \u041a\u0430\u0436\u0430\u043c\" \/>\n<meta property=\"article:published_time\" content=\"2018-07-14T21:03:19+00:00\" \/>\n<meta property=\"article:modified_time\" content=\"2018-07-19T09:05:37+00:00\" \/>\n<meta property=\"og:image\" content=\"https:\/\/sdk.mk\/wp-content\/uploads\/2018\/07\/zgrizhuvachko-semejstvo-veles.jpg\" \/>\n\t<meta property=\"og:image:width\" content=\"2304\" \/>\n\t<meta property=\"og:image:height\" content=\"1536\" \/>\n<meta property=\"fb:app_id\" content=\"2407985809428537\" \/>\n<meta name=\"twitter:card\" content=\"summary\" \/>\n<script type=\"application\/ld+json\" class=\"yoast-schema-graph\">{\"@context\":\"https:\/\/schema.org\",\"@graph\":[{\"@type\":\"WebSite\",\"@id\":\"https:\/\/sdk.mk\/#website\",\"url\":\"https:\/\/sdk.mk\/\",\"name\":\"\\u0421\\u0430\\u043a\\u0430\\u043c \\u0414\\u0430 \\u041a\\u0430\\u0436\\u0430\\u043c\",\"description\":\"\\u0417\\u0430 \\u0441\\u043b\\u043e\\u0431\\u043e\\u0434\\u043e\\u0443\\u043c\\u043d\\u0438\",\"potentialAction\":[{\"@type\":\"SearchAction\",\"target\":\"https:\/\/sdk.mk\/?s={search_term_string}\",\"query-input\":\"required name=search_term_string\"}],\"inLanguage\":\"mk-MK\"},{\"@type\":\"ImageObject\",\"@id\":\"https:\/\/sdk.mk\/index.php\/histori-te-parrefyera\/familja-durmishkovski-nga-velesi-ka-strehuar-37-femije-ne-shtepine-plot-gezim-mesojne-per-jeten\/#primaryimage\",\"inLanguage\":\"mk-MK\",\"url\":\"https:\/\/sdk.mk\/wp-content\/uploads\/2018\/07\/zgrizhuvachko-semejstvo-veles.jpg\",\"width\":2304,\"height\":1536},{\"@type\":\"WebPage\",\"@id\":\"https:\/\/sdk.mk\/index.php\/histori-te-parrefyera\/familja-durmishkovski-nga-velesi-ka-strehuar-37-femije-ne-shtepine-plot-gezim-mesojne-per-jeten\/#webpage\",\"url\":\"https:\/\/sdk.mk\/index.php\/histori-te-parrefyera\/familja-durmishkovski-nga-velesi-ka-strehuar-37-femije-ne-shtepine-plot-gezim-mesojne-per-jeten\/\",\"name\":\"FAMILJA DURMISHKOVSKI NGA VELESI KA STREHUAR 37 F\\u00cbMIJ\\u00cb, N\\u00cb SHT\\u00cbPIN\\u00cb PLOT G\\u00cbZIM I M\\u00cbSOJN\\u00cb P\\u00cbR JET\\u00cbN - \\u0421\\u0430\\u043a\\u0430\\u043c \\u0414\\u0430 \\u041a\\u0430\\u0436\\u0430\\u043c\",\"isPartOf\":{\"@id\":\"https:\/\/sdk.mk\/#website\"},\"primaryImageOfPage\":{\"@id\":\"https:\/\/sdk.mk\/index.php\/histori-te-parrefyera\/familja-durmishkovski-nga-velesi-ka-strehuar-37-femije-ne-shtepine-plot-gezim-mesojne-per-jeten\/#primaryimage\"},\"datePublished\":\"2018-07-14T21:03:19+00:00\",\"dateModified\":\"2018-07-19T09:05:37+00:00\",\"author\":{\"@id\":\"https:\/\/sdk.mk\/#\/schema\/person\/3e8217f71bc38bd7c592f30c69e10e5a\"},\"inLanguage\":\"mk-MK\",\"potentialAction\":[{\"@type\":\"ReadAction\",\"target\":[\"https:\/\/sdk.mk\/index.php\/histori-te-parrefyera\/familja-durmishkovski-nga-velesi-ka-strehuar-37-femije-ne-shtepine-plot-gezim-mesojne-per-jeten\/\"]}]},{\"@type\":\"Person\",\"@id\":\"https:\/\/sdk.mk\/#\/schema\/person\/3e8217f71bc38bd7c592f30c69e10e5a\",\"name\":\"\\u041c\\u0438\\u0440\\u043e\\u0441\\u043b\\u0430\\u0432 \\u0418\\u043b\\u0438\\u043e\\u0441\\u043a\\u0438\"}]}<\/script>\n<!-- \/ Yoast SEO Premium plugin. -->","_links":{"self":[{"href":"https:\/\/sdk.mk\/index.php\/wp-json\/wp\/v2\/posts\/63934"}],"collection":[{"href":"https:\/\/sdk.mk\/index.php\/wp-json\/wp\/v2\/posts"}],"about":[{"href":"https:\/\/sdk.mk\/index.php\/wp-json\/wp\/v2\/types\/post"}],"author":[{"embeddable":true,"href":"https:\/\/sdk.mk\/index.php\/wp-json\/wp\/v2\/users\/9"}],"replies":[{"embeddable":true,"href":"https:\/\/sdk.mk\/index.php\/wp-json\/wp\/v2\/comments?post=63934"}],"version-history":[{"count":0,"href":"https:\/\/sdk.mk\/index.php\/wp-json\/wp\/v2\/posts\/63934\/revisions"}],"wp:featuredmedia":[{"embeddable":true,"href":"https:\/\/sdk.mk\/index.php\/wp-json\/wp\/v2\/media\/63339"}],"wp:attachment":[{"href":"https:\/\/sdk.mk\/index.php\/wp-json\/wp\/v2\/media?parent=63934"}],"wp:term":[{"taxonomy":"category","embeddable":true,"href":"https:\/\/sdk.mk\/index.php\/wp-json\/wp\/v2\/categories?post=63934"},{"taxonomy":"post_tag","embeddable":true,"href":"https:\/\/sdk.mk\/index.php\/wp-json\/wp\/v2\/tags?post=63934"}],"curies":[{"name":"wp","href":"https:\/\/api.w.org\/{rel}","templated":true}]}}