{"id":64190,"date":"2018-07-23T03:18:24","date_gmt":"2018-07-23T01:18:24","guid":{"rendered":"https:\/\/sdk.mk\/?p=64190"},"modified":"2018-07-23T03:18:24","modified_gmt":"2018-07-23T01:18:24","slug":"shtate-familje-e-kane-kaluar-trajnimin-per-kujdestare-femijesh","status":"publish","type":"post","link":"https:\/\/sdk.mk\/index.php\/histori-te-parrefyera\/shtate-familje-e-kane-kaluar-trajnimin-per-kujdestare-femijesh\/","title":{"rendered":"SHTAT\u00cb FAMILJE E KAN\u00cb KALUAR TRAJNIMIN P\u00cbR KUJDESTAR\u00cb F\u00cbMIJ\u00cbSH"},"content":{"rendered":"<div class=\"f52428582a4b906b2d2e2a7d733c7d27\" data-index=\"7\" style=\"float: none; margin:10px 0 10px 0; text-align:center;\">\n<!-- MSP Ads Asynchronous JS Tag - Generated with Revive Adserver v5.4.1 -->\r\n<ins data-revive-zoneid=\"167\" data-revive-id=\"060fdb01f6430ec164d3519234aa4967\"><\/ins>\r\n<script async src=\"\/\/panel.ads.com.mk\/www\/delivery\/asyncjs.php\"><\/script>\n<\/div>\n<p>Mbi 200 thirrje jan\u00eb evidentuar n\u00eb koll sentrin e Ministris\u00eb p\u00ebr pun\u00eb dhe politik\u00eb sociale p\u00ebr kujdestar\u00eb f\u00ebmij\u00ebsh t\u00eb f\u00ebmij\u00ebve pa p\u00ebrkujdesje prind\u00ebrore nga data nj\u00eb e muajit t\u00eb kaluar, kur s\u00eb bashku me UNICEF-in, Ministria filloi fushat\u00ebn p\u00ebr familje strehuese \u201c\u00c7do f\u00ebmije i duhet familje\u201d.<\/p>\n<p>\u201cDrejt qendave p\u00ebr pun\u00eb sociale jan\u00eb d\u00ebrguar 27 k\u00ebrkesa t\u00eb reja p\u00ebr familje strehuese, nga t\u00eb cilat 20 k\u00ebrkesa jan\u00eb n\u00eb Shkup. Nga k\u00ebrksat e d\u00ebrguara, 7 familje e kan\u00eb kaluar tajnimin, kurse t\u00eb tjerat jan\u00eb n\u00eb proces e sip\u00ebr\u201d, thon\u00eb nga Ministria p\u00ebr pun\u00eb dhe politik\u00eb sociale.<\/p>\n<p>N\u00eb m\u00ebnyr\u00eb q\u00eb t\u00eb mund t\u00eb jet\u00eb dikush kujdestar i nj\u00eb f\u00ebmije pa p\u00ebrkujdesje prind\u00ebrore, nj\u00eb f\u00ebmije me pengesa n\u00eb zhvillim apo i nj\u00eb f\u00ebmije t\u00eb marr\u00eb nga familja p\u00ebr shkak t\u00eb keqtrajtimit t\u00eb tij, personi apo familja mund t\u00eb informohet n\u00eb koll sentrin e Ministris\u00eb q\u00eb t\u00eb dor\u00ebzoj\u00eb k\u00ebrkes\u00eb n\u00eb qendr\u00ebn lokale p\u00ebr pun\u00eb sociale n\u00eb komun\u00ebn p\u00ebrkat\u00ebse ku jeton.<\/p>\n<p>Nga Ministria p\u00ebr pun\u00eb dhe politik\u00eb sociale thon\u00eb se kandidat\u00ebt e interesuar vler\u00ebsohen n\u00eb baz\u00eb t\u00eb kritereve t\u00eb definuara me an\u00eb t\u00eb rregulativ\u00ebs ligjore, gjegj\u00ebsissht ata duhet t\u00eb jen\u00eb nga mosha 18 deri n\u00eb 65 vjet, gj\u00eb me t\u00eb cil\u00ebn mbahet difereca n\u00eb mosh\u00eb mes kujdestarit dhe f\u00ebmij\u00ebt, q\u00eb t\u00eb mos jet\u00eb m\u00eb e vog\u00ebl se 18 po as m\u00eb e madhe se 50 vjet. Kujdesar\u00ebt duhet t\u00eb ken\u00eb t\u00eb mbaruar t\u00eb pakt\u00ebn arsimin fillor,\u00a0 b\u00ebhet kontroll i gjendjes s\u00eb tyre sh\u00ebndet\u00ebsore, ekonomike dhe kushteve t\u00eb banimit. Procedura p\u00ebr vler\u00ebsimin e nj\u00eb famijeje kujdestare vazhdon m\u00eb pas me kontrollin e dokmenteve, duke p\u00ebrfshir\u00eb dhe nj\u00eb v\u00ebrtetim se personat nuk kan\u00eb qen\u00eb n\u00ebn akuz\u00eb dhe nuk u jan\u00eb t\u00ebrhequr t\u00eb drejtat prind\u00ebrore.<\/p>\n<p>\u201cB\u00ebhet nj\u00eb bised\u00eb me kujdestarin potencial dhe me an\u00ebtar\u00ebt e famijes, si dhe nj\u00eb vizit\u00eb e vendit t\u00eb banimit. Pas p\u00ebrfundimit t\u00eb vler\u00ebsimit fillimtar t\u00eb kujdestarit potencial n\u00eb baz\u00eb t\u00eb kritereve, Qendra p\u00ebr pun\u00eb sociale siguron nj\u00eb trajnim p\u00ebr familjet, pas t\u00eb cilit ajo vendos n\u00ebse kandidat\u00ebt i plot\u00ebsojn\u00eb apo jo kushtet p\u00ebr t\u00eb qen\u00eb kujdestar\u00eb f\u00ebmij\u00ebsh\u201d, thon\u00eb nga Ministria.<\/p>\n<p>Ministria ka filluar ta realizoj\u00eb k\u00ebt\u00eb fushat\u00eb p\u00ebr deinstitucionalizimin e f\u00ebmij\u00ebve n\u00eb Maqedoni. P\u00ebr momentin rreth 200 f\u00ebmij\u00eb me nevoja p\u00ebr t\u2019u strehuar jan\u00eb vendosur n\u00eb disa institucione. T\u00ebrheqjen e f\u00ebmij\u00ebve nga institucionet e ndihmon dhe mund\u00ebson UNICEF q\u00eb nga viti 2000, kur numri i f\u00ebmij\u00ebve n\u00eb institucione ka qen\u00eb 700.<\/p>\n<p><strong><em>E. BO\u00c7VAROVSKA<\/em><\/strong><\/p>\n<p>&nbsp;<\/p>\n\n<div style=\"font-size: 0px; height: 0px; line-height: 0px; margin: 0; padding: 0; clear: both;\"><\/div>","protected":false},"excerpt":{"rendered":"<p>Mbi 200 thirrje jan\u00eb evidentuar n\u00eb koll sentrin e Ministris\u00eb p\u00ebr pun\u00eb dhe politik\u00eb sociale p\u00ebr kujdestar\u00eb f\u00ebmij\u00ebsh t\u00eb f\u00ebmij\u00ebve [&hellip;]<\/p>\n","protected":false},"author":25,"featured_media":60086,"comment_status":"closed","ping_status":"closed","sticky":false,"template":"","format":"standard","meta":{"_mo_disable_npp":"","inline_featured_image":false},"categories":[3085],"tags":[],"imageURL":"https:\/\/sdk.mk\/wp-content\/uploads\/2018\/06\/unitsef-kampana-semejstvo-650x434.jpg","thumbURL":"https:\/\/sdk.mk\/wp-content\/uploads\/2018\/06\/unitsef-kampana-semejstvo-250x167.jpg","categoryNames":["Histori t\u00eb parr\u00ebfyera"],"feature_caption":"Nga startimi i fushat\u00ebs \u201c\u00c7do f\u00ebmije i duhet familje\u201d t\u00eb UNICEF-it dhe Ministris\u00eb p\u00ebr pun\u00eb dhe politik\u00eb sociale (Foto: UNICEF)","subtitle":"","views":"4499","source":"Shkup, (SAKAMDAKAZAM)","yoast_head":"<!-- This site is optimized with the Yoast SEO Premium plugin v15.0 - https:\/\/yoast.com\/wordpress\/plugins\/seo\/ -->\n<title>SHTAT\u00cb FAMILJE E KAN\u00cb KALUAR TRAJNIMIN P\u00cbR KUJDESTAR\u00cb F\u00cbMIJ\u00cbSH - \u0421\u0430\u043a\u0430\u043c \u0414\u0430 \u041a\u0430\u0436\u0430\u043c<\/title>\n<meta name=\"robots\" content=\"index, follow, max-snippet:-1, max-image-preview:large, max-video-preview:-1\" \/>\n<link rel=\"canonical\" href=\"https:\/\/sdk.mk\/index.php\/histori-te-parrefyera\/shtate-familje-e-kane-kaluar-trajnimin-per-kujdestare-femijesh\/\" \/>\n<meta property=\"og:locale\" content=\"mk_MK\" \/>\n<meta property=\"og:type\" content=\"article\" \/>\n<meta property=\"og:title\" content=\"SHTAT\u00cb FAMILJE E KAN\u00cb KALUAR TRAJNIMIN P\u00cbR KUJDESTAR\u00cb F\u00cbMIJ\u00cbSH - \u0421\u0430\u043a\u0430\u043c \u0414\u0430 \u041a\u0430\u0436\u0430\u043c\" \/>\n<meta property=\"og:description\" content=\"Mbi 200 thirrje jan\u00eb evidentuar n\u00eb koll sentrin e Ministris\u00eb p\u00ebr pun\u00eb dhe politik\u00eb sociale p\u00ebr kujdestar\u00eb f\u00ebmij\u00ebsh t\u00eb f\u00ebmij\u00ebve [&hellip;]\" \/>\n<meta property=\"og:url\" content=\"https:\/\/sdk.mk\/index.php\/histori-te-parrefyera\/shtate-familje-e-kane-kaluar-trajnimin-per-kujdestare-femijesh\/\" \/>\n<meta property=\"og:site_name\" content=\"\u0421\u0430\u043a\u0430\u043c \u0414\u0430 \u041a\u0430\u0436\u0430\u043c\" \/>\n<meta property=\"article:published_time\" content=\"2018-07-23T01:18:24+00:00\" \/>\n<meta property=\"og:image\" content=\"https:\/\/sdk.mk\/wp-content\/uploads\/2018\/06\/unitsef-kampana-semejstvo.jpg\" \/>\n\t<meta property=\"og:image:width\" content=\"2106\" \/>\n\t<meta property=\"og:image:height\" content=\"1406\" \/>\n<meta property=\"fb:app_id\" content=\"2407985809428537\" \/>\n<meta name=\"twitter:card\" content=\"summary\" \/>\n<script type=\"application\/ld+json\" class=\"yoast-schema-graph\">{\"@context\":\"https:\/\/schema.org\",\"@graph\":[{\"@type\":\"WebSite\",\"@id\":\"https:\/\/sdk.mk\/#website\",\"url\":\"https:\/\/sdk.mk\/\",\"name\":\"\\u0421\\u0430\\u043a\\u0430\\u043c \\u0414\\u0430 \\u041a\\u0430\\u0436\\u0430\\u043c\",\"description\":\"\\u0417\\u0430 \\u0441\\u043b\\u043e\\u0431\\u043e\\u0434\\u043e\\u0443\\u043c\\u043d\\u0438\",\"potentialAction\":[{\"@type\":\"SearchAction\",\"target\":\"https:\/\/sdk.mk\/?s={search_term_string}\",\"query-input\":\"required name=search_term_string\"}],\"inLanguage\":\"mk-MK\"},{\"@type\":\"ImageObject\",\"@id\":\"https:\/\/sdk.mk\/index.php\/histori-te-parrefyera\/shtate-familje-e-kane-kaluar-trajnimin-per-kujdestare-femijesh\/#primaryimage\",\"inLanguage\":\"mk-MK\",\"url\":\"https:\/\/sdk.mk\/wp-content\/uploads\/2018\/06\/unitsef-kampana-semejstvo.jpg\",\"width\":2106,\"height\":1406},{\"@type\":\"WebPage\",\"@id\":\"https:\/\/sdk.mk\/index.php\/histori-te-parrefyera\/shtate-familje-e-kane-kaluar-trajnimin-per-kujdestare-femijesh\/#webpage\",\"url\":\"https:\/\/sdk.mk\/index.php\/histori-te-parrefyera\/shtate-familje-e-kane-kaluar-trajnimin-per-kujdestare-femijesh\/\",\"name\":\"SHTAT\\u00cb FAMILJE E KAN\\u00cb KALUAR TRAJNIMIN P\\u00cbR KUJDESTAR\\u00cb F\\u00cbMIJ\\u00cbSH - \\u0421\\u0430\\u043a\\u0430\\u043c \\u0414\\u0430 \\u041a\\u0430\\u0436\\u0430\\u043c\",\"isPartOf\":{\"@id\":\"https:\/\/sdk.mk\/#website\"},\"primaryImageOfPage\":{\"@id\":\"https:\/\/sdk.mk\/index.php\/histori-te-parrefyera\/shtate-familje-e-kane-kaluar-trajnimin-per-kujdestare-femijesh\/#primaryimage\"},\"datePublished\":\"2018-07-23T01:18:24+00:00\",\"dateModified\":\"2018-07-23T01:18:24+00:00\",\"author\":{\"@id\":\"https:\/\/sdk.mk\/#\/schema\/person\/737021aeacbe893f7e2c347186c5c7a1\"},\"inLanguage\":\"mk-MK\",\"potentialAction\":[{\"@type\":\"ReadAction\",\"target\":[\"https:\/\/sdk.mk\/index.php\/histori-te-parrefyera\/shtate-familje-e-kane-kaluar-trajnimin-per-kujdestare-femijesh\/\"]}]},{\"@type\":\"Person\",\"@id\":\"https:\/\/sdk.mk\/#\/schema\/person\/737021aeacbe893f7e2c347186c5c7a1\",\"name\":\"\\u0424\\u0458\\u043e\\u043b\\u0430 \\u0417\\u043b\\u0430\\u0442\\u043a\\u0443\"}]}<\/script>\n<!-- \/ Yoast SEO Premium plugin. -->","_links":{"self":[{"href":"https:\/\/sdk.mk\/index.php\/wp-json\/wp\/v2\/posts\/64190"}],"collection":[{"href":"https:\/\/sdk.mk\/index.php\/wp-json\/wp\/v2\/posts"}],"about":[{"href":"https:\/\/sdk.mk\/index.php\/wp-json\/wp\/v2\/types\/post"}],"author":[{"embeddable":true,"href":"https:\/\/sdk.mk\/index.php\/wp-json\/wp\/v2\/users\/25"}],"replies":[{"embeddable":true,"href":"https:\/\/sdk.mk\/index.php\/wp-json\/wp\/v2\/comments?post=64190"}],"version-history":[{"count":0,"href":"https:\/\/sdk.mk\/index.php\/wp-json\/wp\/v2\/posts\/64190\/revisions"}],"wp:featuredmedia":[{"embeddable":true,"href":"https:\/\/sdk.mk\/index.php\/wp-json\/wp\/v2\/media\/60086"}],"wp:attachment":[{"href":"https:\/\/sdk.mk\/index.php\/wp-json\/wp\/v2\/media?parent=64190"}],"wp:term":[{"taxonomy":"category","embeddable":true,"href":"https:\/\/sdk.mk\/index.php\/wp-json\/wp\/v2\/categories?post=64190"},{"taxonomy":"post_tag","embeddable":true,"href":"https:\/\/sdk.mk\/index.php\/wp-json\/wp\/v2\/tags?post=64190"}],"curies":[{"name":"wp","href":"https:\/\/api.w.org\/{rel}","templated":true}]}}