{"id":64195,"date":"2018-07-23T03:27:57","date_gmt":"2018-07-23T01:27:57","guid":{"rendered":"https:\/\/sdk.mk\/?p=64195"},"modified":"2018-07-23T03:27:57","modified_gmt":"2018-07-23T01:27:57","slug":"eshte-ngritur-padi-penale-per-nenen-e-mitur-qe-e-braktisi-femijen-e-saj-pavaresisht-thirrjeve-per-ndihme-te-aktivisteve-per-te-drejtat-e-grave","status":"publish","type":"post","link":"https:\/\/sdk.mk\/index.php\/histori-te-parrefyera\/eshte-ngritur-padi-penale-per-nenen-e-mitur-qe-e-braktisi-femijen-e-saj-pavaresisht-thirrjeve-per-ndihme-te-aktivisteve-per-te-drejtat-e-grave\/","title":{"rendered":"\u00cbSHT\u00cb NGRITUR PADI PENALE P\u00cbR N\u00cbN\u00cbN E MITUR Q\u00cb E BRAKTISI F\u00cbMIJ\u00cbN E SAJ, PAVAR\u00cbSISHT THIRRJEVE P\u00cbR NDIHM\u00cb T\u00cb AKTIVISTEVE P\u00cbR T\u00cb DREJTAT E GRAVE"},"content":{"rendered":"<div class=\"f52428582a4b906b2d2e2a7d733c7d27\" data-index=\"7\" style=\"float: none; margin:10px 0 10px 0; text-align:center;\">\n<!-- MSP Ads Asynchronous JS Tag - Generated with Revive Adserver v5.4.1 -->\r\n<ins data-revive-zoneid=\"167\" data-revive-id=\"060fdb01f6430ec164d3519234aa4967\"><\/ins>\r\n<script async src=\"\/\/panel.ads.com.mk\/www\/delivery\/asyncjs.php\"><\/script>\n<\/div>\n<p style=\"line-height: 18.0pt;background: white;margin: 0in 0in 20.4pt 0in\"><span style=\"font-size: 10.5pt;font-family: 'Arial','sans-serif';color: #333333\">Policia e Manastirit dhe e Tetov\u00ebs kan\u00eb ngritur padi penale p\u00ebr braktisje t\u00eb f\u00ebmij\u00ebs kund\u00ebr vajz\u00ebs s\u00eb mitur nga Tetova, e cila para dy jav\u00ebsh e la foshnj\u00ebn e saj n\u00eb pragun e der\u00ebs s\u00eb Sht\u00ebpis\u00eb p\u00ebr foshnje n\u00eb Manastir. Nga policia thon\u00eb se akuza drejt Gjykat\u00ebs penale \u00ebsht\u00eb dor\u00ebzuar sot. N\u00ebna e mitur do t\u00eb akuzohet pavar\u00ebsisht reagimeve t\u00eb aktivisteve p\u00ebr t\u00eb drejtat e gruas q\u00eb thoshin se n\u00eb k\u00ebt\u00eb rast vajza ka nevoj\u00eb p\u00ebr ndihm\u00eb, jo p\u00ebr nd\u00ebshkim.<\/span><\/p>\n<p style=\"line-height: 18.0pt;background: white;margin: 0in 0in 20.4pt 0in\"><span style=\"font-size: 10.5pt;font-family: 'Arial','sans-serif';color: #333333\">\u201cSektori p\u00ebr pun\u00eb t\u00eb brendshme i Tetov\u00ebs dhe Sektori p\u00ebr pun\u00eb t\u00eb brendshme i Manastirit e pastruan krejt\u00ebsisht rastin me foshnjen,e cila n\u00eb 2 korrik ishte gjetur para Sht\u00ebpis\u00eb p\u00ebr f\u00ebmij\u00eb n\u00eb Manastir dhe ngrit\u00ebn akuz\u00eb kund\u00ebr tre perosnave: n\u00ebn\u00ebn e mitur, burrin e saj t\u00eb pamartuar dhe baban\u00eb e saj. P\u00ebr shkak t\u00eb bazave p\u00ebr dyshime se ka kryer nj\u00eb akt penal, gjgj\u00ebsisht, \u201cbraktisje t\u00eb nj\u00eb foshnje t\u00eb pafuqishme\u201d drejt Prokuroris\u00eb publike themelore n\u00eb Manastir, \u00ebsht\u00eb ngritur nj\u00eb padi penale kund\u00ebr 17 vje\u00e7ares nga Zeina (nen 200 nga K3 e Republik\u00ebs s\u00eb Maqedonis\u00eb). <\/span><\/p>\n<p>P\u00ebr shkak t\u00eb bazave t\u00eb dyshimeve se vajza ka kryer akt penal \u201cjetes\u00eb jasht\u00ebmartesore me person t\u00eb mitur\u201d (nen 197 nga Kodi penal i Republik\u00ebs s\u00eb Maqedonis\u00eb),n\u00eb Prokurorin\u00eb themelore publike Tetov\u00eb \u00ebsht\u00eb paraqitur 27 vje\u00e7ari Sh.A. nga fshati i Tetov\u00ebs Leshnica e Poshtme, kurse p\u00ebr aktin e nj\u00ebjt\u00eb dyshohet edhe 38 vje\u00e7ari B.A. nga fshati Zhelin\u00eb, i cili e ka lejuar t\u00eb mitur\u00ebn t\u00eb bashk\u00ebjetoj\u00eb me nj\u00eb njeri tjet\u00ebr\u201d, lajm\u00ebroi policia e Tetov\u00ebs.<\/p>\n<p>Avokati i popullit, i cili vitin e kaluar me iniciativ\u00ebn e tij hapi l\u00ebnd\u00eb p\u00ebr Tetovaren e mitur, nuk do t\u00eb nd\u00ebrhyj\u00eb n\u00eb procedurat q\u00eb do t\u00eb marrin organet e tjera t\u00eb shtetit. Nga Zyra e tij thon\u00eb se kan\u00eb d\u00ebrguar shkres\u00eb zyrtare drejt Ministris\u00eb p\u00ebr pun\u00eb dhe politik\u00eb sociale me udh\u00ebzime q\u00eb t\u2019i ndihmohet n\u00ebn\u00ebs q\u00eb ta mbaj\u00eb f\u00ebmij\u00ebn e saj.<\/p>\n<p>\u201cN\u00eb shkres\u00ebn ton\u00eb dham\u00eb udh\u00ebzime p\u00ebr hetim, k\u00ebrkuam q\u00eb t\u00eb vihej theks i ve\u00e7ant\u00eb mbi personalitetin e n\u00ebn\u00ebs, t\u00eb mund t\u00eb vler\u00ebsohet n\u00ebse ajo \u00ebsht\u00eb n\u00eb gjendje t\u00eb p\u00ebrkujdeset p\u00ebr f\u00ebmij\u00ebn e saj. F\u00ebmija t\u00eb kthehet tek ajo, pasi konsiderojm\u00eb se f\u00ebmij\u00ebs i nevojitet gjiri familjar p\u00ebr nj\u00eb rritje t\u00eb sh\u00ebndosh\u00eb. K\u00ebrkuam q\u00eb t\u00eb hetohej mbi arsyet p\u00ebr vendimin e till\u00eb, duke qen\u00eb se vajza tashm\u00eb \u00ebsht\u00eb n\u00ebn\u00eb dhe ka nj\u00eb f\u00ebmij\u00eb. Gjithashtu k\u00ebrkuam q\u00eb t\u00eb flitej edhe me partnerin, t\u00eb ndryshohej mendimi n\u00eb m\u00ebnyr\u00eb q\u00eb n\u00ebse mundej, foshnja t\u00eb q\u00ebndronte me n\u00ebn\u00ebn\u201d, tha Vaska Bajramovska-Mustafa, z\u00ebvend\u00ebs Avokat i popullit.<\/p>\n<p>Nga Ministria p\u00ebr pun\u00eb dhe politik\u00eb sociale thon\u00eb se Qendra nd\u00ebrkomunale p\u00ebr pun\u00eb sociale n\u00eb Tetov\u00eb e ka siguruar n\u00ebn\u00ebn e mitur me t\u00eb gjith\u00eb ndihm\u00ebn dhe mb\u00ebshtetjen e nevojshme profesionale psiko-sociale.<\/p>\n<p>Sipas disa burimeve nga policia e Manastirit, n\u00ebna e mitur para dy jav\u00ebsh, n\u00ebn shoq\u00ebrimin e nj\u00eb mashkulli dhe nj\u00eb femre n\u00eb nj\u00eb taksi, ka ardhur n\u00eb Manastir dhe e ka l\u00ebn\u00eb f\u00ebmij\u00ebn para Sht\u00ebpis\u00eb p\u00ebr foshnje. Pasi njer\u00ebzit e kan\u00eb par\u00eb f\u00ebmij\u00ebn, nj\u00eb grup prej tyre i ka trokitur der\u00ebs, por meq\u00eb ka qen\u00eb nat\u00eb, t\u00eb pun\u00ebsuarit jan\u00eb frik\u00ebsuar dhe e kan\u00eb th\u00ebrritur policin\u00eb. Kur ka arritur policia, ka gjetur nj\u00eb qytetar pes\u00ebdhjet\u00ebvje\u00e7ar t\u00eb Manastirit i cili ka th\u00ebn\u00eb se e ka gjetur foshnjen para hyrjes.<\/p>\n<p>Pas lajm\u00ebrimeve p\u00ebr p\u00ebrndjekjen ligjore t\u00eb n\u00ebn\u00ebs, reaguan shum\u00eb aktiviste femra p\u00ebr t\u00eb drejtat e grave mbar\u00eb Maqedonis\u00eb, q\u00eb vajza t\u00eb mos gjykohej, por p\u00ebrkundrazi t\u00eb ndihmohej q\u00eb ta kap\u00ebrcente situat\u00ebn. Ana Vasileva, feministe dhe an\u00ebtare e iniciativ\u00ebs joformale \u201cLufto si fem\u00ebr\u201d, deklaroi se \u00ebsht\u00eb e paarsyeshme se si nga t\u00eb gjith\u00eb fajtor\u00ebt e mundsh\u00ebm, t\u00eb akuzohet nj\u00eb person i cili akoma nuk ka mbushur 18 vjet.<\/p>\n<p><em><strong>ZH. ZDRAVKOVSKA<\/strong><\/em><\/p>\n\n<div style=\"font-size: 0px; height: 0px; line-height: 0px; margin: 0; padding: 0; clear: both;\"><\/div>","protected":false},"excerpt":{"rendered":"<p>Policia e Manastirit dhe e Tetov\u00ebs kan\u00eb ngritur padi penale p\u00ebr braktisje t\u00eb f\u00ebmij\u00ebs kund\u00ebr vajz\u00ebs s\u00eb mitur nga Tetova, [&hellip;]<\/p>\n","protected":false},"author":25,"featured_media":62567,"comment_status":"closed","ping_status":"closed","sticky":false,"template":"","format":"standard","meta":{"_mo_disable_npp":"","inline_featured_image":false},"categories":[3085,3087],"tags":[],"imageURL":"https:\/\/sdk.mk\/wp-content\/uploads\/2018\/07\/dom-za-doenchina-bitola1-650x366.jpg","thumbURL":"https:\/\/sdk.mk\/wp-content\/uploads\/2018\/07\/dom-za-doenchina-bitola1-250x141.jpg","categoryNames":["Histori t\u00eb parr\u00ebfyera","Maqedonia"],"feature_caption":"Avokati i popullit, i cili jav\u00ebn e kaluar me iniciativ\u00ebn e tij, hapi l\u00ebnd\u00eb p\u00ebr vajz\u00ebn e mitur nga Tetova, nuk do t\u00eb nd\u00ebrhyj\u00eb n\u00eb procedurat e organeve t\u00eb tjera shtet\u00ebrore, por k\u00ebrkon t\u2019i ndihmoj\u00eb k\u00ebsaj n\u00ebne q\u00eb t\u00eb mund ta mbaj\u00eb f\u00ebmij\u00ebn e saj \u2013 Sht\u00ebpia p\u00ebr f\u00ebmij\u00eb n\u00eb Manastir. (Foto: SDK.MK)","subtitle":"","views":"3819","source":"Manastir, (SAKAMDAKAZAM.MK)","yoast_head":"<!-- This site is optimized with the Yoast SEO Premium plugin v15.0 - https:\/\/yoast.com\/wordpress\/plugins\/seo\/ -->\n<title>\u00cbSHT\u00cb NGRITUR PADI PENALE P\u00cbR N\u00cbN\u00cbN E MITUR Q\u00cb E BRAKTISI F\u00cbMIJ\u00cbN E SAJ, PAVAR\u00cbSISHT THIRRJEVE P\u00cbR NDIHM\u00cb T\u00cb AKTIVISTEVE P\u00cbR T\u00cb DREJTAT E GRAVE - \u0421\u0430\u043a\u0430\u043c \u0414\u0430 \u041a\u0430\u0436\u0430\u043c<\/title>\n<meta name=\"robots\" content=\"index, follow, max-snippet:-1, max-image-preview:large, max-video-preview:-1\" \/>\n<link rel=\"canonical\" href=\"https:\/\/sdk.mk\/index.php\/histori-te-parrefyera\/eshte-ngritur-padi-penale-per-nenen-e-mitur-qe-e-braktisi-femijen-e-saj-pavaresisht-thirrjeve-per-ndihme-te-aktivisteve-per-te-drejtat-e-grave\/\" \/>\n<meta property=\"og:locale\" content=\"mk_MK\" \/>\n<meta property=\"og:type\" content=\"article\" \/>\n<meta property=\"og:title\" content=\"\u00cbSHT\u00cb NGRITUR PADI PENALE P\u00cbR N\u00cbN\u00cbN E MITUR Q\u00cb E BRAKTISI F\u00cbMIJ\u00cbN E SAJ, PAVAR\u00cbSISHT THIRRJEVE P\u00cbR NDIHM\u00cb T\u00cb AKTIVISTEVE P\u00cbR T\u00cb DREJTAT E GRAVE - \u0421\u0430\u043a\u0430\u043c \u0414\u0430 \u041a\u0430\u0436\u0430\u043c\" \/>\n<meta property=\"og:description\" content=\"Policia e Manastirit dhe e Tetov\u00ebs kan\u00eb ngritur padi penale p\u00ebr braktisje t\u00eb f\u00ebmij\u00ebs kund\u00ebr vajz\u00ebs s\u00eb mitur nga Tetova, [&hellip;]\" \/>\n<meta property=\"og:url\" content=\"https:\/\/sdk.mk\/index.php\/histori-te-parrefyera\/eshte-ngritur-padi-penale-per-nenen-e-mitur-qe-e-braktisi-femijen-e-saj-pavaresisht-thirrjeve-per-ndihme-te-aktivisteve-per-te-drejtat-e-grave\/\" \/>\n<meta property=\"og:site_name\" content=\"\u0421\u0430\u043a\u0430\u043c \u0414\u0430 \u041a\u0430\u0436\u0430\u043c\" \/>\n<meta property=\"article:published_time\" content=\"2018-07-23T01:27:57+00:00\" \/>\n<meta property=\"og:image\" content=\"https:\/\/sdk.mk\/wp-content\/uploads\/2018\/07\/dom-za-doenchina-bitola1.jpg\" \/>\n\t<meta property=\"og:image:width\" content=\"1280\" \/>\n\t<meta property=\"og:image:height\" content=\"720\" \/>\n<meta property=\"fb:app_id\" content=\"2407985809428537\" \/>\n<meta name=\"twitter:card\" content=\"summary\" \/>\n<script type=\"application\/ld+json\" class=\"yoast-schema-graph\">{\"@context\":\"https:\/\/schema.org\",\"@graph\":[{\"@type\":\"WebSite\",\"@id\":\"https:\/\/sdk.mk\/#website\",\"url\":\"https:\/\/sdk.mk\/\",\"name\":\"\\u0421\\u0430\\u043a\\u0430\\u043c \\u0414\\u0430 \\u041a\\u0430\\u0436\\u0430\\u043c\",\"description\":\"\\u0417\\u0430 \\u0441\\u043b\\u043e\\u0431\\u043e\\u0434\\u043e\\u0443\\u043c\\u043d\\u0438\",\"potentialAction\":[{\"@type\":\"SearchAction\",\"target\":\"https:\/\/sdk.mk\/?s={search_term_string}\",\"query-input\":\"required name=search_term_string\"}],\"inLanguage\":\"mk-MK\"},{\"@type\":\"ImageObject\",\"@id\":\"https:\/\/sdk.mk\/index.php\/histori-te-parrefyera\/eshte-ngritur-padi-penale-per-nenen-e-mitur-qe-e-braktisi-femijen-e-saj-pavaresisht-thirrjeve-per-ndihme-te-aktivisteve-per-te-drejtat-e-grave\/#primaryimage\",\"inLanguage\":\"mk-MK\",\"url\":\"https:\/\/sdk.mk\/wp-content\/uploads\/2018\/07\/dom-za-doenchina-bitola1.jpg\",\"width\":1280,\"height\":720},{\"@type\":\"WebPage\",\"@id\":\"https:\/\/sdk.mk\/index.php\/histori-te-parrefyera\/eshte-ngritur-padi-penale-per-nenen-e-mitur-qe-e-braktisi-femijen-e-saj-pavaresisht-thirrjeve-per-ndihme-te-aktivisteve-per-te-drejtat-e-grave\/#webpage\",\"url\":\"https:\/\/sdk.mk\/index.php\/histori-te-parrefyera\/eshte-ngritur-padi-penale-per-nenen-e-mitur-qe-e-braktisi-femijen-e-saj-pavaresisht-thirrjeve-per-ndihme-te-aktivisteve-per-te-drejtat-e-grave\/\",\"name\":\"\\u00cbSHT\\u00cb NGRITUR PADI PENALE P\\u00cbR N\\u00cbN\\u00cbN E MITUR Q\\u00cb E BRAKTISI F\\u00cbMIJ\\u00cbN E SAJ, PAVAR\\u00cbSISHT THIRRJEVE P\\u00cbR NDIHM\\u00cb T\\u00cb AKTIVISTEVE P\\u00cbR T\\u00cb DREJTAT E GRAVE - \\u0421\\u0430\\u043a\\u0430\\u043c \\u0414\\u0430 \\u041a\\u0430\\u0436\\u0430\\u043c\",\"isPartOf\":{\"@id\":\"https:\/\/sdk.mk\/#website\"},\"primaryImageOfPage\":{\"@id\":\"https:\/\/sdk.mk\/index.php\/histori-te-parrefyera\/eshte-ngritur-padi-penale-per-nenen-e-mitur-qe-e-braktisi-femijen-e-saj-pavaresisht-thirrjeve-per-ndihme-te-aktivisteve-per-te-drejtat-e-grave\/#primaryimage\"},\"datePublished\":\"2018-07-23T01:27:57+00:00\",\"dateModified\":\"2018-07-23T01:27:57+00:00\",\"author\":{\"@id\":\"https:\/\/sdk.mk\/#\/schema\/person\/737021aeacbe893f7e2c347186c5c7a1\"},\"inLanguage\":\"mk-MK\",\"potentialAction\":[{\"@type\":\"ReadAction\",\"target\":[\"https:\/\/sdk.mk\/index.php\/histori-te-parrefyera\/eshte-ngritur-padi-penale-per-nenen-e-mitur-qe-e-braktisi-femijen-e-saj-pavaresisht-thirrjeve-per-ndihme-te-aktivisteve-per-te-drejtat-e-grave\/\"]}]},{\"@type\":\"Person\",\"@id\":\"https:\/\/sdk.mk\/#\/schema\/person\/737021aeacbe893f7e2c347186c5c7a1\",\"name\":\"\\u0424\\u0458\\u043e\\u043b\\u0430 \\u0417\\u043b\\u0430\\u0442\\u043a\\u0443\"}]}<\/script>\n<!-- \/ Yoast SEO Premium plugin. -->","_links":{"self":[{"href":"https:\/\/sdk.mk\/index.php\/wp-json\/wp\/v2\/posts\/64195"}],"collection":[{"href":"https:\/\/sdk.mk\/index.php\/wp-json\/wp\/v2\/posts"}],"about":[{"href":"https:\/\/sdk.mk\/index.php\/wp-json\/wp\/v2\/types\/post"}],"author":[{"embeddable":true,"href":"https:\/\/sdk.mk\/index.php\/wp-json\/wp\/v2\/users\/25"}],"replies":[{"embeddable":true,"href":"https:\/\/sdk.mk\/index.php\/wp-json\/wp\/v2\/comments?post=64195"}],"version-history":[{"count":0,"href":"https:\/\/sdk.mk\/index.php\/wp-json\/wp\/v2\/posts\/64195\/revisions"}],"wp:featuredmedia":[{"embeddable":true,"href":"https:\/\/sdk.mk\/index.php\/wp-json\/wp\/v2\/media\/62567"}],"wp:attachment":[{"href":"https:\/\/sdk.mk\/index.php\/wp-json\/wp\/v2\/media?parent=64195"}],"wp:term":[{"taxonomy":"category","embeddable":true,"href":"https:\/\/sdk.mk\/index.php\/wp-json\/wp\/v2\/categories?post=64195"},{"taxonomy":"post_tag","embeddable":true,"href":"https:\/\/sdk.mk\/index.php\/wp-json\/wp\/v2\/tags?post=64195"}],"curies":[{"name":"wp","href":"https:\/\/api.w.org\/{rel}","templated":true}]}}