{"id":64596,"date":"2018-07-28T12:07:43","date_gmt":"2018-07-28T10:07:43","guid":{"rendered":"https:\/\/sdk.mk\/?p=64596"},"modified":"2018-07-28T12:07:43","modified_gmt":"2018-07-28T10:07:43","slug":"nuk-kemi-te-drejten-per-nje-lirim-familjar-ne-asnje-institucion-apo-firme-prinderit-e-vetem-kerkojne-ndryshime-ne-perkufizimin-e-termit-familje","status":"publish","type":"post","link":"https:\/\/sdk.mk\/index.php\/histori-te-parrefyera\/nuk-kemi-te-drejten-per-nje-lirim-familjar-ne-asnje-institucion-apo-firme-prinderit-e-vetem-kerkojne-ndryshime-ne-perkufizimin-e-termit-familje\/","title":{"rendered":"NUK KEMI T\u00cb DREJT\u00cbN P\u00cbR NJ\u00cb LIRIM FAMILJAR N\u00cb ASNJ\u00cb INSTITUCION APO FIRM\u00cb, PRIND\u00cbRIT E VET\u00cbM K\u00cbRKOJN\u00cb NDRYSHIME N\u00cb P\u00cbRKUFIZIMIN E TERMIT FAMILJE"},"content":{"rendered":"<div class=\"f52428582a4b906b2d2e2a7d733c7d27\" data-index=\"7\" style=\"float: none; margin:10px 0 10px 0; text-align:center;\">\n<!-- MSP Ads Asynchronous JS Tag - Generated with Revive Adserver v5.4.1 -->\r\n<ins data-revive-zoneid=\"167\" data-revive-id=\"060fdb01f6430ec164d3519234aa4967\"><\/ins>\r\n<script async src=\"\/\/panel.ads.com.mk\/www\/delivery\/asyncjs.php\"><\/script>\n<\/div>\n<p>Situata me diskriminimin e familjeve me nj\u00eb prind \u00ebsht\u00eb shqet\u00ebsuese, edhe pse k\u00ebto familje jan\u00eb gjithmon\u00eb n\u00eb rritje e sip\u00ebr n\u00eb nivel lokal dhe nd\u00ebrkomb\u00ebtar, thot\u00eb Doroti Pa\u00e7kova nga organizata qytetare p\u00ebr zhvillimin e t\u00eb drejtave t\u00eb familjeve me nj\u00eb prind, \u201cEdna mozhe!\u201d. Sipas informatave nga numri i madh i ankesave q\u00eb arrijn\u00eb \u00e7do dit\u00eb n\u00eb \u201cEdna mozhe!\u201d, p\u00ebr nj\u00eb diskriminim t\u00eb till\u00eb t\u00eb bashk\u00ebsive familjare, mund t\u00eb flitet pafund\u00ebsisht, thot\u00eb Pa\u00e7kova.<\/p>\n<p>\u201cNga pamund\u00ebsia gjat\u00eb regjistrimeve n\u00eb intitucionet shtet\u00ebrore p\u00ebr f\u00ebmij\u00eb t\u00eb mosh\u00ebs parashkollore deri te k\u00ebrkesa e dokumeneve nga t\u00eb dy prind\u00ebrit p\u00ebr regjistrim n\u00eb klas\u00eb t\u00eb par\u00eb, te problemet gjat\u00eb dep\u00ebrtimit n\u00eb pazarin e pun\u00ebs p\u00ebr grat\u00eb q\u00eb jan\u00eb n\u00ebna t\u00eb vetme, p\u00ebrjashtimi nga sfera publike, pamund\u00ebsia p\u00ebr t\u00eb vazhduar arsimimin, shpjegimet problematike n\u00ebp\u00ebr librat shkollor\u00eb t\u00eb shkoll\u00ebs fillore dhe t\u00eb mesme mbi konceptin e familjes dhe transmetimi i ides\u00eb se f\u00ebmij\u00ebt e familjeve me nj\u00eb prind jan\u00eb m\u00eb problematik\u00eb dhe me tendenca kriminele, mosekzistimi i nj\u00eb mase p\u00ebr t\u00eb mund\u00ebsuar nj\u00eb strehim t\u00eb duhur, problemet q\u00eb i ekpozojm\u00eb n\u00eb publik si pamund\u00ebsia p\u00ebr t\u00eb p\u00ebrdorur lirimet familjare p\u00ebr t\u00eb hyr\u00eb n\u00eb institucione kulturore shtet\u00ebrore dhe private, pamund\u00ebsia p\u00ebr p\u00ebrdorim t\u00eb kushteve t\u00eb paduhura t\u00eb krijuara nga agjencit\u00eb turistike p\u00ebr fluturime, injorimi i k\u00ebrkesave p\u00ebr shfryt\u00ebzimin e nj\u00eb \u00e7mimi t\u00eb duhur p\u00ebr transportin publik, edhe pse frekuenimi i k\u00ebtyre grave \u00ebsht\u00eb shum\u00eb i madh, padrejt\u00ebsia p\u00ebr shkak t\u00eb moskonsiderimit t\u00eb rrethanave familjare n\u00eb masat e pushteteve lokale (si masa p\u00ebr \u00e7do foshnje)\u201d, thot\u00eb Pa\u00e7kova p\u00ebr SAKAMDAKAZAM.MK.<\/p>\n<p>Pa\u00e7kova para disa kohe reagoi p\u00ebr rastin kur gjat\u00eb hyrjes n\u00eb Muzeun e iluzioneve n\u00eb Shkup nuk i kan\u00eb lejuar t\u00eb shfryt\u00ebzoj\u00eb lirimin famijar si n\u00ebn\u00eb me f\u00ebmij\u00eb, pasi lirimi ka vlejtur vet\u00ebm p\u00ebr dy prind\u00ebr dhe dy f\u00ebmij\u00eb. Lirime p\u00ebr k\u00ebto lloj familjesh nuk ekzistojn\u00eb n\u00eb asnj\u00eb institucion tjet\u00ebr shtet\u00ebror, si muzet\u00eb, MOB, MNT, Fiharmonia. Famijet me nj\u00eb prind nuk kan\u00eb lirme as n\u00eb agjencit\u00eb turistike, pasi edhe aty k\u00ebrkohen dy prind\u00ebr q\u00eb t\u00eb mund f\u00ebmija t\u00eb kaloj\u00eb falas apo q\u00eb t\u00eb paguhet nj\u00eb shum\u00eb m\u00eb e vog\u00ebl n\u00eb total edhe p\u00ebr t\u00eb rriturin.<\/p>\n<p>\u201cSipas rregulativave hotelerike p\u00ebr kapacietet akomoduese, agjencit\u00eb ofrojn\u00eb mund\u00ebsi p\u00ebr akomodim n\u00eb dhoma t\u00eb ndryshme, n\u00eb var\u00ebsi nga numri i personave. N\u00eb dhomat stadarde me dy shtret\u00ebr, n\u00eb var\u00ebsi t\u00eb hotelit, lejohet akomodimi i nj\u00eb, dy ose tre f\u00ebmij\u00ebve \u2013 falas sipas mosh\u00ebs, dhe me pages\u00ebn e dy t\u00eb rriturve. P\u00ebrderisa n\u00eb dhom\u00ebn e nj\u00ebjt\u00eb q\u00ebndron nj\u00eb i rritur, apo nj\u00eb i rritur me nj\u00eb f\u00ebmij\u00eb, \u00e7mimi p\u00ebr t\u00eb rriturin \u00ebsht\u00eb m\u00eb i madh p\u00ebr nj\u00eb p\u00ebrqindje t\u00eb cakuar\u201d, na u p\u00ebrgjigj\u00ebn disa agjenci t\u00eb Shkupit.<\/p>\n<p>Ministria p\u00ebr pun\u00eb dhe politik\u00eb sociale thot\u00eb se nuk ka kompetenca q\u00eb t&#8217;i detyroj\u00eb institucionet shtet\u00ebrore dhe firmat priate t&#8217;u b\u00ebjn\u00eb lirime famijeve me nj\u00eb prind. Q\u00eb atje shtojn\u00eb se familjeve me nj\u00eb prind u jan\u00eb dh\u00ebn\u00eb m\u00eb shum\u00eb mund\u00ebsi n\u00eb pjes\u00ebn e realizimit t\u00eb s\u00eb drejt\u00ebs s\u00eb mbrojtjes sociale n\u00eb p\u00ebrputhje me ligjin p\u00ebr mbrojtje sociale.<\/p>\n<p>\u201cFamiljet me j\u00eb prind kan\u00eb t\u00eb drejt\u00eb t\u00eb p\u00ebrdorimit t\u00eb ndihm\u00ebs s\u00eb vazhdueshme financiare p\u00ebr prind t\u00eb vet\u00ebm dhe f\u00ebmij\u00eb deri n\u00eb mosh\u00ebn tre vje\u00e7are n\u00eb rast se nuk jan\u00eb t\u00eb siguruar materialisht. Gjithashtu, ministria p\u00ebr pun\u00eb dhe politik\u00eb sociale n\u00eb nivel vjetor, n\u00eb vazhdim\u00ebsi e implementon projektin p\u00ebr pushime verore dhe dim\u00ebrore falas p\u00ebr f\u00ebmij\u00ebt e familjeve me rrezik social dhe f\u00ebmij\u00ebve q\u00eb jan\u00eb p\u00ebrdorues t\u00eb shtes\u00ebs s\u00eb ve\u00e7ant\u00eb, n\u00eb t\u00eb cil\u00ebn p\u00ebrfshihen edhe familje me nj\u00eb prind, gj\u00eb me an\u00eb t\u00eb s\u00eb cil\u00ebs, k\u00ebsaj kategorie t\u00eb f\u00ebmij\u00ebve u mund\u00ebsohet p\u00ebrdorimi i k\u00ebtij sh\u00ebrbimi falas. Minisria sigurisht vazhdon t\u00eb punoj\u00eb p\u00ebr reforma t\u00eb sistemit dhe mbrojtjes sociale n\u00eb drejtim t\u00eb zhvillimit t\u00eb t\u00eb drejtave t\u00eb t\u00eb gjitha grupeve t\u00eb c\u00ebnueshme\u201d, thon\u00eb nga Ministria p\u00ebr pun\u00eb dhe politik\u00eb sociale.<br \/>\nNga komiteti i Helsinkit n\u00eb Maqedoni thon\u00eb se raporti diskriminues ndaj familjeve me nj\u00eb prind, n\u00eb baza martesore dhe famijare, p\u00ebr fat t\u00eb keq \u00ebsht\u00eb nj\u00eb fenomen i shpesht\u00eb.<\/p>\n<p>\u201cRasti konkret, n\u00eb t\u00eb cilin b\u00ebhet fjal\u00eb p\u00ebr diskriminm direkt, t\u00eb shum\u00ebfisht\u00eb t\u00eb familjeve me nj\u00eb prind prej nj\u00eb n\u00ebne t\u00eb veme dhe nj\u00eb f\u00ebmije n\u00eb qasje t\u00eb sh\u00ebrbimeve publike (qasje n\u00eb muze), n\u00eb baz\u00eb t\u00eb statusit martesor dhe familjar, \u00ebsht\u00eb treguesi m\u00eb i mir\u00eb p\u00ebr mosprezenc\u00ebn e drejt\u00ebsis\u00eb dhe senzibilizimit t\u00eb institucioneve ndaj familjeve me nj\u00eb prind. Ky rast tregon diskriminim jo vet\u00ebm ndaj familjeve me nj\u00eb prind, por edhe ndaj familjeve strehuese dhe atyre q\u00eb kan\u00eb n\u00ebn kujdestarin\u00eb e tyre f\u00ebmij\u00eb\u201d, thon\u00eb nga komiteti i Helsinkit.<\/p>\n<p>Komiteti bashk\u00eb me organizatat e tjera t\u00eb Rrjetit joformal p\u00ebr mbrojtje nga diskriminimi, orgaizat\u00ebs qyetare p\u00ebr zhvillimin e t\u00eb drejtave t\u00eb familjeve me nj\u00eb prind \u201cEdna mozhe!\u201d dhe t\u00eb gjitha famailjeve me nj\u00eb prind, t\u00eb cilave u \u00ebsht\u00eb v\u00ebshtir\u00ebsuar qasja drejt muzeut pasi nuk kan\u00eb mundur t\u00eb blejn\u00eb nj\u00eb bilet famijar, do t\u00eb ngren\u00eb dhe iniciojn\u00eb procedur\u00eb p\u00ebr mbrojtje nga diskiminimi para Komisionit p\u00ebr mbrojtje nga diskriminimi, ku do t\u00eb k\u00ebkojn\u00eb q\u00eb komisioni ta hetoj\u00eb rastin dhe n\u00eb suazat e autorizimeve t\u00eb saja ligjore t\u00eb konfimoj\u00eb se \u00ebsht\u00eb shkaktuar diskriminim i shum\u00ebfisht\u00eb ndaj famljeve t\u00eb k\u00ebtyre kategorive dhe t\u00eb jap\u00eb rekomandim me an\u00eb t\u00eb t\u00eb cilit do ta detyroj\u00eb muzeun ta ndryshoj\u00eb k\u00ebt\u00eb praktik\u00eb diskriminuese dhe ta mund\u00ebsoj\u00eb blerjen e biletave familjare me \u00e7mim t\u00eb nj\u00ebjt\u00eb si p\u00ebr familjet e tjera ashtu edhe p\u00ebr familjet me nj\u00eb prind, apo ato q\u00eb kan\u00eb f\u00ebmij\u00eb n\u00ebn kujdestari.<\/p>\n<p>Pa\u00e7kova thot\u00eb se n\u00eb Maqedoni, familjet dhe raportet mes an\u00ebtar\u00ebve t\u00eb tyre, si dhe mbrojtja e familjes, jan\u00eb t\u00eb rregulluara ligjerisht me disa akte ligjore, por kryesisht me ligjin p\u00ebr familje. Prap\u00eb se prap\u00eb, familjet me nj\u00eb prind nuk pranohen si kategori ligjore, q\u00eb ndikon n\u00eb statusin social, problemet ekonomike, integrimin dhe mir\u00ebqenien komunale.<\/p>\n<p>Problemi kryesor i k\u00ebtyre famijeve, n\u00eb Maqedoni, thot\u00eb ajo, \u00ebsht\u00eb mosekzistimi i definimit t\u00eb vet\u00eb familjes, si dhe mosekzistimi i prindit t\u00eb vet\u00ebm. P\u00ebr shkak t\u00eb k\u00ebsaj, i mbetet interpretimit t\u00eb lir\u00eb t\u00eb sh\u00ebrbimeve t\u00eb sportelt dhe t\u00eb gjth\u00eb t\u00eb tjer\u00ebve me t\u00eb cil\u00ebt p\u00ebrfaq\u00ebsuesit vijn\u00eb n\u00eb kontakt.<\/p>\n<p>\u201cNeve, nga ana tjet\u00ebr, ky inerpretim i lir\u00eb nuk na mund\u00ebson t&#8217;i klasifikojm\u00eb, e sipas tyre t\u00eb ofrojm\u00eb lloje t\u00eb ndryshme t\u00eb politikave publike dhe masa t\u00eb cilat kan\u00eb t\u00eb b\u00ebjn\u00eb me familjet me nj\u00eb prind, n\u00eb mas\u00eb t\u00eb madhe edhe grate q\u00eb jan\u00eb n\u00ebna t\u00eb vetme me f\u00ebmin\u00eb e tyre. P\u00ebrkrah ekzistimit t\u00eb rregulativave t\u00eb vaktuara ligjore dhe dokumenteve strategjike, diskriminimi i shum\u00ebfisht\u00eb i grave, n\u00ebnave t\u00eb vetme \u00ebsht\u00eb i duksh\u00ebm\u201d, thot\u00eb ajo duke shtuar se v\u00ebshir\u00ebsit\u00eb shtohen edhe nga fakti se n\u00eb t\u00eb gjitha dokumentet shtet\u00ebrore, ligjore, politike, urdh\u00ebresa, etj, grat\u00eb e vetme num\u00ebrohen bashk\u00eb me kategorit\u00eb e mbetura t\u00eb margjinalizuara.<\/p>\n<p>\u201cK\u00ebshu b\u00ebhet e qart\u00eb se nuk jan\u00eb t\u00eb barabarta, nuk kan\u00eb pik\u00ebnisje t\u00eb barabarta me familjet m\u00eb tradicionale, por edhe nuk merren aksione afrimative t\u00eb cilat do t&#8217;i zhvillojn\u00eb t\u00eb drejtat e grave n\u00ebna t\u00eb vetme apo familjeve me nj\u00eb prind, por vendosen n\u00eb kategorin\u00eb e njer\u00ebzve me pamund\u00ebsi t\u00eb lindura. Pengesa n\u00eb zhvillim, pengesa fizike dhe intelektuale.<\/p>\n<p>Ajo konsideron se t\u00eb qen\u00ebt i hapur p\u00ebr zgjidhjen e k\u00ebtyre sfidave nga inistitucionet shtet\u00ebore, si lokale ashtu dhe shtet\u00ebrore, n\u00eb periudh\u00ebn e fundit \u00ebsht\u00eb p\u00ebrmir\u00ebsuar, duke marr\u00eb parasysh se duhet t\u00eb p\u00ebrforcohet dhe t\u00eb filloj\u00eb t\u00eb implementohet ajo q\u00eb \u00ebsht\u00eb sugjeruar si prioriet nga i gjith\u00eb grupi q\u00ebllimor.<\/p>\n<p>\u201cDerisa nuk arrihen kushtet p\u00ebr pozicione t\u00eb barabarta strategike, \u201cEdna mozhe!\u201d, do t\u00eb k\u00ebrkoj\u00eb dhe t\u00eb ofroj\u00eb zgjidhje dhe sigurisht, mbetet i hapur bash\u00ebpunimi me t\u00eb gjitha pal\u00ebt e involvuara. P\u00ebrkushtimi i t\u00eb gjitha subjekteve relevante n\u00eb implemetimin e ligjeve dhe dokumenteve strategjike \u00ebsh\u00eb i domosdosh\u00ebm.\u201d, thot\u00eb Pa\u00e7kova.<\/p>\n<p><em><strong>B. NESTOROSKA<\/strong><\/em><\/p>\n\n<div style=\"font-size: 0px; height: 0px; line-height: 0px; margin: 0; padding: 0; clear: both;\"><\/div>","protected":false},"excerpt":{"rendered":"<p>Situata me diskriminimin e familjeve me nj\u00eb prind \u00ebsht\u00eb shqet\u00ebsuese, edhe pse k\u00ebto familje jan\u00eb gjithmon\u00eb n\u00eb rritje e sip\u00ebr [&hellip;]<\/p>\n","protected":false},"author":9,"featured_media":64132,"comment_status":"closed","ping_status":"closed","sticky":false,"template":"","format":"standard","meta":{"_mo_disable_npp":"","inline_featured_image":false},"categories":[3085],"tags":[],"imageURL":"https:\/\/sdk.mk\/wp-content\/uploads\/2018\/07\/kulturni-institutsii-kolazh-650x475.jpg","thumbURL":"https:\/\/sdk.mk\/wp-content\/uploads\/2018\/07\/kulturni-institutsii-kolazh-250x183.jpg","categoryNames":["Histori t\u00eb parr\u00ebfyera"],"feature_caption":"\u0415\u0434\u043d\u043e\u0440\u043e\u0434\u0438\u0442\u0435\u043b\u0441\u043a\u0438\u0442\u0435 \u0441\u0435\u043c\u0435\u0458\u0441\u0442\u0432\u0430 \u0441\u0435\u043a\u043e\u0458\u0434\u043d\u0435\u0432\u043d\u043e \u0441\u0435 \u0441\u043e\u043e\u0447\u0443\u0432\u0430\u0430\u0442 \u0441\u043e \u0434\u0438\u0441\u043a\u0440\u0438\u043c\u0438\u043d\u0430\u0446\u0438\u0458\u0430 \u0432\u043e \u0441\u0438\u0442\u0435 \u0438\u043d\u0441\u0442\u0438\u0442\u0443\u0446\u0438\u0438 \u043a\u0430\u043a\u043e \u0438 \u0432\u043e \u043e\u043d\u0438\u0435 \u043e\u0434 \u043a\u0443\u043b\u0442\u0443\u0440\u0430\u0442\u0430, \u043d\u043e \u041c\u0438\u043d\u0438\u0441\u0442\u0435\u0440\u0441\u0442\u0432\u043e\u0442\u043e \u0437\u0430 \u0442\u0440\u0443\u0434 \u0438 \u0441\u043e\u0446\u0438\u0458\u0430\u043b\u043d\u0430 \u043f\u043e\u043b\u0438\u0442\u0438\u043a\u0430 \u0432\u0435\u043b\u0438 \u0434\u0435\u043a\u0430 \u043d\u0435\u043c\u0430 \u043d\u0430\u0434\u043b\u0435\u0436\u043d\u043e\u0441\u0442 \u0434\u0430 \u0438\u043c \u043d\u0430\u043b\u043e\u0436\u0438 \u0434\u0430 \u0438\u043c \u0434\u0430\u0432\u0430\u0430\u0442 \u043f\u043e\u043f\u0443\u0441\u0442\u0438  (\u0424\u043e\u0442\u043e: \u0421\u0414\u041a.\u041c\u041a) ","subtitle":"","views":"4817","source":"Shkup, (SAKAMDAKAZAM.MK)","yoast_head":"<!-- This site is optimized with the Yoast SEO Premium plugin v15.0 - https:\/\/yoast.com\/wordpress\/plugins\/seo\/ -->\n<title>NUK KEMI T\u00cb DREJT\u00cbN P\u00cbR NJ\u00cb LIRIM FAMILJAR N\u00cb ASNJ\u00cb INSTITUCION APO FIRM\u00cb, PRIND\u00cbRIT E VET\u00cbM K\u00cbRKOJN\u00cb NDRYSHIME N\u00cb P\u00cbRKUFIZIMIN E TERMIT FAMILJE - \u0421\u0430\u043a\u0430\u043c \u0414\u0430 \u041a\u0430\u0436\u0430\u043c<\/title>\n<meta name=\"robots\" content=\"index, follow, max-snippet:-1, max-image-preview:large, max-video-preview:-1\" \/>\n<link rel=\"canonical\" href=\"https:\/\/sdk.mk\/index.php\/histori-te-parrefyera\/nuk-kemi-te-drejten-per-nje-lirim-familjar-ne-asnje-institucion-apo-firme-prinderit-e-vetem-kerkojne-ndryshime-ne-perkufizimin-e-termit-familje\/\" \/>\n<meta property=\"og:locale\" content=\"mk_MK\" \/>\n<meta property=\"og:type\" content=\"article\" \/>\n<meta property=\"og:title\" content=\"NUK KEMI T\u00cb DREJT\u00cbN P\u00cbR NJ\u00cb LIRIM FAMILJAR N\u00cb ASNJ\u00cb INSTITUCION APO FIRM\u00cb, PRIND\u00cbRIT E VET\u00cbM K\u00cbRKOJN\u00cb NDRYSHIME N\u00cb P\u00cbRKUFIZIMIN E TERMIT FAMILJE - \u0421\u0430\u043a\u0430\u043c \u0414\u0430 \u041a\u0430\u0436\u0430\u043c\" \/>\n<meta property=\"og:description\" content=\"Situata me diskriminimin e familjeve me nj\u00eb prind \u00ebsht\u00eb shqet\u00ebsuese, edhe pse k\u00ebto familje jan\u00eb gjithmon\u00eb n\u00eb rritje e sip\u00ebr [&hellip;]\" \/>\n<meta property=\"og:url\" content=\"https:\/\/sdk.mk\/index.php\/histori-te-parrefyera\/nuk-kemi-te-drejten-per-nje-lirim-familjar-ne-asnje-institucion-apo-firme-prinderit-e-vetem-kerkojne-ndryshime-ne-perkufizimin-e-termit-familje\/\" \/>\n<meta property=\"og:site_name\" content=\"\u0421\u0430\u043a\u0430\u043c \u0414\u0430 \u041a\u0430\u0436\u0430\u043c\" \/>\n<meta property=\"article:published_time\" content=\"2018-07-28T10:07:43+00:00\" \/>\n<meta property=\"og:image\" content=\"https:\/\/sdk.mk\/wp-content\/uploads\/2018\/07\/kulturni-institutsii-kolazh.jpg\" \/>\n\t<meta property=\"og:image:width\" content=\"1200\" \/>\n\t<meta property=\"og:image:height\" content=\"876\" \/>\n<meta property=\"fb:app_id\" content=\"2407985809428537\" \/>\n<meta name=\"twitter:card\" content=\"summary\" \/>\n<script type=\"application\/ld+json\" class=\"yoast-schema-graph\">{\"@context\":\"https:\/\/schema.org\",\"@graph\":[{\"@type\":\"WebSite\",\"@id\":\"https:\/\/sdk.mk\/#website\",\"url\":\"https:\/\/sdk.mk\/\",\"name\":\"\\u0421\\u0430\\u043a\\u0430\\u043c \\u0414\\u0430 \\u041a\\u0430\\u0436\\u0430\\u043c\",\"description\":\"\\u0417\\u0430 \\u0441\\u043b\\u043e\\u0431\\u043e\\u0434\\u043e\\u0443\\u043c\\u043d\\u0438\",\"potentialAction\":[{\"@type\":\"SearchAction\",\"target\":\"https:\/\/sdk.mk\/?s={search_term_string}\",\"query-input\":\"required name=search_term_string\"}],\"inLanguage\":\"mk-MK\"},{\"@type\":\"ImageObject\",\"@id\":\"https:\/\/sdk.mk\/index.php\/histori-te-parrefyera\/nuk-kemi-te-drejten-per-nje-lirim-familjar-ne-asnje-institucion-apo-firme-prinderit-e-vetem-kerkojne-ndryshime-ne-perkufizimin-e-termit-familje\/#primaryimage\",\"inLanguage\":\"mk-MK\",\"url\":\"https:\/\/sdk.mk\/wp-content\/uploads\/2018\/07\/kulturni-institutsii-kolazh.jpg\",\"width\":1200,\"height\":876},{\"@type\":\"WebPage\",\"@id\":\"https:\/\/sdk.mk\/index.php\/histori-te-parrefyera\/nuk-kemi-te-drejten-per-nje-lirim-familjar-ne-asnje-institucion-apo-firme-prinderit-e-vetem-kerkojne-ndryshime-ne-perkufizimin-e-termit-familje\/#webpage\",\"url\":\"https:\/\/sdk.mk\/index.php\/histori-te-parrefyera\/nuk-kemi-te-drejten-per-nje-lirim-familjar-ne-asnje-institucion-apo-firme-prinderit-e-vetem-kerkojne-ndryshime-ne-perkufizimin-e-termit-familje\/\",\"name\":\"NUK KEMI T\\u00cb DREJT\\u00cbN P\\u00cbR NJ\\u00cb LIRIM FAMILJAR N\\u00cb ASNJ\\u00cb INSTITUCION APO FIRM\\u00cb, PRIND\\u00cbRIT E VET\\u00cbM K\\u00cbRKOJN\\u00cb NDRYSHIME N\\u00cb P\\u00cbRKUFIZIMIN E TERMIT FAMILJE - \\u0421\\u0430\\u043a\\u0430\\u043c \\u0414\\u0430 \\u041a\\u0430\\u0436\\u0430\\u043c\",\"isPartOf\":{\"@id\":\"https:\/\/sdk.mk\/#website\"},\"primaryImageOfPage\":{\"@id\":\"https:\/\/sdk.mk\/index.php\/histori-te-parrefyera\/nuk-kemi-te-drejten-per-nje-lirim-familjar-ne-asnje-institucion-apo-firme-prinderit-e-vetem-kerkojne-ndryshime-ne-perkufizimin-e-termit-familje\/#primaryimage\"},\"datePublished\":\"2018-07-28T10:07:43+00:00\",\"dateModified\":\"2018-07-28T10:07:43+00:00\",\"author\":{\"@id\":\"https:\/\/sdk.mk\/#\/schema\/person\/3e8217f71bc38bd7c592f30c69e10e5a\"},\"inLanguage\":\"mk-MK\",\"potentialAction\":[{\"@type\":\"ReadAction\",\"target\":[\"https:\/\/sdk.mk\/index.php\/histori-te-parrefyera\/nuk-kemi-te-drejten-per-nje-lirim-familjar-ne-asnje-institucion-apo-firme-prinderit-e-vetem-kerkojne-ndryshime-ne-perkufizimin-e-termit-familje\/\"]}]},{\"@type\":\"Person\",\"@id\":\"https:\/\/sdk.mk\/#\/schema\/person\/3e8217f71bc38bd7c592f30c69e10e5a\",\"name\":\"\\u041c\\u0438\\u0440\\u043e\\u0441\\u043b\\u0430\\u0432 \\u0418\\u043b\\u0438\\u043e\\u0441\\u043a\\u0438\"}]}<\/script>\n<!-- \/ Yoast SEO Premium plugin. -->","_links":{"self":[{"href":"https:\/\/sdk.mk\/index.php\/wp-json\/wp\/v2\/posts\/64596"}],"collection":[{"href":"https:\/\/sdk.mk\/index.php\/wp-json\/wp\/v2\/posts"}],"about":[{"href":"https:\/\/sdk.mk\/index.php\/wp-json\/wp\/v2\/types\/post"}],"author":[{"embeddable":true,"href":"https:\/\/sdk.mk\/index.php\/wp-json\/wp\/v2\/users\/9"}],"replies":[{"embeddable":true,"href":"https:\/\/sdk.mk\/index.php\/wp-json\/wp\/v2\/comments?post=64596"}],"version-history":[{"count":0,"href":"https:\/\/sdk.mk\/index.php\/wp-json\/wp\/v2\/posts\/64596\/revisions"}],"wp:featuredmedia":[{"embeddable":true,"href":"https:\/\/sdk.mk\/index.php\/wp-json\/wp\/v2\/media\/64132"}],"wp:attachment":[{"href":"https:\/\/sdk.mk\/index.php\/wp-json\/wp\/v2\/media?parent=64596"}],"wp:term":[{"taxonomy":"category","embeddable":true,"href":"https:\/\/sdk.mk\/index.php\/wp-json\/wp\/v2\/categories?post=64596"},{"taxonomy":"post_tag","embeddable":true,"href":"https:\/\/sdk.mk\/index.php\/wp-json\/wp\/v2\/tags?post=64596"}],"curies":[{"name":"wp","href":"https:\/\/api.w.org\/{rel}","templated":true}]}}