{"id":65307,"date":"2018-08-11T16:54:08","date_gmt":"2018-08-11T14:54:08","guid":{"rendered":"https:\/\/sdk.mk\/?p=65307"},"modified":"2018-08-11T16:54:08","modified_gmt":"2018-08-11T14:54:08","slug":"mallkim-maqedonas","status":"publish","type":"post","link":"https:\/\/sdk.mk\/index.php\/dua-te-them\/mallkim-maqedonas\/","title":{"rendered":"MALLKIM MAQEDONAS"},"content":{"rendered":"<div class=\"f52428582a4b906b2d2e2a7d733c7d27\" data-index=\"7\" style=\"float: none; margin:10px 0 10px 0; text-align:center;\">\n<!-- MSP Ads Asynchronous JS Tag - Generated with Revive Adserver v5.4.1 -->\r\n<ins data-revive-zoneid=\"167\" data-revive-id=\"060fdb01f6430ec164d3519234aa4967\"><\/ins>\r\n<script async src=\"\/\/panel.ads.com.mk\/www\/delivery\/asyncjs.php\"><\/script>\n<\/div>\n<p><span class=\"dropcap color firstcharacter\">1 <\/span>Me \u00e7\u2019mendim zgjohen pushtetar\u00ebt \u00e7do m\u00ebngjes? Dhe kur them pushtetar\u00eb n\u00ebnkuptoj t\u00eb gjith\u00eb \u2013 nga deputet\u00ebt e shumic\u00ebs, e deri te ministrat, drejtor\u00ebt, kryetar\u00ebt e komunave, k\u00ebshilltar\u00ebt e shumic\u00ebs, zyrtar\u00ebt n\u00eb pushtetet lokale\u2026Thon\u00eb me vete: \u201cN\u00eb cil\u00ebn k\u00ebmb\u00eb t\u00eb gjuajm\u00eb sot?\u201d<\/p>\n<p>Kurse kryeministri Zoran Zaev do t\u00eb ishte shum\u00eb i lumtur n\u00ebse do t\u00eb kishte mundur t\u2019i mblidhte t\u00eb gjith\u00eb njer\u00ebzit e tij dhe t\u2019u thoshte: \u201cD\u00ebgjoni, mos u tallni, pasi brek\u00ebt ik\u00ebn\u201d. Sikur t\u00eb mundej t\u2019u jepte dhe urdhrin q\u00eb \u201ct\u2019i ngrinin t\u00eb gjitha aktivitetet deri n\u00eb dit\u00ebn e referendumit!\u201d. E t\u2019i luste q\u00eb, n\u00eb rast se i kan\u00eb v\u00ebn\u00eb n\u00eb p\u00ebrdorim personal xhipat zyrtar\u00eb p\u00ebr t\u2019i \u00e7uar familjet e tyre n\u00ebp\u00ebr plazhet e Greqis\u00eb, t\u00eb durojn\u00eb edhe pak deri m\u00eb 1 tetor. Dhe se fundmi, n\u00ebse do t\u00eb mundej q\u00eb deri m\u00eb 30 shtator, t\u00eb mos qeverisin, pasi te ne, fjala qeverisje n\u00ebnkupton qeverisjen e keqe.<\/p>\n<p><span class=\"dropcap color firstcharacter\">2<\/span> Nd\u00ebrsa sa p\u00ebr histerin\u00eb rreth mushkonjave n\u00eb Shkup, d\u00ebshiroj t\u00eb ndaj k\u00ebndv\u00ebshtrimin personal n\u00eb lidhje me sjelljen e pushteti ndaj publikut. Shfaqet nj\u00eb z\u00ebdh\u00ebn\u00ebs i Qytetit t\u00eb Shkupit dhe thot\u00eb se n\u00eb Shkup jan\u00eb b\u00ebr\u00eb sp\u00ebrkatje kund\u00ebr mushkonjave, por qytetar\u00ebt nuk e kan\u00eb d\u00ebgjuar nga shkaku se avion\u00ebt kan\u00eb qen\u00eb t\u00eb qet\u00eb. Mir\u00eb. Mbase edhe kan\u00eb qen\u00eb t\u00eb qet\u00eb. Por, ndaj pyetjes se me cilin lloj avion\u00ebsh \u00ebsht\u00eb kryer sp\u00ebrkatja, z\u00ebdh\u00ebn\u00ebsi thot\u00eb se nuk e di. \u201cPyesni firm\u00ebn q\u00eb ka sp\u00ebrkatur\u201d, tha ai. Po kush e ka angazhuar firm\u00ebn me parat\u00eb tona? Dhe, nga e dini se avion\u00ebt jan\u00eb t\u00eb qet\u00eb, kur nuk e dini se \u00e7\u2019firme i takojn\u00eb?<\/p>\n<p>K\u00ebshtu, n\u00eb redaksin\u00eb ton\u00eb iu p\u00ebrvesh\u00ebm hetimit. Krahasonim tabelat e regjistrimit t\u00eb avion\u00ebve nga foto t\u00eb ndryshme, i krahasonim me listat n\u00eb regjistrin e automjeteve ajrore, q\u00eb t\u00eb arrinim n\u00eb konkluzionin se me t\u00eb v\u00ebrtet\u00eb b\u00ebhet fjal\u00eb p\u00ebr avion\u00eb kat\u00ebr her\u00eb m\u00eb t\u00eb qet\u00eb nga ata me t\u00eb cil\u00ebt \u00ebsht\u00eb sp\u00ebrkatur vjet.<\/p>\n<p>Pse b\u00ebm\u00eb k\u00ebt\u00eb? Q\u00eb ta hetonim deklarat\u00ebn e Kabinetit t\u00eb kryetarit Petre Shilegov, t\u00eb cil\u00ebn as vet\u00eb Kabineti nuk e mb\u00ebshteti dot me fakte. Pasi, erdh\u00ebn t\u00eb pap\u00ebrgatitur n\u00eb konferenc\u00eb t\u00eb shtypit. E p\u00ebr hir t\u00eb s\u00eb v\u00ebrtet\u00ebs, edhe gazetar\u00ebt nuk jan\u00eb aq t\u00eb p\u00ebrgatitur p\u00ebr t\u00eb k\u00ebrkuar fakte. Por, le t\u2019u kthehemi zyrtar\u00ebve, q\u00eb paguhen nga xhepat tan\u00eb p\u00ebr t\u00eb dh\u00ebn\u00eb informacionin e duhur, e q\u00eb n\u00eb vend q\u00eb t\u00eb siguronin t\u00eb dh\u00ebnat e sakta, filluan t\u00eb ziheshin me t\u00eb gjith\u00eb q\u00eb komentonin rreth avion\u00ebve t\u00eb qet\u00eb. Nuk keni pse t\u00eb pyesni, ju duhet vet\u00ebm t\u00eb besoni.<\/p>\n<p>Kjo \u00ebsht\u00eb arroganca dhe p\u00ebrqeshja drejtuar secilit q\u00eb parashtron nj\u00eb pyetje, q\u00eb krijon tension t\u00eb panevojsh\u00ebm, e k\u00ebshtu nj\u00eb sp\u00ebrkatje e thjesht\u00eb kund\u00ebr mushkonjave shnd\u00ebrrohet n\u00eb nj\u00eb problem global politik me pasoja t\u00eb m\u00ebdha gjeostrategjike.<\/p>\n<p><span class=\"dropcap color firstcharacter\">3 <\/span>50 dit\u00eb para referendumit, nga i cili varet e ardhmja e shtetit, me k\u00ebt\u00eb qeverisje t\u00eb \u00e7orientuar, e th\u00ebn\u00eb n\u00eb m\u00ebnyr\u00ebn m\u00eb t\u00eb sjellshme, n\u00eb nj\u00eb atmosfer\u00eb t\u00eb tensionuar, \u00ebsht\u00eb gj\u00eb normale q\u00eb edhe mushkonjat t\u2019i thellojn\u00eb ndasit\u00eb.<\/p>\n<p>\u00cbsht\u00eb gj\u00eb e mrekullueshme q\u00eb n\u00eb mesin e ver\u00ebs dhe pushimeve verore, mushkonjat jan\u00eb lajm kryesor tashm\u00eb p\u00ebr tre dit\u00eb radhazi. \u00cbsht\u00eb e mrekullueshme q\u00eb u ngrit\u00ebn n\u00eb k\u00ebmb\u00eb aq shum\u00eb p\u00ebr xhipin zyrtar me t\u00eb cilin funksionari i lart\u00eb policor kishte \u00e7uar vajz\u00ebn me shoqet e veta p\u00ebr pushime n\u00eb Greqi. N\u00eb nj\u00eb shtet normal, \u00ebsht\u00eb gj\u00eb normale q\u00eb qytetar\u00ebt t\u00eb k\u00ebrkojn\u00eb p\u00ebrgjegjshm\u00ebri dhe transparenc\u00eb p\u00ebr shpenzimin e parave t\u00eb tyre nga ana e politikan\u00ebve dhe funksionar\u00ebve t\u00eb p\u00ebrzgjedhur. Ashtu sikurse \u00ebsht\u00eb gj\u00eb normale q\u00eb edhe politikan\u00ebt dhe zyrtar\u00ebt q\u00eb marrin rrog\u00eb nga buxheti, t\u00eb japin informat\u00eb t\u00eb detajuar rreth shpenzimit t\u00eb parave dhe t\u00eb mbajn\u00eb p\u00ebrgjegj\u00ebsi p\u00ebr gj\u00ebn\u00eb q\u00eb do t\u00eb b\u00ebjn\u00eb dhe at\u00eb q\u00eb do t\u00eb thon\u00eb.<\/p>\n<p>Ne kemi mund\u00ebsin\u00eb q\u00eb t\u00eb b\u00ebhemi nj\u00eb dit\u00eb nj\u00eb shtet i till\u00eb normal. Pasi temat e debatit publik n\u00eb nj\u00eb shtet normal jan\u00eb p\u00ebrgjegj\u00ebsia, transparenca dhe qeverisja e mir\u00eb. P\u00ebr k\u00ebt\u00eb do t\u00eb flasim m\u00eb 1 tetor. N\u00eb qoft\u00eb se m\u00eb 30 shtator nuk vendosim t\u00eb gjuajm\u00eb n\u00eb kok\u00eb, p\u00ebr inat t\u00eb pushtetar\u00ebve q\u00eb gjuajn\u00eb n\u00eb k\u00ebmb\u00eb.<\/p>\n<p><span class=\"dropcap color firstcharacter\">4 <\/span>Andaj m\u00eb duken t\u00eb kota t\u00eb gjitha thirrjet drejt Zaevit dhe njer\u00ebzve t\u00eb tij: \u201cHellooo, thirrni mendjes ose do t\u2019ju d\u00ebshtoj\u00eb referendumi\u201d. Si mendoni \u201cDo T\u2019JU d\u00ebshtoj\u00eb?\u201d Kujt do t\u2019i d\u00ebshtoj\u00eb? Zaevit? Apo Ali Ahmetit? Apo Shilegovit, apo atij kryetarit nga Novo Sella q\u00eb b\u00ebnte kontraband\u00eb me cigare, apo ministrit Venko Filip\u00e7e me tender prej 35 milion\u00eb eurosh, apo drejtorit p\u00ebr siguri publike n\u00eb MPB\u2026Jo, more. Neve do t\u00eb NA d\u00ebshtoj\u00eb. Neve, q\u00eb kemi vendosur t\u00eb jetojm\u00eb k\u00ebtu dhe me p\u00ebrpjekje mbinjer\u00ebzore po luftojm\u00eb q\u00eb t\u00eb krijojm\u00eb nj\u00eb shtet ku p\u00ebrgjegjshm\u00ebria, transparenca dhe qeverisja e mir\u00eb nuk do t\u00eb jen\u00eb tema jasht\u00ebtok\u00ebsore. E ku askush nuk do t\u00eb ta shaj\u00eb n\u00ebse ti pyet se me \u00e7far\u00eb lloj avion\u00ebsh \u00ebsht\u00eb b\u00ebr\u00eb sp\u00ebrkatja kund\u00ebr mushkonjave. P\u00ebrfundimisht, nj\u00eb shtet n\u00eb t\u00eb cilin hyrja n\u00eb BE dhe NATO nuk do t\u00eb varet nga thumbimet e mushkonjave.<\/p>\n<p>Eh, m\u00ebr popull. M\u00eb 30 shtator nuk votohet p\u00ebr VMRO-DPMNE ose p\u00ebr LSDM. P\u00ebr ta do t\u00eb votojm\u00eb n\u00eb zgjedhje t\u00eb tjera. M\u00eb 30 shtator do t\u00eb votojm\u00eb p\u00ebr vete. E n\u00ebse mbetemi shtet jonormal, jeta me siguri nuk do t\u00eb na p\u00ebrmir\u00ebsohet. Ja, edhe raporti i fundit i K\u00ebshillit t\u00eb Evrop\u00ebs tregon se \u00ebsht\u00eb p\u00ebr t\u2019u zhg\u00ebnjyer se si nuk kemi b\u00ebr\u00eb asgj\u00eb n\u00eb lidhje me parandalimin e korrupsionit. P\u00ebr m\u00eb tep\u00ebr q\u00eb b\u00ebhet fjal\u00eb p\u00ebr korrupsionin te deputet\u00ebt, gjykat\u00ebsit dhe prokuror\u00ebt.<\/p>\n<p>K\u00ebshtu q\u00eb n\u00ebse nuk ka sukses referendumi, do t\u00eb mund t\u00eb vazhdojm\u00eb t\u00eb jetojm\u00eb n\u00eb balt\u00ebn e nj\u00ebjt\u00eb, si\u00e7 kemi b\u00ebr\u00eb p\u00ebr 27 vjet. E problemet do t\u2019i zgjidhim si\u00e7 e kemi b\u00ebr\u00eb deri tani. Me mallkime.<\/p>\n<p><span class=\"dropcap color firstcharacter\">5<\/span> K\u00ebndsh\u00ebm u habita kur zbulova se kjo gj\u00eb p\u00ebr t\u00eb cil\u00ebn kam shkruar muajt e fundit, dhe shpesh her\u00eb e kam p\u00ebrmendur q\u00eb nga 1991 e deri m\u00eb tani, paska nj\u00eb p\u00ebrkufizim shkencor.<\/p>\n<p>Neuropsikologu i mir\u00ebnjohur maqedonas, dr. Metodi \u00c7epreganov n\u00eb lajmet e TV 24 dha nj\u00eb p\u00ebrshkrim profesional t\u00eb gjendjes shpirt\u00ebrore t\u00eb shoq\u00ebris\u00eb s\u00eb Maqedonis\u00eb:<\/p>\n<p><em>\u201cN\u00eb qoft\u00eb se dikush \u00ebsht\u00eb kund\u00ebr s\u00eb ardhmes s\u00eb shtetit t\u00eb vet, kemi t\u00eb b\u00ebjm\u00eb me nj\u00eb karakter destruktiv. Un\u00eb shikoj shum\u00eb njer\u00ebz q\u00eb kan\u00eb destruksion t\u00eb madh, nd\u00ebrsa destruksion do t\u00eb thot\u00eb ndryshime n\u00eb karakter. Kurse ndryshimet n\u00eb karakter n\u00ebnkuptojn\u00eb: gjuh\u00eb t\u00eb urrejtjes, var\u00ebsi nga zilia, paranoja, etj\u2026Kjo \u00ebsht\u00eb gj\u00ebja, me t\u00eb cil\u00ebn p\u00ebr fat t\u00eb keq po ushqehet populli maqedonas\u2026Evropa, me nj\u00eb fjali, \u00ebsht\u00eb objektive, reale dhe nuk ka improvizime e as emocione. Ne jemi joreal\u00eb, joobjektiv\u00eb, me shum\u00eb emocione q\u00eb na e ngushtojn\u00eb vet\u00ebdijen dhe mendimin logjik dhe si p\u00ebrfundim, improvizojm\u00eb te gjith\u00e7ka q\u00eb b\u00ebjm\u00eb. \u00c7do gj\u00eb q\u00eb ne b\u00ebjm\u00eb \u00ebsht\u00eb improvizim. Kjo \u00ebsht\u00eb e pashmangshme\u2026Mendoj se diskutimi p\u00ebr referendum nuk duhet b\u00ebr\u00eb. Ky popull vet\u00eb ia pret vetes deg\u00ebn q\u00eb e ndihmon q\u00eb t\u00eb shkoj\u00eb para. Neve na duhet n<\/em><em>\u0458<\/em><em>\u00eb flet\u00eb pron\u00ebsie, por nuk e kemi\u201d. <\/em><\/p>\n<p>Ashtu q\u00eb, edhe po mos t\u00eb hym\u00eb n\u00eb NATO, NATO-s mund t\u2019ia shesim nj\u00eb helm t\u00eb ri lufte \u2013 mallkimin maqedonas.<\/p>\n<p>Ja na thoni cili shtet tjet\u00ebr n\u00eb NATO ka privilegjin t\u00eb ket\u00eb nj\u00eb fjal\u00eb t\u00eb urt\u00eb si kjo: \u201cShum\u00eb mir\u00eb nuk \u00ebsht\u00eb mir\u00eb\u201d. Vet\u00ebm nj\u00eb popull q\u00eb ndjen k\u00ebnaq\u00ebsi n\u00eb t\u00eb qen\u00ebt keq, duke theksuar se t\u00eb gjith\u00eb t\u00eb tjer\u00ebt ia kan\u00eb fajin p\u00ebr k\u00ebt\u00eb.<\/p>\n<p><em>P\u00ebrktheu: Fjolla Zllatku <\/em><\/p>\n<p>&nbsp;<\/p>\n<p>&nbsp;<\/p>\n<p>&nbsp;<\/p>\n<p>&nbsp;<\/p>\n\n<div style=\"font-size: 0px; height: 0px; line-height: 0px; margin: 0; padding: 0; clear: both;\"><\/div>","protected":false},"excerpt":{"rendered":"<p>Me \u00e7\u2019mendim zgjohen pushtetar\u00ebt \u00e7do m\u00ebngjes? Dhe kur them pushtetar\u00eb n\u00ebnkuptoj t\u00eb gjith\u00eb \u2013 nga deputet\u00ebt e shumic\u00ebs, e deri [&hellip;]<\/p>\n","protected":false},"author":1,"featured_media":184,"comment_status":"closed","ping_status":"closed","sticky":false,"template":"","format":"standard","meta":{"_mo_disable_npp":"","inline_featured_image":false},"categories":[1825],"tags":[],"imageURL":"https:\/\/sdk.mk\/wp-content\/uploads\/2015\/12\/goran-mihailovski2.jpg","thumbURL":"https:\/\/sdk.mk\/wp-content\/uploads\/2015\/12\/goran-mihailovski2-250x196.jpg","categoryNames":["DUA T\u00cb THEM"],"feature_caption":"","subtitle":"Do t\u00eb kishte shkuar fort mir\u00eb me frym\u00ebn e tradit\u00ebs maqedonase n\u00ebse m\u00eb 30 shtator vendosim q\u00eb t\u00eb gjuajm\u00eb n\u00eb kok\u00eb, p\u00ebr inat t\u00eb pushtetar\u00ebve q\u00eb gjuajn\u00eb n\u00eb k\u00ebmb\u00eb.","views":"4417","source":"","yoast_head":"<!-- This site is optimized with the Yoast SEO Premium plugin v15.0 - https:\/\/yoast.com\/wordpress\/plugins\/seo\/ -->\n<title>MALLKIM MAQEDONAS - \u0421\u0430\u043a\u0430\u043c \u0414\u0430 \u041a\u0430\u0436\u0430\u043c<\/title>\n<meta name=\"robots\" content=\"index, follow, max-snippet:-1, max-image-preview:large, max-video-preview:-1\" \/>\n<link rel=\"canonical\" href=\"https:\/\/sdk.mk\/index.php\/dua-te-them\/mallkim-maqedonas\/\" \/>\n<meta property=\"og:locale\" content=\"mk_MK\" \/>\n<meta property=\"og:type\" content=\"article\" \/>\n<meta property=\"og:title\" content=\"MALLKIM MAQEDONAS - \u0421\u0430\u043a\u0430\u043c \u0414\u0430 \u041a\u0430\u0436\u0430\u043c\" \/>\n<meta property=\"og:description\" content=\"Me \u00e7\u2019mendim zgjohen pushtetar\u00ebt \u00e7do m\u00ebngjes? Dhe kur them pushtetar\u00eb n\u00ebnkuptoj t\u00eb gjith\u00eb \u2013 nga deputet\u00ebt e shumic\u00ebs, e deri [&hellip;]\" \/>\n<meta property=\"og:url\" content=\"https:\/\/sdk.mk\/index.php\/dua-te-them\/mallkim-maqedonas\/\" \/>\n<meta property=\"og:site_name\" content=\"\u0421\u0430\u043a\u0430\u043c \u0414\u0430 \u041a\u0430\u0436\u0430\u043c\" \/>\n<meta property=\"article:published_time\" content=\"2018-08-11T14:54:08+00:00\" \/>\n<meta property=\"og:image\" content=\"https:\/\/sdk.mk\/wp-content\/uploads\/2015\/12\/goran-mihailovski2.jpg\" \/>\n\t<meta property=\"og:image:width\" content=\"400\" \/>\n\t<meta property=\"og:image:height\" content=\"313\" \/>\n<meta property=\"fb:app_id\" content=\"2407985809428537\" \/>\n<meta name=\"twitter:card\" content=\"summary\" \/>\n<script type=\"application\/ld+json\" class=\"yoast-schema-graph\">{\"@context\":\"https:\/\/schema.org\",\"@graph\":[{\"@type\":\"WebSite\",\"@id\":\"https:\/\/sdk.mk\/#website\",\"url\":\"https:\/\/sdk.mk\/\",\"name\":\"\\u0421\\u0430\\u043a\\u0430\\u043c \\u0414\\u0430 \\u041a\\u0430\\u0436\\u0430\\u043c\",\"description\":\"\\u0417\\u0430 \\u0441\\u043b\\u043e\\u0431\\u043e\\u0434\\u043e\\u0443\\u043c\\u043d\\u0438\",\"potentialAction\":[{\"@type\":\"SearchAction\",\"target\":\"https:\/\/sdk.mk\/?s={search_term_string}\",\"query-input\":\"required name=search_term_string\"}],\"inLanguage\":\"mk-MK\"},{\"@type\":\"ImageObject\",\"@id\":\"https:\/\/sdk.mk\/index.php\/dua-te-them\/mallkim-maqedonas\/#primaryimage\",\"inLanguage\":\"mk-MK\",\"url\":\"https:\/\/sdk.mk\/wp-content\/uploads\/2015\/12\/goran-mihailovski2.jpg\",\"width\":400,\"height\":313},{\"@type\":\"WebPage\",\"@id\":\"https:\/\/sdk.mk\/index.php\/dua-te-them\/mallkim-maqedonas\/#webpage\",\"url\":\"https:\/\/sdk.mk\/index.php\/dua-te-them\/mallkim-maqedonas\/\",\"name\":\"MALLKIM MAQEDONAS - \\u0421\\u0430\\u043a\\u0430\\u043c \\u0414\\u0430 \\u041a\\u0430\\u0436\\u0430\\u043c\",\"isPartOf\":{\"@id\":\"https:\/\/sdk.mk\/#website\"},\"primaryImageOfPage\":{\"@id\":\"https:\/\/sdk.mk\/index.php\/dua-te-them\/mallkim-maqedonas\/#primaryimage\"},\"datePublished\":\"2018-08-11T14:54:08+00:00\",\"dateModified\":\"2018-08-11T14:54:08+00:00\",\"author\":{\"@id\":\"https:\/\/sdk.mk\/#\/schema\/person\/be7cfa6655c47f7195bfdd0ba8144aa2\"},\"inLanguage\":\"mk-MK\",\"potentialAction\":[{\"@type\":\"ReadAction\",\"target\":[\"https:\/\/sdk.mk\/index.php\/dua-te-them\/mallkim-maqedonas\/\"]}]},{\"@type\":\"Person\",\"@id\":\"https:\/\/sdk.mk\/#\/schema\/person\/be7cfa6655c47f7195bfdd0ba8144aa2\",\"name\":\"\\u0413\\u043e\\u0440\\u0430\\u043d \\u041c\\u0438\\u0445\\u0430\\u0458\\u043b\\u043e\\u0432\\u0441\\u043a\\u0438\"}]}<\/script>\n<!-- \/ Yoast SEO Premium plugin. -->","_links":{"self":[{"href":"https:\/\/sdk.mk\/index.php\/wp-json\/wp\/v2\/posts\/65307"}],"collection":[{"href":"https:\/\/sdk.mk\/index.php\/wp-json\/wp\/v2\/posts"}],"about":[{"href":"https:\/\/sdk.mk\/index.php\/wp-json\/wp\/v2\/types\/post"}],"author":[{"embeddable":true,"href":"https:\/\/sdk.mk\/index.php\/wp-json\/wp\/v2\/users\/1"}],"replies":[{"embeddable":true,"href":"https:\/\/sdk.mk\/index.php\/wp-json\/wp\/v2\/comments?post=65307"}],"version-history":[{"count":0,"href":"https:\/\/sdk.mk\/index.php\/wp-json\/wp\/v2\/posts\/65307\/revisions"}],"wp:featuredmedia":[{"embeddable":true,"href":"https:\/\/sdk.mk\/index.php\/wp-json\/wp\/v2\/media\/184"}],"wp:attachment":[{"href":"https:\/\/sdk.mk\/index.php\/wp-json\/wp\/v2\/media?parent=65307"}],"wp:term":[{"taxonomy":"category","embeddable":true,"href":"https:\/\/sdk.mk\/index.php\/wp-json\/wp\/v2\/categories?post=65307"},{"taxonomy":"post_tag","embeddable":true,"href":"https:\/\/sdk.mk\/index.php\/wp-json\/wp\/v2\/tags?post=65307"}],"curies":[{"name":"wp","href":"https:\/\/api.w.org\/{rel}","templated":true}]}}