{"id":65390,"date":"2018-08-13T11:26:05","date_gmt":"2018-08-13T09:26:05","guid":{"rendered":"https:\/\/sdk.mk\/?p=65390"},"modified":"2018-08-13T11:26:05","modified_gmt":"2018-08-13T09:26:05","slug":"vendet-zgjedhore-per-referendumin-te-padisponueshme-per-njerezit-pengesa-fizike","status":"publish","type":"post","link":"https:\/\/sdk.mk\/index.php\/histori-te-parrefyera\/vendet-zgjedhore-per-referendumin-te-padisponueshme-per-njerezit-pengesa-fizike\/","title":{"rendered":"VENDET ZGJEDHORE P\u00cbR REFERENDUMIN T\u00cb PADISPONUESHME P\u00cbR NJER\u00cbZIT ME PENGESA FIZIKE"},"content":{"rendered":"<div class=\"f52428582a4b906b2d2e2a7d733c7d27\" data-index=\"7\" style=\"float: none; margin:10px 0 10px 0; text-align:center;\">\n<!-- MSP Ads Asynchronous JS Tag - Generated with Revive Adserver v5.4.1 -->\r\n<ins data-revive-zoneid=\"167\" data-revive-id=\"060fdb01f6430ec164d3519234aa4967\"><\/ins>\r\n<script async src=\"\/\/panel.ads.com.mk\/www\/delivery\/asyncjs.php\"><\/script>\n<\/div>\n<p>Personat me pengesa n\u00eb zhvillimin fizik edhe n\u00eb referendumin m\u00eb 30 shtator do t\u00eb jen\u00eb t\u00eb diskriminuar n\u00eb raport me qasjen te vendet zgjedhore, pasi shumica e vendeve zgjedhore nuk jan\u00eb t\u00eb pajisura p\u00ebr invalid\u00eb fizik\u00eb, nd\u00ebrsa t\u00eb tjera jan\u00eb t\u00eb pajisura vet\u00ebm pjes\u00ebrisht.<\/p>\n<p>Kjo gj\u00eb u demonstrua nga hetimi n\u00eb terren i 79 vendeve zgjedhore nga aspekti i qasjes s\u00eb personave me pengesa fizike, t\u00eb zbatuar vjet nga korriku deri n\u00eb shtator nga Komisioni shtet\u00ebror i zgjedhjeve, n\u00eb bashk\u00ebpunim me Ministrin\u00eb p\u00ebr pun\u00eb dhe politik\u00eb sociale, qendrat p\u00ebr pun\u00eb sociale, shoqatat e qytetar\u00ebve si dhe me mb\u00ebshtetjen e misionit t\u00eb OSBE-s\u00eb n\u00eb Shkupi dhe Fondacionit nd\u00ebrkomb\u00ebtar.<\/p>\n<p>Vjet u konfirmua se me an\u00eb t\u00eb k\u00ebtij veprimi po diskriminohen personat me pengesa fizike, kurse Avokati i popullit u k\u00ebrkoi institucioneve q\u00eb t\u2019i rregullojn\u00eb problematikat lidhur me k\u00ebt\u00eb \u00e7\u00ebshtje.<\/p>\n<p>Nj\u00eb vit m\u00eb von\u00eb, gjendja n\u00eb terren \u00ebsht\u00eb pothuajse e pandryshuar, thon\u00eb nga shoqatat e personave me pengesa, nd\u00ebrsa kjo \u00ebsht\u00eb theksuar edhe n\u00eb raportin e komitetit t\u00eb Helsinkit p\u00ebr vitin 2017.<\/p>\n<p>Jan\u00eb diskriminuar edhe personat e verb\u00ebr dhe ata me d\u00ebmtime n\u00eb shikim, edhe pse vjet n\u00eb zgjedhjet lokale, KSHZ printoi flet\u00eb votimi me alfabetin e Brajlit. Kjo mas\u00eb sipas shoqatave t\u00eb personave me pengesa, ishte e pap\u00ebrshtatshme pasi nj\u00eb num\u00ebr i madh i personave t\u00eb verb\u00ebr nuk e njohin alfabetin e Brajlit.<\/p>\n<p>\u201cFatkeq\u00ebsisht gjendja mbetet e pandryshuar, nd\u00ebrsa koha deri n\u00eb referendum \u00ebsht\u00eb tejet e shkurt\u00ebr q\u00eb t\u00eb mund t\u00eb ndryshohet di\u00e7ka rr\u00ebnj\u00ebsisht n\u00eb m\u00ebnyr\u00eb q\u00eb t\u2019u ndihmohet invalid\u00ebve fizik\u00eb t\u00eb realizojn\u00eb t\u00eb drejt\u00ebn e tyre t\u00eb vot\u00ebs. Problemi mbetet edhe p\u00ebr personat e verb\u00ebr. Nga nj\u00ebra an\u00eb kjo mas\u00eb nuk dha rezultat t\u00eb madh dhe ndoshta duhet t\u00eb konsiderohet n\u00eb nj\u00eb m\u00ebnyr\u00eb tjet\u00ebr q\u00eb ky problem t\u00eb zgjidhet. Por, sigurisht, mbetet pyetja se pse shteti nuk u ka siguruar k\u00ebtyre personave shkollimin e duhur dhe alfabetin e Brajlit\u201d, thot\u00eb Elena Ko\u00e7oska, udh\u00ebheq\u00ebse e programit t\u00eb l\u00ebvizjes kund\u00ebr hendikepit \u201cPolio Plus\u201d.<\/p>\n<p>Nga Komisioni shtet\u00ebror i zgjedhjeve pranojn\u00eb se gjendja n\u00eb terren \u00ebsht\u00eb e pandryshuar dhe shtojn\u00eb se edhe p\u00ebr referendumin nuk do t\u00eb mund t\u00eb b\u00ebhet asgj\u00eb p\u00ebr t\u2019i hequr barrierat e personave me hendikep fizik. P\u00ebrb\u00ebrja e re e Komisionit shtet\u00ebror t\u00eb zgjedhjeve n\u00eb seanc\u00ebn e tyre t\u00eb par\u00eb jav\u00ebn e kaluar adoptoi nj\u00eb rregullore p\u00ebr pun\u00eb, sipas s\u00eb cil\u00ebs personave me pengesa u duhet leht\u00ebsuar qasja te vendet e votimit.<\/p>\n<p>\u201cSipas rregullores s\u00eb adoptuar nga KSHZ, kur personi me penges\u00eb fizike vjen p\u00ebr t\u00eb votuar, leht\u00ebsimi duhet t\u2019i sigurohet edhe nga komisioni zgjedhor i komun\u00ebs, pasi lista zgjedhore dhe materialet zgjedhore nuk mund t\u00eb zhvendosen jasht\u00eb vend votimit. Kjo n\u00ebnkupton q\u00eb t\u00eb ndihmojn\u00eb personin fizikisht t\u00eb mund t\u00eb shkoj\u00eb deri te vendi i votimit\u201d, thot\u00eb Ljupka Gugu\u00e7evska, z\u00ebdh\u00ebn\u00ebse e KSHZ.<\/p>\n<p>Procedura e tenderit p\u00ebr p\u00ebrzgjedhje t\u00eb firm\u00ebs q\u00eb do t\u00eb printoj\u00eb flet\u00ebt e votimit p\u00ebr referendumit akoma nuk ka filluar, por nga KSHZ thon\u00eb se edhe k\u00ebsaj here do t\u00eb ket\u00eb flet\u00eb votimi me alfabetin e Brajlit p\u00ebr personat e verb\u00ebr dhe ata me d\u00ebmtime n\u00eb shikim.<\/p>\n<p>P\u00ebrderisa personat me pengesa nuk mund t\u00eb shkojn\u00eb n\u00eb vend votim, mund t\u00eb paraqiten te komisionet komunale zgjedhore si personat e tjer\u00eb q\u00eb jan\u00eb n\u00eb gjendje t\u00eb s\u00ebmur\u00eb apo n\u00eb pamund\u00ebsi p\u00ebr t\u00eb shkuar shtat\u00eb dit\u00eb para referendumit, n\u00eb m\u00ebnyr\u00eb q\u00eb t\u00eb mund ta realizojn\u00eb t\u00eb drejt\u00ebn e tyre t\u00eb vot\u00ebs n\u00eb sht\u00ebpi. Sipas shoqatave p\u00ebr personat me pengesa ky \u00ebsht\u00eb nj\u00eb lloj tjet\u00ebr diskriminimi, pasi jo t\u00eb gjith\u00eb personat me pengesa jan\u00eb t\u00eb s\u00ebmur\u00eb apo t\u00eb pafuqish\u00ebm.<\/p>\n<p>\u201cNj\u00ebkoh\u00ebsisht mbetet e hapur \u00e7\u00ebshtja se \u00e7far\u00eb do t\u00eb b\u00ebhet me personat t\u00eb cil\u00ebt n\u00eb momentin e votimit gjenden n\u00eb spital, n\u00eb ndonj\u00eb banj\u00eb apo jan\u00eb vendosur n\u00eb ndonj\u00eb nga institucionet sociale. Ata nuk mund t\u00eb votojn\u00eb fare. Nevojiten ndryshime ligjore q\u00eb t\u00eb mund t\u00eb respektohen dispozitat e Konvent\u00ebs p\u00ebr mbrojtje t\u00eb t\u00eb drejtave dhe dinjitetit t\u00eb personave me pengesa, t\u00eb cil\u00ebn e ka n\u00ebnshkruar edhe Maqedonia. P\u00ebr momentin nuk mund t\u00eb b\u00ebhet asgj\u00eb dhe ne si shoqat\u00eb jemi fokusuar q\u00eb pas refrendumit t\u00eb merren masat e duhura q\u00eb t\u00eb mundet t\u00eb pakt\u00ebn p\u00ebr zgjedhjet e ardhshme presidenciale t\u00eb b\u00ebhen ndryshime rr\u00ebnj\u00ebsore p\u00ebr k\u00ebt\u00eb tem\u00eb\u201d, thot\u00eb Ko\u00e7oska nga \u201cPolio Plus\u201d.<\/p>\n<p>Nga KSHZ thon\u00eb se p\u00ebr fat t\u00eb keq, sipas dispozitave t\u00eb Rregullore zgjedhore, nuk \u00ebsht\u00eb parashikuar votim n\u00ebp\u00ebr spitale dhe azile dhe se edhe po t\u00eb kishte nj\u00eb mund\u00ebsi t\u00eb till\u00eb ligjore, v\u00ebshtir\u00eb se do t\u00eb realizohej, pasi listat zgjedhore dhe se kush ku do t\u00eb votoj\u00eb mbyllen 20 dit\u00eb para votimit.<\/p>\n<p>\u201cN\u00eb raste t\u00eb k\u00ebtilla nuk mund t\u00eb parashikohet n\u00ebse ndonj\u00eb person n\u00eb dit\u00ebn e votimit do t\u00eb jet\u00eb n\u00eb k\u00ebto institucione apo jo, dhe n\u00ebse do t\u00eb ket\u00eb persona t\u00eb rinj q\u00eb do t\u00eb p\u00ebrdorin sh\u00ebrbimet e k\u00ebtyre institucioneve\u201d, thot\u00eb Gugu\u00e7evska.<\/p>\n<p>KSHZ t\u00eb enjten do t\u00eb publikoj\u00eb n\u00eb faqen e internetit versionin m\u00eb t\u00eb ri t\u00eb list\u00ebs zgjedhore i cili do t\u00eb jet\u00eb i hapur p\u00ebr publikun deri m\u00eb dat\u00ebn 23.<\/p>\n<p>\u201cT\u00eb gjith\u00eb ata q\u00eb do t\u00eb shohin gabime te t\u00eb dh\u00ebnat e tyre apo te ndonj\u00eb an\u00ebtar i familjes deri n\u00eb dat\u00ebn 23 do t\u00eb mund t\u00eb dor\u00ebzojn\u00eb k\u00ebrkes\u00eb p\u00ebr ta rregulluar\u201d, thot\u00eb Gugu\u00e7evska.<\/p>\n<p><strong><em>E. BO\u00c7VAROVSKA<\/em><\/strong><\/p>\n\n<div style=\"font-size: 0px; height: 0px; line-height: 0px; margin: 0; padding: 0; clear: both;\"><\/div>","protected":false},"excerpt":{"rendered":"<p>Personat me pengesa n\u00eb zhvillimin fizik edhe n\u00eb referendumin m\u00eb 30 shtator do t\u00eb jen\u00eb t\u00eb diskriminuar n\u00eb raport me [&hellip;]<\/p>\n","protected":false},"author":25,"featured_media":43041,"comment_status":"closed","ping_status":"closed","sticky":false,"template":"","format":"standard","meta":{"_mo_disable_npp":"","inline_featured_image":false},"categories":[3085],"tags":[],"imageURL":"https:\/\/sdk.mk\/wp-content\/uploads\/2017\/10\/lokalni-izbori-2017-650x389.jpg","thumbURL":"https:\/\/sdk.mk\/wp-content\/uploads\/2017\/10\/lokalni-izbori-2017-250x149.jpg","categoryNames":["Histori t\u00eb parr\u00ebfyera"],"feature_caption":"Sipas rregullores t\u00eb adoptuar nga KSHZ, kur nj\u00eb preson me penges\u00eb fizike shkon p\u00ebr t\u00eb votuar, k\u00ebshillet zgjedhore dhe komisioni komunal zgjedhor duhet t\u2019ia leht\u00ebsojn\u00eb dhe t\u2019i mund\u00ebsojn\u00eb personit t\u00eb shkoj\u00eb deri te vendi zgjedhor, pasi mund\u00ebsia p\u00ebr ta zhvendosur list\u00ebn zgjedhore dhe materialet zgjedhore nuk ekziston \u2013 Vend votim n\u00eb Shkup (Foto: SDK.MK)","subtitle":"","views":"4343","source":"Shkup, (SAKAMDAKAZAM)","yoast_head":"<!-- This site is optimized with the Yoast SEO Premium plugin v15.0 - https:\/\/yoast.com\/wordpress\/plugins\/seo\/ -->\n<title>VENDET ZGJEDHORE P\u00cbR REFERENDUMIN T\u00cb PADISPONUESHME P\u00cbR NJER\u00cbZIT ME PENGESA FIZIKE - \u0421\u0430\u043a\u0430\u043c \u0414\u0430 \u041a\u0430\u0436\u0430\u043c<\/title>\n<meta name=\"robots\" content=\"index, follow, max-snippet:-1, max-image-preview:large, max-video-preview:-1\" \/>\n<link rel=\"canonical\" href=\"https:\/\/sdk.mk\/index.php\/histori-te-parrefyera\/vendet-zgjedhore-per-referendumin-te-padisponueshme-per-njerezit-pengesa-fizike\/\" \/>\n<meta property=\"og:locale\" content=\"mk_MK\" \/>\n<meta property=\"og:type\" content=\"article\" \/>\n<meta property=\"og:title\" content=\"VENDET ZGJEDHORE P\u00cbR REFERENDUMIN T\u00cb PADISPONUESHME P\u00cbR NJER\u00cbZIT ME PENGESA FIZIKE - \u0421\u0430\u043a\u0430\u043c \u0414\u0430 \u041a\u0430\u0436\u0430\u043c\" \/>\n<meta property=\"og:description\" content=\"Personat me pengesa n\u00eb zhvillimin fizik edhe n\u00eb referendumin m\u00eb 30 shtator do t\u00eb jen\u00eb t\u00eb diskriminuar n\u00eb raport me [&hellip;]\" \/>\n<meta property=\"og:url\" content=\"https:\/\/sdk.mk\/index.php\/histori-te-parrefyera\/vendet-zgjedhore-per-referendumin-te-padisponueshme-per-njerezit-pengesa-fizike\/\" \/>\n<meta property=\"og:site_name\" content=\"\u0421\u0430\u043a\u0430\u043c \u0414\u0430 \u041a\u0430\u0436\u0430\u043c\" \/>\n<meta property=\"article:published_time\" content=\"2018-08-13T09:26:05+00:00\" \/>\n<meta property=\"og:image\" content=\"https:\/\/sdk.mk\/wp-content\/uploads\/2017\/10\/lokalni-izbori-2017.jpg\" \/>\n\t<meta property=\"og:image:width\" content=\"803\" \/>\n\t<meta property=\"og:image:height\" content=\"480\" \/>\n<meta property=\"fb:app_id\" content=\"2407985809428537\" \/>\n<meta name=\"twitter:card\" content=\"summary\" \/>\n<script type=\"application\/ld+json\" class=\"yoast-schema-graph\">{\"@context\":\"https:\/\/schema.org\",\"@graph\":[{\"@type\":\"WebSite\",\"@id\":\"https:\/\/sdk.mk\/#website\",\"url\":\"https:\/\/sdk.mk\/\",\"name\":\"\\u0421\\u0430\\u043a\\u0430\\u043c \\u0414\\u0430 \\u041a\\u0430\\u0436\\u0430\\u043c\",\"description\":\"\\u0417\\u0430 \\u0441\\u043b\\u043e\\u0431\\u043e\\u0434\\u043e\\u0443\\u043c\\u043d\\u0438\",\"potentialAction\":[{\"@type\":\"SearchAction\",\"target\":\"https:\/\/sdk.mk\/?s={search_term_string}\",\"query-input\":\"required name=search_term_string\"}],\"inLanguage\":\"mk-MK\"},{\"@type\":\"ImageObject\",\"@id\":\"https:\/\/sdk.mk\/index.php\/histori-te-parrefyera\/vendet-zgjedhore-per-referendumin-te-padisponueshme-per-njerezit-pengesa-fizike\/#primaryimage\",\"inLanguage\":\"mk-MK\",\"url\":\"https:\/\/sdk.mk\/wp-content\/uploads\/2017\/10\/lokalni-izbori-2017.jpg\",\"width\":803,\"height\":480},{\"@type\":\"WebPage\",\"@id\":\"https:\/\/sdk.mk\/index.php\/histori-te-parrefyera\/vendet-zgjedhore-per-referendumin-te-padisponueshme-per-njerezit-pengesa-fizike\/#webpage\",\"url\":\"https:\/\/sdk.mk\/index.php\/histori-te-parrefyera\/vendet-zgjedhore-per-referendumin-te-padisponueshme-per-njerezit-pengesa-fizike\/\",\"name\":\"VENDET ZGJEDHORE P\\u00cbR REFERENDUMIN T\\u00cb PADISPONUESHME P\\u00cbR NJER\\u00cbZIT ME PENGESA FIZIKE - \\u0421\\u0430\\u043a\\u0430\\u043c \\u0414\\u0430 \\u041a\\u0430\\u0436\\u0430\\u043c\",\"isPartOf\":{\"@id\":\"https:\/\/sdk.mk\/#website\"},\"primaryImageOfPage\":{\"@id\":\"https:\/\/sdk.mk\/index.php\/histori-te-parrefyera\/vendet-zgjedhore-per-referendumin-te-padisponueshme-per-njerezit-pengesa-fizike\/#primaryimage\"},\"datePublished\":\"2018-08-13T09:26:05+00:00\",\"dateModified\":\"2018-08-13T09:26:05+00:00\",\"author\":{\"@id\":\"https:\/\/sdk.mk\/#\/schema\/person\/737021aeacbe893f7e2c347186c5c7a1\"},\"inLanguage\":\"mk-MK\",\"potentialAction\":[{\"@type\":\"ReadAction\",\"target\":[\"https:\/\/sdk.mk\/index.php\/histori-te-parrefyera\/vendet-zgjedhore-per-referendumin-te-padisponueshme-per-njerezit-pengesa-fizike\/\"]}]},{\"@type\":\"Person\",\"@id\":\"https:\/\/sdk.mk\/#\/schema\/person\/737021aeacbe893f7e2c347186c5c7a1\",\"name\":\"\\u0424\\u0458\\u043e\\u043b\\u0430 \\u0417\\u043b\\u0430\\u0442\\u043a\\u0443\"}]}<\/script>\n<!-- \/ Yoast SEO Premium plugin. -->","_links":{"self":[{"href":"https:\/\/sdk.mk\/index.php\/wp-json\/wp\/v2\/posts\/65390"}],"collection":[{"href":"https:\/\/sdk.mk\/index.php\/wp-json\/wp\/v2\/posts"}],"about":[{"href":"https:\/\/sdk.mk\/index.php\/wp-json\/wp\/v2\/types\/post"}],"author":[{"embeddable":true,"href":"https:\/\/sdk.mk\/index.php\/wp-json\/wp\/v2\/users\/25"}],"replies":[{"embeddable":true,"href":"https:\/\/sdk.mk\/index.php\/wp-json\/wp\/v2\/comments?post=65390"}],"version-history":[{"count":0,"href":"https:\/\/sdk.mk\/index.php\/wp-json\/wp\/v2\/posts\/65390\/revisions"}],"wp:featuredmedia":[{"embeddable":true,"href":"https:\/\/sdk.mk\/index.php\/wp-json\/wp\/v2\/media\/43041"}],"wp:attachment":[{"href":"https:\/\/sdk.mk\/index.php\/wp-json\/wp\/v2\/media?parent=65390"}],"wp:term":[{"taxonomy":"category","embeddable":true,"href":"https:\/\/sdk.mk\/index.php\/wp-json\/wp\/v2\/categories?post=65390"},{"taxonomy":"post_tag","embeddable":true,"href":"https:\/\/sdk.mk\/index.php\/wp-json\/wp\/v2\/tags?post=65390"}],"curies":[{"name":"wp","href":"https:\/\/api.w.org\/{rel}","templated":true}]}}