{"id":65394,"date":"2018-08-13T11:33:37","date_gmt":"2018-08-13T09:33:37","guid":{"rendered":"https:\/\/sdk.mk\/?p=65394"},"modified":"2018-08-13T11:33:37","modified_gmt":"2018-08-13T09:33:37","slug":"jeta-jone-tani-eshte-lufte-per-jeten-e-tij-thone-nena-dhe-bija-e-familjes-coneski-nga-krusheva-qe-strehuan-nje-djale-te-semure","status":"publish","type":"post","link":"https:\/\/sdk.mk\/index.php\/histori-te-parrefyera\/jeta-jone-tani-eshte-lufte-per-jeten-e-tij-thone-nena-dhe-bija-e-familjes-coneski-nga-krusheva-qe-strehuan-nje-djale-te-semure\/","title":{"rendered":"JETA JON\u00cb TANI \u00cbSHT\u00cb LUFT\u00cb P\u00cbR JET\u00cbN E TIJ, THON\u00cb N\u00cbNA DHE BIJA E FAMILJES \u00c7ONESKI NGA KRUSHEVA Q\u00cb STREHUAN NJ\u00cb DJAL\u00cb T\u00cb S\u00cbMUR\u00cb"},"content":{"rendered":"<div class=\"f52428582a4b906b2d2e2a7d733c7d27\" data-index=\"7\" style=\"float: none; margin:10px 0 10px 0; text-align:center;\">\n<!-- MSP Ads Asynchronous JS Tag - Generated with Revive Adserver v5.4.1 -->\r\n<ins data-revive-zoneid=\"167\" data-revive-id=\"060fdb01f6430ec164d3519234aa4967\"><\/ins>\r\n<script async src=\"\/\/panel.ads.com.mk\/www\/delivery\/asyncjs.php\"><\/script>\n<\/div>\n<p>Kaliopa \u00c7oneska nga Krusheva m\u00ebsoi si t\u2019i jap\u00eb dializ\u00eb djalit t\u00eb s\u00ebmur\u00eb 13 vje\u00e7ar t\u00eb strehuar n\u00eb sht\u00ebpin\u00eb e saj, q\u00eb prej gjasht\u00eb vjet\u00ebsh. Djali at\u00ebher\u00eb ishte i vog\u00ebl, por dhimbjet q\u00eb i duhej t\u00eb duronte ishin t\u00eb m\u00ebdha. I lindur me d\u00ebmtime serioze t\u00eb shtyll\u00ebs kurrizore, ai ishte i pal\u00ebvizsh\u00ebm, nuk fliste, kishte hematoma n\u00eb kok\u00eb dhe veshkat i kishte me funksion t\u00eb r\u00ebnduar. Por Kaliopa, pavar\u00ebsisht gjendjes s\u00eb tij serioze vendosi t\u00eb kujdeset p\u00ebr t\u00eb, edhe pse n\u00eb sht\u00ebpi tashm\u00eb ka pasur dy vajza biologjike dhe dy t\u00eb tjera t\u00eb strehuara \u2013 motra nga Velesi.<\/p>\n<p>\u201cKishte dy operacione n\u00eb k\u00ebmb\u00eb. Sot \u00ebsht\u00eb m\u00eb mir\u00eb me t\u00eb l\u00ebvizurit, p\u00ebrdor nj\u00eb mjet ndihmues. Kemi kryer operacion n\u00eb kok\u00eb, nj\u00eb operacion shum\u00eb t\u00eb v\u00ebshtir\u00eb q\u00eb zgjati tet\u00eb or\u00eb. Fal\u00ebnderojm\u00eb shum\u00eb doktorin Mitre Mitreski, neurokirurg nga Ohri, i cili e operoi aq mir\u00eb, sa djali tani nuk ka asnj\u00eb pasoj\u00eb nga operacioni. Doktori tha se djali mund t\u00eb filloj\u00eb t\u00eb shkoj\u00eb rregullisht n\u00eb shkoll\u00eb. M\u00eb von\u00eb u paraqit\u00ebn probleme t\u00eb tjera sh\u00ebndet\u00ebsore, takikardi, shtypje e lart\u00eb, p\u00ebrkeq\u00ebsim i funksionit t\u00eb veshkave. E mbajt\u00ebn p\u00ebr gjasht\u00eb vjet me kateter\u00eb. \u00a0Ngriheshim n\u00eb mbr\u00ebmje p\u00ebr t\u2019ia nd\u00ebrruar. Nuk mori ndonj\u00eb infeskion\u201d, tregonte Kaliopa.<\/p>\n<div id=\"attachment_64416\" style=\"width: 179px\" class=\"wp-caption alignright\"><a href=\"https:\/\/sdk.mk\/wp-content\/uploads\/2018\/07\/skuter-za-bolnoto-13-godishno-momche-nabaven-od-drzhavata-e1532526293117.jpg\"><img aria-describedby=\"caption-attachment-64416\" loading=\"lazy\" class=\"size-medium wp-image-64416\" src=\"https:\/\/sdk.mk\/wp-content\/uploads\/2018\/07\/skuter-za-bolnoto-13-godishno-momche-nabaven-od-drzhavata-e1532526293117-400x711.jpg\" alt=\"\" width=\"169\" height=\"300\" srcset=\"https:\/\/sdk.mk\/wp-content\/uploads\/2018\/07\/skuter-za-bolnoto-13-godishno-momche-nabaven-od-drzhavata-e1532526293117-400x711.jpg 400w, https:\/\/sdk.mk\/wp-content\/uploads\/2018\/07\/skuter-za-bolnoto-13-godishno-momche-nabaven-od-drzhavata-e1532526293117-250x444.jpg 250w, https:\/\/sdk.mk\/wp-content\/uploads\/2018\/07\/skuter-za-bolnoto-13-godishno-momche-nabaven-od-drzhavata-e1532526293117-768x1365.jpg 768w, https:\/\/sdk.mk\/wp-content\/uploads\/2018\/07\/skuter-za-bolnoto-13-godishno-momche-nabaven-od-drzhavata-e1532526293117-650x1156.jpg 650w, https:\/\/sdk.mk\/wp-content\/uploads\/2018\/07\/skuter-za-bolnoto-13-godishno-momche-nabaven-od-drzhavata-e1532526293117-150x267.jpg 150w, https:\/\/sdk.mk\/wp-content\/uploads\/2018\/07\/skuter-za-bolnoto-13-godishno-momche-nabaven-od-drzhavata-e1532526293117-800x1422.jpg 800w, https:\/\/sdk.mk\/wp-content\/uploads\/2018\/07\/skuter-za-bolnoto-13-godishno-momche-nabaven-od-drzhavata-e1532526293117.jpg 1152w\" sizes=\"(max-width: 169px) 100vw, 169px\" \/><\/a><p id=\"caption-attachment-64416\" class=\"wp-caption-text\"><em>\u00a0\u201cN\u00ebse gjat\u00eb dit\u00ebs nuk do t\u2019i kisha detyrimet rreth tij, nuk e di se si do ta kaloja dit\u00ebn. Ai \u00ebsht\u00eb shum\u00eb mir\u00ebnjoh\u00ebs. Kur e pyes n\u00ebse d\u00ebshiron t\u00eb dalim p\u00ebr nj\u00eb sh\u00ebtitje, meq\u00eb l\u00ebviz me mjet ndihmues, m\u00eb p\u00ebrgjigjet \u201cn\u00ebse nuk e ke problem\u2019. E duam si t\u00eb ishte f\u00ebmija yn\u00eb\u201d, thot\u00eb Kaliopa<\/em>.<\/p><\/div>\n<p>P\u00ebr p\u00ebrkujdesjen e djalit, Kaliop\u00ebs i ndihmojn\u00eb edhe vajzat Ruzhica dhe Fan\u00e7e, t\u00eb cilat u rrit\u00ebn pran\u00eb f\u00ebmij\u00ebve t\u00eb strehuar n\u00eb sht\u00ebpin\u00eb e prind\u00ebrve. Ruzhica para shtat\u00eb vjet\u00ebve mori n\u00ebn kujdestari nj\u00eb f\u00ebmij\u00eb dyvje\u00e7ar me sindrom\u00ebn e Daunit. Kur shikon se \u00e7far\u00eb dashurie, p\u00ebrkujdesje dhe p\u00ebrkushtimi si dhe ndihme sh\u00ebndet\u00ebsore u ofrojn\u00eb k\u00ebta njer\u00ebz f\u00ebmij\u00ebve t\u00eb strehuar, t\u00eb kthehet besimi se n\u00eb bot\u00eb ekzistojn\u00eb akoma njer\u00ebz t\u00eb v\u00ebrtet\u00eb. Kjo gj\u00eb q\u00eb po b\u00ebjn\u00eb ata f\u00ebmij\u00ebt \u00ebsht\u00eb shum\u00eb m\u00eb shum\u00eb se sa do t\u00eb mund t\u00eb b\u00ebnin disa prind\u00ebr biologjik\u00eb.<\/p>\n<p>\u201cFilluam me dializ\u00eb n\u00eb sht\u00ebpi, pasi nuk \u00ebsht\u00eb shum\u00eb i l\u00ebvizsh\u00ebm p\u00ebr ta \u00e7uar n\u00ebp\u00ebr institucione. Nga spitali m\u00ebsova se si t\u2019i vendos vet\u00eb dializ\u00eb. Ma dhan\u00eb aparatin, nd\u00ebrsa un\u00eb blej tret\u00ebsit. \u00c7do dit\u00eb p\u00ebr tet\u00eb or\u00eb djali \u00ebsht\u00eb i lidhur me aparat.T\u00ebr\u00eb nat\u00ebn nuk fle nd\u00ebrkoh\u00eb q\u00eb b\u00ebjm\u00eb dializ\u00eb. P\u00ebrpara se t\u00eb b\u00ebj dializ\u00ebn, dezinfektohem. Nuk duhet q\u00eb asnj\u00eb bakter ta prek\u00eb. Gjat\u00eb vitit shkollor, mbr\u00ebmjeve \u00ebsht\u00eb n\u00eb dializ\u00eb, q\u00eb t\u00eb mundet n\u00eb m\u00ebngjes t\u00eb shkoj\u00eb n\u00eb shkoll\u00eb. Jeta jon\u00eb tani \u00ebsht\u00eb luft\u00eb p\u00ebr jet\u00ebn e tij\u201d, thot\u00eb Kaliopa.<\/p>\n<p>Ajo i ndihmon f\u00ebmij\u00ebs edhe p\u00ebr nga ana sh\u00ebndet\u00ebsore, edhe pse ka mbaruar Shkoll\u00ebn e lart\u00eb ekonomike. \u00cbsht\u00eb marr\u00eb me tregti dhe ka punuar dhe n\u00eb bank\u00eb, por ato jan\u00eb mbyllur dhe pas vdekjes s\u00eb t\u00eb shoqit, Kaliopa merr vet\u00ebm pensionin. Djali \u00ebsht\u00eb shembullor n\u00eb shkoll\u00eb dhe m\u00ebsuesja e tij Todica Nane ka b\u00ebr\u00eb t\u00eb mundur q\u00eb shok\u00ebt e klas\u00ebs t\u00eb ken\u00eb mir\u00ebkuptimin p\u00ebr ta pranuar dhe ndihmuar. Nj\u00eb f\u00ebmij\u00eb ia mban \u00e7ant\u00ebn, nj\u00eb tjet\u00ebr karrigen e nj\u00eb tjet\u00ebr i b\u00ebn shoq\u00ebri gjat\u00eb pushimit\u2026<\/p>\n<p>\u201cN\u00ebse gjat\u00eb dit\u00ebs nuk do t\u2019i kisha detyrimet rreth tij, nuk e di se si do ta kaloja dit\u00ebn. Ai \u00ebsht\u00eb shum\u00eb mir\u00ebnjoh\u00ebs. Kur e pyes n\u00ebse d\u00ebshiron t\u00eb dalim p\u00ebr nj\u00eb sh\u00ebtitje, meq\u00eb l\u00ebviz me mjet ndihmues, m\u00eb p\u00ebrgjigjet \u201cn\u00ebse nuk e ke problem\u2019. E duam si t\u00eb ishte f\u00ebmija yn\u00eb\u201d, thot\u00eb Kaliopa.<\/p>\n<div id=\"attachment_64414\" style=\"width: 310px\" class=\"wp-caption alignleft\"><a href=\"https:\/\/sdk.mk\/wp-content\/uploads\/2018\/07\/Infuzioni-rastvori-za-dijaliza.jpg\"><img aria-describedby=\"caption-attachment-64414\" loading=\"lazy\" class=\"size-medium wp-image-64414\" src=\"https:\/\/sdk.mk\/wp-content\/uploads\/2018\/07\/Infuzioni-rastvori-za-dijaliza-400x225.jpg\" alt=\"\" width=\"300\" height=\"169\" srcset=\"https:\/\/sdk.mk\/wp-content\/uploads\/2018\/07\/Infuzioni-rastvori-za-dijaliza-400x225.jpg 400w, https:\/\/sdk.mk\/wp-content\/uploads\/2018\/07\/Infuzioni-rastvori-za-dijaliza-250x141.jpg 250w, https:\/\/sdk.mk\/wp-content\/uploads\/2018\/07\/Infuzioni-rastvori-za-dijaliza-768x432.jpg 768w, https:\/\/sdk.mk\/wp-content\/uploads\/2018\/07\/Infuzioni-rastvori-za-dijaliza-650x366.jpg 650w, https:\/\/sdk.mk\/wp-content\/uploads\/2018\/07\/Infuzioni-rastvori-za-dijaliza-150x84.jpg 150w, https:\/\/sdk.mk\/wp-content\/uploads\/2018\/07\/Infuzioni-rastvori-za-dijaliza-800x450.jpg 800w, https:\/\/sdk.mk\/wp-content\/uploads\/2018\/07\/Infuzioni-rastvori-za-dijaliza-1200x675.jpg 1200w, https:\/\/sdk.mk\/wp-content\/uploads\/2018\/07\/Infuzioni-rastvori-za-dijaliza-1600x900.jpg 1600w, https:\/\/sdk.mk\/wp-content\/uploads\/2018\/07\/Infuzioni-rastvori-za-dijaliza-2000x1125.jpg 2000w, https:\/\/sdk.mk\/wp-content\/uploads\/2018\/07\/Infuzioni-rastvori-za-dijaliza.jpg 2048w\" sizes=\"(max-width: 300px) 100vw, 300px\" \/><\/a><p id=\"caption-attachment-64414\" class=\"wp-caption-text\">N\u00eb sht\u00ebpi gjendet nj\u00eb aparat dhe tret\u00ebs p\u00ebr dializ\u00eb p\u00ebr djalin e s\u00ebmur\u00eb (Foto: SDK. MK)<\/p><\/div>\n<p>Hapat e n\u00ebn\u00ebs i ndoqi edhe bija Ruzhica. Ajo, bashk\u00eb me t\u00eb shoqin p\u00ebr momentin nuk kan\u00eb f\u00ebmij\u00eb t\u00eb tyre dhe para shtat\u00eb muajve strehuan nj\u00eb djal\u00eb me sindrom\u00ebn e Daunit. Ruzhica \u00ebsht\u00eb e pun\u00ebsuar n\u00eb Qendr\u00ebn p\u00ebr f\u00ebmij\u00eb me nevoja t\u00eb posa\u00e7me dhe thon\u00eb se atje ka kuptuar dashurin\u00eb e past\u00ebr q\u00eb transmetojn\u00eb k\u00ebta f\u00ebmij\u00eb.<\/p>\n<p>\u201cKur e strehuam ai kishte vet\u00ebm nj\u00eb vit e gjysm\u00eb dhe peshonte 5,5 kilogram\u00eb. P\u00ebr shtat\u00eb muaj me shum\u00eb v\u00ebshtir\u00ebsi arrit\u00ebm ta b\u00ebnim 10 kilogram\u00eb. Tani duam t\u00eb shkojm\u00eb n\u00eb pushim dhe un\u00eb b\u00ebj shaka duke th\u00ebn\u00eb se ja, m\u00eb n\u00eb fund mund ta veshim me rroba banjo, pasi m\u00eb her\u00ebt ishte shum\u00eb i dob\u00ebt. Ai \u00ebsht\u00eb flori. Me p\u00ebrmbush dit\u00ebn, m\u00eb b\u00ebn t\u00eb lumtur. Motivi kryesor i jet\u00ebs \u00ebsht\u00eb t\u00eb jap\u00ebsh dhe t\u00eb pranosh dashuri. Nga ai un\u00eb pranoj dashuri t\u00eb past\u00ebr\u201d, thot\u00eb Ruzhica.<\/p>\n<p>I vogli \u00ebsht\u00eb alergjik ndaj glutenit, andaj Ruzhica ngrihet her\u00ebt n\u00eb m\u00ebngjes q\u00eb t\u2019i p\u00ebrgatis\u00eb ushqim.<\/p>\n<p>\u201cKur e mor\u00ebm nga Sht\u00ebpia, ai villte shum\u00eb dhe e d\u00ebrguam n\u00eb pediatri. Nga aty na drejtuan p\u00ebr te Reparti gastro, ku u zbulua se kushte refluks t\u00eb thartir\u00ebs s\u00eb lukthit dhe intoleranc\u00eb t\u00eb glutenit. Un\u00eb shkoj n\u00eb ora 7.30 n\u00eb pun\u00eb. Prandaj zgjohem q\u00eb n\u00eb 5 q\u00eb t\u2019i p\u00ebrgatis ushqimin e duhur. Tani kan\u00eb filluar t\u2019i dalin dhe dh\u00ebmb\u00ebt, kur e mor\u00ebm nuk kishte dh\u00ebmb\u00eb. Ne jemi 24\/7 me ta. Kjo pun\u00eb \u00ebsht\u00eb nj\u00eb bekim i v\u00ebrtet\u00eb. Investon shum\u00eb, jep shum\u00eb nga vetja jote, por merr dashuri t\u00eb past\u00ebr n\u00eb shenj\u00eb mir\u00ebnjohjeje\u201d, thot\u00eb Ruzhica.<\/p>\n<p>K\u00ebt\u00eb ver\u00eb familjes \u00c7oneski do t\u2019i bashkangjiten motrat nga Velesi, t\u00eb cilat para disa vitesh jetuan me ta. Sot ato jetojn\u00eb n\u00eb Veles, por zemrat e tyre i p\u00ebrkasin gruas q\u00eb i pranoi si bijat e saj dhe me vajzave t\u00eb saj q\u00eb i duan si motra t\u00eb v\u00ebrteta.<\/p>\n<p><strong><em>ZH. ZDRAVKOVSKA<\/em><\/strong><\/p>\n<p>&nbsp;<\/p>\n<p><strong>\u00a0<\/strong><\/p>\n<p><strong>\u00a0<\/strong><\/p>\n<p><strong>\u00a0<\/strong><\/p>\n\n<div style=\"font-size: 0px; height: 0px; line-height: 0px; margin: 0; padding: 0; clear: both;\"><\/div>","protected":false},"excerpt":{"rendered":"<p>Kaliopa \u00c7oneska nga Krusheva m\u00ebsoi si t\u2019i jap\u00eb dializ\u00eb djalit t\u00eb s\u00ebmur\u00eb 13 vje\u00e7ar t\u00eb strehuar n\u00eb sht\u00ebpin\u00eb e saj, [&hellip;]<\/p>\n","protected":false},"author":25,"featured_media":64415,"comment_status":"closed","ping_status":"closed","sticky":false,"template":"","format":"standard","meta":{"_mo_disable_npp":"","inline_featured_image":false},"categories":[3085],"tags":[],"imageURL":"https:\/\/sdk.mk\/wp-content\/uploads\/2018\/07\/Majkata-Kaliopa-i-kerkata-Ruzhitsa-CHoneski-650x366.jpg","thumbURL":"https:\/\/sdk.mk\/wp-content\/uploads\/2018\/07\/Majkata-Kaliopa-i-kerkata-Ruzhitsa-CHoneski-250x141.jpg","categoryNames":["Histori t\u00eb parr\u00ebfyera"],"feature_caption":" \u201cFilluam me dializ\u00eb n\u00eb sht\u00ebpi, pasi nuk \u00ebsht\u00eb shum\u00eb i l\u00ebvizsh\u00ebm p\u00ebr ta \u00e7uar n\u00ebp\u00ebr institucione. Nga spitali m\u00ebsova se si t\u2019i vendos vet\u00eb dializ\u00eb. T\u00ebr\u00eb nat\u00ebn nuk fle nd\u00ebrkoh\u00eb q\u00eb b\u00ebjm\u00eb dializ\u00eb\u201d, thot\u00eb Kaliopa \u00c7onecka nga Krusheva p\u00ebr djalin e saj t\u00eb strehuar 13 vje\u00e7ar, q\u00eb tashm\u00eb gjasht\u00eb vjet jeton me t\u00eb; - me bij\u00ebn Ruzhica (Foto: SDK.MK)","subtitle":"","views":"12188","source":"Krushev\u00eb, (SAKAMDAKAZAM)","yoast_head":"<!-- This site is optimized with the Yoast SEO Premium plugin v15.0 - https:\/\/yoast.com\/wordpress\/plugins\/seo\/ -->\n<title>JETA JON\u00cb TANI \u00cbSHT\u00cb LUFT\u00cb P\u00cbR JET\u00cbN E TIJ, THON\u00cb N\u00cbNA DHE BIJA E FAMILJES \u00c7ONESKI NGA KRUSHEVA Q\u00cb STREHUAN NJ\u00cb DJAL\u00cb T\u00cb S\u00cbMUR\u00cb - \u0421\u0430\u043a\u0430\u043c \u0414\u0430 \u041a\u0430\u0436\u0430\u043c<\/title>\n<meta name=\"robots\" content=\"index, follow, max-snippet:-1, max-image-preview:large, max-video-preview:-1\" \/>\n<link rel=\"canonical\" href=\"https:\/\/sdk.mk\/index.php\/histori-te-parrefyera\/jeta-jone-tani-eshte-lufte-per-jeten-e-tij-thone-nena-dhe-bija-e-familjes-coneski-nga-krusheva-qe-strehuan-nje-djale-te-semure\/\" \/>\n<meta property=\"og:locale\" content=\"mk_MK\" \/>\n<meta property=\"og:type\" content=\"article\" \/>\n<meta property=\"og:title\" content=\"JETA JON\u00cb TANI \u00cbSHT\u00cb LUFT\u00cb P\u00cbR JET\u00cbN E TIJ, THON\u00cb N\u00cbNA DHE BIJA E FAMILJES \u00c7ONESKI NGA KRUSHEVA Q\u00cb STREHUAN NJ\u00cb DJAL\u00cb T\u00cb S\u00cbMUR\u00cb - \u0421\u0430\u043a\u0430\u043c \u0414\u0430 \u041a\u0430\u0436\u0430\u043c\" \/>\n<meta property=\"og:description\" content=\"Kaliopa \u00c7oneska nga Krusheva m\u00ebsoi si t\u2019i jap\u00eb dializ\u00eb djalit t\u00eb s\u00ebmur\u00eb 13 vje\u00e7ar t\u00eb strehuar n\u00eb sht\u00ebpin\u00eb e saj, [&hellip;]\" \/>\n<meta property=\"og:url\" content=\"https:\/\/sdk.mk\/index.php\/histori-te-parrefyera\/jeta-jone-tani-eshte-lufte-per-jeten-e-tij-thone-nena-dhe-bija-e-familjes-coneski-nga-krusheva-qe-strehuan-nje-djale-te-semure\/\" \/>\n<meta property=\"og:site_name\" content=\"\u0421\u0430\u043a\u0430\u043c \u0414\u0430 \u041a\u0430\u0436\u0430\u043c\" \/>\n<meta property=\"article:published_time\" content=\"2018-08-13T09:33:37+00:00\" \/>\n<meta property=\"og:image\" content=\"https:\/\/sdk.mk\/wp-content\/uploads\/2018\/07\/Majkata-Kaliopa-i-kerkata-Ruzhitsa-CHoneski.jpg\" \/>\n\t<meta property=\"og:image:width\" content=\"2048\" \/>\n\t<meta property=\"og:image:height\" content=\"1152\" \/>\n<meta property=\"fb:app_id\" content=\"2407985809428537\" \/>\n<meta name=\"twitter:card\" content=\"summary\" \/>\n<script type=\"application\/ld+json\" class=\"yoast-schema-graph\">{\"@context\":\"https:\/\/schema.org\",\"@graph\":[{\"@type\":\"WebSite\",\"@id\":\"https:\/\/sdk.mk\/#website\",\"url\":\"https:\/\/sdk.mk\/\",\"name\":\"\\u0421\\u0430\\u043a\\u0430\\u043c \\u0414\\u0430 \\u041a\\u0430\\u0436\\u0430\\u043c\",\"description\":\"\\u0417\\u0430 \\u0441\\u043b\\u043e\\u0431\\u043e\\u0434\\u043e\\u0443\\u043c\\u043d\\u0438\",\"potentialAction\":[{\"@type\":\"SearchAction\",\"target\":\"https:\/\/sdk.mk\/?s={search_term_string}\",\"query-input\":\"required name=search_term_string\"}],\"inLanguage\":\"mk-MK\"},{\"@type\":\"ImageObject\",\"@id\":\"https:\/\/sdk.mk\/index.php\/histori-te-parrefyera\/jeta-jone-tani-eshte-lufte-per-jeten-e-tij-thone-nena-dhe-bija-e-familjes-coneski-nga-krusheva-qe-strehuan-nje-djale-te-semure\/#primaryimage\",\"inLanguage\":\"mk-MK\",\"url\":\"https:\/\/sdk.mk\/wp-content\/uploads\/2018\/07\/Majkata-Kaliopa-i-kerkata-Ruzhitsa-CHoneski.jpg\",\"width\":2048,\"height\":1152},{\"@type\":\"WebPage\",\"@id\":\"https:\/\/sdk.mk\/index.php\/histori-te-parrefyera\/jeta-jone-tani-eshte-lufte-per-jeten-e-tij-thone-nena-dhe-bija-e-familjes-coneski-nga-krusheva-qe-strehuan-nje-djale-te-semure\/#webpage\",\"url\":\"https:\/\/sdk.mk\/index.php\/histori-te-parrefyera\/jeta-jone-tani-eshte-lufte-per-jeten-e-tij-thone-nena-dhe-bija-e-familjes-coneski-nga-krusheva-qe-strehuan-nje-djale-te-semure\/\",\"name\":\"JETA JON\\u00cb TANI \\u00cbSHT\\u00cb LUFT\\u00cb P\\u00cbR JET\\u00cbN E TIJ, THON\\u00cb N\\u00cbNA DHE BIJA E FAMILJES \\u00c7ONESKI NGA KRUSHEVA Q\\u00cb STREHUAN NJ\\u00cb DJAL\\u00cb T\\u00cb S\\u00cbMUR\\u00cb - \\u0421\\u0430\\u043a\\u0430\\u043c \\u0414\\u0430 \\u041a\\u0430\\u0436\\u0430\\u043c\",\"isPartOf\":{\"@id\":\"https:\/\/sdk.mk\/#website\"},\"primaryImageOfPage\":{\"@id\":\"https:\/\/sdk.mk\/index.php\/histori-te-parrefyera\/jeta-jone-tani-eshte-lufte-per-jeten-e-tij-thone-nena-dhe-bija-e-familjes-coneski-nga-krusheva-qe-strehuan-nje-djale-te-semure\/#primaryimage\"},\"datePublished\":\"2018-08-13T09:33:37+00:00\",\"dateModified\":\"2018-08-13T09:33:37+00:00\",\"author\":{\"@id\":\"https:\/\/sdk.mk\/#\/schema\/person\/737021aeacbe893f7e2c347186c5c7a1\"},\"inLanguage\":\"mk-MK\",\"potentialAction\":[{\"@type\":\"ReadAction\",\"target\":[\"https:\/\/sdk.mk\/index.php\/histori-te-parrefyera\/jeta-jone-tani-eshte-lufte-per-jeten-e-tij-thone-nena-dhe-bija-e-familjes-coneski-nga-krusheva-qe-strehuan-nje-djale-te-semure\/\"]}]},{\"@type\":\"Person\",\"@id\":\"https:\/\/sdk.mk\/#\/schema\/person\/737021aeacbe893f7e2c347186c5c7a1\",\"name\":\"\\u0424\\u0458\\u043e\\u043b\\u0430 \\u0417\\u043b\\u0430\\u0442\\u043a\\u0443\"}]}<\/script>\n<!-- \/ Yoast SEO Premium plugin. -->","_links":{"self":[{"href":"https:\/\/sdk.mk\/index.php\/wp-json\/wp\/v2\/posts\/65394"}],"collection":[{"href":"https:\/\/sdk.mk\/index.php\/wp-json\/wp\/v2\/posts"}],"about":[{"href":"https:\/\/sdk.mk\/index.php\/wp-json\/wp\/v2\/types\/post"}],"author":[{"embeddable":true,"href":"https:\/\/sdk.mk\/index.php\/wp-json\/wp\/v2\/users\/25"}],"replies":[{"embeddable":true,"href":"https:\/\/sdk.mk\/index.php\/wp-json\/wp\/v2\/comments?post=65394"}],"version-history":[{"count":0,"href":"https:\/\/sdk.mk\/index.php\/wp-json\/wp\/v2\/posts\/65394\/revisions"}],"wp:featuredmedia":[{"embeddable":true,"href":"https:\/\/sdk.mk\/index.php\/wp-json\/wp\/v2\/media\/64415"}],"wp:attachment":[{"href":"https:\/\/sdk.mk\/index.php\/wp-json\/wp\/v2\/media?parent=65394"}],"wp:term":[{"taxonomy":"category","embeddable":true,"href":"https:\/\/sdk.mk\/index.php\/wp-json\/wp\/v2\/categories?post=65394"},{"taxonomy":"post_tag","embeddable":true,"href":"https:\/\/sdk.mk\/index.php\/wp-json\/wp\/v2\/tags?post=65394"}],"curies":[{"name":"wp","href":"https:\/\/api.w.org\/{rel}","templated":true}]}}