{"id":66795,"date":"2018-09-01T13:10:38","date_gmt":"2018-09-01T11:10:38","guid":{"rendered":"https:\/\/sdk.mk\/?p=66795"},"modified":"2018-09-01T13:10:38","modified_gmt":"2018-09-01T11:10:38","slug":"imagjino-nje-te-ardhme","status":"publish","type":"post","link":"https:\/\/sdk.mk\/index.php\/dua-te-them\/imagjino-nje-te-ardhme\/","title":{"rendered":"IMAGJINO NJ\u00cb T\u00cb ARDHME"},"content":{"rendered":"<div class=\"f52428582a4b906b2d2e2a7d733c7d27\" data-index=\"7\" style=\"float: none; margin:10px 0 10px 0; text-align:center;\">\n<!-- MSP Ads Asynchronous JS Tag - Generated with Revive Adserver v5.4.1 -->\r\n<ins data-revive-zoneid=\"167\" data-revive-id=\"060fdb01f6430ec164d3519234aa4967\"><\/ins>\r\n<script async src=\"\/\/panel.ads.com.mk\/www\/delivery\/asyncjs.php\"><\/script>\n<\/div>\n<p><span class=\"dropcap color firstcharacter\">1<\/span>Bashkimi Evropian e filloi fushat\u00ebn p\u00ebr referendumin mbi emrin e Maqedonis\u00eb me titullin \u201cA mund t\u00eb imagjinosh nj\u00eb t\u00eb ardhme s\u00eb bashku?\u201d. Fushata \u00ebsht\u00eb p\u00ebr ta. Pasi ata pyesin n\u00ebse mund ta imagjinojn\u00eb t\u00eb ardhmen bashk\u00eb me ne. T\u00eb kishte qen\u00eb fushata p\u00ebr ne, at\u00ebher\u00eb pyetja do t\u00eb duhej t\u00eb ishte: \u201cA mund t\u00eb imagjinosh nj\u00eb t\u00eb ardhme?\u201d. M\u00eb sakt\u00ebsisht, a mund t\u00eb imagjinosh fare nj\u00eb t\u00eb ardhme, me t\u00eb gjith\u00eb skenar\u00ebt katastrofik\u00eb q\u00eb na karakterizojn\u00eb dhe me instinktin e vet\u00ebshkat\u00ebrrimit q\u00eb po vazhdojm\u00eb s\u00eb forcuari me shekuj?<\/p>\n<p>Hej, merre me mend, Bashkimi Evropian ka nisur nj\u00eb fushat\u00eb p\u00ebr t\u00eb na bindur se do ta kemi mir\u00eb n\u00eb shoq\u00ebrimin e tyre. Do t\u00eb na japin edhe 150 milion\u00eb euro q\u00eb t\u00eb na e p\u00ebrmir\u00ebsojm\u00eb jet\u00ebn n\u00eb vendet ku jetojm\u00eb. Ambasador\u00ebt n\u00eb vendet an\u00ebtare t\u00eb BE do t\u00eb shkojn\u00eb qytet m\u00eb qytet p\u00ebr t\u2019i m\u00ebsuar kryetar\u00ebt e komunave se si t\u2019i shfryt\u00ebzojn\u00eb parat\u00eb e BE-s\u00eb p\u00ebr nj\u00eb jet\u00eb m\u00eb t\u00eb mir\u00eb p\u00ebr qytetar\u00ebt. E do t\u2019u thon\u00eb, ju nd\u00ebrtuam rrug\u00eb lokale, kanalizime, jua pastruam kanalet, jua rinovuam kopshtet, jua restauruam kishat, xhamit\u00eb, ju dham\u00eb shtret\u00ebr p\u00ebr spital, automjete ambulance dhe zjarrfik\u00ebse\u2026Edhe mbeturinat jua pastruam se jeni popull i thjesht\u00eb e dembel. Vall\u00eb, u dashka edhe t\u2019ju bindim se do ta keni m\u00eb mir\u00eb gjirin e familjes son\u00eb?<\/p>\n<p>Edhe SHBA vazhdon t\u00eb p\u00ebrs\u00ebris\u00eb se p\u00ebr 25 vjet kan\u00eb qen\u00eb miqt\u00eb tan\u00eb. Aq t\u00eb ngusht\u00eb, sa edhe na pranuan si Republika e Maqedonis\u00eb. Dhe vazhdojn\u00eb t\u00eb na bindin se do t\u00eb jen\u00eb miq tan\u00eb edhe m\u00eb tej. Dhe se do t\u00eb vazhdojn\u00eb t\u00eb na mb\u00ebshtesin edhe n\u00eb t\u00eb ardhmen, si Republika e Maqedonis\u00eb Veriore. Ata do t\u00eb vazhdojn\u00eb t\u00eb na i pastrojn\u00eb mbeturinat, do t\u00eb na e rregullojn\u00eb gjyq\u00ebsin\u00eb, do t\u00eb na japin bursa p\u00ebr t\u00eb rinjt\u00eb, do t\u00eb na e modernizojn\u00eb agrikultur\u00ebn, do t\u00eb na i rinovojn\u00eb spitalet dhe do t\u00eb blejn\u00eb pajisje p\u00ebr ushtrin\u00eb dhe policin\u00eb e do t\u00eb na i mbrojn\u00eb vendet arkeologjike.<\/p>\n<p>Na u b\u00ebn\u00eb t\u00eb bezdissh\u00ebm me p\u00ebrs\u00ebritjen e vazhdueshme se me Marr\u00ebveshjen me Greqin\u00eb identiteti maqedonas \u00ebsht\u00eb i pakontestuesh\u00ebm dhe se gjuha maqedonase pranohet. P\u00ebr m\u00eb tep\u00ebr, se me an\u00ebtar\u00ebsimin n\u00eb NATO fqinj\u00ebt jomiq\u00ebsor\u00eb t\u00eb deritanish\u00ebm, Greqia dhe Bullgaria, do t\u00eb na b\u00ebhen aleat\u00eb, t\u00eb cil\u00ebt do t\u00eb ken\u00eb p\u00ebr detyrim ta mbrojn\u00eb edhe sovranitetin dhe integritetin ton\u00eb.<\/p>\n<p>Jo, jo. Ne nuk duam t\u00eb shkojm\u00eb n\u00eb BE dhe NATO. Pse? Sepse Filarmonia e Maqedonis\u00eb do t\u00eb quhet Filarmonia e Maqedonis\u00eb Veriore.<\/p>\n<p><span class=\"dropcap color firstcharacter\">2<\/span>E q\u00eb kur Bashkimi Evropian na pyet: \u201cA mund t\u00eb imagjinosh nj\u00eb t\u00eb ardhme s\u00eb bashku?\u201d, le t\u2019i parashtrojm\u00eb edhe nj\u00ebher\u00eb pyetjet q\u00eb na krijojn\u00eb dilema para se t\u2019i p\u00ebrgjigjemi pyetjes:\u201d A jeni p\u00ebr an\u00ebtar\u00ebsim n\u00eb Bashkimin Evropian dhe NATO me pranimin e Marr\u00ebveshjes s\u00eb emrit mes Maqedonis\u00eb dhe Greqis\u00eb?\u201d.<br \/>\nT\u2019ia fillojm\u00eb me radh\u00eb.<\/p>\n<ul>\n<li>A qe \u00e7\u00ebshtja e emrit me Greqin\u00eb gj\u00eb palidhje q\u00eb nga fillimet e saj? &#8211; Po<\/li>\n<li>A nuk \u00ebsht\u00eb e v\u00ebrtet\u00eb se mezi arrit\u00ebm t\u00eb b\u00ebhemi shtet an\u00ebtar i Kombeve t\u00eb Bashkuara dhe at\u00eb, me emrin e p\u00ebrkohsh\u00ebm FYROM, p\u00ebr shkak t\u00eb kund\u00ebrv\u00ebnies s\u00eb Greqis\u00eb? \u2013 Po<\/li>\n<li>A na p\u00eblqen emri FYROM? \u2013 Jo<\/li>\n<li>A pranoi shteti yn\u00eb n\u00eb vitin 1995 t\u00eb fillonte negociata me Greqin\u00eb n\u00ebn ombrell\u00ebn e OKB-s\u00eb? \u2013 Po<\/li>\n<li>A i pranuam negociatat me qejf? \u2013 Jo<\/li>\n<li>A ishin negociatat p\u00ebr ndryshimin e emrit? \u2013 Po<\/li>\n<li>Nga viti 1995 a nuk kan\u00eb negociuar mbi emrin t\u00eb gjitha qeverit\u00eb maqedonase, edhe t\u00eb VMRO-s\u00eb edhe t\u00eb LSDM-s\u00eb? \u2013 Po.<\/li>\n<li>A duhej q\u00eb negociatat t\u00eb mbaronin me ndryshim t\u00eb emrit? \u2013 Po<\/li>\n<li>A nuk thoshte VMRO-DPMNE gjat\u00eb gjith\u00eb viteve q\u00eb qeverit\u00eb e saj negociuan p\u00ebr emrin se \u00e7far\u00ebdo lloj marr\u00ebveshje q\u00eb arrihet me Greqin\u00eb, vendimi i fundit do t\u00eb shkojn\u00eb n\u00eb referendum? \u2013 Po.<\/li>\n<\/ul>\n<p>Dhe ja, \u00ebsht\u00eb arritur nj\u00eb lloj vendimi me emrin Republika e Maqedonis\u00eb Veriore me gjuh\u00eb maqedonase dhe me shtet\u00ebsi\/nacionalitet t\u00eb Maqedonis\u00eb Veriore.<\/p>\n<ul>\n<li>A ju p\u00eblqen emri Maqedonia Veriore? \u2013 Jo<\/li>\n<li>A ju p\u00eblqen fakti se gjuha do t\u00eb pranohet si gjuha maqedonase gjithandej? \u2013 Po.<\/li>\n<li>Pjesa ku ne jetojm\u00eb, a shtrihet n\u00eb pjes\u00ebn veriore t\u00eb zon\u00ebs gjeografike q\u00eb quhet Maqedoni? \u2013 Po.<\/li>\n<li>Gjat\u00eb Luft\u00ebs s\u00eb Dyt\u00eb Bot\u00ebrore, populli maqedonas, a ka luftuar vet\u00ebm n\u00eb k\u00ebt\u00eb pjes\u00eb t\u00eb Maqedonis\u00eb s\u00eb madhe p\u00ebr shtetin e vet t\u00eb pavarur? \u2013 Po.<\/li>\n<li>A \u00ebsht\u00eb fakt se vet\u00ebm n\u00eb k\u00ebt\u00eb shtet, gjuha q\u00eb flasin maqedonasit quhet maqedonishte? \u2013 Po.<\/li>\n<li>A mund t\u00eb fillojm\u00eb negociatat p\u00ebr hyrje n\u00eb BE pa ndryshimin e emrit? \u2013 Jo.<\/li>\n<li>A mund t\u00eb b\u00ebhemi shtet an\u00ebtar i NATO-s pa ndryshmin e emrit? \u2013 Jo.<\/li>\n<li>A doni t\u00eb hyni n\u00eb BE? \u2013 Po. Apo ndoshta, jo.<\/li>\n<li>A doni t\u00eb hyni n\u00eb NATO? \u2013 Po. Apo ndoshta, jo.<\/li>\n<li>A mund t\u00eb hym\u00eb n\u00eb BE dhe NATO me emrin FYROM? \u2013 Jo.<\/li>\n<li>A mund t\u00eb hym\u00eb n\u00eb BE dhe NATO me emrin Republika e Maqedonis\u00eb? \u2013 Jo.<\/li>\n<li>A doni t\u00eb jetoni n\u00eb izolim? \u2013 Jo.<\/li>\n<li>A doni t\u00eb jetoni m\u00eb t\u00eb pasur? \u2013 Po.<\/li>\n<li>A doni t\u00eb jetoni m\u00eb sigurt\u00eb? E nj\u00ebher\u00eb e p\u00ebrgjithmon\u00eb t\u00eb mbyllet historia e \u201cNdajeni, coptojeni\u2026(\u201cDelete ja, par\u00e7ete ja\u2026\u201d ) \u2013 Po.<\/li>\n<li>A d\u00ebshironi ndarje t\u00eb shtetit ose kufi mes shqiptar\u00ebve dhe maqedonasve? \u2013 Jo.<\/li>\n<li>A jeni t\u00eb gatsh\u00ebm p\u00ebr luft\u00eb me komshinjt\u00eb dhe miqt\u00eb? \u2013 Jo. Apo ndoshta, po.<\/li>\n<\/ul>\n<p>E n\u00ebse t\u00eb gjitha k\u00ebtyre pyetjeve u p\u00ebrgjigjeni me \u201cdisa pyetje nuk meritojn\u00eb p\u00ebrgjigje\u201d, ja ku keni edhe disa t\u00eb tjera:<\/p>\n<ul>\n<li>A d\u00ebshironi q\u00eb ata q\u00eb p\u00ebr 11 vjet kan\u00eb vjedhur t\u00eb mos shkojn\u00eb n\u00eb burg? \u2013 Jo. Apo, ndoshta po?<\/li>\n<li>A d\u00ebshironi q\u00eb ata q\u00eb p\u00ebr 11 vjet ju kan\u00eb vjedhur dhe ju kan\u00eb p\u00ebrgjuar t\u00eb vazhdojn\u00eb t\u00eb vjedhin dhe t\u00eb p\u00ebrgjojn\u00eb? \u2013 Jo. Apo, ndoshta po.<\/li>\n<li>A d\u00ebshironi q\u00eb parimi i mosd\u00ebnimit t\u00eb elit\u00ebs qeveris\u00ebse t\u00eb vazhdoj\u00eb edhe n\u00eb t\u00eb ardhmen, e k\u00ebshtu \u00e7do qeveri e re t\u00eb mund t\u00eb vjedh\u00eb e t\u00eb mos mbaj\u00eb p\u00ebrgjegj\u00ebsi p\u00ebr vjedhjen? \u2013 Jo.<\/li>\n<li>N\u00ebse nuk ju p\u00eblqen emri Maqedonia Veriore, me cilin em\u00ebr do t\u2019ju p\u00eblqente t\u00eb hynim n\u00eb BE dhe NATO?<\/li>\n<li>N\u00ebse nuk d\u00ebshironi q\u00eb NATO t\u2019ju garantoj\u00eb sigurin\u00eb, kush tjet\u00ebr do t\u00eb d\u00ebshironit ta b\u00ebnte?<\/li>\n<li>N\u00ebse nuk ju p\u00eblqejn\u00eb BE dhe NATO, \u00e7far\u00eb ju p\u00eblqen? \u2013 Zvicra.<\/li>\n<\/ul>\n<p>Kur thoni se mund t\u00eb jemi si Zvicra, pa BE dhe NATO, a e dini se edhe zviceran\u00ebt na i pastrojn\u00eb mbeturinat sepse ne jemi t\u00eb paaft\u00eb ta b\u00ebjm\u00eb? Po. Ju flas p\u00ebr mbeturinat, e jo p\u00ebr milion\u00eb frankat q\u00eb \u00e7do vit hyn\u00eb n\u00eb Maqedoni si ndihm\u00eb p\u00ebr shtetet e pazhvilluara, duke nisur nga agrikultura e deri te turizmi dhe p\u00ebrforcimi i institucioneve shtet\u00ebrore.<\/p>\n<ul>\n<li>A e dini se Zvicra n\u00eb referendum vendos madje edhe p\u00ebr \u00e7adrat q\u00eb do t\u00eb mbajn\u00eb n\u00ebse t\u00eb nes\u00ebrmen bie shi? Dhe kjo gj\u00eb duhet t\u00eb jet\u00eb pranuar me konsensus? \u2013 Jo.<\/li>\n<li>A e dini se Zvicra p\u00ebrb\u00ebhet prej 26 kantonesh dhe se brenda shtetit jan\u00eb pranuar kat\u00ebr gjuh\u00eb zyrtare? \u2013 Jo. Ose, ndoshta, por kjo gj\u00eb nuk na konvenon.<\/li>\n<\/ul>\n<p><span class=\"dropcap color firstcharacter\">3<\/span>E kuptoj se p\u00ebrse VMRO-DPMNE mb\u00ebshtet bojkotimin e referendumit, edhe pse goj\u00ebt e tyre jan\u00eb p\u00ebrplot me BE dhe NATO. Pasi hyrja n\u00eb BE dhe NATO me siguri nuk do t\u2019i shp\u00ebtoj\u00eb Gruevskin dhe shoq\u00ebrin\u00eb e tij nga burgu. Por, nuk mund t\u2019i kuptoj ata q\u00eb b\u00ebjn\u00eb thirrje p\u00ebr bojkot p\u00ebr inat t\u00eb Zaevit. K\u00ebto nuk jan\u00eb zgjedhje q\u00eb t\u00eb duhet t\u00eb d\u00ebnohet LSDM apo t\u00eb shp\u00ebrblehet VMRO-DPMNE. Bojkot p\u00ebr inat t\u00eb BE-s\u00eb, p\u00ebr inat t\u00eb SHBA-ve, p\u00ebr inat t\u00eb Greqis\u00eb. P\u00ebr inat t\u00eb Angjushevit. P\u00ebr inat t\u00eb Ali Ahmetit. P\u00ebr inat t\u00eb gazp\u00ebr\u00e7uesit n\u00eb Vodno. P\u00ebr inat t\u00eb mushkonjave. Jo more. Ju bojkotoni p\u00ebr inatin e vetes tuaj, ja pse bojkotoni.<\/p>\n<p><span class=\"dropcap color firstcharacter\">4<\/span>Edhe nj\u00eb pyetje t\u00eb fundit.<\/p>\n<p>A d\u00ebshiron nj\u00eb her\u00eb e p\u00ebrgjithmon\u00eb ta mbyll\u00ebsh \u00e7\u00ebshtjen mbi ekzistenc\u00ebn t\u00ebnde? Po? Apo ndoshta jo.<\/p>\n<p>Vall\u00eb, mendoni se VMRO-DPMNE, me t\u00eb ardh\u00eb n\u00eb pushtet, do t\u00eb mund t\u00eb filloj\u00eb negocime t\u00eb reja me Greqin\u00eb, e me ndihm\u00eb t\u00eb BE dhe SHBA ta ngrej\u00eb mekanizmin e Kombeve t\u00eb Bashkuara? Se K\u00ebshilli i siguris\u00eb s\u00eb OKB-s\u00eb do t\u00eb merret prap\u00eb me Maqedonin\u00eb. VMRO ishte n\u00eb pushtet deri vjet e nuk b\u00ebri asnj\u00eb marr\u00ebveshje.<\/p>\n<p>\u00c7far\u00eb mendoni, \u00e7\u2019marr\u00ebveshje do t\u00eb jet\u00eb ajo n\u00ebse p\u00ebrs\u00ebri do t\u00eb duhet t\u00eb aktivizohet e gjith\u00eb makineria e BE, NATO-s, SHBA, Britanis\u00eb s\u00eb madhe, Gjermanis\u00eb\u2026P\u00ebr emrin? Apo p\u00ebr ndarjen e shtetit?<\/p>\n<p><em>P\u00ebrktheu: Fjolla Zllatku <\/em><\/p>\n<p>&nbsp;<\/p>\n<p>&nbsp;<\/p>\n\n<div style=\"font-size: 0px; height: 0px; line-height: 0px; margin: 0; padding: 0; clear: both;\"><\/div>","protected":false},"excerpt":{"rendered":"<p>Bashkimi Evropian e filloi fushat\u00ebn p\u00ebr referendumin mbi emrin e Maqedonis\u00eb me titullin \u201cA mund t\u00eb imagjinosh nj\u00eb t\u00eb ardhme [&hellip;]<\/p>\n","protected":false},"author":1,"featured_media":184,"comment_status":"closed","ping_status":"closed","sticky":false,"template":"","format":"standard","meta":{"_mo_disable_npp":"","inline_featured_image":false},"categories":[1825],"tags":[],"imageURL":"https:\/\/sdk.mk\/wp-content\/uploads\/2015\/12\/goran-mihailovski2.jpg","thumbURL":"https:\/\/sdk.mk\/wp-content\/uploads\/2015\/12\/goran-mihailovski2-250x196.jpg","categoryNames":["DUA T\u00cb THEM"],"feature_caption":"","subtitle":"A d\u00ebshiron ta mbyll\u00ebsh nj\u00eb her\u00eb e p\u00ebrgjithmon\u00eb \u00e7\u00ebshtjen e ekzistenc\u00ebs sate? \u2013 Po? Apo ndoshta jo.","views":"4264","source":"","yoast_head":"<!-- This site is optimized with the Yoast SEO Premium plugin v15.0 - https:\/\/yoast.com\/wordpress\/plugins\/seo\/ -->\n<title>IMAGJINO NJ\u00cb T\u00cb ARDHME - \u0421\u0430\u043a\u0430\u043c \u0414\u0430 \u041a\u0430\u0436\u0430\u043c<\/title>\n<meta name=\"robots\" content=\"index, follow, max-snippet:-1, max-image-preview:large, max-video-preview:-1\" \/>\n<link rel=\"canonical\" href=\"https:\/\/sdk.mk\/index.php\/dua-te-them\/imagjino-nje-te-ardhme\/\" \/>\n<meta property=\"og:locale\" content=\"mk_MK\" \/>\n<meta property=\"og:type\" content=\"article\" \/>\n<meta property=\"og:title\" content=\"IMAGJINO NJ\u00cb T\u00cb ARDHME - \u0421\u0430\u043a\u0430\u043c \u0414\u0430 \u041a\u0430\u0436\u0430\u043c\" \/>\n<meta property=\"og:description\" content=\"Bashkimi Evropian e filloi fushat\u00ebn p\u00ebr referendumin mbi emrin e Maqedonis\u00eb me titullin \u201cA mund t\u00eb imagjinosh nj\u00eb t\u00eb ardhme [&hellip;]\" \/>\n<meta property=\"og:url\" content=\"https:\/\/sdk.mk\/index.php\/dua-te-them\/imagjino-nje-te-ardhme\/\" \/>\n<meta property=\"og:site_name\" content=\"\u0421\u0430\u043a\u0430\u043c \u0414\u0430 \u041a\u0430\u0436\u0430\u043c\" \/>\n<meta property=\"article:published_time\" content=\"2018-09-01T11:10:38+00:00\" \/>\n<meta property=\"og:image\" content=\"https:\/\/sdk.mk\/wp-content\/uploads\/2015\/12\/goran-mihailovski2.jpg\" \/>\n\t<meta property=\"og:image:width\" content=\"400\" \/>\n\t<meta property=\"og:image:height\" content=\"313\" \/>\n<meta property=\"fb:app_id\" content=\"2407985809428537\" \/>\n<meta name=\"twitter:card\" content=\"summary\" \/>\n<script type=\"application\/ld+json\" class=\"yoast-schema-graph\">{\"@context\":\"https:\/\/schema.org\",\"@graph\":[{\"@type\":\"WebSite\",\"@id\":\"https:\/\/sdk.mk\/#website\",\"url\":\"https:\/\/sdk.mk\/\",\"name\":\"\\u0421\\u0430\\u043a\\u0430\\u043c \\u0414\\u0430 \\u041a\\u0430\\u0436\\u0430\\u043c\",\"description\":\"\\u0417\\u0430 \\u0441\\u043b\\u043e\\u0431\\u043e\\u0434\\u043e\\u0443\\u043c\\u043d\\u0438\",\"potentialAction\":[{\"@type\":\"SearchAction\",\"target\":\"https:\/\/sdk.mk\/?s={search_term_string}\",\"query-input\":\"required name=search_term_string\"}],\"inLanguage\":\"mk-MK\"},{\"@type\":\"ImageObject\",\"@id\":\"https:\/\/sdk.mk\/index.php\/dua-te-them\/imagjino-nje-te-ardhme\/#primaryimage\",\"inLanguage\":\"mk-MK\",\"url\":\"https:\/\/sdk.mk\/wp-content\/uploads\/2015\/12\/goran-mihailovski2.jpg\",\"width\":400,\"height\":313},{\"@type\":\"WebPage\",\"@id\":\"https:\/\/sdk.mk\/index.php\/dua-te-them\/imagjino-nje-te-ardhme\/#webpage\",\"url\":\"https:\/\/sdk.mk\/index.php\/dua-te-them\/imagjino-nje-te-ardhme\/\",\"name\":\"IMAGJINO NJ\\u00cb T\\u00cb ARDHME - \\u0421\\u0430\\u043a\\u0430\\u043c \\u0414\\u0430 \\u041a\\u0430\\u0436\\u0430\\u043c\",\"isPartOf\":{\"@id\":\"https:\/\/sdk.mk\/#website\"},\"primaryImageOfPage\":{\"@id\":\"https:\/\/sdk.mk\/index.php\/dua-te-them\/imagjino-nje-te-ardhme\/#primaryimage\"},\"datePublished\":\"2018-09-01T11:10:38+00:00\",\"dateModified\":\"2018-09-01T11:10:38+00:00\",\"author\":{\"@id\":\"https:\/\/sdk.mk\/#\/schema\/person\/be7cfa6655c47f7195bfdd0ba8144aa2\"},\"inLanguage\":\"mk-MK\",\"potentialAction\":[{\"@type\":\"ReadAction\",\"target\":[\"https:\/\/sdk.mk\/index.php\/dua-te-them\/imagjino-nje-te-ardhme\/\"]}]},{\"@type\":\"Person\",\"@id\":\"https:\/\/sdk.mk\/#\/schema\/person\/be7cfa6655c47f7195bfdd0ba8144aa2\",\"name\":\"\\u0413\\u043e\\u0440\\u0430\\u043d \\u041c\\u0438\\u0445\\u0430\\u0458\\u043b\\u043e\\u0432\\u0441\\u043a\\u0438\"}]}<\/script>\n<!-- \/ Yoast SEO Premium plugin. -->","_links":{"self":[{"href":"https:\/\/sdk.mk\/index.php\/wp-json\/wp\/v2\/posts\/66795"}],"collection":[{"href":"https:\/\/sdk.mk\/index.php\/wp-json\/wp\/v2\/posts"}],"about":[{"href":"https:\/\/sdk.mk\/index.php\/wp-json\/wp\/v2\/types\/post"}],"author":[{"embeddable":true,"href":"https:\/\/sdk.mk\/index.php\/wp-json\/wp\/v2\/users\/1"}],"replies":[{"embeddable":true,"href":"https:\/\/sdk.mk\/index.php\/wp-json\/wp\/v2\/comments?post=66795"}],"version-history":[{"count":0,"href":"https:\/\/sdk.mk\/index.php\/wp-json\/wp\/v2\/posts\/66795\/revisions"}],"wp:featuredmedia":[{"embeddable":true,"href":"https:\/\/sdk.mk\/index.php\/wp-json\/wp\/v2\/media\/184"}],"wp:attachment":[{"href":"https:\/\/sdk.mk\/index.php\/wp-json\/wp\/v2\/media?parent=66795"}],"wp:term":[{"taxonomy":"category","embeddable":true,"href":"https:\/\/sdk.mk\/index.php\/wp-json\/wp\/v2\/categories?post=66795"},{"taxonomy":"post_tag","embeddable":true,"href":"https:\/\/sdk.mk\/index.php\/wp-json\/wp\/v2\/tags?post=66795"}],"curies":[{"name":"wp","href":"https:\/\/api.w.org\/{rel}","templated":true}]}}