{"id":66919,"date":"2018-09-03T12:14:51","date_gmt":"2018-09-03T10:14:51","guid":{"rendered":"https:\/\/sdk.mk\/?p=66919"},"modified":"2018-09-03T12:14:51","modified_gmt":"2018-09-03T10:14:51","slug":"notoj-qe-te-shendoshem-kur-te-rritem-thote-12-vjecari-marko-pejcinoski-cili-notoi-ne-liqenin-e-ohrit","status":"publish","type":"post","link":"https:\/\/sdk.mk\/index.php\/histori-te-parrefyera\/notoj-qe-te-shendoshem-kur-te-rritem-thote-12-vjecari-marko-pejcinoski-cili-notoi-ne-liqenin-e-ohrit\/","title":{"rendered":"NOTOJ Q\u00cb T\u00cb SH\u00cbNDOSHEM KUR T\u00cb RRITEM, THOT\u00cb 12 VJE\u00c7ARI MARKO PEJ\u00c7INOSKI I CILI NOTOI N\u00cb LIQENIN E OHRIT"},"content":{"rendered":"<div class=\"f52428582a4b906b2d2e2a7d733c7d27\" data-index=\"7\" style=\"float: none; margin:10px 0 10px 0; text-align:center;\">\n<!-- MSP Ads Asynchronous JS Tag - Generated with Revive Adserver v5.4.1 -->\r\n<ins data-revive-zoneid=\"167\" data-revive-id=\"060fdb01f6430ec164d3519234aa4967\"><\/ins>\r\n<script async src=\"\/\/panel.ads.com.mk\/www\/delivery\/asyncjs.php\"><\/script>\n<\/div>\n<p>12 vje\u00e7ari Marko Pej\u00e7inoski, me nekroz\u00eb n\u00eb k\u00ebmb\u00eb, m\u00eb 28 gusht, n\u00eb dit\u00ebn e Sh\u00ebn M\u00ebris\u00eb notoi n\u00eb liqenin e Ohrit n\u00eb drejtimin \u00a0Sh\u00ebn Naum &#8211; \u00a0Oh\u00ebr, n\u00eb gjat\u00ebsi prej 25 kilometrash. Marko ka filluar t\u00eb notoj\u00eb me rekomandimin e mjek\u00ebve prej para dy vjet\u00ebsh. Ata i kan\u00eb th\u00ebn\u00eb se gjat\u00eb k\u00ebsaj periudhe, noti \u00ebsht\u00eb terapia e tij m\u00eb e mire. Nekroza n\u00eb k\u00ebmb\u00ebn e tij \u00ebsht\u00eb nj\u00eb s\u00ebmundje e cila e pengon qarkullimin normal t\u00eb gjakut deri te k\u00ebmb\u00ebt, gj\u00eb p\u00ebr shkak t\u00eb s\u00eb cil\u00ebs fillojn\u00eb t\u00eb shfaqen probleme me motorik\u00ebn.<\/p>\n<div id=\"attachment_66815\" style=\"width: 660px\" class=\"wp-caption aligncenter\"><a href=\"https:\/\/sdk.mk\/wp-content\/uploads\/2018\/09\/marko-na-sredina-od-patekata.jpg\"><img aria-describedby=\"caption-attachment-66815\" loading=\"lazy\" class=\"wp-image-66815 size-large\" src=\"https:\/\/sdk.mk\/wp-content\/uploads\/2018\/09\/marko-na-sredina-od-patekata-650x425.jpg\" alt=\"\" width=\"650\" height=\"425\" srcset=\"https:\/\/sdk.mk\/wp-content\/uploads\/2018\/09\/marko-na-sredina-od-patekata-650x425.jpg 650w, https:\/\/sdk.mk\/wp-content\/uploads\/2018\/09\/marko-na-sredina-od-patekata-250x163.jpg 250w, https:\/\/sdk.mk\/wp-content\/uploads\/2018\/09\/marko-na-sredina-od-patekata-400x261.jpg 400w, https:\/\/sdk.mk\/wp-content\/uploads\/2018\/09\/marko-na-sredina-od-patekata-768x502.jpg 768w, https:\/\/sdk.mk\/wp-content\/uploads\/2018\/09\/marko-na-sredina-od-patekata-150x98.jpg 150w, https:\/\/sdk.mk\/wp-content\/uploads\/2018\/09\/marko-na-sredina-od-patekata-800x522.jpg 800w, https:\/\/sdk.mk\/wp-content\/uploads\/2018\/09\/marko-na-sredina-od-patekata-1200x784.jpg 1200w, https:\/\/sdk.mk\/wp-content\/uploads\/2018\/09\/marko-na-sredina-od-patekata.jpg 1300w\" sizes=\"(max-width: 650px) 100vw, 650px\" \/><\/a><p id=\"caption-attachment-66815\" class=\"wp-caption-text\">Gjat\u00eb notit un\u00eb kryesisht i p\u00ebrdor duart e mia. Nd\u00ebrsa k\u00ebmb\u00ebt p\u00ebrdor vet\u00ebm n\u00eb interval prej pes\u00ebmb\u00ebdhjet\u00eb minutash, sa p\u00ebr t\u00eb l\u00ebvizur, q\u00eb t\u00eb mos fitoj ng\u00ebr\u00e7 te muskujt. Nd\u00ebrkoh\u00eb, me krah\u00ebt b\u00ebj rreth 60 kthime n\u00eb minut\u201d, thot\u00eb Marko: &#8211; n\u00eb mesin e rrug\u00ebs gjat\u00eb notimit n\u00eb Liqenin e Ohrit.<\/p><\/div>\n<p>Marko i ka d\u00ebgjuar k\u00ebshillat e mjek\u00ebve dhe me mb\u00ebshtetje t\u00eb madhe nga familja e tij ka filluar t\u00eb trajnohet pothuajse \u00e7do dit\u00eb. Deri m\u00eb sot, duke llogaritur notin q\u00eb ka b\u00ebr\u00eb n\u00eb pishin\u00eb dhe n\u00eb Liqen gjat\u00eb treningjeve, Marko ka notuar rreth 300 kilometra.<\/p>\n<p>\u201cAskush nuk m\u00eb detyroi t\u00eb merrem me not. Por, rekomandimi i mjek\u00ebve \u00ebsht\u00eb q\u00eb noti \u00ebsht\u00eb terapia m\u00eb e mir\u00eb p\u00ebr nekroz\u00ebn dhe ky p\u00ebr mua ishte motivim i mjaftuesh\u00ebm. Dua t\u00eb jem i sh\u00ebndosh\u00eb kur t\u00eb rritem. Mjek\u00ebt m\u00eb than\u00eb se kur t\u00eb p\u00ebrfundoj\u00eb periudha ime e rritjes, me nj\u00eb interventim t\u00eb vog\u00ebl, pasojat e nekroz\u00ebs do t\u00eb zhduken t\u00ebr\u00ebsisht. Un\u00eb, nga ana tjet\u00ebr, nuk do t\u00eb doja t\u00eb flisja p\u00ebr k\u00ebt\u00eb\u201d, thot\u00eb Marko i cili tani do t\u00eb jet\u00eb klasa e tet\u00eb n\u00eb SHF \u201cGrigor P\u00ebrli\u00e7ev\u201d n\u00eb Oh\u00ebr.<\/p>\n<div id=\"attachment_66485\" style=\"width: 660px\" class=\"wp-caption aligncenter\"><a href=\"https:\/\/sdk.mk\/wp-content\/uploads\/2018\/08\/marko3.jpg\"><img aria-describedby=\"caption-attachment-66485\" loading=\"lazy\" class=\"wp-image-66485 size-large\" src=\"https:\/\/sdk.mk\/wp-content\/uploads\/2018\/08\/marko3-650x349.jpg\" alt=\"\" width=\"650\" height=\"349\" srcset=\"https:\/\/sdk.mk\/wp-content\/uploads\/2018\/08\/marko3-650x349.jpg 650w, https:\/\/sdk.mk\/wp-content\/uploads\/2018\/08\/marko3-250x134.jpg 250w, https:\/\/sdk.mk\/wp-content\/uploads\/2018\/08\/marko3-400x215.jpg 400w, https:\/\/sdk.mk\/wp-content\/uploads\/2018\/08\/marko3-768x412.jpg 768w, https:\/\/sdk.mk\/wp-content\/uploads\/2018\/08\/marko3-150x81.jpg 150w, https:\/\/sdk.mk\/wp-content\/uploads\/2018\/08\/marko3-800x429.jpg 800w, https:\/\/sdk.mk\/wp-content\/uploads\/2018\/08\/marko3-1200x644.jpg 1200w, https:\/\/sdk.mk\/wp-content\/uploads\/2018\/08\/marko3.jpg 1280w\" sizes=\"(max-width: 650px) 100vw, 650px\" \/><\/a><p id=\"caption-attachment-66485\" class=\"wp-caption-text\"><br \/> \u201cM\u00eb t\u00eb v\u00ebshtir\u00eb e kisha n\u00eb fillim te Sh\u00ebn Naumi. Uji ishte shum\u00eb i ftoht\u00eb dhe i turrbullt. Kishte shum\u00eb dallg\u00eb.<\/p><\/div>\n<p>Pas k\u00ebtij gjesti t\u00eb Markos, t\u00eb gjith\u00eb filluan t\u00eb interesohen se kur e ka pasur m\u00eb t\u00eb v\u00ebshtir\u00eb dhe n\u00ebse ka menduar ndonj\u00ebher\u00eb t\u00eb heq\u00eb dor\u00eb nga q\u00ebllimi p\u00ebr t\u00eb notuar n\u00eb liqenin e Ohrit.<\/p>\n<p>\u201cM\u00eb t\u00eb v\u00ebshtir\u00eb e kisha n\u00eb fillim te Sh\u00ebn Naumi. Uji ishte shum\u00eb i ftoht\u00eb dhe i turrbullt. Kishte shum\u00eb dallg\u00eb. N\u00eb ato \u00e7aste kisha dyshimet e mia, por e pash\u00eb babain tim Toni dhe mjekun Goran Balevski, t\u00eb cil\u00ebt m\u00eb th\u00ebrrit\u00ebn: \u201cMarko, do t\u00eb notojm\u00eb\u201d. Menj\u00ebher\u00eb ia ktheva p\u00ebrgjigjen: \u201cDo t\u00eb notojm\u00eb\u201d dhe vazhdova. At\u00ebher\u00eb fitova nj\u00eb fuqi t\u00eb madhe dhe vazhdova t\u00eb notoj. M\u00eb pas gjith\u00e7ka ishte m\u00eb e leht\u00eb. Nuk kisha asnj\u00eb kriz\u00eb deri te arritja e q\u00ebllimit n\u00eb Oh\u00ebr. N\u00ebse do t\u00eb kishte qen\u00eb koha m\u00eb e mire do ta kisha kaluar t\u00eb gjith\u00ebn p\u00ebr shtat\u00eb or\u00eb, jo p\u00ebr n\u00ebnt\u00eb\u201d, tha Marko, duke shtuar:<\/p>\n<p>&#8220;Gjat\u00eb koh\u00ebs kur notoj, kryesisht i p\u00ebrdor duart e mia. I p\u00ebrdor edhe k\u00ebmb\u00ebt, n\u00eb interval prej pes\u00ebmb\u00ebdhjet\u00eb minutash, q\u00eb t\u00eb mos fitoj ndonj\u00eb ng\u00ebr\u00e7 n\u00eb muskuj. B\u00ebj rreth 60 kthime krah\u00ebsh n\u00eb minut.&#8221;<\/p>\n<div id=\"attachment_66816\" style=\"width: 179px\" class=\"wp-caption alignright\"><a href=\"https:\/\/sdk.mk\/wp-content\/uploads\/2018\/09\/marko-so-brojot-28.jpg\"><img aria-describedby=\"caption-attachment-66816\" loading=\"lazy\" class=\"wp-image-66816 size-medium\" src=\"https:\/\/sdk.mk\/wp-content\/uploads\/2018\/09\/marko-so-brojot-28-400x711.jpg\" alt=\"\" width=\"169\" height=\"300\" srcset=\"https:\/\/sdk.mk\/wp-content\/uploads\/2018\/09\/marko-so-brojot-28-400x711.jpg 400w, https:\/\/sdk.mk\/wp-content\/uploads\/2018\/09\/marko-so-brojot-28-250x444.jpg 250w, https:\/\/sdk.mk\/wp-content\/uploads\/2018\/09\/marko-so-brojot-28-768x1365.jpg 768w, https:\/\/sdk.mk\/wp-content\/uploads\/2018\/09\/marko-so-brojot-28-650x1156.jpg 650w, https:\/\/sdk.mk\/wp-content\/uploads\/2018\/09\/marko-so-brojot-28-150x267.jpg 150w, https:\/\/sdk.mk\/wp-content\/uploads\/2018\/09\/marko-so-brojot-28-800x1422.jpg 800w, https:\/\/sdk.mk\/wp-content\/uploads\/2018\/09\/marko-so-brojot-28-1200x2133.jpg 1200w, https:\/\/sdk.mk\/wp-content\/uploads\/2018\/09\/marko-so-brojot-28.jpg 1300w\" sizes=\"(max-width: 169px) 100vw, 169px\" \/><\/a><p id=\"caption-attachment-66816\" class=\"wp-caption-text\">\u201cMarko thot\u00eb se ka vendosur t\u00eb notoj\u00eb m\u00eb 28 gusht,pasi vjet n\u00eb maraon\u00ebn e vog\u00ebl t\u00eb Ohrit ka pasur numrin 28\u201d (Foto: SDK.MK)<\/p><\/div>\n<p style=\"background: white;margin: 0in 0in 20.4pt 0in\">N\u00ebna e Markos, Violeta, \u00ebsht\u00eb mot\u00ebr medicinale n\u00eb Departamentin e pediatis\u00eb pran\u00eb Spitalit t\u00eb p\u00ebrgjithsh\u00ebm n\u00eb Oh\u00ebr, nd\u00ebrsa babai, Toni, ka nj\u00eb biznes privat. T\u00eb dy prind\u00ebrit e kan\u00eb trajnuar Markon nga tetori e deri n\u00eb qershor t\u00eb k\u00ebtij viti. Vjet m\u00eb 2 gusht, Marko mori pjes\u00eb n\u00eb maraton\u00ebn e vog\u00ebl t\u00eb notit q\u00eb mbahet n\u00eb Goric\u00eb, pran\u00eb Ohrit.<\/p>\n<p>\u201cAt\u00ebher\u00eb Marko m\u00eb pyeti n\u00ebse mund t\u00eb marr\u00eb pjes\u00eb n\u00eb maraton\u00ebn kryesore t\u00eb notit. Un\u00eb i thash\u00eb se n\u00eb at\u00eb gar\u00eb notojn\u00eb shum\u00eb notues t\u00eb fuqish\u00ebm, me kushte p\u00ebr trening, me nj\u00eb diet\u00eb t\u00eb ve\u00e7ant\u00eb dhe se ajo \u00ebsht\u00eb nj\u00eb maraton\u00eb e shpejt\u00eb. Pjes\u00ebmarr\u00ebsisht e asaj maratone jan\u00eb pothuajse si robot\u00eb. I sugjerova q\u00eb t\u00eb provoj\u00eb t\u00eb notoj\u00eb n\u00eb linj\u00ebn nga Sh\u00ebn Naumi n\u00eb Oh\u00ebr. Ai pranoi dhe p\u00ebrfundimisht m\u00eb 28 gusht e realizoi \u00ebndrr\u00ebn e tij\u201d, thot\u00eb Toni.<\/p>\n<p>Marko thot\u00eb se ka vendosur t\u00eb notoj\u00eb m\u00eb 28 gusht, pasi vjet, n\u00eb maraton\u00ebn e vog\u00ebl t\u00eb Ohrit ka mbajtur numrin 28.<\/p>\n<p>\u201cAt\u00eb num\u00ebr ta ruajn\u00eb edhe p\u00ebr gar\u00ebn e ardhshme n\u00eb rast se ti vendos t\u00eb garohesh p\u00ebrs\u00ebri. Un\u00eb kuptova se ky \u00ebsht\u00eb numri im i fatit dhe prandaj vendosa t\u00eb notoj n\u00eb Liqen m\u00eb dat\u00ebn 28 gusht, pa e menduar se at\u00ebher\u00eb ishte dita e Sh\u00ebn M\u00ebris\u00eb. Liqeni u vendos rast\u00ebsisht. Un\u00eb dhe babai im dy dit\u00eb para gar\u00ebs, shkuam n\u00eb kish\u00ebn e shpell\u00ebs s\u00eb Sh\u00ebn M\u00ebris\u00eb n\u00eb Gradishte, ku u lut\u00ebm\u201d, thot\u00eb Marko.<\/p>\n<div id=\"attachment_66475\" style=\"width: 660px\" class=\"wp-caption aligncenter\"><a href=\"https:\/\/sdk.mk\/wp-content\/uploads\/2018\/08\/marko1.jpg\"><img aria-describedby=\"caption-attachment-66475\" loading=\"lazy\" class=\"wp-image-66475 size-large\" src=\"https:\/\/sdk.mk\/wp-content\/uploads\/2018\/08\/marko1-650x386.jpg\" alt=\"\" width=\"650\" height=\"386\" srcset=\"https:\/\/sdk.mk\/wp-content\/uploads\/2018\/08\/marko1-650x386.jpg 650w, https:\/\/sdk.mk\/wp-content\/uploads\/2018\/08\/marko1-250x148.jpg 250w, https:\/\/sdk.mk\/wp-content\/uploads\/2018\/08\/marko1-400x238.jpg 400w, https:\/\/sdk.mk\/wp-content\/uploads\/2018\/08\/marko1-768x456.jpg 768w, https:\/\/sdk.mk\/wp-content\/uploads\/2018\/08\/marko1-150x89.jpg 150w, https:\/\/sdk.mk\/wp-content\/uploads\/2018\/08\/marko1-800x475.jpg 800w, https:\/\/sdk.mk\/wp-content\/uploads\/2018\/08\/marko1-1200x713.jpg 1200w, https:\/\/sdk.mk\/wp-content\/uploads\/2018\/08\/marko1.jpg 1280w\" sizes=\"(max-width: 650px) 100vw, 650px\" \/><\/a><p id=\"caption-attachment-66475\" class=\"wp-caption-text\">\u201cT\u00eb kishte qen\u00eb koha m\u00eb e mire do ta mb\u00ebrrija cakun p\u00ebr shtat\u00eb, jo p\u00ebr n\u00ebnt\u00eb or\u00eb\u201d, thot\u00eb Marko; &#8211; n\u00eb cakun n\u00eb Oh\u00ebr (Foto: SDK.MK)<\/p><\/div>\n<p>Babi i tij thot\u00eb se deri von\u00eb Marko nuk ka p\u00ebrmendur fare se kush \u00ebsht\u00eb idhulli i tij n\u00eb not.<\/p>\n<p>\u201cPo, un\u00eb kam idhullin tim. Ajo \u00ebsht\u00eb Atina Bojaxhi q\u00eb ka notuar n\u00eb Lamansh. E pash\u00eb filmi \u201cDrejtohu Delfina\u201d, i frym\u00ebzuar nga ky gjest. U mahnita nga vullneti i saj i madh, p\u00ebr t\u00eb arritur di\u00e7ka t\u00eb pamundur, p\u00ebr t\u00eb arritur te q\u00ebllimi. Krah k\u00ebsaj, doja t\u2019ia v\u00ebrtetoja vetes dhe t\u00eb tjer\u00ebve se jam i aft\u00eb t\u00eb b\u00ebj edhe un\u00eb di\u00e7ka t\u00eb ve\u00e7ant\u00eb, di\u00e7ka jo t\u00eb p\u00ebrditshme\u201d, thot\u00eb Marko.<\/p>\n<p>Toni thot\u00eb se deri m\u00eb tani nuk kan\u00eb menduar p\u00ebr q\u00ebllime t\u00eb tjera n\u00eb not.<\/p>\n<div id=\"attachment_66818\" style=\"width: 308px\" class=\"wp-caption alignleft\"><a href=\"https:\/\/sdk.mk\/wp-content\/uploads\/2018\/09\/tatkoto-na-Marko-Toni-Pejcinoski.jpg\"><img aria-describedby=\"caption-attachment-66818\" loading=\"lazy\" class=\"size-medium wp-image-66818\" src=\"https:\/\/sdk.mk\/wp-content\/uploads\/2018\/09\/tatkoto-na-Marko-Toni-Pejcinoski-400x403.jpg\" alt=\"\" width=\"298\" height=\"300\" srcset=\"https:\/\/sdk.mk\/wp-content\/uploads\/2018\/09\/tatkoto-na-Marko-Toni-Pejcinoski-400x403.jpg 400w, https:\/\/sdk.mk\/wp-content\/uploads\/2018\/09\/tatkoto-na-Marko-Toni-Pejcinoski-250x252.jpg 250w, https:\/\/sdk.mk\/wp-content\/uploads\/2018\/09\/tatkoto-na-Marko-Toni-Pejcinoski-768x773.jpg 768w, https:\/\/sdk.mk\/wp-content\/uploads\/2018\/09\/tatkoto-na-Marko-Toni-Pejcinoski-650x655.jpg 650w, https:\/\/sdk.mk\/wp-content\/uploads\/2018\/09\/tatkoto-na-Marko-Toni-Pejcinoski-150x151.jpg 150w, https:\/\/sdk.mk\/wp-content\/uploads\/2018\/09\/tatkoto-na-Marko-Toni-Pejcinoski-800x806.jpg 800w, https:\/\/sdk.mk\/wp-content\/uploads\/2018\/09\/tatkoto-na-Marko-Toni-Pejcinoski-1200x1208.jpg 1200w, https:\/\/sdk.mk\/wp-content\/uploads\/2018\/09\/tatkoto-na-Marko-Toni-Pejcinoski.jpg 1300w\" sizes=\"(max-width: 298px) 100vw, 298px\" \/><\/a><p id=\"caption-attachment-66818\" class=\"wp-caption-text\">Babai i tij, Toni, thot\u00eb se tani p\u00ebr tani nuk mendojn\u00eb p\u00ebr q\u00ebllime t\u00eb tjera n\u00eb fush\u00ebn e notit. \u201cUn\u00eb i kam pasur frik\u00eb ato q\u00ebllime m\u00eb t\u00eb larta, por asnj\u00ebher\u00eb nuk i dihet\u201d, thot\u00eb ai (Foto: SDK.MK)<\/p><\/div>\n<p>\u201cUn\u00eb i kam pak frik\u00eb, t\u00eb them t\u00eb drejt\u00ebn, ato q\u00ebllime t\u00eb larta, por asnj\u00ebher\u00eb nuk i dihet\u201d, tha ai.<\/p>\n<p>N\u00eb nj\u00eb moment, n\u00eb plazhin ku ne po diskutonim, mb\u00ebrrit\u00ebn pes\u00eb djem t\u00eb rinj dhe t\u00eb fort\u00eb. Nj\u00ebri nga ata tha: \u00cbsht\u00eb ky Marko, heroi yn\u00eb? Ne i p\u00ebrkasim nj\u00ebsis\u00eb \u201cTigra\u201d t\u00eb MPB. Asnj\u00ebher\u00eb mos u dor\u00ebzo, t\u00eb vazhdosh k\u00ebt\u00eb gj\u00eb q\u00eb ke nisur. Pastaj ata u fotografuan me Markon.<\/p>\n<p>Pyetjes n\u00ebse prap\u00eb se prap\u00eb mendon t\u00eb notoj\u00eb n\u00eb ndonj\u00eb gar\u00eb m\u00eb t\u00eb gjat\u00eb n\u00eb nj\u00eb vend tjet\u00ebr, Marko i p\u00ebrgjigjet me nj\u00eb \u201cnuk e di\u201d.<\/p>\n<p>\u201cNuk e di, do ta shohim. Mbase nj\u00eb dit\u00eb. Un\u00eb realizova nj\u00eb \u00ebnd\u00ebrrr m\u00eb 28 gusht\u201d, tha ai.<\/p>\n\n<div style=\"font-size: 0px; height: 0px; line-height: 0px; margin: 0; padding: 0; clear: both;\"><\/div>","protected":false},"excerpt":{"rendered":"<p>12 vje\u00e7ari Marko Pej\u00e7inoski, me nekroz\u00eb n\u00eb k\u00ebmb\u00eb, m\u00eb 28 gusht, n\u00eb dit\u00ebn e Sh\u00ebn M\u00ebris\u00eb notoi n\u00eb liqenin e [&hellip;]<\/p>\n","protected":false},"author":25,"featured_media":66817,"comment_status":"closed","ping_status":"closed","sticky":false,"template":"","format":"standard","meta":{"_mo_disable_npp":"","inline_featured_image":false},"categories":[3085],"tags":[],"imageURL":"https:\/\/sdk.mk\/wp-content\/uploads\/2018\/09\/marko-so-tigrite-650x375.jpg","thumbURL":"https:\/\/sdk.mk\/wp-content\/uploads\/2018\/09\/marko-so-tigrite-250x144.jpg","categoryNames":["Histori t\u00eb parr\u00ebfyera"],"feature_caption":"Marko \u00ebsht\u00eb nj\u00eb hero dhe t\u00eb gjith\u00eb duan t\u00eb fotografohen me t\u00eb \u2013 \u201ctigrat\u201d e MPB e p\u00ebrsh\u00ebndet\u00ebn n\u00eb Oh\u00ebr dhe i than\u00eb t\u00eb mos dor\u00ebzohet asnj\u00ebher\u00eb(Foto: SDK.MK) ","subtitle":"","views":"5272","source":"Oh\u00ebr (SAKAMDAKAZAM.MK)","yoast_head":"<!-- This site is optimized with the Yoast SEO Premium plugin v15.0 - https:\/\/yoast.com\/wordpress\/plugins\/seo\/ -->\n<title>NOTOJ Q\u00cb T\u00cb SH\u00cbNDOSHEM KUR T\u00cb RRITEM, THOT\u00cb 12 VJE\u00c7ARI MARKO PEJ\u00c7INOSKI I CILI NOTOI N\u00cb LIQENIN E OHRIT - \u0421\u0430\u043a\u0430\u043c \u0414\u0430 \u041a\u0430\u0436\u0430\u043c<\/title>\n<meta name=\"robots\" content=\"index, follow, max-snippet:-1, max-image-preview:large, max-video-preview:-1\" \/>\n<link rel=\"canonical\" href=\"https:\/\/sdk.mk\/index.php\/histori-te-parrefyera\/notoj-qe-te-shendoshem-kur-te-rritem-thote-12-vjecari-marko-pejcinoski-cili-notoi-ne-liqenin-e-ohrit\/\" \/>\n<meta property=\"og:locale\" content=\"mk_MK\" \/>\n<meta property=\"og:type\" content=\"article\" \/>\n<meta property=\"og:title\" content=\"NOTOJ Q\u00cb T\u00cb SH\u00cbNDOSHEM KUR T\u00cb RRITEM, THOT\u00cb 12 VJE\u00c7ARI MARKO PEJ\u00c7INOSKI I CILI NOTOI N\u00cb LIQENIN E OHRIT - \u0421\u0430\u043a\u0430\u043c \u0414\u0430 \u041a\u0430\u0436\u0430\u043c\" \/>\n<meta property=\"og:description\" content=\"12 vje\u00e7ari Marko Pej\u00e7inoski, me nekroz\u00eb n\u00eb k\u00ebmb\u00eb, m\u00eb 28 gusht, n\u00eb dit\u00ebn e Sh\u00ebn M\u00ebris\u00eb notoi n\u00eb liqenin e [&hellip;]\" \/>\n<meta property=\"og:url\" content=\"https:\/\/sdk.mk\/index.php\/histori-te-parrefyera\/notoj-qe-te-shendoshem-kur-te-rritem-thote-12-vjecari-marko-pejcinoski-cili-notoi-ne-liqenin-e-ohrit\/\" \/>\n<meta property=\"og:site_name\" content=\"\u0421\u0430\u043a\u0430\u043c \u0414\u0430 \u041a\u0430\u0436\u0430\u043c\" \/>\n<meta property=\"article:published_time\" content=\"2018-09-03T10:14:51+00:00\" \/>\n<meta property=\"og:image\" content=\"https:\/\/sdk.mk\/wp-content\/uploads\/2018\/09\/marko-so-tigrite.jpg\" \/>\n\t<meta property=\"og:image:width\" content=\"1500\" \/>\n\t<meta property=\"og:image:height\" content=\"866\" \/>\n<meta property=\"fb:app_id\" content=\"2407985809428537\" \/>\n<meta name=\"twitter:card\" content=\"summary\" \/>\n<script type=\"application\/ld+json\" class=\"yoast-schema-graph\">{\"@context\":\"https:\/\/schema.org\",\"@graph\":[{\"@type\":\"WebSite\",\"@id\":\"https:\/\/sdk.mk\/#website\",\"url\":\"https:\/\/sdk.mk\/\",\"name\":\"\\u0421\\u0430\\u043a\\u0430\\u043c \\u0414\\u0430 \\u041a\\u0430\\u0436\\u0430\\u043c\",\"description\":\"\\u0417\\u0430 \\u0441\\u043b\\u043e\\u0431\\u043e\\u0434\\u043e\\u0443\\u043c\\u043d\\u0438\",\"potentialAction\":[{\"@type\":\"SearchAction\",\"target\":\"https:\/\/sdk.mk\/?s={search_term_string}\",\"query-input\":\"required name=search_term_string\"}],\"inLanguage\":\"mk-MK\"},{\"@type\":\"ImageObject\",\"@id\":\"https:\/\/sdk.mk\/index.php\/histori-te-parrefyera\/notoj-qe-te-shendoshem-kur-te-rritem-thote-12-vjecari-marko-pejcinoski-cili-notoi-ne-liqenin-e-ohrit\/#primaryimage\",\"inLanguage\":\"mk-MK\",\"url\":\"https:\/\/sdk.mk\/wp-content\/uploads\/2018\/09\/marko-so-tigrite.jpg\",\"width\":1500,\"height\":866},{\"@type\":\"WebPage\",\"@id\":\"https:\/\/sdk.mk\/index.php\/histori-te-parrefyera\/notoj-qe-te-shendoshem-kur-te-rritem-thote-12-vjecari-marko-pejcinoski-cili-notoi-ne-liqenin-e-ohrit\/#webpage\",\"url\":\"https:\/\/sdk.mk\/index.php\/histori-te-parrefyera\/notoj-qe-te-shendoshem-kur-te-rritem-thote-12-vjecari-marko-pejcinoski-cili-notoi-ne-liqenin-e-ohrit\/\",\"name\":\"NOTOJ Q\\u00cb T\\u00cb SH\\u00cbNDOSHEM KUR T\\u00cb RRITEM, THOT\\u00cb 12 VJE\\u00c7ARI MARKO PEJ\\u00c7INOSKI I CILI NOTOI N\\u00cb LIQENIN E OHRIT - \\u0421\\u0430\\u043a\\u0430\\u043c \\u0414\\u0430 \\u041a\\u0430\\u0436\\u0430\\u043c\",\"isPartOf\":{\"@id\":\"https:\/\/sdk.mk\/#website\"},\"primaryImageOfPage\":{\"@id\":\"https:\/\/sdk.mk\/index.php\/histori-te-parrefyera\/notoj-qe-te-shendoshem-kur-te-rritem-thote-12-vjecari-marko-pejcinoski-cili-notoi-ne-liqenin-e-ohrit\/#primaryimage\"},\"datePublished\":\"2018-09-03T10:14:51+00:00\",\"dateModified\":\"2018-09-03T10:14:51+00:00\",\"author\":{\"@id\":\"https:\/\/sdk.mk\/#\/schema\/person\/737021aeacbe893f7e2c347186c5c7a1\"},\"inLanguage\":\"mk-MK\",\"potentialAction\":[{\"@type\":\"ReadAction\",\"target\":[\"https:\/\/sdk.mk\/index.php\/histori-te-parrefyera\/notoj-qe-te-shendoshem-kur-te-rritem-thote-12-vjecari-marko-pejcinoski-cili-notoi-ne-liqenin-e-ohrit\/\"]}]},{\"@type\":\"Person\",\"@id\":\"https:\/\/sdk.mk\/#\/schema\/person\/737021aeacbe893f7e2c347186c5c7a1\",\"name\":\"\\u0424\\u0458\\u043e\\u043b\\u0430 \\u0417\\u043b\\u0430\\u0442\\u043a\\u0443\"}]}<\/script>\n<!-- \/ Yoast SEO Premium plugin. -->","_links":{"self":[{"href":"https:\/\/sdk.mk\/index.php\/wp-json\/wp\/v2\/posts\/66919"}],"collection":[{"href":"https:\/\/sdk.mk\/index.php\/wp-json\/wp\/v2\/posts"}],"about":[{"href":"https:\/\/sdk.mk\/index.php\/wp-json\/wp\/v2\/types\/post"}],"author":[{"embeddable":true,"href":"https:\/\/sdk.mk\/index.php\/wp-json\/wp\/v2\/users\/25"}],"replies":[{"embeddable":true,"href":"https:\/\/sdk.mk\/index.php\/wp-json\/wp\/v2\/comments?post=66919"}],"version-history":[{"count":0,"href":"https:\/\/sdk.mk\/index.php\/wp-json\/wp\/v2\/posts\/66919\/revisions"}],"wp:featuredmedia":[{"embeddable":true,"href":"https:\/\/sdk.mk\/index.php\/wp-json\/wp\/v2\/media\/66817"}],"wp:attachment":[{"href":"https:\/\/sdk.mk\/index.php\/wp-json\/wp\/v2\/media?parent=66919"}],"wp:term":[{"taxonomy":"category","embeddable":true,"href":"https:\/\/sdk.mk\/index.php\/wp-json\/wp\/v2\/categories?post=66919"},{"taxonomy":"post_tag","embeddable":true,"href":"https:\/\/sdk.mk\/index.php\/wp-json\/wp\/v2\/tags?post=66919"}],"curies":[{"name":"wp","href":"https:\/\/api.w.org\/{rel}","templated":true}]}}