{"id":67990,"date":"2018-09-15T18:39:02","date_gmt":"2018-09-15T16:39:02","guid":{"rendered":"https:\/\/sdk.mk\/?p=67990"},"modified":"2018-09-15T18:39:02","modified_gmt":"2018-09-15T16:39:02","slug":"cader-dhe-sanduic","status":"publish","type":"post","link":"https:\/\/sdk.mk\/index.php\/dua-te-them\/cader-dhe-sanduic\/","title":{"rendered":"\u00c7AD\u00cbR DHE SANDUI\u00c7"},"content":{"rendered":"<div class=\"f52428582a4b906b2d2e2a7d733c7d27\" data-index=\"7\" style=\"float: none; margin:10px 0 10px 0; text-align:center;\">\n<!-- MSP Ads Asynchronous JS Tag - Generated with Revive Adserver v5.4.1 -->\r\n<ins data-revive-zoneid=\"167\" data-revive-id=\"060fdb01f6430ec164d3519234aa4967\"><\/ins>\r\n<script async src=\"\/\/panel.ads.com.mk\/www\/delivery\/asyncjs.php\"><\/script>\n<\/div>\n<p><span class=\"dropcap color firstcharacter\">1<\/span>\u00c7far\u00eb do t\u00eb thot\u00eb t\u00eb jesh nj\u00eb maqedonas tipik, p\u00ebrfaq\u00ebsues i Maqedonis\u00eb biblike. T\u00ebr\u00eb jet\u00ebn mendon se je qendra e bot\u00ebs. E n\u00eb momentin kur shtetasit bot\u00ebror\u00eb do t\u00eb vin\u00eb p\u00ebr t\u00eb ta konfirmuar se je qendra e bot\u00ebs, ti do t\u2019u thuash: Po si? Ata do t\u00eb na thon\u00eb se kush na qenka qendra e bot\u00ebs.<\/p>\n<p><span class=\"dropcap color firstcharacter\">2<\/span>T\u00eb h\u00ebn\u00ebn do t\u00eb vij\u00eb ministri i mbrojtjes i SHBA-ve, Xhejms Matis. Njeriu i tret\u00eb i qeveris\u00eb amerikane do ta ndez\u00eb avionin enkas nga Uashingtoni p\u00ebr Shkup dhe do t\u00eb kthehet prap\u00eb brenda nj\u00eb dite. Kancelarja gjermane Angela Merkel, nga takimi me Makronin n\u00eb Marsej, rrug\u00ebs p\u00ebr Berlin, u ndal edhe n\u00eb Shkup. N\u00eb qershor, rrug\u00ebs nga Sofja p\u00ebr n\u00eb Lond\u00ebr, n\u00eb Shkup ateroi edhe kryeministrja britanike Tereza Mej. Federika Mogerini me avionin e vog\u00ebl ku shkruan Republika e Maqedonias\u00eb erdhi t\u00eb hante qebap\u00eb n\u00eb \u00c7arshin\u00eb e Vjet\u00ebr t\u00eb Shkupit. Ves Mi\u00e7elit tanim\u00eb lirisht mund t\u2019i nxjerrim let\u00ebr njoftim dhe leje p\u00ebr q\u00ebndrim, me aq her\u00eb sa ka ardhur\u2026<br \/>\nNd\u00ebrkoh\u00eb masa jon\u00eb e thjesht\u00eb akoma konsideron lider\u00eb ata q\u00eb i thon\u00eb: K\u00ebta njer\u00ebz vijn\u00eb q\u00eb t\u2019ju zhdukin.<\/p>\n<p>E k\u00ebta t\u00eb huajt kan\u00eb akoma durimin p\u00ebr t\u00eb na bindur: \u201cJo ore, ne jemi serioz\u00eb. P\u00ebrfaq\u00ebsojm\u00eb shtete dhe institucione serioze\u201d. Mogerini thot\u00eb se nes\u00ebr do t\u00eb jet\u00eb von\u00eb p\u00ebr t\u2019u penduar n\u00eb qoft\u00eb se tani nuk e shfryt\u00ebzojm\u00eb demokracin\u00eb. Kurse p\u00ebrfaq\u00ebsuesi nga Departamenti i shtetit, Ves Mi\u00e7el e dha detyr\u00ebn m\u00eb t\u00eb v\u00ebshtir\u00eb p\u00ebr Maqedonasit. Ta plot\u00ebsojn\u00eb lirin\u00eb dhe p\u00ebrgjegj\u00ebsin\u00eb e tyre.<br \/>\nNga cili popull k\u00ebrkon p\u00ebrgjegjshm\u00ebri? Nga njer\u00ebzit q\u00eb i hedhin mbeturinat para dere, q\u00eb i l\u00ebn\u00eb qent\u00eb t\u00eb kryejn\u00eb nevoj\u00ebn n\u00eb mes t\u00eb rrug\u00ebs e pastaj shkelin n\u00eb sht\u00ebpi, t\u00eb ndyr\u00eb me t\u00eb? Nga cil\u00ebt njer\u00ebz k\u00ebrkon t\u00eb respektohet liria? Nga ata q\u00eb jan\u00eb t\u00eb gatsh\u00ebm t\u2019i b\u00ebjn\u00eb qejfin secilit nga pushtetar\u00ebve partiak\u00eb i cili do t\u2019u premtoj\u00eb pun\u00eb n\u00eb administrat\u00eb? Nga njer\u00ebz q\u00eb shesin dinjitetin e tyre p\u00ebr nj\u00eb sandui\u00e7? Nga njer\u00ebz si ai rrah\u00ebsi Damjan Man\u00e7evski n\u00eb Parlament m\u00eb 27 prill, vjet? Kur hyri n\u00eb Parlament q\u00eb t\u00eb vras\u00eb, por n\u00eb mes t\u00eb revolucionit ia shiti \u00e7adr\u00ebn p\u00ebr 1.000 denar\u00eb Man\u00e7evskit. \u00c7adra me t\u00eb cilin paraprakisht ia kishte p\u00ebrgjakur kok\u00ebn. Edhe sandui\u00e7 edhe para p\u00ebr \u00e7ad\u00ebr t\u00eb re.<br \/>\nOre, ne nuk dim\u00eb se \u00e7far\u00eb t\u00eb b\u00ebjm\u00eb edhe me k\u00ebt\u00eb liri q\u00eb e kemi nga 1945 e k\u00ebtej. Sepse kemi frik\u00eb se do t\u00eb na b\u00ebhet jeta m\u00eb mir\u00eb. E pastaj nuk do t\u00eb kemi se k\u00eb t\u00eb faj\u00ebsojm\u00eb p\u00ebr mossukseset tona.<br \/>\nTi u flet atyre personave p\u00ebr p\u00ebrgjegjshm\u00ebri historike? Jo ore, ata nuk duan t\u00eb b\u00ebjn\u00eb histori. Ata duan t\u00eb gatuajn\u00eb ajvar. T\u00eb rrin\u00eb n\u00eb sht\u00ebpi t\u00eb fshehur. Sepse u thon\u00eb se do t\u2019i fotografojn\u00eb n\u00ebse do t\u00eb dalin n\u00eb referendum. N\u00ebse jan\u00eb shitur p\u00ebr sandui\u00e7\u00eb p\u00ebr 11 vjet, p\u00ebrderisa i kan\u00eb t\u00ebrhequr p\u00ebr veshi q\u00eb t\u00eb votonin, sigurisht q\u00eb tani kan\u00eb frik\u00eb se mos fotografohen. Epo, zbukurohuni q\u00eb t\u00eb dilni m\u00eb t\u00eb bukur n\u00eb fotografi.<\/p>\n<p><span class=\"dropcap color firstcharacter\">3<\/span> Debatoni n\u00ebse Mickoski ka nj\u00eb q\u00ebndrim apo jo. Ai akoma d\u00ebshiron t\u00eb na tall\u00eb n\u00ebp\u00ebr televizione me budallall\u00ebqet e tij. Jo ore. Mickoski ka nj\u00eb q\u00ebndrim t\u00eb qart\u00eb. Ky q\u00ebndrim \u00ebsht\u00eb nd\u00ebrtuar q\u00eb m\u00eb 11 dhjetor 2016. Gruevski dhe shoq\u00ebria bandite e VMRO-DPMNE-s\u00eb duhet t\u00eb shp\u00ebtojn\u00eb nga burgu.<br \/>\nJemi totalisht budallenj. Presim se \u00e7far\u00eb do t\u00eb vendoska trupi m\u00eb i lart\u00eb i partis\u00eb n\u00eb oborrin mbret\u00ebror t\u00eb Gruevskit. Mickoski do ta th\u00ebnka q\u00ebndrimin e tij. Nd\u00ebrkoh\u00eb q\u00eb brenda rrin\u00eb njer\u00ebz q\u00eb \u00e7do jav\u00eb duhet t\u00eb paraqesin n\u00eb gjyq se nuk ia kan\u00eb mbathur nga shteti. Dhe presin gjykime t\u00eb r\u00ebnda p\u00ebr krimet e tyre. Me shpres\u00ebn se n\u00ebse ka nj\u00eb kriz\u00eb t\u00eb re n\u00eb shtet apo n\u00ebse bota heq dor\u00eb nga ne, ata do t\u00eb kthehen n\u00eb pushtet. Nd\u00ebrkoh\u00eb ne, mediat, ngaq\u00eb i b\u00ebjm\u00eb t\u00eb duken kaq t\u00eb r\u00ebnd\u00ebsish\u00ebm, ua ngrem\u00eb akoma m\u00eb shum\u00eb shpresat. Frika e tyre se do t\u00eb shkojn\u00eb n\u00eb burg b\u00ebhet tem\u00eb m\u00eb e r\u00ebnd\u00ebsishme se sa fakti n\u00ebse t\u00eb gjith\u00eb do t\u00eb shkojm\u00eb p\u00ebrpara apo do t\u00eb kthehemi pas.<br \/>\nGjith\u00e7ka q\u00eb thot\u00eb Mickoski \u00ebsht\u00eb vet\u00ebm p\u00ebr t\u00eb fituar koh\u00eb shp\u00ebtimi n\u00eb liri p\u00ebr Gruevskin dhe shoq\u00ebrin\u00eb e tij bandite. Shtyrje e vendosjes s\u00eb drejt\u00ebsis\u00eb. Nj\u00ebsoj si me hilet e avokat\u00ebve, k\u00ebrkesat p\u00ebr marrje n\u00eb pyetje t\u00eb gjykat\u00ebsve, prokuror\u00ebve. Nj\u00ebher\u00eb s\u00ebmuret nj\u00eb gjykat\u00ebs, pastaj nj\u00eb i akuzuar,, m\u00eb von\u00eb do t\u00eb jet\u00eb i z\u00ebn\u00eb avokati dhe historit\u00eb e Mickoskit se ka qen\u00eb n\u00eb NATO dhe BE, por marr\u00ebveshja kapitulloi dhe q\u00ebndrimin e tyre do ta thot\u00eb m\u00eb 30 shtator.<br \/>\nP\u00ebr m\u00eb tep\u00ebr, VMRO-DPMNE ka bler\u00eb koh\u00eb p\u00ebr vete q\u00eb kur dol\u00ebn bombat e para n\u00eb shkurt 2015. Me shpres\u00ebn se dikush do t\u2019i shp\u00ebtoj\u00eb nga burgu. Fillimisht e t\u00ebrhiqnin si \u00e7am\u00e7ak\u00ebz sjelljen e ligjit p\u00ebr PSP. E institucionet nuk i jepnin dokumente Katica Janev\u00ebs me muaj t\u00eb t\u00ebr\u00eb. E m\u00eb pas Gjorge Ivanovi falte. E m\u00eb pas e gjith\u00eb bota i k\u00ebrc\u00ebnohej p\u00ebr t\u2019i t\u00ebrhequr faljet. E m\u00eb pas as ai e as VMRO-DPMNE nuk e jepnin mandatin pas zgjedhjeve. Trajko Veljanoski me zor ulej n\u00eb vendin e kryetarit t\u00eb Parlamentit p\u00ebr kat\u00ebr muaj. E Ivanovi shpiku garancione t\u00eb shkruara nga Zaevi dhe priste, priste&#8230;E deputet\u00ebt e VMRO-DPMNE nuk e jepnin Zv\u00ebrlevskin me jav\u00eb. Eh ore, ata edhe luft\u00eb do t\u00eb b\u00ebnin m\u00eb 27 prill 2017 p\u00ebr t\u00eb shp\u00ebtuar.<br \/>\nNga ata njer\u00ebz prisni q\u00ebndrim p\u00ebr referendumin? Nga njer\u00ebz t\u00eb cil\u00ebt tremben nga vet\u00eb mb\u00ebshtet\u00ebsit e tyre se do t\u2019i fotografojn\u00eb n\u00eb vendet e votimet m\u00eb 30 shtator? Dhe, \u00e7far\u00eb do t\u00eb b\u00ebjn\u00eb me fotografit\u00eb? Do t\u2019ia japin Gruevskit q\u00eb t\u00eb b\u00ebj\u00eb albume e t\u00eb mos m\u00ebrzitet n\u00eb Idrizov\u00eb?<\/p>\n<p><span class=\"dropcap color firstcharacter\">4<\/span>Nd\u00ebrkoh\u00eb q\u00eb i g\u00ebnjejn\u00eb se n\u00eb rastin q\u00eb referendumi do t\u00eb kishte sukses, maqedonasit do t\u00eb zhdukeshin. Pse? Prandaj para emrit Maqedonia do t\u00eb vendosim nj\u00eb mbiem\u00ebr, p\u00ebrcaktues gjeografik, vet\u00ebm q\u00eb t\u00eb mund t\u00eb nisim p\u00ebrpara. Me nj\u00eb gjuh\u00eb dhe komb\u00ebsi t\u00eb pranuar maqedonase. Kurse ata i g\u00ebnjejn\u00eb se jemi maqedonas t\u00eb veriut. I g\u00ebnjejn\u00eb se edhe gjuha \u00ebsht\u00eb maqedonishte e veriut. Dhe ata u besojn\u00eb.<br \/>\nEh m\u00ebr njer\u00ebz, t\u00eb gjith\u00eb k\u00ebta p\u00ebrfaq\u00ebsues t\u00eb shteteve t\u00eb fuqishme na thon\u00eb se nuk \u00ebsht\u00eb vet\u00ebm interesi yn\u00eb q\u00eb t\u00eb futemi n\u00eb NATO dhe t\u00eb fillojm\u00eb negociatat p\u00ebr t\u00eb hyr\u00eb n\u00eb BE. Por \u00ebsht\u00eb edhe interesi i tyre q\u00eb ne t\u00eb hym\u00eb n\u00eb NATO. Dhe n\u00ebse ata kan\u00eb vendosur ta zgjerojn\u00eb NATO-n, a do ta l\u00ebn\u00eb q\u00eb zgjerimi t\u00eb varet nga Mickoski?<br \/>\nMund edhe t\u00eb varet. Por, n\u00ebse ne shfaqim q\u00ebndrimin ton\u00eb kund\u00ebr interesit t\u00eb tyre, at\u00ebher\u00eb ne jemi armiqt\u00eb e tyre. Shum\u00eb e thjesht\u00eb.<\/p>\n<p>Mir\u00eb k\u00ebta q\u00eb mendojn\u00eb se Gruevski do t\u2019ua kthej\u00eb \u2013 me sa duket ata nuk mendoj\u00eb dot me kok\u00ebn e tyre. Por njer\u00ebzit q\u00eb brendohen si intelektual\u00eb dhe fshihen pas hijeve q\u00eb t\u00eb mos marrin p\u00ebrgjegj\u00ebsi p\u00ebr krimet q\u00eb kan\u00eb b\u00ebr\u00eb? Si mund t\u00eb mos jen\u00eb t\u00eb vet\u00ebdijsh\u00ebm se ky referendum nuk \u00ebsht\u00eb momenti q\u00eb t\u00eb na thon\u00eb se si duhet t\u00eb jemi dhe \u00e7far\u00eb duhet t\u00eb b\u00ebjm\u00eb q\u00eb t\u00eb jemi t\u00eb denj\u00eb p\u00ebr BE. Nuk pash\u00eb ndonj\u00ebrin nga ata t\u00eb kishte ndonj\u00eb sugjerim se \u00e7far\u00eb do t\u00eb b\u00ebjm\u00eb m\u00eb 1 tetor n\u00eb rast se referendumi nuk ka sukses.<\/p>\n<p>Me pak fjal\u00eb, t\u00eb gjith\u00eb q\u00eb desh\u00ebn t\u00eb na b\u00ebjn\u00eb pjes\u00eb t\u00eb shoq\u00ebris\u00eb s\u00eb tyre, n\u00ebse ne vazhdojm\u00eb t\u00eb jemi kategorik\u00eb se nuk duam me ta, m\u00eb 1 tetor nuk do t\u00eb na ngren\u00eb as telefonin. Do t\u00eb na v\u00ebn\u00eb nj\u00eb ignore. Dhe ky nuk \u00ebsht\u00eb nj\u00eb k\u00ebrc\u00ebnim, si\u00e7 tha Merkeli. \u00cbsht\u00eb nj\u00eb realitet. Realitet t\u00eb cilin ata e shohin. E ne p\u00ebr ndonj\u00eb arsye nuk duam ta shohim. Thjesht, nuk u plas p\u00ebr ne. Pla\u00e7i aty ku jeni nga inati juaj. Le t\u2019u drejtojn\u00eb kriminel\u00eb, se nuk keni merituar m\u00eb shum\u00eb. Vazhdoni t\u00eb g\u00ebrmoni rr\u00ebnj\u00ebt p\u00ebr t\u2019u ushqyer.<br \/>\n\u00c7far\u00eb mund t\u00eb b\u00ebsh kur je para vendimit q\u00eb t\u00eb vazhdosh t\u00eb ekzistosh apo jo? N\u00ebse nuk do t\u00eb votosh \u2013 nuk do t\u00eb jesh m\u00eb. Dhe nuk e di se di do t\u00eb mund t\u00eb t\u00eb duket vetja i denj\u00eb p\u00ebr BE dhe NATO n\u00ebse nuk del p\u00ebr t\u00eb votuar.<br \/>\nAshtu si\u00e7 p\u00ebrforcohet e djathta ekstreme n\u00ebp\u00ebr Evrop\u00eb, nuk \u00ebsht\u00eb \u00e7udi n\u00ebse ndonj\u00eb minist\u00ebr i ndritur i pun\u00ebve t\u00eb brendshme k\u00ebrkon t\u00eb na kthehen edhe vizat. Do t\u00eb \u00e7oni inat me ne? Epo, edhe ne me ju at\u00ebher\u00eb. E pastaj le t\u00eb udh\u00ebtojn\u00eb gjyshet dhe tezet nga Vin\u00e7enza n\u00eb Strumin\u00e7enc\u00eb me letra garancie nga f\u00ebmij\u00ebt, p\u00ebr t\u2019i par\u00eb nip\u00ebrit. Dhe t\u00eb gjith\u00eb q\u00eb punojn\u00eb n\u00eb t\u00eb zez\u00eb, pas tre muajsh n\u00eb Evrop\u00eb t\u00eb duhet t\u00eb kthehen p\u00ebr t\u00eb pritur n\u00eb radh\u00eb para ambasadave. N\u00ebse duan pun\u00eb dhe shkollim n\u00eb BE, le t\u00eb nxjerrin pasaporta bullgare. E kur t\u00eb mos ket\u00eb m\u00eb bullgar\u00eb nga maqedonasit n\u00eb k\u00ebt\u00eb territor, ndarja do t\u00eb vij\u00eb natyrsh\u00ebm. K\u00ebtej shqiptar\u00ebt, andej bullgar\u00ebt&#8230; Mjaft e kishit, o maqedonas, mjaft e kishit. Kishit shtetin tuaj nga 1945 e deri m\u00eb tani, g\u00ebzoheshit, por nuk b\u00ebkeni p\u00ebr k\u00ebt\u00eb pun\u00eb, jo. E pastaj, bojkotoni dhe thoni urt\u00ebsit\u00eb e bot\u00ebs sa t\u00eb keni qejf. Dhe k\u00ebnaquni n\u00eb iluzionin se bota rrotullohet rreth jush kur bota juve do t\u2019ju harroj\u00eb.<\/p>\n<p><em>P\u00ebrktheu: Fjolla Zllatku<\/em><\/p>\n\n<div style=\"font-size: 0px; height: 0px; line-height: 0px; margin: 0; padding: 0; clear: both;\"><\/div>","protected":false},"excerpt":{"rendered":"<p>\u00c7far\u00eb do t\u00eb thot\u00eb t\u00eb jesh nj\u00eb maqedonas tipik, p\u00ebrfaq\u00ebsues i Maqedonis\u00eb biblike. T\u00ebr\u00eb jet\u00ebn mendon se je qendra e [&hellip;]<\/p>\n","protected":false},"author":9,"featured_media":184,"comment_status":"closed","ping_status":"closed","sticky":false,"template":"","format":"standard","meta":{"_mo_disable_npp":"","inline_featured_image":false},"categories":[1825],"tags":[],"imageURL":"https:\/\/sdk.mk\/wp-content\/uploads\/2015\/12\/goran-mihailovski2.jpg","thumbURL":"https:\/\/sdk.mk\/wp-content\/uploads\/2015\/12\/goran-mihailovski2-250x196.jpg","categoryNames":["DUA T\u00cb THEM"],"feature_caption":"","subtitle":"Pla\u00e7i me inatin tuaj. Le t\u2019ju drejtojn\u00eb kriminel\u00eb. Vazhdoni t\u00eb g\u00ebrmoni rr\u00ebnj\u00ebt q\u00eb t\u00eb ushqeheni.","views":"5133","source":"","yoast_head":"<!-- This site is optimized with the Yoast SEO Premium plugin v15.0 - https:\/\/yoast.com\/wordpress\/plugins\/seo\/ -->\n<title>\u00c7AD\u00cbR DHE SANDUI\u00c7 - \u0421\u0430\u043a\u0430\u043c \u0414\u0430 \u041a\u0430\u0436\u0430\u043c<\/title>\n<meta name=\"robots\" content=\"index, follow, max-snippet:-1, max-image-preview:large, max-video-preview:-1\" \/>\n<link rel=\"canonical\" href=\"https:\/\/sdk.mk\/index.php\/dua-te-them\/cader-dhe-sanduic\/\" \/>\n<meta property=\"og:locale\" content=\"mk_MK\" \/>\n<meta property=\"og:type\" content=\"article\" \/>\n<meta property=\"og:title\" content=\"\u00c7AD\u00cbR DHE SANDUI\u00c7 - \u0421\u0430\u043a\u0430\u043c \u0414\u0430 \u041a\u0430\u0436\u0430\u043c\" \/>\n<meta property=\"og:description\" content=\"\u00c7far\u00eb do t\u00eb thot\u00eb t\u00eb jesh nj\u00eb maqedonas tipik, p\u00ebrfaq\u00ebsues i Maqedonis\u00eb biblike. T\u00ebr\u00eb jet\u00ebn mendon se je qendra e [&hellip;]\" \/>\n<meta property=\"og:url\" content=\"https:\/\/sdk.mk\/index.php\/dua-te-them\/cader-dhe-sanduic\/\" \/>\n<meta property=\"og:site_name\" content=\"\u0421\u0430\u043a\u0430\u043c \u0414\u0430 \u041a\u0430\u0436\u0430\u043c\" \/>\n<meta property=\"article:published_time\" content=\"2018-09-15T16:39:02+00:00\" \/>\n<meta property=\"og:image\" content=\"https:\/\/sdk.mk\/wp-content\/uploads\/2015\/12\/goran-mihailovski2.jpg\" \/>\n\t<meta property=\"og:image:width\" content=\"400\" \/>\n\t<meta property=\"og:image:height\" content=\"313\" \/>\n<meta property=\"fb:app_id\" content=\"2407985809428537\" \/>\n<meta name=\"twitter:card\" content=\"summary\" \/>\n<script type=\"application\/ld+json\" class=\"yoast-schema-graph\">{\"@context\":\"https:\/\/schema.org\",\"@graph\":[{\"@type\":\"WebSite\",\"@id\":\"https:\/\/sdk.mk\/#website\",\"url\":\"https:\/\/sdk.mk\/\",\"name\":\"\\u0421\\u0430\\u043a\\u0430\\u043c \\u0414\\u0430 \\u041a\\u0430\\u0436\\u0430\\u043c\",\"description\":\"\\u0417\\u0430 \\u0441\\u043b\\u043e\\u0431\\u043e\\u0434\\u043e\\u0443\\u043c\\u043d\\u0438\",\"potentialAction\":[{\"@type\":\"SearchAction\",\"target\":\"https:\/\/sdk.mk\/?s={search_term_string}\",\"query-input\":\"required name=search_term_string\"}],\"inLanguage\":\"mk-MK\"},{\"@type\":\"ImageObject\",\"@id\":\"https:\/\/sdk.mk\/index.php\/dua-te-them\/cader-dhe-sanduic\/#primaryimage\",\"inLanguage\":\"mk-MK\",\"url\":\"https:\/\/sdk.mk\/wp-content\/uploads\/2015\/12\/goran-mihailovski2.jpg\",\"width\":400,\"height\":313},{\"@type\":\"WebPage\",\"@id\":\"https:\/\/sdk.mk\/index.php\/dua-te-them\/cader-dhe-sanduic\/#webpage\",\"url\":\"https:\/\/sdk.mk\/index.php\/dua-te-them\/cader-dhe-sanduic\/\",\"name\":\"\\u00c7AD\\u00cbR DHE SANDUI\\u00c7 - \\u0421\\u0430\\u043a\\u0430\\u043c \\u0414\\u0430 \\u041a\\u0430\\u0436\\u0430\\u043c\",\"isPartOf\":{\"@id\":\"https:\/\/sdk.mk\/#website\"},\"primaryImageOfPage\":{\"@id\":\"https:\/\/sdk.mk\/index.php\/dua-te-them\/cader-dhe-sanduic\/#primaryimage\"},\"datePublished\":\"2018-09-15T16:39:02+00:00\",\"dateModified\":\"2018-09-15T16:39:02+00:00\",\"author\":{\"@id\":\"https:\/\/sdk.mk\/#\/schema\/person\/3e8217f71bc38bd7c592f30c69e10e5a\"},\"inLanguage\":\"mk-MK\",\"potentialAction\":[{\"@type\":\"ReadAction\",\"target\":[\"https:\/\/sdk.mk\/index.php\/dua-te-them\/cader-dhe-sanduic\/\"]}]},{\"@type\":\"Person\",\"@id\":\"https:\/\/sdk.mk\/#\/schema\/person\/3e8217f71bc38bd7c592f30c69e10e5a\",\"name\":\"\\u041c\\u0438\\u0440\\u043e\\u0441\\u043b\\u0430\\u0432 \\u0418\\u043b\\u0438\\u043e\\u0441\\u043a\\u0438\"}]}<\/script>\n<!-- \/ Yoast SEO Premium plugin. -->","_links":{"self":[{"href":"https:\/\/sdk.mk\/index.php\/wp-json\/wp\/v2\/posts\/67990"}],"collection":[{"href":"https:\/\/sdk.mk\/index.php\/wp-json\/wp\/v2\/posts"}],"about":[{"href":"https:\/\/sdk.mk\/index.php\/wp-json\/wp\/v2\/types\/post"}],"author":[{"embeddable":true,"href":"https:\/\/sdk.mk\/index.php\/wp-json\/wp\/v2\/users\/9"}],"replies":[{"embeddable":true,"href":"https:\/\/sdk.mk\/index.php\/wp-json\/wp\/v2\/comments?post=67990"}],"version-history":[{"count":0,"href":"https:\/\/sdk.mk\/index.php\/wp-json\/wp\/v2\/posts\/67990\/revisions"}],"wp:featuredmedia":[{"embeddable":true,"href":"https:\/\/sdk.mk\/index.php\/wp-json\/wp\/v2\/media\/184"}],"wp:attachment":[{"href":"https:\/\/sdk.mk\/index.php\/wp-json\/wp\/v2\/media?parent=67990"}],"wp:term":[{"taxonomy":"category","embeddable":true,"href":"https:\/\/sdk.mk\/index.php\/wp-json\/wp\/v2\/categories?post=67990"},{"taxonomy":"post_tag","embeddable":true,"href":"https:\/\/sdk.mk\/index.php\/wp-json\/wp\/v2\/tags?post=67990"}],"curies":[{"name":"wp","href":"https:\/\/api.w.org\/{rel}","templated":true}]}}