{"id":70981,"date":"2018-10-21T20:13:21","date_gmt":"2018-10-21T18:13:21","guid":{"rendered":"https:\/\/sdk.mk\/?p=70981"},"modified":"2018-10-21T20:13:21","modified_gmt":"2018-10-21T18:13:21","slug":"gjenerata-e-trete","status":"publish","type":"post","link":"https:\/\/sdk.mk\/index.php\/dua-te-them\/gjenerata-e-trete\/","title":{"rendered":"GJENERATA E TRET\u00cb"},"content":{"rendered":"<div class=\"f52428582a4b906b2d2e2a7d733c7d27\" data-index=\"7\" style=\"float: none; margin:10px 0 10px 0; text-align:center;\">\n<!-- MSP Ads Asynchronous JS Tag - Generated with Revive Adserver v5.4.1 -->\r\n<ins data-revive-zoneid=\"167\" data-revive-id=\"060fdb01f6430ec164d3519234aa4967\"><\/ins>\r\n<script async src=\"\/\/panel.ads.com.mk\/www\/delivery\/asyncjs.php\"><\/script>\n<\/div>\n<p><span class=\"dropcap color firstcharacter\">1<\/span>N\u00eb k\u00ebto momente, me t\u00eb v\u00ebrtet\u00eb ndjejm\u00eb munges\u00ebn e Nikolla Gruevskit. T\u00eb na telefonoj\u00eb dhe t\u00eb porosis\u00eb q\u00eb t\u00eb na japin t\u00eb gjith\u00ebve nga dy- tre shuplaka. Por nga ato m\u00eb t\u00eb fortat. Q\u00eb t\u00eb na zgjojn\u00eb nga hipnoza ku po na mban VMRO-DPMNE.<br \/>\nPo e shikoja para disa net\u00ebve sekretarin gjeneral t\u00eb VMRO-DPMNE-s\u00eb, Igor Janushev. Po thoshte se kjo udh\u00ebheq\u00ebsi nuk ka asnj\u00eb lidhje me krimet e Gruevskit dhe me paaft\u00ebsin\u00eb e udh\u00ebheq\u00ebsve t\u00eb kaluar t\u00eb partis\u00eb p\u00ebr t\u00eb gjetur kompromis me Greqin\u00eb q\u00eb ta \u00e7oj\u00eb Maqedonin\u00eb drejt NATO-s dhe BE-s\u00eb. Dhe tha se k\u00ebta udh\u00ebheq\u00ebs jan\u00eb gjenerata e tret\u00eb e VMRO- DPMNE-s\u00eb.<\/p>\n<p>Dhe kush e thot\u00eb k\u00ebt\u00eb? Drejtori i m\u00ebparsh\u00ebm i JSP, q\u00eb n\u00eb emrin e vet i d\u00ebrgonte autobus\u00ebt e qytetit p\u00ebr t\u00eb protestuar para selis\u00eb s\u00eb LSDM-s\u00eb n\u00eb Bihaqka. Personi I.J. q\u00eb \u00ebsht\u00eb dyshuar n\u00eb nj\u00eb nga hetimet m\u00eb t\u00eb reja t\u00eb PSP me emrin \u201cDizajn\u201d p\u00ebr keqp\u00ebrdorime gjat\u00eb blerjes s\u00eb autobus\u00ebve kinez\u00eb dykat\u00ebsh. Autobus\u00ebt i ran\u00eb nd\u00ebrmend personit t\u00eb gjykuar N.G., por edhe i kishte menduar q\u00eb dizajnin ta ken\u00eb ndryshe, m\u00eb rrumbullak, e prandaj i ka porositur ashtu si\u00e7 i porosiste ato q\u00eb fillojn\u00eb me \u201cM\u201d. Kurse k\u00ebta, trash\u00ebgimtar\u00ebt e gjenerat\u00ebs s\u00eb tret\u00eb ia kan\u00eb plot\u00ebsuar d\u00ebshir\u00ebn, duke i shpenzuar t\u00eb gjitha parat\u00eb e t\u00eb gjith\u00eb qytetar\u00ebve.<\/p>\n<p>Vall\u00eb, \u00e7far\u00eb mendon Janushevi si p\u00ebrfaq\u00ebsues i kryesis\u00eb s\u00eb VMRO-DPMNE-s\u00eb? Se fakti q\u00eb ribrendohet me emrin \u201cGjenerata e tret\u00eb\u201d, do ta fal\u00eb nga p\u00ebrgjegj\u00ebsia? Dhe ashtu, t\u00eb pastruar nga lig\u00ebsit\u00eb e gjenerat\u00ebs s\u00eb par\u00eb dhe t\u00eb dyt\u00eb, do t\u00eb b\u00ebj\u00eb marr\u00ebveshje t\u00eb re me Greqin\u00eb me t\u00eb cil\u00ebn do ta \u00e7oj\u00eb Maqedonin\u00eb n\u00eb NATO dhe BE?<\/p>\n<p>Syri nuk do t\u2019u shkrep\u00eb, derisa pas tyre shkojn\u00eb incizimet e sulmit t\u00eb Parlamentit m\u00eb 27 prill vjet dhe i shikojm\u00eb kok\u00ebt e p\u00ebrgjakura dhe shikimet e frik\u00ebsuara t\u00eb deputet\u00ebve dhe gazetar\u00ebve q\u00eb thon\u00eb \u201cnuk ka d\u00ebshmi\u201d. E madje edhe akuzojn\u00eb. Paska qen\u00eb p\u00ebrndjekje politike. V\u00ebllez\u00ebrit tan\u00eb shtrihen n\u00eb burg.<\/p>\n<p>E k\u00ebt\u00eb e thon\u00eb nd\u00ebrkoh\u00eb q\u00eb n\u00eb gjykat\u00eb d\u00ebgjohen m\u00eb shum\u00eb e m\u00eb shum\u00eb d\u00ebshmi m\u00eb t\u00eb pabesueshme p\u00ebr mashtrime n\u00eb zgjedhje. Gordana Jankulloska dhe Mile Janakieski kan\u00eb shk\u00ebmbyer ide se a do t\u00eb ishte m\u00eb mir\u00eb t\u00eb p\u00ebrmbysnin nj\u00eb traktor apo nj\u00eb kamion q\u00eb t\u00eb pengojn\u00eb votuesit p\u00ebr t\u00eb mb\u00ebrritur n\u00eb vendvotim. K\u00ebto vet\u00ebm si nj\u00eb rikujtim i atyre deklaratave legjendare q\u00eb i d\u00ebgjuam t\u00eb gjith\u00eb. \u201cn\u00eb hendek me gjith\u00eb gruan, me gjith\u00eb f\u00ebmij\u00ebt\u201d, \u201c do t\u2019i t\u00ebrheqim p\u00ebr veshi\u201d, \u201cdo t\u00eb ket\u00eb britma e piskama\u201d, \u201cdo t\u2019ia djegim dyqanin\u201d. T\u00eb gjitha k\u00ebto malverzime t\u00eb gjenerat\u00ebs s\u00eb dyt\u00eb t\u00eb VMRO-DPMNE-s\u00eb\u201d duhet t\u2019i harrojm\u00eb apo jo? Pasi \u201cgjenerata e tret\u00eb\u201d thot\u00eb se \u201cnuk mbahet mend nj\u00eb vjedhje e till\u00eb historike e votave si n\u00eb k\u00ebt\u00eb referendum\u201d.<\/p>\n<p>Kurse ne i d\u00ebgjojm\u00eb si t\u00eb hipnotizuar. Dhe \u00e7uditemi: \u201cSi mund t\u00eb na g\u00ebnjejn\u00eb!? Shiko, shiko \u00e7\u2019thot\u00eb! Si nuk i vjen turp!?\u201d Kurse ata me \u00e7do habitje ton\u00ebn b\u00ebhen gjithmon\u00eb e m\u00eb t\u00eb fuqish\u00ebm. Me \u00e7do habitje, g\u00ebnjeshtra e tyre b\u00ebhet e v\u00ebrtet\u00eb. Me \u00e7do habitje g\u00ebnjeshtra e tyre b\u00ebhet problemi yn\u00eb. Ata mendojn\u00eb se VMRO-DPMNE ka 1.200.000 mb\u00ebshtet\u00ebs Dhe p\u00ebrnj\u00ebher\u00eb, doli se VMRO-DPMNE ka 1.200.000 mb\u00ebshtet\u00ebs.<\/p>\n<p>Sekretari gjeneral i VMRO-DPMNE-s\u00eb Igor Angjushev, e akuzoi qeverin\u00eb p\u00ebr ryshfet me deputet\u00ebt t\u00eb partis\u00eb s\u00eb tij nga 200.000 deri m\u00eb 2 milion\u00eb euro, po nuk tha se kush ishin deputet\u00ebt. N\u00eb fillim ishin kombet e verdha, tani u b\u00ebn\u00eb 2 milion\u00eb euro. N\u00eb bot\u00ebn e VMRO-DPMNE-s\u00eb vet\u00ebm g\u00ebnjeshtra nuk ka \u00e7mim.<\/p>\n<p>Jo, jo\u2026 Ata nuk jan\u00eb t\u00eb \u00e7mendur. Jemi ne. Kan\u00eb hyr\u00eb ata n\u00eb historin\u00eb e mohimit t\u00eb lig\u00ebsive. Dhe na kan\u00eb futur edhe ne n\u00eb at\u00eb histori. Ky paska qen\u00eb regjim, jo ai i q\u00eb b\u00ebnin ata. Kjo paska qen\u00eb hunt\u00eb. P\u00ebrndjeke politike, leshin\u2026Nga kokat e ruara kan\u00eb pasur frik\u00eb. Nd\u00ebrsa ata jan\u00eb gjenerata e tret\u00eb e VMRO-s\u00eb, mbrojt\u00ebsit e pafajsh\u00ebm t\u00eb Maqedonis\u00eb Pas t\u00eb cil\u00ebve q\u00ebndrojn\u00eb 1.200.000 qytetar\u00eb.<\/p>\n<p><span class=\"dropcap color firstcharacter\">2<\/span>Nuk \u00ebsht\u00eb se ne nuk e dim\u00eb se \u00e7far\u00eb zullumesh jan\u00eb b\u00ebr\u00eb. Dhe se akoma e mbajn\u00eb n\u00eb rob\u00ebri t\u00eb gjith\u00eb shtetin vet\u00ebm q\u00eb t\u00eb shp\u00ebtojn\u00eb nga burgu. Vet\u00ebm kjo u mbeti. T\u2019i mohojn\u00eb zullumet. Se mos kemi harruar se \u00e7far\u00eb kemi d\u00ebgjuat nga bombat. Besa, at\u00eb edhe e kemi ndjer\u00eb, jo vet\u00ebm d\u00ebgjuar.<br \/>\nJemi lodhur. Jam m\u00ebrzitur s\u00eb prituri t\u00eb ndodh\u00eb ndonj\u00eb mrekulli. Mediat jan\u00eb t\u00eb m\u00ebrzitshme. Aktrojn\u00eb gjoja se jan\u00eb t\u00eb balancuara. Ai tha. Por edhe ky tha. Vijn\u00eb si robot\u00eb me nga dy-tre fraza dhe thon\u00eb: t\u00eb them, t\u00eb p\u00ebrs\u00ebris, vet\u00ebm do t\u00eb p\u00ebrs\u00ebris at\u00eb q\u00eb thash\u00eb\u2026\u201d.<\/p>\n<p>Si more, askush nuk u tha: Mashtrues! Mir\u00eb q\u00eb mediat nuk u kund\u00ebrvihen g\u00ebnjeshtrave. Por, \u00e7far\u00eb b\u00ebn qeveria? VMRO u shesin mend, kurse k\u00ebta heshtin. Demek, kan\u00eb mbetur pa fjal\u00eb nga budallall\u00ebqet. Gjenerata e tret\u00eb e VMRO-DPMNE -s\u00eb e p\u00ebrqesh LSDM-n\u00eb, kurse k\u00ebta i p\u00ebrqeshin n\u00eb Fejsbuk dhe Tuiter. Duke postuar lloj lloj fintash. Shikoni se si jan\u00eb, hahaha\u2026<\/p>\n<p>As \u201cG\u00ebnjeni\u201d nuk u thon\u00eb. Eh, \u00e7\u2019paska qen\u00eb kjo arroganc\u00eb dhe ky dembeliz\u00ebm i LSDM-s\u00eb. As p\u00ebr nj\u00eb emision debatues nuk duan t\u00eb p\u00ebrgatiten ashtu si\u00e7 duhet.<\/p>\n<p><span class=\"dropcap color firstcharacter\">3<\/span>Kryeminist\u00ebr Zaev, ti ji sa t\u00eb duash njeri fetar. Dhe jepu m\u00ebshir\u00eb sa t\u00eb duash. Beso n\u00eb mrekulli. Se ve\u00e7 mrekullia t\u00eb ka shp\u00ebtuar m\u00eb 27 prill kur erdh\u00ebn t\u00eb t\u00eb vrisnin.<br \/>\nMua nuk\u00a0 m\u00eb intereson aspak se \u00e7far\u00eb mendon qytetari Zoran Zaev p\u00ebr sulmin e Parlamentit dhe si do t\u00eb ishte sjell\u00eb ai me sulmuesit dhe porosit\u00ebsit e sulmit. Por, qytetari Zoran Zaev kur \u00ebsht\u00eb kryeministri Zoran Zaev ka p\u00ebr detyr\u00eb t\u00eb siguroj\u00eb zbatimin e drejt\u00ebsis\u00eb. Ose m\u00eb sakt\u00eb, t\u00eb mos p\u00ebrzihet n\u00eb zbatimin e drejt\u00ebsis\u00eb.<\/p>\n<p>Kishim 24 dhjetorin 2012. E kishim 27 prillin 2017. \u00c7\u2019duhet t\u00eb kishte ndodhur m\u00eb keq? Deputetin Zijadin Sela ta vrisnin, si\u00e7 menduan se do t\u00eb mbaronte pun\u00eb? Ta vrisnin liderin e shumic\u00ebs parlamentare Zoran Zaev? T\u00eb vrisnin ndonj\u00eb deputet apo gazetar? T\u2019i largonin shqiptar\u00ebt pas Vardarit? Pasi d\u00ebgjuam n\u00eb bombat edhe \u201c\u2026po luft\u00eb t\u00eb b\u00ebjm\u00eb?\u201d<\/p>\n<p>Her\u00ebn tjet\u00ebr para zgjedhjeve VMRO-DPMNE nuk do t\u00eb ndalet te shkundjet t\u00eb avionit q\u00eb kalon mbi qytetin e Ohrit. D\u00ebgjuam edhe p\u00ebr ide se nuk u kan\u00eb munguar.<\/p>\n<p><span class=\"dropcap color firstcharacter\">4<\/span>Pas pauzave n\u00eb seancat e parlamentit, n\u00eb kanalin e parlamentit ka emision mu p\u00ebr Parlamentin. Program arsimues. Me histori mbi Parlamentin, shpjegime mbi demokracin\u00eb, rolin e deputetit dhe gj\u00ebra t\u00eb ngjashme.<br \/>\nE kur p\u00ebrfundon emisioni fillon seanca parlamentare. Dalin disa nga deputet\u00ebt e VMRO-DPMNE-s\u00eb dhe b\u00ebrtasin: \u201cAman o kryeminist\u00ebr, uluni, ju\u00a0 lider\u00eb t\u00eb partis\u00eb. Pse na maltretoni q\u00eb t\u00eb marrim vendimin. Merruni vesh, le t\u00eb mos maltretohemi, ne do t\u00eb shtypim butonin n\u00ebse ka nevoj\u00eb\u201d.<\/p>\n<p><span class=\"dropcap color firstcharacter\">5<\/span>Z\u00ebvend\u00ebs ndihm\u00ebsi i sekretarit t\u00eb shtetit t\u00eb SHBA p\u00ebr Evrop\u00eb dhe Euroazi, Methju Palmer tha: Konkretisht i b\u00ebjm\u00eb thirrje kryesis\u00eb s\u00eb VMRO-DPMNE-s\u00eb, e cila tha qart\u00ebsisht se \u00ebsht\u00eb kund\u00ebr Marr\u00ebveshjes me Greqin\u00eb, q\u00eb t\u2019i liroj\u00eb deputet\u00ebt e saj q\u00eb t\u00eb mund t\u00eb votojn\u00eb t\u00eb lir\u00eb, pa frik\u00eb nga hakmarrja\u201d.<br \/>\nN\u00eb fakt, Palmer e tha t\u00eb nj\u00ebjt\u00ebn gj\u00eb si Ves Mi\u00e7el para disa dit\u00ebsh, vet\u00ebm me fjal\u00eb pak m\u00eb t\u00eb qarta. SHBA jan\u00eb miq t\u00eb Maqedonis\u00eb. SHBA jan\u00eb t\u00eb zhg\u00ebnjyer nga kryesia e VMRO-DPMNE-s\u00eb. Marr\u00ebveshje m\u00eb t\u00eb mir\u00eb me Greqin\u00eb nuk do t\u00eb ket\u00eb.<\/p>\n<p>Kaq nga gjenerata e tret\u00eb.<\/p>\n<p><em>P\u00ebrktheu: Fjolla Zllatku <\/em><\/p>\n<p>&nbsp;<\/p>\n\n<div style=\"font-size: 0px; height: 0px; line-height: 0px; margin: 0; padding: 0; clear: both;\"><\/div>","protected":false},"excerpt":{"rendered":"<p>N\u00eb k\u00ebto momente, me t\u00eb v\u00ebrtet\u00eb ndjejm\u00eb munges\u00ebn e Nikolla Gruevskit. T\u00eb na telefonoj\u00eb dhe t\u00eb porosis\u00eb q\u00eb t\u00eb na [&hellip;]<\/p>\n","protected":false},"author":1,"featured_media":184,"comment_status":"closed","ping_status":"closed","sticky":false,"template":"","format":"standard","meta":{"_mo_disable_npp":"","inline_featured_image":false},"categories":[1825],"tags":[],"imageURL":"https:\/\/sdk.mk\/wp-content\/uploads\/2015\/12\/goran-mihailovski2.jpg","thumbURL":"https:\/\/sdk.mk\/wp-content\/uploads\/2015\/12\/goran-mihailovski2-250x196.jpg","categoryNames":["DUA T\u00cb THEM"],"feature_caption":"","subtitle":"Her\u00ebn tjet\u00ebr para zgjedhjeve, VMRO-DPMNE nuk do t\u00eb ngopet vet\u00ebm me shkundjet e avionit q\u00eb kalon mbi qytetin e Ohrit. D\u00ebgjuam edhe ide se nuk u paskan munguar. \u00a0","views":"11644","source":"","yoast_head":"<!-- This site is optimized with the Yoast SEO Premium plugin v15.0 - https:\/\/yoast.com\/wordpress\/plugins\/seo\/ -->\n<title>GJENERATA E TRET\u00cb - \u0421\u0430\u043a\u0430\u043c \u0414\u0430 \u041a\u0430\u0436\u0430\u043c<\/title>\n<meta name=\"robots\" content=\"index, follow, max-snippet:-1, max-image-preview:large, max-video-preview:-1\" \/>\n<link rel=\"canonical\" href=\"https:\/\/sdk.mk\/index.php\/dua-te-them\/gjenerata-e-trete\/\" \/>\n<meta property=\"og:locale\" content=\"mk_MK\" \/>\n<meta property=\"og:type\" content=\"article\" \/>\n<meta property=\"og:title\" content=\"GJENERATA E TRET\u00cb - \u0421\u0430\u043a\u0430\u043c \u0414\u0430 \u041a\u0430\u0436\u0430\u043c\" \/>\n<meta property=\"og:description\" content=\"N\u00eb k\u00ebto momente, me t\u00eb v\u00ebrtet\u00eb ndjejm\u00eb munges\u00ebn e Nikolla Gruevskit. T\u00eb na telefonoj\u00eb dhe t\u00eb porosis\u00eb q\u00eb t\u00eb na [&hellip;]\" \/>\n<meta property=\"og:url\" content=\"https:\/\/sdk.mk\/index.php\/dua-te-them\/gjenerata-e-trete\/\" \/>\n<meta property=\"og:site_name\" content=\"\u0421\u0430\u043a\u0430\u043c \u0414\u0430 \u041a\u0430\u0436\u0430\u043c\" \/>\n<meta property=\"article:published_time\" content=\"2018-10-21T18:13:21+00:00\" \/>\n<meta property=\"og:image\" content=\"https:\/\/sdk.mk\/wp-content\/uploads\/2015\/12\/goran-mihailovski2.jpg\" \/>\n\t<meta property=\"og:image:width\" content=\"400\" \/>\n\t<meta property=\"og:image:height\" content=\"313\" \/>\n<meta property=\"fb:app_id\" content=\"2407985809428537\" \/>\n<meta name=\"twitter:card\" content=\"summary\" \/>\n<script type=\"application\/ld+json\" class=\"yoast-schema-graph\">{\"@context\":\"https:\/\/schema.org\",\"@graph\":[{\"@type\":\"WebSite\",\"@id\":\"https:\/\/sdk.mk\/#website\",\"url\":\"https:\/\/sdk.mk\/\",\"name\":\"\\u0421\\u0430\\u043a\\u0430\\u043c \\u0414\\u0430 \\u041a\\u0430\\u0436\\u0430\\u043c\",\"description\":\"\\u0417\\u0430 \\u0441\\u043b\\u043e\\u0431\\u043e\\u0434\\u043e\\u0443\\u043c\\u043d\\u0438\",\"potentialAction\":[{\"@type\":\"SearchAction\",\"target\":\"https:\/\/sdk.mk\/?s={search_term_string}\",\"query-input\":\"required name=search_term_string\"}],\"inLanguage\":\"mk-MK\"},{\"@type\":\"ImageObject\",\"@id\":\"https:\/\/sdk.mk\/index.php\/dua-te-them\/gjenerata-e-trete\/#primaryimage\",\"inLanguage\":\"mk-MK\",\"url\":\"https:\/\/sdk.mk\/wp-content\/uploads\/2015\/12\/goran-mihailovski2.jpg\",\"width\":400,\"height\":313},{\"@type\":\"WebPage\",\"@id\":\"https:\/\/sdk.mk\/index.php\/dua-te-them\/gjenerata-e-trete\/#webpage\",\"url\":\"https:\/\/sdk.mk\/index.php\/dua-te-them\/gjenerata-e-trete\/\",\"name\":\"GJENERATA E TRET\\u00cb - \\u0421\\u0430\\u043a\\u0430\\u043c \\u0414\\u0430 \\u041a\\u0430\\u0436\\u0430\\u043c\",\"isPartOf\":{\"@id\":\"https:\/\/sdk.mk\/#website\"},\"primaryImageOfPage\":{\"@id\":\"https:\/\/sdk.mk\/index.php\/dua-te-them\/gjenerata-e-trete\/#primaryimage\"},\"datePublished\":\"2018-10-21T18:13:21+00:00\",\"dateModified\":\"2018-10-21T18:13:21+00:00\",\"author\":{\"@id\":\"https:\/\/sdk.mk\/#\/schema\/person\/be7cfa6655c47f7195bfdd0ba8144aa2\"},\"inLanguage\":\"mk-MK\",\"potentialAction\":[{\"@type\":\"ReadAction\",\"target\":[\"https:\/\/sdk.mk\/index.php\/dua-te-them\/gjenerata-e-trete\/\"]}]},{\"@type\":\"Person\",\"@id\":\"https:\/\/sdk.mk\/#\/schema\/person\/be7cfa6655c47f7195bfdd0ba8144aa2\",\"name\":\"\\u0413\\u043e\\u0440\\u0430\\u043d \\u041c\\u0438\\u0445\\u0430\\u0458\\u043b\\u043e\\u0432\\u0441\\u043a\\u0438\"}]}<\/script>\n<!-- \/ Yoast SEO Premium plugin. -->","_links":{"self":[{"href":"https:\/\/sdk.mk\/index.php\/wp-json\/wp\/v2\/posts\/70981"}],"collection":[{"href":"https:\/\/sdk.mk\/index.php\/wp-json\/wp\/v2\/posts"}],"about":[{"href":"https:\/\/sdk.mk\/index.php\/wp-json\/wp\/v2\/types\/post"}],"author":[{"embeddable":true,"href":"https:\/\/sdk.mk\/index.php\/wp-json\/wp\/v2\/users\/1"}],"replies":[{"embeddable":true,"href":"https:\/\/sdk.mk\/index.php\/wp-json\/wp\/v2\/comments?post=70981"}],"version-history":[{"count":0,"href":"https:\/\/sdk.mk\/index.php\/wp-json\/wp\/v2\/posts\/70981\/revisions"}],"wp:featuredmedia":[{"embeddable":true,"href":"https:\/\/sdk.mk\/index.php\/wp-json\/wp\/v2\/media\/184"}],"wp:attachment":[{"href":"https:\/\/sdk.mk\/index.php\/wp-json\/wp\/v2\/media?parent=70981"}],"wp:term":[{"taxonomy":"category","embeddable":true,"href":"https:\/\/sdk.mk\/index.php\/wp-json\/wp\/v2\/categories?post=70981"},{"taxonomy":"post_tag","embeddable":true,"href":"https:\/\/sdk.mk\/index.php\/wp-json\/wp\/v2\/tags?post=70981"}],"curies":[{"name":"wp","href":"https:\/\/api.w.org\/{rel}","templated":true}]}}