{"id":72948,"date":"2018-11-10T19:41:28","date_gmt":"2018-11-10T18:41:28","guid":{"rendered":"https:\/\/sdk.mk\/?p=72948"},"modified":"2018-11-10T19:41:28","modified_gmt":"2018-11-10T18:41:28","slug":"1-shkurt","status":"publish","type":"post","link":"https:\/\/sdk.mk\/index.php\/dua-te-them\/1-shkurt\/","title":{"rendered":"1 SHKURT"},"content":{"rendered":"<div class=\"f52428582a4b906b2d2e2a7d733c7d27\" data-index=\"7\" style=\"float: none; margin:10px 0 10px 0; text-align:center;\">\n<!-- MSP Ads Asynchronous JS Tag - Generated with Revive Adserver v5.4.1 -->\r\n<ins data-revive-zoneid=\"167\" data-revive-id=\"060fdb01f6430ec164d3519234aa4967\"><\/ins>\r\n<script async src=\"\/\/panel.ads.com.mk\/www\/delivery\/asyncjs.php\"><\/script>\n<\/div>\n<p><span class=\"dropcap color firstcharacter\">1<\/span>Kur ve\u00e7m\u00eb Qeveria u ofron pun\u00eb n\u00ebp\u00ebr kompanit\u00eb private t\u00eb pun\u00ebsuarve joproduktiv\u00eb e administrat\u00ebs shtet\u00ebrore, vall\u00eb, do t\u00eb ken\u00eb mund\u00ebsi pronar\u00ebt ta zgjedhin kuadrin, apo do t\u2019i p\u00ebrcaktojn\u00eb kuturu?<\/p>\n<p>Supozoj se shumica e bizneseve private do t\u00eb duan t\u2019u bjer\u00eb Hazbi Lika, z\u00ebvend\u00ebs kryeministri p\u00ebr implementimin e marr\u00ebveshjes korniz\u00eb, i cili nga maji nuk \u00ebsht\u00eb shfaqur n\u00eb pun\u00eb. Me siguri, shum\u00eb veta do t\u00eb duan ta v\u00ebrtetojn\u00eb n\u00eb praktik\u00eb konceptin e kryeministrit Zoran Zaev dhe ministrit Damjan Man\u00e7evski p\u00ebr reforma dhe efikasitet n\u00eb administrat\u00ebn publike. Zaevi tha se \u201cn\u00ebse ndonj\u00eb minist\u00ebr nuk vjen n\u00eb Qeveri, \u00ebsht\u00eb gj\u00eb logjike q\u00eb Qeveria t\u00eb mendoj\u00eb q\u00eb ai t\u00eb z\u00ebvend\u00ebsohet\u201d. Kurse Man\u00e7evski prap\u00eb tha se \u201caskush nuk do ta humb\u00eb pun\u00ebn dhe se administrat\u00ebs s\u00eb tep\u00ebrt do t\u2019i ofrohen mund\u00ebsi n\u00eb sektorin privat\u201d.<\/p>\n<p>Qeveria do t\u00eb mund t\u00eb b\u00ebnte projekt pilot p\u00ebr nd\u00ebrmarrje t\u00eb punonj\u00ebsve t\u00eb tep\u00ebrt t\u00eb administrat\u00ebs. Sipas atij projekti, kryeministri Zaev, kryeministri Ko\u00e7o Angjushev dhe t\u00eb gjith\u00eb ministrat q\u00eb kan\u00eb firma private duhet t\u00eb pun\u00ebsojn\u00eb dik\u00eb nga ata q\u00eb jan\u00eb t\u00eb pun\u00ebsuar n\u00eb administrat\u00ebn e shtetit, por t\u00eb cil\u00ebt me vite t\u00eb t\u00ebra i lusin q\u00eb t\u00eb vijn\u00eb n\u00eb pun\u00eb. Dhe \u201cdo t\u00eb ulen e t\u00eb mendojn\u00eb, q\u00eb kjo t\u00eb ndryshoj\u00eb\u201d, si\u00e7 thot\u00eb kryeministri. Te kompanit\u00eb e tyre, vall\u00eb, vlen ligji se n\u00ebse nuk paraqitesh tre dit\u00eb n\u00eb pun\u00eb, p\u00ebrjashtohesh? A i lusin q\u00eb t\u00eb vijn\u00eb n\u00eb pun\u00eb, e n\u00ebse vendi i pun\u00ebs nuk u p\u00eblqen, vall\u00eb, u japin nj\u00eb mund\u00ebsi t\u00eb dyt\u00eb? Apo t\u00eb tret\u00eb. E t\u00eb kthehen nga puna sezonale n\u00eb Zvic\u00ebr, Itali, e t\u00eb mendohen edhe pak&#8230;.<\/p>\n<p>Kur dikush nuk i vjen n\u00eb pun\u00eb n\u00eb firm\u00eb, pronari Zaev, a ulet e mendon se si ta ndryshoj\u00eb? M\u00eb \u00e7udit- si b\u00ebhet at\u00ebher\u00eb ajvari? Po, furgonat e Angjushevit, mos b\u00ebhen vet\u00eb?<\/p>\n<p><span class=\"dropcap color firstcharacter\">2<\/span>\u00c7far\u00eb ka k\u00ebtu p\u00ebr t\u00eb menduar? Nd\u00ebrkoh\u00eb q\u00eb ne shkojm\u00eb n\u00eb pun\u00eb \u00e7do dit\u00eb dhe rregullisht e paguajm\u00eb tatimin ton\u00eb q\u00eb t\u00eb mund t\u00eb sigurojm\u00eb rrog\u00ebn edhe p\u00ebr administrat\u00ebn publike, ata refuzojn\u00eb t\u00eb n\u00ebnshkurajn\u00eb kontrata, nuk paraqiten n\u00eb pun\u00eb dhe nuk e b\u00ebjn\u00eb at\u00eb gj\u00eb p\u00ebr t\u00eb cil\u00ebn jan\u00eb paguar. Dikush do t\u00eb mbytet s\u00eb punuari, e dikush t\u00ebr\u00eb jet\u00ebn vet\u00ebm do t\u00eb n\u00ebnshkruaj\u00eb emrin q\u00eb t\u00eb marr\u00eb pension. Mir\u00eb ama, q\u00eb kur nuk mund t\u2019i d\u00ebnosh ata q\u00eb nuk vijn\u00eb n\u00eb pun\u00eb, si do t\u2019i d\u00ebnosh vall\u00eb, ata q\u00eb nuk e b\u00ebjn\u00eb pun\u00ebn a tyre si\u00e7 duhet?<\/p>\n<p>Ka t\u00eb pun\u00ebsuar t\u00eb cil\u00ebt nuk e kryejn\u00eb sh\u00ebrbimin p\u00ebr t\u00eb cilin i paguajm\u00eb. E askush nuk \u00ebsht\u00eb p\u00ebrjashtuar, si\u00e7 do t\u00eb ndodhte normalisht me secilin q\u00eb do t\u00eb punonte n\u00eb m\u00ebnyr\u00eb t\u00eb pap\u00ebrgjegjshme n\u00eb ndonj\u00eb kompani private.<\/p>\n<p>Bashk\u00ebpunimi nd\u00ebrpartiak funksionon m\u00eb s\u00eb miri te mosp\u00ebrjashtimet nga puna. Un\u00eb nuk i p\u00ebrjashtoj t\u00eb tut\u00eb, ti nuk i p\u00ebrjashton t\u00eb mite. N\u00eb zgjedhjet e radh\u00ebs, prap\u00eb do t\u00eb pranojm\u00eb njer\u00ebz t\u00eb rinj. Budallenjt\u00eb e sektorit privat do t\u00eb paguajn\u00eb. E n\u00ebse nuk paguajn\u00eb, do t\u2019i d\u00ebnojm\u00eb.<\/p>\n<p>E pastaj, qeveria habitet se pse ka mosbesim ndaj implementimit t\u00eb tatimit progresiv. Se pse njer\u00ebzit nuk besojn\u00eb n\u00eb fraz\u00ebn \u201ctatim i drejt\u00eb\u201d. Si, pse? Sepse vet\u00eb kryeministri, kur i arsyentonte pun\u00ebsimet e k\u00ebshilltar\u00ebve n\u00eb kabinetin e tij, thoshte: \u201cEpo, edhe ai duhet t\u00eb nxjerr\u00eb buk\u00ebn p\u00ebr f\u00ebmijt\u00eb e tij\u201d.<\/p>\n<p>As ky shtet, e besa as kjo qeveri nuk ka treguar se mund ta ndryshoj\u00eb praktik\u00ebn e shpenzimit t\u00eb parave popullore p\u00ebr privilegje partiake. A do t\u00eb shpenzohen parat\u00eb e tatimit progresiv p\u00ebr mbulim t\u00eb borxheve t\u00eb b\u00ebra n\u00eb m\u00ebnyr\u00eb kriminele n\u00ebp\u00ebr komuna, pagesa rrugore, dhe vendet e shpikura n\u00eb Qeveri, ministri apo nd\u00ebrmarrjet shtet\u00ebrore? Apo do t\u00eb shkojn\u00eb p\u00ebr rroga m\u00eb t\u00eb m\u00ebdha t\u00eb edukatoreve n\u00ebp\u00ebr \u00e7erdhe dhe n\u00eb azilet e pleqve, te arsimtar\u00ebt, mjek\u00ebt, motrat medicinale, p\u00ebr ila\u00e7e m\u00eb cil\u00ebsore, aj\u00ebr m\u00eb t\u00eb past\u00ebr, uj\u00eb t\u00eb past\u00ebr, hekurudha, rrug\u00eb, deponi\u2026?<\/p>\n<p>K\u00ebshtu q\u00eb, nuk b\u00ebhet fjal\u00eb se a do t\u00eb kemi tatim progresiv apo jo. Nuk \u00ebsht\u00eb \u00e7\u00ebshtja n\u00ebse Qeveria duhet ta v\u00ebr\u00eb n\u00eb fuqi apo jo. Nuk b\u00ebhet fjal\u00eb as p\u00ebr p\u00ebrqindjen e tatimit. T\u00eb gjitha k\u00ebto vijn\u00eb pasi do t\u00eb japim p\u00ebrgjigje p\u00ebr pyetjen m\u00eb t\u00eb vog\u00ebl, q\u00eb \u00ebsht\u00eb burim i mosbesimit esencial: Pse shpenzohen parat\u00eb e tatimit?<\/p>\n<p><span class=\"dropcap color firstcharacter\">3<\/span>N\u00eb vend q\u00eb kryeministri Zaev t\u00eb mendoj\u00eb se si t\u00eb mos i hidh\u00ebroj\u00eb pun\u00ebtor\u00ebt q\u00eb duhet t\u00eb p\u00ebrjashtoj\u00eb, le t\u00eb ulet e t\u00eb mendoj\u00eb se si ta kthej\u00eb besimin e qytetar\u00ebve ndaj institucioneve shtet\u00ebrore.. Nd\u00ebrkoh\u00eb q\u00eb ai dhe dy-tre t\u00eb tjer\u00eb t\u00eb Qeveris\u00eb merren me emrin, t\u00eb tjer\u00ebt gjejn\u00eb justifikim se si t\u00eb mos merren me pun\u00ebn e tyre. Vjen koha kur edhe ky kapitull historik do t\u00eb mbaroj\u00eb. Ndryshimet e kushtetut\u00ebs do t\u00eb kalojn\u00eb. Dhe Gruevski do t\u00eb p\u00ebrfundoj\u00eb n\u00eb burg. Me nj\u00eb sebep, do t\u00eb p\u00ebrfundojn\u00eb n\u00eb burg edhe p\u00ebrgjegj\u00ebsit p\u00ebr sulmin e organizuar t\u00eb Parlamentit n\u00eb 27 prill vjet. Dhe n\u00eb rend t\u00eb dit\u00ebs do t\u00eb vijn\u00eb \u00e7\u00ebshtjet esenciale t\u00eb jet\u00ebs s\u00eb p\u00ebrditshme t\u00eb cilat i harruam, duke u marr\u00eb me tem\u00ebn e madhe \u2013 emri, BE dhe NATO. E k\u00ebshtu do t\u00eb mbarojn\u00eb justifikimet p\u00ebr Qeverin\u00eb. Dhe do t\u00eb gjykojm\u00eb n\u00ebse punon p\u00ebr interesin e qytetar\u00ebve apo p\u00ebr interesin dhe privilegjet partiake.<\/p>\n<p>Do t\u00eb mbarojm\u00eb edhe me festat fetare e t\u00eb vitit t\u00eb ri, edhe me pushimet dim\u00ebrore dhe ndryshimin e Kushtetut\u00ebs. Deri n\u00eb 31 janar, as letrat e Mijallkovit nuk do t\u00eb jen\u00eb m\u00eb aktuale. Por, \u00e7far\u00eb do t\u00eb b\u00ebjm\u00eb nga 1 shkurti? Kur nuk do t\u00eb kemi m\u00eb justifikim p\u00ebr t\u2019u p\u00ebrballur me realitetin?<\/p>\n<p><span class=\"dropcap color firstcharacter\">4<\/span>Gruevski do t\u00eb duhet t\u00eb shkoj\u00eb n\u00eb burg. Me siguri do t\u00eb insistoj\u00eb q\u00eb t\u00eb konsiderohet viktim\u00eb. Dhe do t\u00eb vazhdoj\u00eb t\u2019i referohet nobeluesit Ivo Andriq. Para disa dit\u00ebsh, Gruevski shkroi: \u00cbsht\u00eb i gjor\u00eb ai q\u00eb duhet t\u00eb p\u00ebrul\u00eb dik\u00eb q\u00eb t\u00eb ndjehet madh\u00ebshtor\u201d.<br \/>\nFraz\u00eb shum\u00eb e bukur, e p\u00ebrzgjedhur nga dikush q\u00eb porosiste nga dy-tre shpulla nga ato m\u00eb t\u00eb fortat, shkat\u00ebrrimin e nd\u00ebrtesave me dinamit, ai q\u00eb qeshte me kund\u00ebrshtarin politik se si e ka b\u00ebr\u00eb n\u00eb brek\u00eb\u2026Mos \u00ebsht\u00eb shum\u00eb?<\/p>\n<p>Kur ve\u00e7m\u00eb e citon Andriqin, le t\u00eb mos e harroj\u00eb dhe fraz\u00ebn n\u00eb vijim: \u201cVjen nj\u00eb koh\u00eb kur t\u00eb men\u00e7urit do t\u00eb mbyllin goj\u00ebn, budallenjt\u00eb do t\u00eb fillojn\u00eb t\u00eb flasin dhe fukarenjt\u00eb do t\u00eb pasurohen\u201d. Kjo \u00ebsht\u00eb koha e Gruevskit. Dhe akoma vazhdon. Fukarenjt\u00eb e pasuruar as nuk vajt\u00ebn n\u00eb burg, e as nuk i kthyen parat\u00eb.<\/p>\n<p>&nbsp;<\/p>\n<p><em>P\u00ebrktheu: Fjolla Zllatku <\/em><\/p>\n\n<div style=\"font-size: 0px; height: 0px; line-height: 0px; margin: 0; padding: 0; clear: both;\"><\/div>","protected":false},"excerpt":{"rendered":"<p>Kur ve\u00e7m\u00eb Qeveria u ofron pun\u00eb n\u00ebp\u00ebr kompanit\u00eb private t\u00eb pun\u00ebsuarve joproduktiv\u00eb e administrat\u00ebs shtet\u00ebrore, vall\u00eb, do t\u00eb ken\u00eb mund\u00ebsi [&hellip;]<\/p>\n","protected":false},"author":1,"featured_media":184,"comment_status":"closed","ping_status":"closed","sticky":false,"template":"","format":"standard","meta":{"_mo_disable_npp":"","inline_featured_image":false},"categories":[1825],"tags":[],"imageURL":"https:\/\/sdk.mk\/wp-content\/uploads\/2015\/12\/goran-mihailovski2.jpg","thumbURL":"https:\/\/sdk.mk\/wp-content\/uploads\/2015\/12\/goran-mihailovski2-250x196.jpg","categoryNames":["DUA T\u00cb THEM"],"feature_caption":"","subtitle":"Fukarenjt\u00eb e pasuruar, as nuk vajt\u00ebn n\u00eb burg, as nuk i kthyen parat\u00eb","views":"10083","source":"","yoast_head":"<!-- This site is optimized with the Yoast SEO Premium plugin v15.0 - https:\/\/yoast.com\/wordpress\/plugins\/seo\/ -->\n<title>1 SHKURT - \u0421\u0430\u043a\u0430\u043c \u0414\u0430 \u041a\u0430\u0436\u0430\u043c<\/title>\n<meta name=\"robots\" content=\"index, follow, max-snippet:-1, max-image-preview:large, max-video-preview:-1\" \/>\n<link rel=\"canonical\" href=\"https:\/\/sdk.mk\/index.php\/dua-te-them\/1-shkurt\/\" \/>\n<meta property=\"og:locale\" content=\"mk_MK\" \/>\n<meta property=\"og:type\" content=\"article\" \/>\n<meta property=\"og:title\" content=\"1 SHKURT - \u0421\u0430\u043a\u0430\u043c \u0414\u0430 \u041a\u0430\u0436\u0430\u043c\" \/>\n<meta property=\"og:description\" content=\"Kur ve\u00e7m\u00eb Qeveria u ofron pun\u00eb n\u00ebp\u00ebr kompanit\u00eb private t\u00eb pun\u00ebsuarve joproduktiv\u00eb e administrat\u00ebs shtet\u00ebrore, vall\u00eb, do t\u00eb ken\u00eb mund\u00ebsi [&hellip;]\" \/>\n<meta property=\"og:url\" content=\"https:\/\/sdk.mk\/index.php\/dua-te-them\/1-shkurt\/\" \/>\n<meta property=\"og:site_name\" content=\"\u0421\u0430\u043a\u0430\u043c \u0414\u0430 \u041a\u0430\u0436\u0430\u043c\" \/>\n<meta property=\"article:published_time\" content=\"2018-11-10T18:41:28+00:00\" \/>\n<meta property=\"og:image\" content=\"https:\/\/sdk.mk\/wp-content\/uploads\/2015\/12\/goran-mihailovski2.jpg\" \/>\n\t<meta property=\"og:image:width\" content=\"400\" \/>\n\t<meta property=\"og:image:height\" content=\"313\" \/>\n<meta property=\"fb:app_id\" content=\"2407985809428537\" \/>\n<meta name=\"twitter:card\" content=\"summary\" \/>\n<script type=\"application\/ld+json\" class=\"yoast-schema-graph\">{\"@context\":\"https:\/\/schema.org\",\"@graph\":[{\"@type\":\"WebSite\",\"@id\":\"https:\/\/sdk.mk\/#website\",\"url\":\"https:\/\/sdk.mk\/\",\"name\":\"\\u0421\\u0430\\u043a\\u0430\\u043c \\u0414\\u0430 \\u041a\\u0430\\u0436\\u0430\\u043c\",\"description\":\"\\u0417\\u0430 \\u0441\\u043b\\u043e\\u0431\\u043e\\u0434\\u043e\\u0443\\u043c\\u043d\\u0438\",\"potentialAction\":[{\"@type\":\"SearchAction\",\"target\":\"https:\/\/sdk.mk\/?s={search_term_string}\",\"query-input\":\"required name=search_term_string\"}],\"inLanguage\":\"mk-MK\"},{\"@type\":\"ImageObject\",\"@id\":\"https:\/\/sdk.mk\/index.php\/dua-te-them\/1-shkurt\/#primaryimage\",\"inLanguage\":\"mk-MK\",\"url\":\"https:\/\/sdk.mk\/wp-content\/uploads\/2015\/12\/goran-mihailovski2.jpg\",\"width\":400,\"height\":313},{\"@type\":\"WebPage\",\"@id\":\"https:\/\/sdk.mk\/index.php\/dua-te-them\/1-shkurt\/#webpage\",\"url\":\"https:\/\/sdk.mk\/index.php\/dua-te-them\/1-shkurt\/\",\"name\":\"1 SHKURT - \\u0421\\u0430\\u043a\\u0430\\u043c \\u0414\\u0430 \\u041a\\u0430\\u0436\\u0430\\u043c\",\"isPartOf\":{\"@id\":\"https:\/\/sdk.mk\/#website\"},\"primaryImageOfPage\":{\"@id\":\"https:\/\/sdk.mk\/index.php\/dua-te-them\/1-shkurt\/#primaryimage\"},\"datePublished\":\"2018-11-10T18:41:28+00:00\",\"dateModified\":\"2018-11-10T18:41:28+00:00\",\"author\":{\"@id\":\"https:\/\/sdk.mk\/#\/schema\/person\/be7cfa6655c47f7195bfdd0ba8144aa2\"},\"inLanguage\":\"mk-MK\",\"potentialAction\":[{\"@type\":\"ReadAction\",\"target\":[\"https:\/\/sdk.mk\/index.php\/dua-te-them\/1-shkurt\/\"]}]},{\"@type\":\"Person\",\"@id\":\"https:\/\/sdk.mk\/#\/schema\/person\/be7cfa6655c47f7195bfdd0ba8144aa2\",\"name\":\"\\u0413\\u043e\\u0440\\u0430\\u043d \\u041c\\u0438\\u0445\\u0430\\u0458\\u043b\\u043e\\u0432\\u0441\\u043a\\u0438\"}]}<\/script>\n<!-- \/ Yoast SEO Premium plugin. -->","_links":{"self":[{"href":"https:\/\/sdk.mk\/index.php\/wp-json\/wp\/v2\/posts\/72948"}],"collection":[{"href":"https:\/\/sdk.mk\/index.php\/wp-json\/wp\/v2\/posts"}],"about":[{"href":"https:\/\/sdk.mk\/index.php\/wp-json\/wp\/v2\/types\/post"}],"author":[{"embeddable":true,"href":"https:\/\/sdk.mk\/index.php\/wp-json\/wp\/v2\/users\/1"}],"replies":[{"embeddable":true,"href":"https:\/\/sdk.mk\/index.php\/wp-json\/wp\/v2\/comments?post=72948"}],"version-history":[{"count":0,"href":"https:\/\/sdk.mk\/index.php\/wp-json\/wp\/v2\/posts\/72948\/revisions"}],"wp:featuredmedia":[{"embeddable":true,"href":"https:\/\/sdk.mk\/index.php\/wp-json\/wp\/v2\/media\/184"}],"wp:attachment":[{"href":"https:\/\/sdk.mk\/index.php\/wp-json\/wp\/v2\/media?parent=72948"}],"wp:term":[{"taxonomy":"category","embeddable":true,"href":"https:\/\/sdk.mk\/index.php\/wp-json\/wp\/v2\/categories?post=72948"},{"taxonomy":"post_tag","embeddable":true,"href":"https:\/\/sdk.mk\/index.php\/wp-json\/wp\/v2\/tags?post=72948"}],"curies":[{"name":"wp","href":"https:\/\/api.w.org\/{rel}","templated":true}]}}