{"id":73863,"date":"2018-11-20T14:48:20","date_gmt":"2018-11-20T13:48:20","guid":{"rendered":"https:\/\/sdk.mk\/?p=73863"},"modified":"2018-11-20T14:48:20","modified_gmt":"2018-11-20T13:48:20","slug":"nxenesit-e-klases-se-dyte-dhe-mesuesja-e-tyre-ndihmojne-dy-nga-nxenesit-ne-klase-qe-kane-diabet","status":"publish","type":"post","link":"https:\/\/sdk.mk\/index.php\/histori-te-parrefyera\/nxenesit-e-klases-se-dyte-dhe-mesuesja-e-tyre-ndihmojne-dy-nga-nxenesit-ne-klase-qe-kane-diabet\/","title":{"rendered":"NX\u00cbN\u00cbSIT E KLAS\u00cbS S\u00cb DYT\u00cb DHE M\u00cbSUESJA E TYRE NDIHMOJN\u00cb DY NGA NX\u00cbN\u00cbSIT N\u00cb KLAS\u00cb Q\u00cb KAN\u00cb DIABET"},"content":{"rendered":"<div class=\"f52428582a4b906b2d2e2a7d733c7d27\" data-index=\"7\" style=\"float: none; margin:10px 0 10px 0; text-align:center;\">\n<!-- MSP Ads Asynchronous JS Tag - Generated with Revive Adserver v5.4.1 -->\r\n<ins data-revive-zoneid=\"167\" data-revive-id=\"060fdb01f6430ec164d3519234aa4967\"><\/ins>\r\n<script async src=\"\/\/panel.ads.com.mk\/www\/delivery\/asyncjs.php\"><\/script>\n<\/div>\n<p>M\u00ebsuesja \u00ebsht\u00eb si nj\u00eb n\u00ebn\u00eb e dyt\u00eb dhe shembull i v\u00ebrtet\u00eb i k\u00ebsaj \u00ebsht\u00eb m\u00ebsuesja Vesna Avramovska-Dimitrovska e Shkoll\u00ebs fillore \u201cKliment Ohridski\u201d n\u00eb Manastir. Nd\u00ebrsa m\u00ebsues t\u00eb tjer\u00eb frik\u00ebsohen nga fakti se mos kan\u00eb ndonj\u00eb nx\u00ebn\u00ebs me diabet, ajo n\u00eb klas\u00ebn e saj ka aktualisht dy nx\u00ebn\u00ebs me diabet 1. Gjat\u00eb dit\u00ebs ua mat nivelin e sheqerit, u jep mjalt\u00eb kur p\u00ebrjetojn\u00eb hipoglukemi, e madje u jep edhe ineksione t\u00eb insulin\u00ebs.<\/p>\n<p>Por, m\u00eb e r\u00ebnd\u00ebsishmja nga t\u00eb gjitha \u00ebsht\u00eb se edhe 25 nx\u00ebn\u00ebsit e saj m\u00ebsuan nga ajo se si t\u2019i pranojn\u00eb dy shok\u00ebt dhe ta lajm\u00ebrojn\u00eb me qet\u00ebsi m\u00ebsuesen n\u00eb rast se gjendja e tyre p\u00ebrkeq\u00ebsohet apo p\u00ebrmir\u00ebsohet. Nx\u00ebn\u00ebsit dhe m\u00ebsuesja gjat\u00eb k\u00ebtyre dit\u00ebve n\u00eb nj\u00eb ngjarje publike prezantuan nj\u00eb video se si k\u00ebta dy nx\u00ebn\u00ebs kalojn\u00eb betej\u00ebn ditore me s\u00ebmundjen q\u00eb kan\u00eb, n\u00eb m\u00ebnyr\u00eb q\u00eb t\u00eb ngren\u00eb vet\u00ebdijen p\u00ebr personat me diabet.<\/p>\n<p>\u201cKjo \u00ebsht\u00eb \u00e7anta ime. P\u00ebrve\u00e7 pajisjeve shkollore, mbaj me vete dhe t\u00ebr\u00eb k\u00ebto gj\u00ebra!\u201d, thot\u00eb nj\u00ebri nga dy nx\u00ebn\u00ebsit n\u00eb video, teksa demonstronte pajisjen p\u00ebr matje dhe rregullim t\u00eb nivelit t\u00eb sheqerit. \u201cShum\u00eb gj\u00ebra, apo jo? Por, gj\u00ebja m\u00eb e v\u00ebshtir\u00eb \u00ebsht\u00eb injeksioni, matja, korrigjimi\u201d, shton f\u00ebmija.<\/p>\n<p>Edhe m\u00ebsuesja \u00ebsht\u00eb k\u00ebtu p\u00ebr t\u00eb ndihmuar n\u00eb gjith\u00eb k\u00ebt\u00eb proces. Nd\u00ebrkoh\u00eb te video kalonin nx\u00ebn\u00ebsit, t\u00eb cil\u00ebt n\u00eb shenj\u00eb solidariteti po ngjisnin flet\u00eb te tabela ku kishin sh\u00ebnuar fjal\u00eb t\u00eb p\u00ebrzem\u00ebrta \u00a0miq\u00ebsie, dhembshurie, pjekurie, p\u00ebrgjegj\u00ebsie dhe guximi p\u00ebr dy shok\u00ebt e klas\u00ebs.<\/p>\n<div id=\"attachment_73704\" style=\"width: 660px\" class=\"wp-caption aligncenter\"><a href=\"https:\/\/sdk.mk\/wp-content\/uploads\/2018\/11\/nastavnickata-e-taa-od-levo-so-plavata-kosa-2.jpg\"><img aria-describedby=\"caption-attachment-73704\" loading=\"lazy\" class=\"wp-image-73704 size-large\" src=\"https:\/\/sdk.mk\/wp-content\/uploads\/2018\/11\/nastavnickata-e-taa-od-levo-so-plavata-kosa-2-650x431.jpg\" alt=\"\" width=\"650\" height=\"431\" srcset=\"https:\/\/sdk.mk\/wp-content\/uploads\/2018\/11\/nastavnickata-e-taa-od-levo-so-plavata-kosa-2-650x431.jpg 650w, https:\/\/sdk.mk\/wp-content\/uploads\/2018\/11\/nastavnickata-e-taa-od-levo-so-plavata-kosa-2-250x166.jpg 250w, https:\/\/sdk.mk\/wp-content\/uploads\/2018\/11\/nastavnickata-e-taa-od-levo-so-plavata-kosa-2-400x265.jpg 400w, https:\/\/sdk.mk\/wp-content\/uploads\/2018\/11\/nastavnickata-e-taa-od-levo-so-plavata-kosa-2-768x509.jpg 768w, https:\/\/sdk.mk\/wp-content\/uploads\/2018\/11\/nastavnickata-e-taa-od-levo-so-plavata-kosa-2-150x99.jpg 150w, https:\/\/sdk.mk\/wp-content\/uploads\/2018\/11\/nastavnickata-e-taa-od-levo-so-plavata-kosa-2-800x530.jpg 800w, https:\/\/sdk.mk\/wp-content\/uploads\/2018\/11\/nastavnickata-e-taa-od-levo-so-plavata-kosa-2.jpg 1026w\" sizes=\"(max-width: 650px) 100vw, 650px\" \/><\/a><p id=\"caption-attachment-73704\" class=\"wp-caption-text\">\u201cP\u00ebrballemi me shum\u00eb probleme. Nd\u00ebr k\u00ebto \u00ebsht\u00eb insulina jocil\u00ebsore, mat\u00ebsit jocil\u00ebsor\u00eb q\u00eb tregojn\u00eb dallime t\u00eb m\u00ebdha n\u00eb nivelin e sheqerit. Apeloj q\u00eb sa m\u00eb shpejt t\u00eb sigurohen mjete t\u00eb pakt\u00ebn p\u00ebr f\u00ebmij\u00ebt deri n\u00eb mosh\u00ebn 12 vje\u00e7e, senzor\u00ebt \u201clibre\u201d p\u00ebr matje pa shpim, pasi do t\u2019ua leht\u00ebsonin jet\u00ebn. \u00cbsht\u00eb tragjike t\u00eb shoh\u00ebsh se si nj\u00eb f\u00ebmij\u00eb shpohet t\u00eb pakt\u00ebn 10 her\u00eb n\u00eb dit\u00eb, p\u00ebrve\u00e7 terapis\u00eb me insulin, vet\u00ebm p\u00ebr t\u00eb matur sheqerin\u201d, shton m\u00ebsuesja. (Foto: SDK.MK)<\/p><\/div>\n<p>\u201cKemi arritur q\u00eb t\u00eb matim glikemin\u00eb n\u00eb m\u00ebnyr\u00eb m\u00eb t\u00eb zgjuar dhe t\u00eb p\u00ebrballemi me situatat e ndryshme, jo vet\u00ebm un\u00eb, por edhe nx\u00ebn\u00ebsit e mi, q\u00eb mund t\u00eb dallojm\u00eb n\u00ebse ka ndryshuar gjendja te f\u00ebmij\u00ebt me diabet. N\u00eb momentet e hiper ose hipoglikemis\u00eb, kemi zhvilluar nj\u00eb komunikim t\u00eb ve\u00e7ant\u00eb, n\u00eb m\u00ebnyr\u00eb q\u00eb m\u00ebsimi t\u00eb vazhdoj\u00eb t\u00eb zhvillohet pa penges\u00eb, por nd\u00ebrkoh\u00eb edhe t\u2019u jepet ndihma p\u00ebrkat\u00ebse. Kemi krijuar gjuh\u00ebn ton\u00eb t\u00eb shenjave, p\u00ebr t\u00eb b\u00ebr\u00eb t\u00eb ditur n\u00ebse situata \u00ebsht\u00eb serioze apo n\u00ebse rreziku \u00ebsht\u00eb i madh. N\u00eb klas\u00eb duhet t\u00eb mbizot\u00ebroj\u00eb heshtje absolute dhe t\u00eb reagohet n\u00eb nj\u00eb m\u00ebnyr\u00eb t\u00eb caktuar\u201d, thot\u00eb m\u00ebsuesja.<\/p>\n<p>Meqen\u00ebse nuk kan\u00eb mjetet e duhura, si\u00e7 i kan\u00eb shkollat fillore n\u00eb shtetet tjera, ku p\u00ebrballen me situata t\u00eb tilla, m\u00ebsuesja p\u00ebrdor mjaltin p\u00ebr t\u00eb rritur sheqerin apo injeksionin n\u00eb rast se niveli i sheqerit \u00ebsht\u00eb i lart\u00eb. Nj\u00ebri prej f\u00ebmij\u00ebve me diabet nj\u00eb senzor n\u00eb dor\u00eb q\u00eb i tregon nivelin e sheqerit, por tjetri duhet t\u00eb shpohet q\u00eb ta kontrolloj\u00eb.<\/p>\n<p>\u201cP\u00ebrballemi me shum\u00eb probleme. Nd\u00ebr k\u00ebto \u00ebsht\u00eb insulina jocil\u00ebsore, mat\u00ebsit jocil\u00ebsor\u00eb q\u00eb tregojn\u00eb dallime t\u00eb m\u00ebdha n\u00eb nivelin e sheqerit. Apeloj q\u00eb sa m\u00eb shpejt t\u00eb sigurohen mjete t\u00eb pakt\u00ebn p\u00ebr f\u00ebmij\u00ebt deri n\u00eb mosh\u00ebn 12 vje\u00e7e, senzor\u00ebt \u201clibre\u201d p\u00ebr matje pa shpim, pasi do t\u2019ua leht\u00ebsonin jet\u00ebn. \u00cbsht\u00eb tragjike t\u00eb shoh\u00ebsh se si nj\u00eb f\u00ebmij\u00eb shpohet t\u00eb pakt\u00ebn 10 her\u00eb n\u00eb dit\u00eb, p\u00ebrve\u00e7 terapis\u00eb me insulin\u00eb, vet\u00ebm p\u00ebr t\u00eb matur sheqerin\u201d, shton m\u00ebsuesja.<\/p>\n<p>Mir\u00ebpo, jo t\u00eb gjitha p\u00ebrvojat n\u00eb arsim jan\u00eb t\u00eb k\u00ebtilla. Shpesh her\u00eb f\u00ebmij\u00ebt me s\u00ebmundje t\u00eb sheqerit diskriminohen, por ka dhe raste kur prind\u00ebrit shkojn\u00eb me ta n\u00eb shkoll\u00eb, p\u00ebr t\u2019u dh\u00ebn\u00eb insulin\u00eb.<\/p>\n<p>\u201cVazhdon t\u00eb ekzistoj\u00eb diskriminimi te k\u00ebta f\u00ebmij\u00eb. Personalisht, un\u00eb njoh nj\u00eb f\u00ebmij\u00eb i cili nuk shkon n\u00eb shkoll\u00eb p\u00ebr shkak t\u00eb hipoglikemis\u00eb, q\u00eb mendoj se \u00ebsht\u00eb di\u00e7ka q\u00eb nuk duhet lejuar\u201d, thot\u00eb internistja diabetologe, Mirjana Mlladenovska.<\/p>\n<p>Nga Shoqata e diabetik\u00ebve t\u00eb Manastirit thon\u00eb se nevojitet nj\u00eb edukim n\u00ebp\u00ebr shkolla.<\/p>\n<p>\u201cNe b\u00ebjm\u00eb nj\u00eb edukim t\u00eb till\u00eb n\u00eb gjimnaz. K\u00ebta f\u00ebmij\u00eb duhet t\u00eb lirohen dhe t\u00eb thon\u00eb se e kan\u00eb diabetin pasi ky nuk \u00ebsht\u00eb turp, por nj\u00eb gjendje q\u00eb u ka rastisur t\u00eb ken\u00eb. F\u00ebmija duhet t\u00eb pranohet n\u00eb mjedisin ku i ka takuar t\u00eb jetoj\u00eb\u201d, thot\u00eb kryetari Boris Mijall\u00e7ev.<\/p>\n<p>Nga spitali i Manastirit thon\u00eb se p\u00ebr 1 p\u00ebrqind nga vjet deri sivjet \u00ebsht\u00eb rritur numri i adoleshent\u00ebve nga 14 deri n\u00eb 18 vjet t\u00eb s\u00ebmur\u00eb nga diabeti. F\u00ebmij\u00ebt m\u00eb t\u00eb vegj\u00ebl \u00e7ohen p\u00ebr mjekim n\u00eb Klinik\u00ebn p\u00ebr f\u00ebmij\u00eb n\u00eb Shkup, k\u00ebshtu q\u00eb nuk dihet numri i sakt\u00eb, por mesatarisht jan\u00eb nga 10 deri n\u00eb 15 vjet.<\/p>\n<p>\u201cDiabeti tashm\u00eb ka karakteristika pandemie n\u00eb bot\u00eb, me rreth 400 persona t\u00eb s\u00ebmur\u00eb. N\u00eb Manastir nuk kemi nj\u00eb num\u00ebr t\u00eb sakt\u00eb por me siguri ka mbi 15.000, nga t\u00eb cil\u00ebt mbi 7.000 jan\u00eb me insulin\u00eb. Kemi nj\u00eb rritje prej vitit t\u00eb kaluar, sidomos t\u00eb diabetit 2 te f\u00ebmij\u00ebt, p\u00ebr shkak t\u00eb t\u00eb ushqyerit joadekuat. Diabeti, i cili ishte karakteristik p\u00ebr t\u00eb moshuarit, tani po shfaqet edhe te popullsia m\u00eb e re\u201d, thot\u00eb doktoresha Liljana Na\u00e7evska, interniste e cila merret me problematik\u00ebn e s\u00ebmundjes s\u00eb sheqerit p\u00ebr nj\u00eb koh\u00eb t\u00eb gjat\u00eb<\/p>\n<p><strong><em>ZH. ZDRAVKOVSKA<\/em><\/strong><\/p>\n\n<div style=\"font-size: 0px; height: 0px; line-height: 0px; margin: 0; padding: 0; clear: both;\"><\/div>","protected":false},"excerpt":{"rendered":"<p>M\u00ebsuesja \u00ebsht\u00eb si nj\u00eb n\u00ebn\u00eb e dyt\u00eb dhe shembull i v\u00ebrtet\u00eb i k\u00ebsaj \u00ebsht\u00eb m\u00ebsuesja Vesna Avramovska-Dimitrovska e Shkoll\u00ebs fillore [&hellip;]<\/p>\n","protected":false},"author":25,"featured_media":73705,"comment_status":"closed","ping_status":"closed","sticky":false,"template":"","format":"standard","meta":{"_mo_disable_npp":"","inline_featured_image":false},"categories":[3085,3095],"tags":[33843,33845,33847,33849],"imageURL":"https:\/\/sdk.mk\/wp-content\/uploads\/2018\/11\/UCENICI-650x289.jpg","thumbURL":"https:\/\/sdk.mk\/wp-content\/uploads\/2018\/11\/UCENICI-250x111.jpg","categoryNames":["Histori t\u00eb parr\u00ebfyera","Rrjeti i korrespondent\u00ebve"],"feature_caption":"M\u00ebsuesja Vesna Avramovska-Dimitrovska nga Shkolla fillore \u201cKliment Ohridski\u201d n\u00eb Manastir u m\u00ebsoi 25 nx\u00ebn\u00ebsve saj t\u00eb klas\u00ebs s\u00eb dyt\u00eb se si t\u2019i pranojn\u00eb shok\u00ebt e tyre dhe ta informojn\u00eb at\u00eb n\u00eb rast e gjendja e tyre p\u00ebrmir\u00ebsohet apo p\u00ebrkeq\u00ebsohet; - Nx\u00ebn\u00ebsit dhe m\u00ebsuesja n\u00eb nj\u00eb ngjarje publike prezantuan nj\u00eb video, e cila shfaqte se si k\u00ebta dy nx\u00ebn\u00ebs ndeshen me s\u00ebmundjen \u00e7do dit\u00eb, n\u00eb m\u00ebnyr\u00eb q\u00eb t\u00eb ngren\u00eb vet\u00ebdijen p\u00ebr personat me diabet. (Foto: SDK.MK) ","subtitle":"","views":"5909","source":"\u041canastir, (SAKAMDAKAZAM.MK) ","yoast_head":"<!-- This site is optimized with the Yoast SEO Premium plugin v15.0 - https:\/\/yoast.com\/wordpress\/plugins\/seo\/ -->\n<title>NX\u00cbN\u00cbSIT E KLAS\u00cbS S\u00cb DYT\u00cb DHE M\u00cbSUESJA E TYRE NDIHMOJN\u00cb DY NGA NX\u00cbN\u00cbSIT N\u00cb KLAS\u00cb Q\u00cb KAN\u00cb DIABET - \u0421\u0430\u043a\u0430\u043c \u0414\u0430 \u041a\u0430\u0436\u0430\u043c<\/title>\n<meta name=\"robots\" content=\"index, follow, max-snippet:-1, max-image-preview:large, max-video-preview:-1\" \/>\n<link rel=\"canonical\" href=\"https:\/\/sdk.mk\/index.php\/histori-te-parrefyera\/nxenesit-e-klases-se-dyte-dhe-mesuesja-e-tyre-ndihmojne-dy-nga-nxenesit-ne-klase-qe-kane-diabet\/\" \/>\n<meta property=\"og:locale\" content=\"mk_MK\" \/>\n<meta property=\"og:type\" content=\"article\" \/>\n<meta property=\"og:title\" content=\"NX\u00cbN\u00cbSIT E KLAS\u00cbS S\u00cb DYT\u00cb DHE M\u00cbSUESJA E TYRE NDIHMOJN\u00cb DY NGA NX\u00cbN\u00cbSIT N\u00cb KLAS\u00cb Q\u00cb KAN\u00cb DIABET - \u0421\u0430\u043a\u0430\u043c \u0414\u0430 \u041a\u0430\u0436\u0430\u043c\" \/>\n<meta property=\"og:description\" content=\"M\u00ebsuesja \u00ebsht\u00eb si nj\u00eb n\u00ebn\u00eb e dyt\u00eb dhe shembull i v\u00ebrtet\u00eb i k\u00ebsaj \u00ebsht\u00eb m\u00ebsuesja Vesna Avramovska-Dimitrovska e Shkoll\u00ebs fillore [&hellip;]\" \/>\n<meta property=\"og:url\" content=\"https:\/\/sdk.mk\/index.php\/histori-te-parrefyera\/nxenesit-e-klases-se-dyte-dhe-mesuesja-e-tyre-ndihmojne-dy-nga-nxenesit-ne-klase-qe-kane-diabet\/\" \/>\n<meta property=\"og:site_name\" content=\"\u0421\u0430\u043a\u0430\u043c \u0414\u0430 \u041a\u0430\u0436\u0430\u043c\" \/>\n<meta property=\"article:published_time\" content=\"2018-11-20T13:48:20+00:00\" \/>\n<meta property=\"og:image\" content=\"https:\/\/sdk.mk\/wp-content\/uploads\/2018\/11\/UCENICI.jpg\" \/>\n\t<meta property=\"og:image:width\" content=\"979\" \/>\n\t<meta property=\"og:image:height\" content=\"436\" \/>\n<meta property=\"fb:app_id\" content=\"2407985809428537\" \/>\n<meta name=\"twitter:card\" content=\"summary\" \/>\n<script type=\"application\/ld+json\" class=\"yoast-schema-graph\">{\"@context\":\"https:\/\/schema.org\",\"@graph\":[{\"@type\":\"WebSite\",\"@id\":\"https:\/\/sdk.mk\/#website\",\"url\":\"https:\/\/sdk.mk\/\",\"name\":\"\\u0421\\u0430\\u043a\\u0430\\u043c \\u0414\\u0430 \\u041a\\u0430\\u0436\\u0430\\u043c\",\"description\":\"\\u0417\\u0430 \\u0441\\u043b\\u043e\\u0431\\u043e\\u0434\\u043e\\u0443\\u043c\\u043d\\u0438\",\"potentialAction\":[{\"@type\":\"SearchAction\",\"target\":\"https:\/\/sdk.mk\/?s={search_term_string}\",\"query-input\":\"required name=search_term_string\"}],\"inLanguage\":\"mk-MK\"},{\"@type\":\"ImageObject\",\"@id\":\"https:\/\/sdk.mk\/index.php\/histori-te-parrefyera\/nxenesit-e-klases-se-dyte-dhe-mesuesja-e-tyre-ndihmojne-dy-nga-nxenesit-ne-klase-qe-kane-diabet\/#primaryimage\",\"inLanguage\":\"mk-MK\",\"url\":\"https:\/\/sdk.mk\/wp-content\/uploads\/2018\/11\/UCENICI.jpg\",\"width\":979,\"height\":436},{\"@type\":\"WebPage\",\"@id\":\"https:\/\/sdk.mk\/index.php\/histori-te-parrefyera\/nxenesit-e-klases-se-dyte-dhe-mesuesja-e-tyre-ndihmojne-dy-nga-nxenesit-ne-klase-qe-kane-diabet\/#webpage\",\"url\":\"https:\/\/sdk.mk\/index.php\/histori-te-parrefyera\/nxenesit-e-klases-se-dyte-dhe-mesuesja-e-tyre-ndihmojne-dy-nga-nxenesit-ne-klase-qe-kane-diabet\/\",\"name\":\"NX\\u00cbN\\u00cbSIT E KLAS\\u00cbS S\\u00cb DYT\\u00cb DHE M\\u00cbSUESJA E TYRE NDIHMOJN\\u00cb DY NGA NX\\u00cbN\\u00cbSIT N\\u00cb KLAS\\u00cb Q\\u00cb KAN\\u00cb DIABET - \\u0421\\u0430\\u043a\\u0430\\u043c \\u0414\\u0430 \\u041a\\u0430\\u0436\\u0430\\u043c\",\"isPartOf\":{\"@id\":\"https:\/\/sdk.mk\/#website\"},\"primaryImageOfPage\":{\"@id\":\"https:\/\/sdk.mk\/index.php\/histori-te-parrefyera\/nxenesit-e-klases-se-dyte-dhe-mesuesja-e-tyre-ndihmojne-dy-nga-nxenesit-ne-klase-qe-kane-diabet\/#primaryimage\"},\"datePublished\":\"2018-11-20T13:48:20+00:00\",\"dateModified\":\"2018-11-20T13:48:20+00:00\",\"author\":{\"@id\":\"https:\/\/sdk.mk\/#\/schema\/person\/737021aeacbe893f7e2c347186c5c7a1\"},\"inLanguage\":\"mk-MK\",\"potentialAction\":[{\"@type\":\"ReadAction\",\"target\":[\"https:\/\/sdk.mk\/index.php\/histori-te-parrefyera\/nxenesit-e-klases-se-dyte-dhe-mesuesja-e-tyre-ndihmojne-dy-nga-nxenesit-ne-klase-qe-kane-diabet\/\"]}]},{\"@type\":\"Person\",\"@id\":\"https:\/\/sdk.mk\/#\/schema\/person\/737021aeacbe893f7e2c347186c5c7a1\",\"name\":\"\\u0424\\u0458\\u043e\\u043b\\u0430 \\u0417\\u043b\\u0430\\u0442\\u043a\\u0443\"}]}<\/script>\n<!-- \/ Yoast SEO Premium plugin. -->","_links":{"self":[{"href":"https:\/\/sdk.mk\/index.php\/wp-json\/wp\/v2\/posts\/73863"}],"collection":[{"href":"https:\/\/sdk.mk\/index.php\/wp-json\/wp\/v2\/posts"}],"about":[{"href":"https:\/\/sdk.mk\/index.php\/wp-json\/wp\/v2\/types\/post"}],"author":[{"embeddable":true,"href":"https:\/\/sdk.mk\/index.php\/wp-json\/wp\/v2\/users\/25"}],"replies":[{"embeddable":true,"href":"https:\/\/sdk.mk\/index.php\/wp-json\/wp\/v2\/comments?post=73863"}],"version-history":[{"count":0,"href":"https:\/\/sdk.mk\/index.php\/wp-json\/wp\/v2\/posts\/73863\/revisions"}],"wp:featuredmedia":[{"embeddable":true,"href":"https:\/\/sdk.mk\/index.php\/wp-json\/wp\/v2\/media\/73705"}],"wp:attachment":[{"href":"https:\/\/sdk.mk\/index.php\/wp-json\/wp\/v2\/media?parent=73863"}],"wp:term":[{"taxonomy":"category","embeddable":true,"href":"https:\/\/sdk.mk\/index.php\/wp-json\/wp\/v2\/categories?post=73863"},{"taxonomy":"post_tag","embeddable":true,"href":"https:\/\/sdk.mk\/index.php\/wp-json\/wp\/v2\/tags?post=73863"}],"curies":[{"name":"wp","href":"https:\/\/api.w.org\/{rel}","templated":true}]}}