{"id":7486,"date":"2016-06-18T07:10:19","date_gmt":"2016-06-18T05:10:19","guid":{"rendered":"http:\/\/sdk.mk\/\/?p=7486"},"modified":"2016-06-18T07:10:19","modified_gmt":"2016-06-18T05:10:19","slug":"te-marret-budallenj","status":"publish","type":"post","link":"https:\/\/sdk.mk\/index.php\/dua-te-them\/te-marret-budallenj\/","title":{"rendered":"T\u00eb marr\u00ebt budallenj"},"content":{"rendered":"<div class=\"f52428582a4b906b2d2e2a7d733c7d27\" data-index=\"7\" style=\"float: none; margin:10px 0 10px 0; text-align:center;\">\n<!-- MSP Ads Asynchronous JS Tag - Generated with Revive Adserver v5.4.1 -->\r\n<ins data-revive-zoneid=\"167\" data-revive-id=\"060fdb01f6430ec164d3519234aa4967\"><\/ins>\r\n<script async src=\"\/\/panel.ads.com.mk\/www\/delivery\/asyncjs.php\"><\/script>\n<\/div>\n<p><span class=\"dropcap dropcap3\">1<\/span> Vall\u00eb akoma \u00e7uditeni se si qeveria paska marr\u00eb guximin t\u00eb shpik\u00eb nj\u00eb dredhi me ambulancat, n\u00eb m\u00ebnyr\u00eb q\u00eb t\u00eb provokohet nj\u00eb incident n\u00eb protestat e Revolucionit t\u00eb larm\u00eb dhe n\u00eb t\u00eb nj\u00ebjt\u00ebn koh\u00eb aty t\u00eb shfaqet spontanisht nj\u00eb ekip gazetar\u00ebsh korrier\u00eb, q\u00eb rast\u00ebsisht ta evidentoj\u00eb mizorin\u00eb e demonstruesve antiqeveritar\u00eb? Nuk e di se pse \u00e7uditeni. Po nj\u00ebsoj dhe Tamara e vog\u00ebl vdiq duke pritur hapjen solemne t\u00eb qendr\u00ebs p\u00ebr skolioz\u00eb? Kur mundeshin ta vdesin nj\u00eb vajz\u00eb n\u00ebnt\u00eb vje\u00e7are vet\u00ebm q\u00eb t\u00eb mund t\u00eb fotografohen duke realizuar, pse t\u00eb mos d\u00ebrgojn\u00eb tri ambulanca p\u00ebr propagand\u00eb kund\u00ebr revolucioner\u00ebve t\u00eb larm\u00eb? Pak i kishin topat e ujit, dhurat\u00eb nga Erdogani, e iu desh t\u00eb\u00a0 p\u00ebrdornin si p\u00ebrforcim edhe ambulancat, dhurat\u00eb nga populli. Q\u00ebllimi \u00ebsht\u00eb t\u00eb shuhen protestat e atyre q\u00eb nuk mendojn\u00eb nj\u00ebsoj si ata.<\/p>\n<p>Tashm\u00eb dhjet vjet jetojm\u00eb n\u00eb nj\u00eb fushat\u00eb propaganduese. Ku ja q\u00eb edhe ambulancat u b\u00ebn\u00eb shum\u00eb funksionale.\u00a0 Ato jan\u00eb aty q\u00eb edhe ministri i sh\u00ebndet\u00ebsis\u00eb, Nikolla Todorov, disa her\u00eb t\u00eb fotografohet me to duke realizuar, edhe t\u00eb sh\u00ebrbejn\u00eb si mjet luftarak kund\u00ebr atyre q\u00eb nuk e duan qeverin\u00eb, por t\u00eb jen\u00eb edhe\u00a0rekuizit\u00eb e bukur skenografike p\u00ebr skenar me gazetar\u00eb t\u00eb angazhuar, dhe kur t\u00eb mos jen\u00eb n\u00eb p\u00ebrdorim n\u00eb fushat\u00ebn reklamuese, t\u00eb mund t\u00eb p\u00ebrdoren dhe p\u00ebr transportin e t\u00eb s\u00ebmur\u00ebve.<\/p>\n<p>Atij q\u00eb i \u00ebsht\u00eb kujtuar t\u00eb p\u00ebrdor\u00eb k\u00ebt\u00eb dredhi, duhet t\u00eb ket\u00eb nj\u00eb mendje monstruoze. Por, kush ka aprovuar realizimin e k\u00ebtij projekti? Kush ka urdh\u00ebruar q\u00eb n\u00eb t\u00eb nj\u00ebjt\u00ebn koh\u00eb, tri ambulanca t\u00eb hiqen nga p\u00ebrdorimi, \u00a0nd\u00ebrsa dikujt mund t\u2019i nevojitet ndihm\u00eb mjek\u00ebsore? Kush vall\u00eb e ka koordinuar aksionin simultan t\u00eb ndihm\u00ebs s\u00eb shpejt\u00eb me ekipet gazetareske p\u00ebr nd\u00ebrhyrje t\u00eb shpejt\u00eb kund\u00ebr Revolucionit t\u00eb larm\u00eb? Vall\u00eb ekzekutor\u00ebt \u00a0jan\u00eb m\u00eb pak monstruoz sesa ai q\u00eb ka dh\u00ebn\u00eb urdhrin t\u2019i zbatohet ideja?<\/p>\n<p>\u00c7far\u00eb pas k\u00ebsaj? Ashtu si\u00e7 gjejn\u00eb aktivist\u00eb partiak\u00eb q\u00eb t\u00eb shtiren si qytetar\u00eb t\u00eb k\u00ebnaqur n\u00eb sondazhet e lajmeve televizive, ashtu do t\u00eb angazhojn\u00eb aktivist\u00eb partiak\u00eb q\u00eb t\u00eb shtiren si t\u00eb s\u00ebmur\u00eb. \u00cbsht\u00eb qesharake q\u00eb\u00a0 automjetet t\u00eb jen\u00eb boshe. Reklama duhet t\u00eb jet\u00eb reale.<\/p>\n<p style=\"text-align: center;\"><strong>\u00a0<\/strong><\/p>\n<p><span class=\"dropcap dropcap3\">2 <\/span>Edhe shqet\u00ebsimi p\u00ebr fatin e kryetarit t\u00eb Manastirit, Vlladimir Talevski duhet t\u00eb duket sa m\u00eb real. S\u00ebrish e l\u00ebshuan kryetarin e komun\u00ebs s\u00eb Aerodromit, Ivica Konevskin, ta mbroj\u00eb kolegun p\u00ebr t\u00eb cilin u soll vendim p\u00ebr paraburgim sht\u00ebpiak, me l\u00ebvdata se paska qen\u00eb shum\u00eb i ndersh\u00ebm dhe se \u00ebsht\u00eb viktim\u00eb e LSDM-s\u00eb.<\/p>\n<p>D\u00ebgjoni edhe nj\u00eb her\u00eb rr\u00ebfimin e sinqert\u00eb t\u00eb Zoran Stavreskit para Gordana Jankullovsk\u00ebs dhe p\u00ebrshkrimin q\u00eb dha p\u00ebr kryetarin e Manastirit n\u00eb bisedat e p\u00ebrgjuara. Pas atij muhabeti, po besa dhe pas l\u00ebvdatave e fal\u00ebnderimeve q\u00eb i d\u00ebgjuam nga partia p\u00ebr ministrin e financave, i cili p\u00ebr kryetarin e ndersh\u00ebm thoshte q\u00eb \u00ebsht\u00eb \u201ci korruptuar deri n\u00eb kock\u00eb\u201d, a thua ka kuptim t\u00eb b\u00ebhet fare ky muhabet?<\/p>\n<p>N\u00eb fakt, edhe kjo \u00ebsht\u00eb pjes\u00eb e reklam\u00ebs. Aty, roli i atij q\u00eb do t\u00eb b\u00ebhet kurban i \u00ebsht\u00eb dh\u00ebn\u00eb aktorit nga Manastiri. Ashtu e ka pasur fatin. Do t\u00eb q\u00ebndroj\u00eb n\u00eb paraburgim sht\u00ebpiak i dyshuar p\u00ebr shp\u00ebrdorim t\u00eb nj\u00eb shume t\u00eb im\u00ebt prej \u00a0360.000\u00a0 euro, q\u00eb t\u00eb harrojm\u00eb se p\u00ebr Nikolla Gruevskin nuk ka as\u00e7far\u00eb lloj masash p\u00ebr kujdes. P\u00ebr asnj\u00eb nga gjasht\u00eb veprat p\u00ebr t\u00eb cilat Ivanovi, p\u00ebr \u00e7do rast, e fali.<\/p>\n<p>Dhe p\u00ebrderisa VMRO-DPMNE na \u201ci shp\u00ebrlan syt\u00eb\u201d me paraburgimin e \u201cDvoj\u00e7es\u201d, gjykata vendos se Prokuroria speciale, e formuar pik\u00ebrisht p\u00ebr shkak t\u00eb p\u00ebrgjimit, nuk \u00ebsht\u00eb kompetente p\u00ebr t\u00eb hulumtuar shkat\u00ebrrimin e pajisjeve me t\u00eb cilat jan\u00eb b\u00ebr\u00eb p\u00ebrgjimet. Sepse, n\u00eb bombat, nuk d\u00ebgjuam t\u00eb merreshin vesh se si do t\u2019i shkat\u00ebrronin pajisjet. Dhe askush nuk ka d\u00ebgjuar t\u00eb flitej se si do t\u00eb falsifikoheshin dokumente p\u00ebr shkat\u00ebrrimin e pajisjeve.<\/p>\n<p>E \u00e7far\u00eb nuk flisnin&#8230;<\/p>\n<p>Po tani, edhe martir\u00ebt e partis\u00eb n\u00eb pushtet, VMRO-DPMNE, ankohen se Talevski ka qen\u00eb i d\u00ebnuar me paraburgim n\u00ebn presion nga LSDM-ja. Shum\u00eb e fort\u00eb kjo LSDM-ja. Nga q\u00eb \u00ebsht\u00eb e fort\u00eb, ja qe 10 vjet nuk arrin t\u00eb vij\u00eb n\u00eb pushtet. E nga kjo pozit\u00eb e saj e fuqishme, urdh\u00ebron gjyqtar\u00ebt se si t\u00eb gjykojn\u00eb.<\/p>\n<p>Kurse ne duhet ta ham\u00eb edhe k\u00ebt\u00eb p\u00ebrrall\u00eb. Se VMRO-DPMNE nuk i b\u00ebn pengesa Prokuroris\u00eb speciale publike. Dhe se opozita i b\u00ebn presion gjyqit.<\/p>\n<p>Ata seriozisht mendojn\u00eb se ne jemi budallenj.<\/p>\n<p><span class=\"dropcap dropcap3\">3<\/span> Po edhe negociatat kan\u00eb ngecur rreth reformave t\u00eb mediave sepse LSDM-ja paska dashur t\u00eb censuroj\u00eb. Sinqerisht, as un\u00eb nuk kam ndonj\u00eb besim t\u00eb madh n\u00eb kapacitetin demokratik t\u00eb opozit\u00ebs kur \u00ebsht\u00eb n\u00eb pyetje raporti me mediat, por k\u00ebto v\u00ebrtet\u00eb jan\u00eb budallall\u00ebqe.\u00a0 E gjith\u00eb bota ka vendosur t\u2019i rregulloj\u00eb mediat n\u00eb Maqedoni, kurse ne po merremi me detaje t\u00eb vogla. Ashtu si p\u00ebr paraburgimin sht\u00ebpiak t\u00eb \u201cDvoj\u00e7es\u201d, tash do t\u00eb debatojm\u00eb p\u00ebr at\u00eb se p\u00ebr \u00e7far\u00eb \u00ebsht\u00eb dashur t\u00eb d\u00ebnohen gazetar\u00ebt e p\u00ebr \u00e7far\u00eb nuk \u00ebsht\u00eb dashur. Nd\u00ebrsa, esenca e reformave mediatike as nuk \u00ebsht\u00eb prekur. Parat\u00eb. Parat\u00eb e kujt i shpenzojn\u00eb ata? Parat\u00eb tona. Pse? P\u00ebr blerjen e mediave dhe p\u00ebr ryshfet.<\/p>\n<p>&nbsp;<\/p>\n<p>Si pasoj\u00eb, gazetar\u00ebt n\u00eb Maqedoni jan\u00eb shnd\u00ebrruar n\u00eb mbajt\u00ebs mikrofonash. Gazetar\u00eb t\u00eb cil\u00ebt nj\u00eb ish kryeministri, q\u00eb \u00ebsht\u00eb duke dal\u00eb nga gjykata pasi \u00ebsht\u00eb marr\u00eb n\u00eb pyetje, nuk marrin guximin q\u00eb t\u2019i parashtrojn\u00eb pyetje n\u00eb lidhje me vepr\u00ebn p\u00ebr t\u00eb cil\u00ebn \u00ebsht\u00eb dyshuar, por e l\u00ebn\u00eb t\u00eb mbaj\u00eb fjalim partiak pa e nd\u00ebrprer\u00eb.<\/p>\n<p>K\u00ebshtu q\u00eb, pyetja p\u00ebr lirin\u00eb e mendimit n\u00eb Maqedoni p\u00ebr momentin nuk \u00ebsht\u00eb se \u00e7far\u00eb lejohet, apo \u00e7far\u00eb nuk lejohet t\u00eb shkruhet. Pyetja p\u00ebr lirin\u00eb e mendimit dhe fjal\u00ebs publike \u00ebsht\u00eb se kush i ka n\u00eb dor\u00eb mediat. Sepse, partia n\u00eb pushtet i ka bler\u00eb me parat\u00eb tona. Nd\u00ebrsa ato q\u00eb nuk ka arritur t\u2019i blej\u00eb, i mban me ryshfet. P\u00ebrs\u00ebri me parat\u00eb tona. Q\u00eb t\u00eb mund t\u00eb vazhdojm\u00eb t\u00eb jetojm\u00eb n\u00eb filmin propagandues. Dhe q\u00eb Gruevski t\u00eb vazhdoj\u00eb t\u00eb g\u00ebzoj\u00eb imazhin ideal p\u00ebr veten.<\/p>\n<p><span class=\"dropcap dropcap3\">4<\/span> \u00c7far\u00eb personazhi do t\u00eb ishte Zoran Stavrevski n\u00ebse nuk do t\u2019i kishim d\u00ebgjuar rr\u00ebfimet e tij n\u00eb bisedat e p\u00ebrgjuara? Pozitiv, apo negativ? Shumica, n\u00eb baz\u00eb t\u00eb asaj q\u00eb d\u00ebgjuan, i japin mund\u00ebsi q\u00eb t\u00eb mbahet mend si nj\u00eb nga m\u00eb t\u00eb arsyeshmit. Sepse, ja, e paska ditur se nuk kemi as p\u00ebr buk\u00eb, e k\u00ebtej harxhojm\u00eb p\u00ebr \u00e7okollat\u00eb, se ata n\u00eb pushtet jan\u00eb t\u00eb \u00e7mendur, se jan\u00eb anormal\u00eb&#8230;Madje i vinte q\u00eb Gruevskit t\u2019ia hedh\u00eb telefonin n\u00eb kok\u00eb. K\u00ebshtu, t\u00eb pakt\u00ebn, ka treguar se \u00ebsht\u00eb i vet\u00ebdijsh\u00ebm se b\u00ebjn\u00eb pun\u00eb t\u00eb k\u00ebqija.<\/p>\n<p>Por, nuk ka treguar nd\u00ebrgjegje.<\/p>\n<p>Vall\u00eb a ka justifikim kur e di se je duke b\u00ebr\u00eb budallall\u00ebk, e megjithat\u00eb vazhdon ta b\u00ebsh? A ka justifikim n\u00ebse t\u00eb gjitha kapacitetet mendore dhe profesionale i v\u00eb n\u00eb funksion t\u00eb zbatimin perfekt t\u00eb konceptit qeveris\u00ebs t\u00eb cilin e konsideron \u00e7menduri? A ka justifikim kur e di q\u00eb dikush \u00ebsht\u00eb \u201ci korruptuar deri n\u00eb kock\u00eb\u201d, por ti prap\u00eb e mbron at\u00eb koncept sa t\u00eb jesh sh\u00ebndosh?<\/p>\n<p>P\u00ebrfundimisht, a e b\u00ebn figur\u00eb pozitive ajo q\u00eb \u00ebsht\u00eb ankuar sinqerisht dhe n\u00ebp\u00ebrmjet telefonit i ka ndar\u00eb t\u00eb gjitha me bashk\u00eb partiaken Gordana Jankullovsk\u00ebn sikur t\u00eb ishte te psikiatri, ose n\u00eb dhom\u00eb rr\u00ebfimi? Epo ja q\u00eb, kjo nuk \u00ebsht\u00eb kish\u00eb q\u00eb t\u00eb mendosh se m\u00ebkatin do t\u00eb mund ta lash duke u rr\u00ebfyer.<\/p>\n<p>S\u00ebrish pyes: \u00c7far\u00eb n\u00ebse nuk do t\u2019i kishim d\u00ebgjuar bombat?<\/p>\n<p><strong><em>P\u00ebrktheu: Fjolla Zllatku<\/em><\/strong><\/p>\n\n<div style=\"font-size: 0px; height: 0px; line-height: 0px; margin: 0; padding: 0; clear: both;\"><\/div>","protected":false},"excerpt":{"rendered":"<p>1 Vall\u00eb akoma \u00e7uditeni se si qeveria paska marr\u00eb guximin t\u00eb shpik\u00eb nj\u00eb dredhi me ambulancat, n\u00eb m\u00ebnyr\u00eb q\u00eb t\u00eb [&hellip;]<\/p>\n","protected":false},"author":1,"featured_media":0,"comment_status":"open","ping_status":"open","sticky":false,"template":"","format":"standard","meta":{"_mo_disable_npp":"","inline_featured_image":false},"categories":[1825],"tags":[],"imageURL":false,"thumbURL":false,"categoryNames":["DUA T\u00cb THEM"],"feature_caption":"","subtitle":"a:1:{s:11:\"td_subtitle\";s:139:\"Roliimartiritq\u00ebdot\u00ebshkoj\u00ebkurbandot\u2019ijepetaktoritngaManastiri.Q\u00ebt\u00ebharrojm\u00ebsekushufalp\u00ebrgjasht\u00ebveprapenale.","views":"3176","source":"","yoast_head":"<!-- This site is optimized with the Yoast SEO Premium plugin v15.0 - https:\/\/yoast.com\/wordpress\/plugins\/seo\/ -->\n<title>T\u00eb marr\u00ebt budallenj - \u0421\u0430\u043a\u0430\u043c \u0414\u0430 \u041a\u0430\u0436\u0430\u043c<\/title>\n<meta name=\"robots\" content=\"index, follow, max-snippet:-1, max-image-preview:large, max-video-preview:-1\" \/>\n<link rel=\"canonical\" href=\"https:\/\/sdk.mk\/index.php\/dua-te-them\/te-marret-budallenj\/\" \/>\n<meta property=\"og:locale\" content=\"mk_MK\" \/>\n<meta property=\"og:type\" content=\"article\" \/>\n<meta property=\"og:title\" content=\"T\u00eb marr\u00ebt budallenj - \u0421\u0430\u043a\u0430\u043c \u0414\u0430 \u041a\u0430\u0436\u0430\u043c\" \/>\n<meta property=\"og:description\" content=\"1 Vall\u00eb akoma \u00e7uditeni se si qeveria paska marr\u00eb guximin t\u00eb shpik\u00eb nj\u00eb dredhi me ambulancat, n\u00eb m\u00ebnyr\u00eb q\u00eb t\u00eb [&hellip;]\" \/>\n<meta property=\"og:url\" content=\"https:\/\/sdk.mk\/index.php\/dua-te-them\/te-marret-budallenj\/\" \/>\n<meta property=\"og:site_name\" content=\"\u0421\u0430\u043a\u0430\u043c \u0414\u0430 \u041a\u0430\u0436\u0430\u043c\" \/>\n<meta property=\"article:published_time\" content=\"2016-06-18T05:10:19+00:00\" \/>\n<meta property=\"og:image\" content=\"https:\/\/sdk.mk\/wp-content\/uploads\/2015\/12\/goran-mihailovski2.jpg\" \/>\n\t<meta property=\"og:image:width\" content=\"400\" \/>\n\t<meta property=\"og:image:height\" content=\"313\" \/>\n<meta property=\"fb:app_id\" content=\"2407985809428537\" \/>\n<meta name=\"twitter:card\" content=\"summary\" \/>\n<script type=\"application\/ld+json\" class=\"yoast-schema-graph\">{\"@context\":\"https:\/\/schema.org\",\"@graph\":[{\"@type\":\"WebSite\",\"@id\":\"https:\/\/sdk.mk\/#website\",\"url\":\"https:\/\/sdk.mk\/\",\"name\":\"\\u0421\\u0430\\u043a\\u0430\\u043c \\u0414\\u0430 \\u041a\\u0430\\u0436\\u0430\\u043c\",\"description\":\"\\u0417\\u0430 \\u0441\\u043b\\u043e\\u0431\\u043e\\u0434\\u043e\\u0443\\u043c\\u043d\\u0438\",\"potentialAction\":[{\"@type\":\"SearchAction\",\"target\":\"https:\/\/sdk.mk\/?s={search_term_string}\",\"query-input\":\"required name=search_term_string\"}],\"inLanguage\":\"mk-MK\"},{\"@type\":\"WebPage\",\"@id\":\"https:\/\/sdk.mk\/index.php\/dua-te-them\/te-marret-budallenj\/#webpage\",\"url\":\"https:\/\/sdk.mk\/index.php\/dua-te-them\/te-marret-budallenj\/\",\"name\":\"T\\u00eb marr\\u00ebt budallenj - \\u0421\\u0430\\u043a\\u0430\\u043c \\u0414\\u0430 \\u041a\\u0430\\u0436\\u0430\\u043c\",\"isPartOf\":{\"@id\":\"https:\/\/sdk.mk\/#website\"},\"datePublished\":\"2016-06-18T05:10:19+00:00\",\"dateModified\":\"2016-06-18T05:10:19+00:00\",\"author\":{\"@id\":\"https:\/\/sdk.mk\/#\/schema\/person\/be7cfa6655c47f7195bfdd0ba8144aa2\"},\"inLanguage\":\"mk-MK\",\"potentialAction\":[{\"@type\":\"ReadAction\",\"target\":[\"https:\/\/sdk.mk\/index.php\/dua-te-them\/te-marret-budallenj\/\"]}]},{\"@type\":\"Person\",\"@id\":\"https:\/\/sdk.mk\/#\/schema\/person\/be7cfa6655c47f7195bfdd0ba8144aa2\",\"name\":\"\\u0413\\u043e\\u0440\\u0430\\u043d \\u041c\\u0438\\u0445\\u0430\\u0458\\u043b\\u043e\\u0432\\u0441\\u043a\\u0438\"}]}<\/script>\n<!-- \/ Yoast SEO Premium plugin. -->","_links":{"self":[{"href":"https:\/\/sdk.mk\/index.php\/wp-json\/wp\/v2\/posts\/7486"}],"collection":[{"href":"https:\/\/sdk.mk\/index.php\/wp-json\/wp\/v2\/posts"}],"about":[{"href":"https:\/\/sdk.mk\/index.php\/wp-json\/wp\/v2\/types\/post"}],"author":[{"embeddable":true,"href":"https:\/\/sdk.mk\/index.php\/wp-json\/wp\/v2\/users\/1"}],"replies":[{"embeddable":true,"href":"https:\/\/sdk.mk\/index.php\/wp-json\/wp\/v2\/comments?post=7486"}],"version-history":[{"count":0,"href":"https:\/\/sdk.mk\/index.php\/wp-json\/wp\/v2\/posts\/7486\/revisions"}],"wp:attachment":[{"href":"https:\/\/sdk.mk\/index.php\/wp-json\/wp\/v2\/media?parent=7486"}],"wp:term":[{"taxonomy":"category","embeddable":true,"href":"https:\/\/sdk.mk\/index.php\/wp-json\/wp\/v2\/categories?post=7486"},{"taxonomy":"post_tag","embeddable":true,"href":"https:\/\/sdk.mk\/index.php\/wp-json\/wp\/v2\/tags?post=7486"}],"curies":[{"name":"wp","href":"https:\/\/api.w.org\/{rel}","templated":true}]}}