{"id":75739,"date":"2018-12-10T17:35:55","date_gmt":"2018-12-10T16:35:55","guid":{"rendered":"https:\/\/sdk.mk\/?p=75739"},"modified":"2018-12-10T17:35:55","modified_gmt":"2018-12-10T16:35:55","slug":"nje-grua-nga-kumanova-strehon-ne-shtepine-e-saj-femije-pa-perkujdesje-prinderore-ndersa-parate-qe-fiton-nga-shteti-i-ruan-per-te-ardhmen-e-tyre","status":"publish","type":"post","link":"https:\/\/sdk.mk\/index.php\/histori-te-parrefyera\/nje-grua-nga-kumanova-strehon-ne-shtepine-e-saj-femije-pa-perkujdesje-prinderore-ndersa-parate-qe-fiton-nga-shteti-i-ruan-per-te-ardhmen-e-tyre\/","title":{"rendered":"NJ\u00cb GRUA NGA KUMANOVA STREHON N\u00cb SHT\u00cbPIN\u00cb E SAJ F\u00cbMIJ\u00cb PA P\u00cbRKUJDESJE PRIND\u00cbRORE, ND\u00cbRSA PARAT\u00cb Q\u00cb FITON NGA SHTETI I RUAN P\u00cbR T\u00cb ARDHMEN E TYRE"},"content":{"rendered":"<div class=\"f52428582a4b906b2d2e2a7d733c7d27\" data-index=\"7\" style=\"float: none; margin:10px 0 10px 0; text-align:center;\">\n<!-- MSP Ads Asynchronous JS Tag - Generated with Revive Adserver v5.4.1 -->\r\n<ins data-revive-zoneid=\"167\" data-revive-id=\"060fdb01f6430ec164d3519234aa4967\"><\/ins>\r\n<script async src=\"\/\/panel.ads.com.mk\/www\/delivery\/asyncjs.php\"><\/script>\n<\/div>\n<p>Kumanovarja Suzana Veli\u00e7kovska, p\u00ebr tet\u00eb vjet p\u00ebrkujdeset p\u00ebr f\u00ebmij\u00eb pa p\u00ebrkujdesje prind\u00ebrore \u00a0n\u00eb sht\u00ebpin\u00eb e saj n\u00eb lagjen Karposh. Deri m\u00eb tani ka strehuar 10 f\u00ebmij\u00eb, nd\u00ebrsa kompensimin q\u00eb i paguan shteti, ajo nuk e shpenzon, por e kursen p\u00ebr t\u00eb ardhmen e f\u00ebmij\u00ebve. 54 vje\u00e7arja Veli\u00e7kovska thot\u00eb se n\u00eb 2010, bashk\u00eb me t\u00eb shoqin kan\u00eb vendosur t\u00eb b\u00ebhen nj\u00eb familje e cila do t\u00eb strehonte f\u00ebmij\u00eb pa prind\u00ebr, pasi e kishin humbur betej\u00ebn p\u00ebr t\u00eb pasur f\u00ebmij\u00eb biologjik\u00eb, si dhe e kishin kaluar mosh\u00ebn p\u00ebr t\u00eb adoptuar.<\/p>\n<p>Por, meqen\u00ebse nuk kan\u00eb dashur q\u00eb t\u00eb kalojn\u00eb jet\u00ebn pa f\u00ebmij\u00eb, kan\u00eb shkuar n\u00eb Qendr\u00ebn p\u00ebr pun\u00eb sociale n\u00eb Kumanov\u00eb dhe kan\u00eb hapur sht\u00ebpin\u00eb e tyre p\u00ebr f\u00ebmij\u00ebt q\u00eb kan\u00eb mbetur pa nj\u00eb p\u00ebrkujdesje adekuate nga prind\u00ebrit e tyre.<\/p>\n<p>\u201cAt\u00ebher\u00eb isha 45 vje\u00e7e. Kur m\u00eb th\u00ebrrit\u00ebn q\u00eb t\u00eb merrja f\u00ebmij\u00ebt e par\u00eb, isha ende n\u00eb pun\u00eb. Isha e emocionuar, e lumtur, nj\u00ebkoh\u00ebsisht edhe e frik\u00ebsuar. Ishin dy vajza, dy motra, 3 dhe 5 vje\u00e7, t\u00eb cilat kishin nevoj\u00eb p\u00ebr strehim deri sa t\u00eb zgjidhej gjendja familjare. Mbet\u00ebn shum\u00eb shkurtimisht, vet\u00ebm disa dit\u00eb, por q\u00ebndrimi i tyre ishte vulosje se kjo sht\u00ebpi kurr\u00eb nuk do t\u00eb ngelte pa f\u00ebmij\u00eb\u201d, thot\u00eb Veli\u00e7kovska.<\/p>\n<p>N\u00eb Kumanov\u00eb vet\u00ebm tet\u00eb familje strehojn\u00eb 16 f\u00ebmij\u00eb pa prind\u00ebr, q\u00eb \u00ebsht\u00eb nj\u00eb num\u00ebr i vog\u00ebl, duke qen\u00eb se sidomos n\u00eb vendet e vogla ka num\u00ebr shum\u00eb m\u00eb t\u00eb madh t\u00eb familjeve strehuese. M\u00eb shum\u00eb se gjysm\u00ebn e k\u00ebtyre f\u00ebmij\u00ebve e ka marr\u00eb n\u00ebn kujdestari pik\u00ebrisht familja Veli\u00e7kovski.<\/p>\n<p>Mes dhjet\u00eb f\u00ebmij\u00ebve t\u00eb strehuar, ka pasur f\u00ebmij\u00eb nga t\u00eb gjitha moshat, statuset shoq\u00ebrore dhe komb\u00ebsit\u00eb, nga qyteti dhe fshati. Disa prej tyre kan\u00eb qen\u00eb viktima t\u00eb dhun\u00ebs n\u00eb familje. Nevoja e tyre e p\u00ebrbashk\u00ebt ka qen\u00eb nevoja p\u00ebr dashuri dhe p\u00ebrkujdesje dhe kjo familje \u00ebsht\u00eb p\u00ebrkujdesur q\u00eb t\u2019i kalojn\u00eb t\u00eb gjitha traumat q\u00eb jeta u ka shkaktuar duke u dhuruar dashurin\u00eb q\u00eb meriton \u00e7do f\u00ebmij\u00eb.<\/p>\n<p>\u201cMe ardhjen e f\u00ebmij\u00ebve jeta jon\u00eb mori nj\u00eb dimension tjet\u00ebr, nd\u00ebrsa sht\u00ebpia na u mbush me lumturi. N\u00eb vend t\u00eb vetmis\u00eb dhe problemeve, p\u00ebrditshm\u00ebria jon\u00eb tani \u00ebsht\u00eb e mbushur me gjall\u00ebri dhe g\u00ebzim. N\u00eb sht\u00ebpin\u00eb ton\u00eb nuk kan\u00eb ardhur vet\u00ebm f\u00ebmij\u00ebt, por edhe shok\u00ebt e tyre nga lagjja dhe shkolla. Bashk\u00eb me ta erdh\u00ebn k\u00ebnga, hareja, t\u00eb qeshura e t\u00eb qara\u2026Jeta na u mbush me shum\u00eb aktivitete, festa, dit\u00eblindje. N\u00eb mjedisin ton\u00eb edhe ne u b\u00ebm\u00eb m\u00eb t\u00eb respektuar\u201d, thot\u00eb Veli\u00e7kovska.<\/p>\n<p>N\u00eb fillim t\u00eb vitit, pas kat\u00ebr vjet\u00ebve nga sht\u00ebpia e tyre kishin ikur v\u00eblla e mot\u00ebr nga nj\u00eb fshat i Kumanov\u00ebs dhe kan\u00eb mbetur vet\u00ebm dy motrat e mosh\u00ebs nga 13 deri 15 vjet, t\u00eb cilat kan\u00eb jetuar bashk\u00eb me ta p\u00ebr 8 vjet. U rrit\u00ebn dhe u b\u00ebn\u00eb f\u00ebmij\u00eb t\u00eb edukuar dhe nx\u00ebn\u00ebs t\u00eb shk\u00eblqyer. \u201cArrit\u00ebm rezultatet me shum\u00eb p\u00ebrpjekje dhe pun\u00eb. Un\u00eb jam n\u00eb kontakt t\u00eb p\u00ebrditsh\u00ebm me arsimtar\u00ebt dhe sh\u00ebrbimet profesionale t\u00eb shkoll\u00ebs. Me f\u00ebmij\u00ebt punoj gjat\u00eb dit\u00ebs, nd\u00ebrsa n\u00eb mbr\u00ebmje p\u00ebrkujdesem p\u00ebr pun\u00ebt e sht\u00ebpis\u00eb. Mbaj p\u00ebrgjegj\u00ebsin\u00eb e madhe p\u00ebr t\u2019u ofruar f\u00ebmij\u00ebve m\u00eb t\u00eb mirat. T\u2019i kap\u00ebrcejn\u00eb momentet e v\u00ebshtira q\u00eb kan\u00eb pasur n\u00eb jet\u00eb dhe t\u2019i g\u00ebzohen jet\u00ebs si t\u00eb gjith\u00eb f\u00ebmij\u00ebt e tjer\u00eb. Kam nj\u00eb mb\u00ebshtetje t\u00eb madhe edhe nga sh\u00ebrbimet profesionale n\u00eb Qendr\u00ebn p\u00ebr pun\u00eb sociale n\u00eb Kumanov\u00eb, nga shkolla \u201cMagdalena Antova\u201d dhe pun\u00ebtor\u00ebt sh\u00ebndet\u00ebsor\u00eb t\u00eb ambulanc\u00ebs t\u00eb vendit ku jetojm\u00eb. T\u00eb gjith\u00eb f\u00ebmij\u00ebt e mi kan\u00eb qen\u00eb nx\u00ebn\u00ebs shembullor dhe un\u00eb jam shum\u00eb krenare me ta. Tani, motra m\u00eb e vog\u00ebl po p\u00ebrgatitet p\u00ebr nj\u00eb gar\u00eb n\u00eb gjeografi.\u00a0 Shpresoj q\u00eb t\u00eb rriten dhe t\u00eb b\u00ebhen njer\u00ebz t\u00eb suksessh\u00ebm, q\u00eb nj\u00eb dit\u00eb do t\u00eb ndihmojn\u00eb prind\u00ebrit dhe familjet e tyre, pasi n\u00eb momentet m\u00eb t\u00eb v\u00ebshtira vet\u00ebm f\u00ebmij\u00ebt jan\u00eb pran\u00eb prind\u00ebrve\u201d, thot\u00eb Veli\u00e7kovska.<\/p>\n<p>Ajo thot\u00eb se frika se si do t\u00eb gjendej n\u00eb situata t\u00eb caktuara\u00a0 ka qen\u00eb shum\u00eb m\u00eb e madhe se ajo q\u00eb kan\u00eb prind\u00ebrit biologjik\u00eb nd\u00ebrkoh\u00eb q\u00eb p\u00ebrkujdesen p\u00ebr f\u00ebmij\u00ebt e tyre.<\/p>\n<p>\u201cVjet n\u00eb mars t\u00eb gjith\u00eb f\u00ebmij\u00ebt u s\u00ebmur\u00ebn nga lia. Sa nis\u00ebn n\u00eb semestrin e par\u00eb, n\u00eb fillim u s\u00ebmur nj\u00ebri pastaj t\u00eb gjith\u00eb t\u00eb tjer\u00ebt. Temperatura u hipte madje deri n\u00eb 40 grad\u00eb. M\u00eb flinin n\u00eb gjoks q\u00eb t\u2019i d\u00ebgjoja n\u00ebse ishin mir\u00eb apo jo, kisha frik\u00eb se mos u ndodhte di\u00e7ka e keqe. \u00cbsht\u00eb pun\u00eb e madhe t\u00eb kesh p\u00ebrgjegj\u00ebsi p\u00ebr t\u00eb ruajtuar nj\u00eb f\u00ebmij\u00eb t\u00eb dikujt tjet\u00ebr. Jam ndodhur n\u00eb situata q\u00eb m\u00eb jan\u00eb duhur t\u00eb pazgjidhshme dhe se nuk mund t\u00eb p\u00ebrballesha me problemet. Por me kalimin e koh\u00ebs dhe me shum\u00eb p\u00ebrpjekje dhe ndihm\u00eb nga autoritetet, ia dola. Kisha nj\u00eb f\u00ebmij\u00eb me probleme shikimi, shikonte shtremb\u00ebt. \u00c7do ver\u00eb e \u00e7oja n\u00eb Shkup p\u00ebr terapi, paguaja shuma t\u00eb m\u00ebdha p\u00ebr taksi\u00a0 dhe nj\u00eb operacion laser p\u00ebr p\u00ebrmir\u00ebsimin e shikimit. Ia dol\u00ebm q\u00eb t\u00eb mund t\u2019i largonte syzet dhe t\u00eb shikonte normalisht\u201d, thot\u00eb Veli\u00e7kovska.<\/p>\n<div id=\"attachment_74242\" style=\"width: 660px\" class=\"wp-caption aligncenter\"><a href=\"https:\/\/sdk.mk\/wp-content\/uploads\/2018\/11\/suzana-zgrizuvac-kumanovo03.jpg\"><img aria-describedby=\"caption-attachment-74242\" loading=\"lazy\" class=\"wp-image-74242 size-large\" src=\"https:\/\/sdk.mk\/wp-content\/uploads\/2018\/11\/suzana-zgrizuvac-kumanovo03-650x430.jpg\" alt=\"\" width=\"650\" height=\"430\" srcset=\"https:\/\/sdk.mk\/wp-content\/uploads\/2018\/11\/suzana-zgrizuvac-kumanovo03-650x430.jpg 650w, https:\/\/sdk.mk\/wp-content\/uploads\/2018\/11\/suzana-zgrizuvac-kumanovo03-250x166.jpg 250w, https:\/\/sdk.mk\/wp-content\/uploads\/2018\/11\/suzana-zgrizuvac-kumanovo03-400x265.jpg 400w, https:\/\/sdk.mk\/wp-content\/uploads\/2018\/11\/suzana-zgrizuvac-kumanovo03-768x509.jpg 768w, https:\/\/sdk.mk\/wp-content\/uploads\/2018\/11\/suzana-zgrizuvac-kumanovo03-150x99.jpg 150w, https:\/\/sdk.mk\/wp-content\/uploads\/2018\/11\/suzana-zgrizuvac-kumanovo03-800x530.jpg 800w, https:\/\/sdk.mk\/wp-content\/uploads\/2018\/11\/suzana-zgrizuvac-kumanovo03-1200x795.jpg 1200w, https:\/\/sdk.mk\/wp-content\/uploads\/2018\/11\/suzana-zgrizuvac-kumanovo03-1600x1059.jpg 1600w, https:\/\/sdk.mk\/wp-content\/uploads\/2018\/11\/suzana-zgrizuvac-kumanovo03-2000x1324.jpg 2000w\" sizes=\"(max-width: 650px) 100vw, 650px\" \/><\/a><p id=\"caption-attachment-74242\" class=\"wp-caption-text\">Suzana Veli\u00e7kovska me ekipin profesional t\u00eb Qendr\u00ebs p\u00ebr pun\u00eb sociale, p\u00ebr promovimin e projektit t\u00eb UNICEF-it, \u00e7do f\u00ebmij\u00eb meriton familje (Foto: SDK.MK)<\/p><\/div>\n<p>Ajo nuk e fsheh faktin se kjo \u00ebsht\u00eb nj\u00eb pun\u00eb shum\u00eb e v\u00ebshtir\u00eb q\u00eb k\u00ebrkon shum\u00eb p\u00ebrgjegj\u00ebsi p\u00ebr t\u2019ia dal\u00eb mban\u00eb me t\u00eb gjitha rreziqet, por gjithsesi ajo shprehet se m\u00eb e v\u00ebshtira nga t\u00eb gjitha \u00ebsht\u00eb ndarja me f\u00ebmij\u00ebt, kur ata kthehen te prind\u00ebrit e tyre ose kur i japin p\u00ebr adoptim. Por, pothuajse t\u00eb gjitha vazhdojn\u00eb ta vizitojn\u00eb dhe ajo vazhdon ta mbaj\u00eb lidhjen me prind\u00ebrit dhe kujdestar\u00ebt.<\/p>\n<p>\u201cI dua shum\u00eb f\u00ebmij\u00ebt, i respektoj, i m\u00ebsoj dhe i edukoj, por nuk e di se ku e kan\u00eb kufirin. Asnj\u00ebher\u00eb nuk e p\u00ebrjetova lumturin\u00eb q\u00eb t\u00eb jem n\u00ebn\u00eb, por n\u00ebp\u00ebrmjet k\u00ebtyre f\u00ebmij\u00ebve ndjehem si prind i dyt\u00eb. Kam nj\u00eb bashk\u00ebpunim t\u00eb shk\u00eblqyer me prind\u00ebrit e tyre biologjik\u00eb dhe punojm\u00eb s\u00eb bashku q\u00eb k\u00ebta f\u00ebmij\u00eb t\u2019i nxjerrim n\u00eb rrug\u00eb t\u00eb drejt\u00eb. Ata jan\u00eb me mua deri n\u00eb momentin kur kan\u00eb nevoj\u00eb, deri at\u00ebher\u00eb kur qendra dhe prind\u00ebrit vendosin t\u00eb kthehen, at\u00ebher\u00eb un\u00eb largohem\u201d, thot\u00eb ajo.<\/p>\n<p>Suzana nuk d\u00ebshiron t\u00eb flas\u00eb p\u00ebr vendimin me t\u00eb shoqin q\u00eb mjetet t\u2019i fitojn\u00eb nga shteti dhe t\u00eb mos i shpenzojn\u00eb, por i kursejn\u00eb p\u00ebr f\u00ebmij\u00ebt dhe u ndihmojn\u00eb edhe at\u00ebher\u00eb kur largohen nga familja e tyre. Thot\u00eb se kjo \u00ebsht\u00eb nj\u00eb gj\u00eb e vog\u00ebl dhe nuk ia vlen t\u00eb p\u00ebrmendet, pasi ekzistojn\u00eb edhe kujdestar\u00eb t\u00eb tjer\u00eb q\u00eb nuk e kan\u00eb gjendjen ekonomike aq t\u00eb mir\u00eb sa ata.<\/p>\n<p>\u201cDashuria nuk blihet me para. Ne nuk duam t\u2019u ndihmojm\u00eb atyre f\u00ebmij\u00ebve. Un\u00eb kam punuar dhe kam pasur rrog\u00eb. Po t\u00eb kisha dashur rrog\u00eb, por t\u00eb kisha punuar vet\u00eb aty. Edhe bashk\u00ebshorti im ka rrog\u00eb. Ne kemi mjaftuesh\u00ebm p\u00ebr ne t\u00eb dy. Duam t\u2019u ndihmojm\u00eb, nd\u00ebrsa p\u00ebrderisa ka ndonj\u00eb f\u00ebmij\u00eb q\u00eb d\u00ebshiron t\u00eb mbetet me ne, ne do ta pranojm\u00eb me k\u00ebnaq\u00ebsi deri n\u00eb fund t\u00eb jet\u00ebs\u201d, thot\u00eb ajo.<\/p>\n<p>Veli\u00e7kovska, me rastin e Dit\u00ebs s\u00eb Komun\u00ebs s\u00eb Kumanovs\u00eb 11 N\u00ebntor, nga kryetari i Kumanov\u00ebs\u00a0 Maksim Dimitrievski fitoi nj\u00eb mir\u00ebnjohje p\u00ebr kujdestar p\u00ebr f\u00ebmij\u00eb pa p\u00ebrkujdesje prind\u00ebrore. Ajo thot\u00eb me krenari se ky \u00e7mimi \u00ebsht\u00eb nj\u00eb nderi i madh, pasi dikush e ka vler\u00ebsuar p\u00ebrpjekjen e saj. N\u00eb k\u00ebt\u00eb m\u00ebnyr\u00eb e dedikon \u00e7mimin f\u00ebmij\u00ebve, pasi \u00ebsht\u00eb merita e tyre. Kjo grua humane thot\u00eb se do t\u00eb vazhdoj\u00eb t\u2019u ndihmoj\u00eb f\u00ebmij\u00ebve deri sa t\u00eb ket\u00eb sh\u00ebndet t\u00eb mir\u00eb. Derisa lejon ligji. Prandaj u b\u00ebn thirrje t\u00eb gjitha familjeve q\u00eb kan\u00eb mund\u00ebsi t\u00eb hapin sht\u00ebpin\u00eb e tyre dhe zemrat e tyre p\u00ebr k\u00ebta f\u00ebmij\u00eb, pasi kjo gj\u00eb do t\u2019u sjell\u00eb vet\u00ebm g\u00ebzim dhe p\u00ebrmbushje n\u00eb jet\u00eb, pasi po ndihmojn\u00eb krijesa me t\u00eb cilat fati nuk \u00ebsht\u00eb treguar aq i drejt\u00eb.<\/p>\n<div id=\"attachment_74244\" style=\"width: 660px\" class=\"wp-caption aligncenter\"><a href=\"https:\/\/sdk.mk\/wp-content\/uploads\/2018\/11\/Suze-Svecena-Sednica-2.jpg\"><img aria-describedby=\"caption-attachment-74244\" loading=\"lazy\" class=\"wp-image-74244 size-large\" src=\"https:\/\/sdk.mk\/wp-content\/uploads\/2018\/11\/Suze-Svecena-Sednica-2-650x366.jpg\" alt=\"\" width=\"650\" height=\"366\" srcset=\"https:\/\/sdk.mk\/wp-content\/uploads\/2018\/11\/Suze-Svecena-Sednica-2-650x366.jpg 650w, https:\/\/sdk.mk\/wp-content\/uploads\/2018\/11\/Suze-Svecena-Sednica-2-250x141.jpg 250w, https:\/\/sdk.mk\/wp-content\/uploads\/2018\/11\/Suze-Svecena-Sednica-2-400x225.jpg 400w, https:\/\/sdk.mk\/wp-content\/uploads\/2018\/11\/Suze-Svecena-Sednica-2-768x432.jpg 768w, https:\/\/sdk.mk\/wp-content\/uploads\/2018\/11\/Suze-Svecena-Sednica-2-150x84.jpg 150w, https:\/\/sdk.mk\/wp-content\/uploads\/2018\/11\/Suze-Svecena-Sednica-2-800x450.jpg 800w, https:\/\/sdk.mk\/wp-content\/uploads\/2018\/11\/Suze-Svecena-Sednica-2-1200x675.jpg 1200w, https:\/\/sdk.mk\/wp-content\/uploads\/2018\/11\/Suze-Svecena-Sednica-2-1600x900.jpg 1600w, https:\/\/sdk.mk\/wp-content\/uploads\/2018\/11\/Suze-Svecena-Sednica-2.jpg 1920w\" sizes=\"(max-width: 650px) 100vw, 650px\" \/><\/a><p id=\"caption-attachment-74244\" class=\"wp-caption-text\">Suzana Veli\u00e7kovska me rastin e Dit\u00ebs s\u00eb Komun\u00ebs s\u00eb Kumanov\u00ebs 11 n\u00ebntor, mori nj\u00eb mir\u00ebnjohje nga ana e kryetari t\u00eb komun\u00ebs Maksim Dimitrievski (Foto: SDK.MK)<\/p><\/div>\n<p>Ministria p\u00ebr pun\u00eb dhe politik\u00eb sociale bashk\u00eb me UNICEF-in gjat\u00eb k\u00ebsaj vere ka nisur nj\u00eb fushat\u00eb p\u00ebr t\u00eb nxitur qytetar\u00ebt t\u00eb b\u00ebhen kujdestar\u00eb n\u00eb m\u00ebnyr\u00eb q\u00eb f\u00ebmij\u00ebve pa p\u00ebrkujdesje familjare t\u00eb mund t\u2019u sigurohen kushte sa m\u00eb t\u00eb p\u00ebraf\u00ebrta me mjedisin e familjes.<\/p>\n<p><strong><em>S. NIKOLIQ<\/em><\/strong><\/p>\n\n<div style=\"font-size: 0px; height: 0px; line-height: 0px; margin: 0; padding: 0; clear: both;\"><\/div>","protected":false},"excerpt":{"rendered":"<p>Kumanovarja Suzana Veli\u00e7kovska, p\u00ebr tet\u00eb vjet p\u00ebrkujdeset p\u00ebr f\u00ebmij\u00eb pa p\u00ebrkujdesje prind\u00ebrore \u00a0n\u00eb sht\u00ebpin\u00eb e saj n\u00eb lagjen Karposh. Deri [&hellip;]<\/p>\n","protected":false},"author":25,"featured_media":74241,"comment_status":"closed","ping_status":"closed","sticky":false,"template":"","format":"standard","meta":{"_mo_disable_npp":"","inline_featured_image":false},"categories":[3085],"tags":[],"imageURL":"https:\/\/sdk.mk\/wp-content\/uploads\/2018\/11\/Suzana-zgrizuvac-Kumanovo01-650x433.jpg","thumbURL":"https:\/\/sdk.mk\/wp-content\/uploads\/2018\/11\/Suzana-zgrizuvac-Kumanovo01-250x167.jpg","categoryNames":["Histori t\u00eb parr\u00ebfyera"],"feature_caption":"Suzana Veli\u00e7kovska bashk\u00eb me t\u00eb shoqin p\u00ebr tet\u00eb vjet ka strehuar n\u00eb sht\u00ebpin\u00eb e saj gjithsej 10 f\u00ebmij\u00eb pa p\u00ebrkujdesje prind\u00ebrore (Foto: SDK.MK) ","subtitle":"","views":"21555","source":"Kumanov\u00eb, (SAKAMDAKAZAM.MK)","yoast_head":"<!-- This site is optimized with the Yoast SEO Premium plugin v15.0 - https:\/\/yoast.com\/wordpress\/plugins\/seo\/ -->\n<title>NJ\u00cb GRUA NGA KUMANOVA STREHON N\u00cb SHT\u00cbPIN\u00cb E SAJ F\u00cbMIJ\u00cb PA P\u00cbRKUJDESJE PRIND\u00cbRORE, ND\u00cbRSA PARAT\u00cb Q\u00cb FITON NGA SHTETI I RUAN P\u00cbR T\u00cb ARDHMEN E TYRE - \u0421\u0430\u043a\u0430\u043c \u0414\u0430 \u041a\u0430\u0436\u0430\u043c<\/title>\n<meta name=\"robots\" content=\"index, follow, max-snippet:-1, max-image-preview:large, max-video-preview:-1\" \/>\n<link rel=\"canonical\" href=\"https:\/\/sdk.mk\/index.php\/histori-te-parrefyera\/nje-grua-nga-kumanova-strehon-ne-shtepine-e-saj-femije-pa-perkujdesje-prinderore-ndersa-parate-qe-fiton-nga-shteti-i-ruan-per-te-ardhmen-e-tyre\/\" \/>\n<meta property=\"og:locale\" content=\"mk_MK\" \/>\n<meta property=\"og:type\" content=\"article\" \/>\n<meta property=\"og:title\" content=\"NJ\u00cb GRUA NGA KUMANOVA STREHON N\u00cb SHT\u00cbPIN\u00cb E SAJ F\u00cbMIJ\u00cb PA P\u00cbRKUJDESJE PRIND\u00cbRORE, ND\u00cbRSA PARAT\u00cb Q\u00cb FITON NGA SHTETI I RUAN P\u00cbR T\u00cb ARDHMEN E TYRE - \u0421\u0430\u043a\u0430\u043c \u0414\u0430 \u041a\u0430\u0436\u0430\u043c\" \/>\n<meta property=\"og:description\" content=\"Kumanovarja Suzana Veli\u00e7kovska, p\u00ebr tet\u00eb vjet p\u00ebrkujdeset p\u00ebr f\u00ebmij\u00eb pa p\u00ebrkujdesje prind\u00ebrore \u00a0n\u00eb sht\u00ebpin\u00eb e saj n\u00eb lagjen Karposh. Deri [&hellip;]\" \/>\n<meta property=\"og:url\" content=\"https:\/\/sdk.mk\/index.php\/histori-te-parrefyera\/nje-grua-nga-kumanova-strehon-ne-shtepine-e-saj-femije-pa-perkujdesje-prinderore-ndersa-parate-qe-fiton-nga-shteti-i-ruan-per-te-ardhmen-e-tyre\/\" \/>\n<meta property=\"og:site_name\" content=\"\u0421\u0430\u043a\u0430\u043c \u0414\u0430 \u041a\u0430\u0436\u0430\u043c\" \/>\n<meta property=\"article:published_time\" content=\"2018-12-10T16:35:55+00:00\" \/>\n<meta property=\"og:image\" content=\"https:\/\/sdk.mk\/wp-content\/uploads\/2018\/11\/Suzana-zgrizuvac-Kumanovo01.jpg\" \/>\n\t<meta property=\"og:image:width\" content=\"2592\" \/>\n\t<meta property=\"og:image:height\" content=\"1728\" \/>\n<meta property=\"fb:app_id\" content=\"2407985809428537\" \/>\n<meta name=\"twitter:card\" content=\"summary\" \/>\n<script type=\"application\/ld+json\" class=\"yoast-schema-graph\">{\"@context\":\"https:\/\/schema.org\",\"@graph\":[{\"@type\":\"WebSite\",\"@id\":\"https:\/\/sdk.mk\/#website\",\"url\":\"https:\/\/sdk.mk\/\",\"name\":\"\\u0421\\u0430\\u043a\\u0430\\u043c \\u0414\\u0430 \\u041a\\u0430\\u0436\\u0430\\u043c\",\"description\":\"\\u0417\\u0430 \\u0441\\u043b\\u043e\\u0431\\u043e\\u0434\\u043e\\u0443\\u043c\\u043d\\u0438\",\"potentialAction\":[{\"@type\":\"SearchAction\",\"target\":\"https:\/\/sdk.mk\/?s={search_term_string}\",\"query-input\":\"required name=search_term_string\"}],\"inLanguage\":\"mk-MK\"},{\"@type\":\"ImageObject\",\"@id\":\"https:\/\/sdk.mk\/index.php\/histori-te-parrefyera\/nje-grua-nga-kumanova-strehon-ne-shtepine-e-saj-femije-pa-perkujdesje-prinderore-ndersa-parate-qe-fiton-nga-shteti-i-ruan-per-te-ardhmen-e-tyre\/#primaryimage\",\"inLanguage\":\"mk-MK\",\"url\":\"https:\/\/sdk.mk\/wp-content\/uploads\/2018\/11\/Suzana-zgrizuvac-Kumanovo01.jpg\",\"width\":2592,\"height\":1728},{\"@type\":\"WebPage\",\"@id\":\"https:\/\/sdk.mk\/index.php\/histori-te-parrefyera\/nje-grua-nga-kumanova-strehon-ne-shtepine-e-saj-femije-pa-perkujdesje-prinderore-ndersa-parate-qe-fiton-nga-shteti-i-ruan-per-te-ardhmen-e-tyre\/#webpage\",\"url\":\"https:\/\/sdk.mk\/index.php\/histori-te-parrefyera\/nje-grua-nga-kumanova-strehon-ne-shtepine-e-saj-femije-pa-perkujdesje-prinderore-ndersa-parate-qe-fiton-nga-shteti-i-ruan-per-te-ardhmen-e-tyre\/\",\"name\":\"NJ\\u00cb GRUA NGA KUMANOVA STREHON N\\u00cb SHT\\u00cbPIN\\u00cb E SAJ F\\u00cbMIJ\\u00cb PA P\\u00cbRKUJDESJE PRIND\\u00cbRORE, ND\\u00cbRSA PARAT\\u00cb Q\\u00cb FITON NGA SHTETI I RUAN P\\u00cbR T\\u00cb ARDHMEN E TYRE - \\u0421\\u0430\\u043a\\u0430\\u043c \\u0414\\u0430 \\u041a\\u0430\\u0436\\u0430\\u043c\",\"isPartOf\":{\"@id\":\"https:\/\/sdk.mk\/#website\"},\"primaryImageOfPage\":{\"@id\":\"https:\/\/sdk.mk\/index.php\/histori-te-parrefyera\/nje-grua-nga-kumanova-strehon-ne-shtepine-e-saj-femije-pa-perkujdesje-prinderore-ndersa-parate-qe-fiton-nga-shteti-i-ruan-per-te-ardhmen-e-tyre\/#primaryimage\"},\"datePublished\":\"2018-12-10T16:35:55+00:00\",\"dateModified\":\"2018-12-10T16:35:55+00:00\",\"author\":{\"@id\":\"https:\/\/sdk.mk\/#\/schema\/person\/737021aeacbe893f7e2c347186c5c7a1\"},\"inLanguage\":\"mk-MK\",\"potentialAction\":[{\"@type\":\"ReadAction\",\"target\":[\"https:\/\/sdk.mk\/index.php\/histori-te-parrefyera\/nje-grua-nga-kumanova-strehon-ne-shtepine-e-saj-femije-pa-perkujdesje-prinderore-ndersa-parate-qe-fiton-nga-shteti-i-ruan-per-te-ardhmen-e-tyre\/\"]}]},{\"@type\":\"Person\",\"@id\":\"https:\/\/sdk.mk\/#\/schema\/person\/737021aeacbe893f7e2c347186c5c7a1\",\"name\":\"\\u0424\\u0458\\u043e\\u043b\\u0430 \\u0417\\u043b\\u0430\\u0442\\u043a\\u0443\"}]}<\/script>\n<!-- \/ Yoast SEO Premium plugin. -->","_links":{"self":[{"href":"https:\/\/sdk.mk\/index.php\/wp-json\/wp\/v2\/posts\/75739"}],"collection":[{"href":"https:\/\/sdk.mk\/index.php\/wp-json\/wp\/v2\/posts"}],"about":[{"href":"https:\/\/sdk.mk\/index.php\/wp-json\/wp\/v2\/types\/post"}],"author":[{"embeddable":true,"href":"https:\/\/sdk.mk\/index.php\/wp-json\/wp\/v2\/users\/25"}],"replies":[{"embeddable":true,"href":"https:\/\/sdk.mk\/index.php\/wp-json\/wp\/v2\/comments?post=75739"}],"version-history":[{"count":0,"href":"https:\/\/sdk.mk\/index.php\/wp-json\/wp\/v2\/posts\/75739\/revisions"}],"wp:featuredmedia":[{"embeddable":true,"href":"https:\/\/sdk.mk\/index.php\/wp-json\/wp\/v2\/media\/74241"}],"wp:attachment":[{"href":"https:\/\/sdk.mk\/index.php\/wp-json\/wp\/v2\/media?parent=75739"}],"wp:term":[{"taxonomy":"category","embeddable":true,"href":"https:\/\/sdk.mk\/index.php\/wp-json\/wp\/v2\/categories?post=75739"},{"taxonomy":"post_tag","embeddable":true,"href":"https:\/\/sdk.mk\/index.php\/wp-json\/wp\/v2\/tags?post=75739"}],"curies":[{"name":"wp","href":"https:\/\/api.w.org\/{rel}","templated":true}]}}