{"id":75883,"date":"2018-12-12T13:46:15","date_gmt":"2018-12-12T12:46:15","guid":{"rendered":"https:\/\/sdk.mk\/?p=75883"},"modified":"2018-12-12T13:46:15","modified_gmt":"2018-12-12T12:46:15","slug":"dhjetra-derra-po-festojne-ne-deponine-meglenci-nga-komunaleci-thone-derrat-nuk-vijne-gjate-orarit-te-punes","status":"publish","type":"post","link":"https:\/\/sdk.mk\/index.php\/histori-te-parrefyera\/dhjetra-derra-po-festojne-ne-deponine-meglenci-nga-komunaleci-thone-derrat-nuk-vijne-gjate-orarit-te-punes\/","title":{"rendered":"DHJETRA DERRA PO FESTOJN\u00cb N\u00cb DEPONIN\u00cb MEGLENCI, NGA \u201cKOMUNALECI\u201d THON\u00cb DERRAT NUK VIJN\u00cb GJAT\u00cb ORARIT T\u00cb PUN\u00cbS"},"content":{"rendered":"<div class=\"f52428582a4b906b2d2e2a7d733c7d27\" data-index=\"7\" style=\"float: none; margin:10px 0 10px 0; text-align:center;\">\n<!-- MSP Ads Asynchronous JS Tag - Generated with Revive Adserver v5.4.1 -->\r\n<ins data-revive-zoneid=\"167\" data-revive-id=\"060fdb01f6430ec164d3519234aa4967\"><\/ins>\r\n<script async src=\"\/\/panel.ads.com.mk\/www\/delivery\/asyncjs.php\"><\/script>\n<\/div>\n<p>Me dhjet\u00ebra derra mund t\u00eb gjendjen n\u00eb deponin\u00eb Meglenci se si ushqehen n\u00eb nga nj\u00eb sof\u00ebr t\u00eb shijshme. Ky \u00ebsht\u00eb vendi ku barinjt\u00eb i kan\u00eb sjell\u00eb p\u00ebr t\u00eb kullotur, n\u00eb vendin e mbeturinave t\u00eb komun\u00ebs s\u00eb Manastirit, Mogill\u00ebs dhe Navacit. Me ta vijn\u00eb edhe mbledh\u00ebsit e plastikave t\u00eb cil\u00ebt, t\u00eb pajisur me doreza k\u00ebrkojn\u00eb poashtu ndonj\u00eb shishe q\u00eb m\u00eb pas e vendosin n\u00ebp\u00ebr thas\u00eb m\u00eb t\u00eb m\u00ebdhenj se vetja e tyre dhe i radhitin n\u00eb nj\u00eb automjet q\u00eb i ngjan nj\u00eb hekuri t\u00eb vjet\u00ebr.<\/p>\n<p>Mund t\u00eb vihen re edhe qen, nj\u00eb pjes\u00eb e tyre bashk\u00eb me mbledh\u00ebsit e plastik\u00ebs, e pjesa tjet\u00ebr q\u00eb kishte ardhur p\u00ebr t\u00eb mbushur stomakun me mbeturina. Mbi ta flulturojn\u00eb zgoj, nd\u00ebrsa n\u00eb prapavij\u00eb KXE Manastir nxjerr tym.<\/p>\n<div id=\"attachment_75525\" style=\"width: 660px\" class=\"wp-caption aligncenter\"><a href=\"https:\/\/sdk.mk\/wp-content\/uploads\/2018\/12\/rek-meglentsi-4.jpg\"><img aria-describedby=\"caption-attachment-75525\" loading=\"lazy\" class=\"wp-image-75525 size-large\" src=\"https:\/\/sdk.mk\/wp-content\/uploads\/2018\/12\/rek-meglentsi-4-650x427.jpg\" alt=\"\" width=\"650\" height=\"427\" srcset=\"https:\/\/sdk.mk\/wp-content\/uploads\/2018\/12\/rek-meglentsi-4-650x427.jpg 650w, https:\/\/sdk.mk\/wp-content\/uploads\/2018\/12\/rek-meglentsi-4-250x164.jpg 250w, https:\/\/sdk.mk\/wp-content\/uploads\/2018\/12\/rek-meglentsi-4-400x263.jpg 400w, https:\/\/sdk.mk\/wp-content\/uploads\/2018\/12\/rek-meglentsi-4-768x505.jpg 768w, https:\/\/sdk.mk\/wp-content\/uploads\/2018\/12\/rek-meglentsi-4-150x99.jpg 150w, https:\/\/sdk.mk\/wp-content\/uploads\/2018\/12\/rek-meglentsi-4-800x526.jpg 800w, https:\/\/sdk.mk\/wp-content\/uploads\/2018\/12\/rek-meglentsi-4.jpg 1168w\" sizes=\"(max-width: 650px) 100vw, 650px\" \/><\/a><p id=\"caption-attachment-75525\" class=\"wp-caption-text\">Pran\u00eb derrave kalojn\u00eb mbledh\u00ebsit e plastikave, t\u00eb cil\u00ebt, t\u00eb pajisur me doreza k\u00ebrkojn\u00eb mes mbeturinave t\u00eb shumta p\u00ebr ndonj\u00eb shishe. (Foto: Gj. Li\u00e7ovski)<\/p><\/div>\n<p>Ky ishte portreti q\u00eb zuri ekipi i SDK.MK n\u00eb deponin\u00eb josanitare t\u00eb Manastirit, Meglenci.<\/p>\n<p>\u201cDerrat jan\u00eb miqt\u00eb tan\u00eb. Ne nuk kemi problem me ta. Ata vet\u00ebm k\u00ebrkojn\u00eb ushqimin e tyre, kurse plastika q\u00eb mbledhim ne nuk \u00ebsht\u00eb n\u00eb menun\u00eb e tyre\u201d, thon\u00eb mbledh\u00ebsit e shisheve.<\/p>\n<p>Nd\u00ebrkoh\u00eb q\u00eb nj\u00ebra pal\u00eb merret me mbledhjen, t\u00eb tjer\u00eb ndezin mbeturinat q\u00eb t\u00eb mund t\u00eb ngrohen nga t\u00eb ftoht\u00ebt.<\/p>\n<div id=\"attachment_75519\" style=\"width: 660px\" class=\"wp-caption aligncenter\"><a href=\"https:\/\/sdk.mk\/wp-content\/uploads\/2018\/12\/rek-apokalpisa.jpg\"><img aria-describedby=\"caption-attachment-75519\" loading=\"lazy\" class=\"wp-image-75519 size-large\" src=\"https:\/\/sdk.mk\/wp-content\/uploads\/2018\/12\/rek-apokalpisa-650x406.jpg\" alt=\"\" width=\"650\" height=\"406\" srcset=\"https:\/\/sdk.mk\/wp-content\/uploads\/2018\/12\/rek-apokalpisa-650x406.jpg 650w, https:\/\/sdk.mk\/wp-content\/uploads\/2018\/12\/rek-apokalpisa-250x156.jpg 250w, https:\/\/sdk.mk\/wp-content\/uploads\/2018\/12\/rek-apokalpisa-400x250.jpg 400w, https:\/\/sdk.mk\/wp-content\/uploads\/2018\/12\/rek-apokalpisa-768x479.jpg 768w, https:\/\/sdk.mk\/wp-content\/uploads\/2018\/12\/rek-apokalpisa-150x94.jpg 150w, https:\/\/sdk.mk\/wp-content\/uploads\/2018\/12\/rek-apokalpisa-800x499.jpg 800w, https:\/\/sdk.mk\/wp-content\/uploads\/2018\/12\/rek-apokalpisa-1200x749.jpg 1200w, https:\/\/sdk.mk\/wp-content\/uploads\/2018\/12\/rek-apokalpisa.jpg 1231w\" sizes=\"(max-width: 650px) 100vw, 650px\" \/><\/a><p id=\"caption-attachment-75519\" class=\"wp-caption-text\">Sa i p\u00ebrket pyetjes se kujt i p\u00ebrkasin derrat, nuk mor\u00ebm nj\u00eb p\u00ebrgjigje konkrete. Banor\u00ebt e k\u00ebtij rrethi me p\u00ebshp\u00ebrim\u00eb thon\u00eb se n\u00eb Meglenci ka dy kultivues t\u00eb derrave dhe se ata shiten n\u00eb rajonin e Prilepit. N\u00eb Manastir nuk ka thertore tashm\u00eb p\u00ebr vite, andaj derrat nuk theren atje. (Foto: Gj. Li\u00e7ovski)<\/p><\/div>\n<p>\u201cK\u00ebto jan\u00eb mbeturina t\u00eb zeza, nd\u00ebrsa ne i shesim q\u00eb t\u00eb mund t\u00eb blejm\u00eb nj\u00eb cop\u00ebz buk\u00eb. Nuk kemi m\u00ebnyr\u00eb tjet\u00ebr p\u00ebr t\u00eb nxjerr\u00eb t\u00eb ardhura. Plastik\u00ebn q\u00eb e mbledhim k\u00ebtu do ta shesim n\u00eb ndonj\u00eb qend\u00ebr p\u00ebr mbeturina. Kur stomaku na k\u00ebrkon buk\u00eb, e durojm\u00eb edhe k\u00ebt\u00eb er\u00eb t\u00eb keqe. Nuk na gjen gj\u00eb nga s\u00ebmundjet, jemi b\u00ebr\u00eb imun\u00eb\u201d, thot\u00eb nj\u00eb prej vajzave mbledh\u00ebse t\u00eb plastikave.<\/p>\n<p>Bariu i derrave nuk gjendej aty. Me siguri derrat vijn\u00eb nga fshatrat rrethues Aramtush dhe Meglenci, e k\u00ebshtu e din\u00eb vet\u00eb rrug\u00ebn deri n\u00eb deponi dhe mbrapsht. Derrat k\u00ebtu vijn\u00eb me vite.<\/p>\n<div id=\"attachment_75520\" style=\"width: 660px\" class=\"wp-caption aligncenter\"><a href=\"https:\/\/sdk.mk\/wp-content\/uploads\/2018\/12\/rek-deponij1-2.jpg\"><img aria-describedby=\"caption-attachment-75520\" loading=\"lazy\" class=\"wp-image-75520 size-large\" src=\"https:\/\/sdk.mk\/wp-content\/uploads\/2018\/12\/rek-deponij1-2-650x435.jpg\" alt=\"\" width=\"650\" height=\"435\" srcset=\"https:\/\/sdk.mk\/wp-content\/uploads\/2018\/12\/rek-deponij1-2-650x435.jpg 650w, https:\/\/sdk.mk\/wp-content\/uploads\/2018\/12\/rek-deponij1-2-250x167.jpg 250w, https:\/\/sdk.mk\/wp-content\/uploads\/2018\/12\/rek-deponij1-2-400x268.jpg 400w, https:\/\/sdk.mk\/wp-content\/uploads\/2018\/12\/rek-deponij1-2-768x514.jpg 768w, https:\/\/sdk.mk\/wp-content\/uploads\/2018\/12\/rek-deponij1-2-150x100.jpg 150w, https:\/\/sdk.mk\/wp-content\/uploads\/2018\/12\/rek-deponij1-2-800x536.jpg 800w, https:\/\/sdk.mk\/wp-content\/uploads\/2018\/12\/rek-deponij1-2.jpg 1147w\" sizes=\"(max-width: 650px) 100vw, 650px\" \/><\/a><p id=\"caption-attachment-75520\" class=\"wp-caption-text\">Nga nd\u00ebrmarrja publike \u201cKomunalec\u201d thon\u00eb se gjat\u00eb orarit t\u00eb pun\u00ebs nga ora 7 deri n\u00eb 14, kur ka t\u00eb pun\u00ebsuar n\u00eb deponi, nuk ka derra dhe mbledh\u00ebs ilegal\u00eb t\u00eb plastik\u00ebs. N\u00ebse ata hyjn\u00eb at\u00ebher\u00eb kjo ndodh\u00eb pasdite ose paradite kur mbetet vet\u00ebm nj\u00eb rojtar i cili nuk mund t\u00eb ruaj\u00eb nj\u00eb sip\u00ebrfaqe prej gjasht\u00eb hektar\u00ebsh ve\u00e7 vet\u00eb. (Foto: Gj. Li\u00e7ovski)<\/p><\/div>\n<p>Ndotja dhe kushtet e v\u00ebshtira t\u00eb jetes\u00ebs kan\u00eb kontribuar q\u00eb n\u00eb dy fshatrat t\u00eb mbeten vet\u00ebm gjasht\u00ebdhjet\u00eb banor\u00eb. Shumica jan\u00eb shp\u00ebrngulur, nd\u00ebrsa pak prej tyre flasin publikisht p\u00ebr problemin n\u00eb fjal\u00eb.<\/p>\n<p>\u201cTe deponia tani mblidhen kafsh\u00eb t\u00eb egra, m\u00eb s\u00eb shumti ujq\u00ebr. M\u00eb pas, n\u00eb m\u00ebngjes ata sulmojn\u00eb kopen\u00eb. Tani ka shum\u00eb derra n\u00eb deponi. Jan\u00eb nga Meglenci\u201d, thot\u00eb Mitat Halimovski i fshatit Armatush.<\/p>\n<p>Ndaj pyetjes se t\u00eb kujt jan\u00eb derrat, nuk kemi marr\u00eb p\u00ebrgjigje konkrete. Banor\u00ebt e k\u00ebtyre viseve thon\u00eb n\u00eb p\u00ebshp\u00ebrim\u00eb e sip\u00ebr se n\u00eb Meglenci ka dy kultivues dhe se derrat shiten n\u00eb rajonin e Prilepit. N\u00eb Manastir p\u00ebr vite t\u00eb t\u00ebra nuk ekziston nj\u00eb thertore, k\u00ebshtu q\u00eb derrat nuk theren atje.<\/p>\n<div id=\"attachment_75521\" style=\"width: 660px\" class=\"wp-caption aligncenter\"><a href=\"https:\/\/sdk.mk\/wp-content\/uploads\/2018\/12\/rek-deponija-2-apokalpitichna.jpg\"><img aria-describedby=\"caption-attachment-75521\" loading=\"lazy\" class=\"wp-image-75521 size-large\" src=\"https:\/\/sdk.mk\/wp-content\/uploads\/2018\/12\/rek-deponija-2-apokalpitichna-650x418.jpg\" alt=\"\" width=\"650\" height=\"418\" srcset=\"https:\/\/sdk.mk\/wp-content\/uploads\/2018\/12\/rek-deponija-2-apokalpitichna-650x418.jpg 650w, https:\/\/sdk.mk\/wp-content\/uploads\/2018\/12\/rek-deponija-2-apokalpitichna-250x161.jpg 250w, https:\/\/sdk.mk\/wp-content\/uploads\/2018\/12\/rek-deponija-2-apokalpitichna-400x257.jpg 400w, https:\/\/sdk.mk\/wp-content\/uploads\/2018\/12\/rek-deponija-2-apokalpitichna-768x494.jpg 768w, https:\/\/sdk.mk\/wp-content\/uploads\/2018\/12\/rek-deponija-2-apokalpitichna-150x96.jpg 150w, https:\/\/sdk.mk\/wp-content\/uploads\/2018\/12\/rek-deponija-2-apokalpitichna-800x515.jpg 800w, https:\/\/sdk.mk\/wp-content\/uploads\/2018\/12\/rek-deponija-2-apokalpitichna.jpg 1194w\" sizes=\"(max-width: 650px) 100vw, 650px\" \/><\/a><p id=\"caption-attachment-75521\" class=\"wp-caption-text\">\u201cK\u00ebto jan\u00eb mbeturina t\u00eb zeza, nd\u00ebrsa ne i shesim q\u00eb t\u00eb mund t\u00eb blejm\u00eb nj\u00eb cop\u00ebz buk\u00eb. Nuk kemi m\u00ebnyr\u00eb tjet\u00ebr p\u00ebr t\u00eb nxjerr\u00eb t\u00eb ardhura. Plastik\u00ebn q\u00eb e mbledhim k\u00ebtu do ta shesim n\u00eb ndonj\u00eb qend\u00ebr p\u00ebr mbeturina. Kur stomaku na k\u00ebrkon buk\u00eb, e durojm\u00eb edhe k\u00ebt\u00eb er\u00eb t\u00eb keqe. Nuk na gjen gj\u00eb nga s\u00ebmundjet, jemi b\u00ebr\u00eb imun\u00eb\u201d, thot\u00eb nj\u00eb prej vajzave mbledh\u00ebse t\u00eb plastikave.\u201d (Foto: Gj. Li\u00e7ovski)<\/p><\/div>\n<p>Nga nd\u00ebrmarrja publike \u201cKomunalec\u201d thon\u00eb se gjat\u00eb orarit t\u00eb pun\u00ebs nga ora 7 deri n\u00eb 14, kur ka t\u00eb pun\u00ebsuar n\u00eb deponi, nuk ka derra dhe mbledh\u00ebs ilegal\u00eb t\u00eb plastik\u00ebs. N\u00ebse ata hyjn\u00eb at\u00ebher\u00eb kjo ndodh\u00eb pasdite ose paradite kur mbetet vet\u00ebm nj\u00eb rojtar i cili nuk mund t\u00eb ruaj\u00eb nj\u00eb sip\u00ebrfaqe prej gjasht\u00eb hektar\u00ebsh ve\u00e7 vet\u00eb.<\/p>\n<p>\u201cGjat\u00eb orarit t\u00eb pun\u00ebs, askush nuk u lejon q\u00eb t\u00eb hyn\u00eb. Ndonj\u00ebher\u00eb ndodh q\u00eb t\u2019i l\u00ebshojn\u00eb derrat edhe pse e din\u00eb se nuk lejohet. K\u00ebshtu ndodh, kur nuk ka askush tjet\u00ebr p\u00ebrve\u00e7 rojtarit, e rojtar i nj\u00eb hap\u00ebsire prej gjasht\u00eb hektar\u00ebsh nuk mund t\u00eb jesh ve\u00e7 vet\u00eb. Kalojn\u00eb edhe dhelpra, ujq\u00ebr, qen dhe kafsh\u00eb t\u00eb tjera. Pjesa m\u00eb e madhe e deponis\u00eb \u00ebsht\u00eb e rrethuar me fardh, por derrat jan\u00eb kafsh\u00eb dhe do t\u00eb gjejn\u00eb m\u00ebnyr\u00ebn q\u00eb t\u00eb dep\u00ebrtojn\u00eb. Komunaleci nuk ka faj, p\u00ebrkundrazi ata punojn\u00eb n\u00eb m\u00ebnyr\u00eb korrekte. Por, sjellja e disa personave t\u00eb pap\u00ebrgjegjsh\u00ebm nuk mund t\u00eb dallohet\u201d, thot\u00eb drejtori Pande Bogoevski.<\/p>\n<p>Ai shton se me vite t\u00eb t\u00ebra rastet e nd\u00ebrhyrjes pa leje n\u00eb deponi i kan\u00eb paraqitur te policia e Manastirit, por ato vazhdojn\u00eb t\u00eb p\u00ebrs\u00ebriten.<\/p>\n<p>\u201cPolicia shpenzon shum\u00eb her\u00eb m\u00eb shum\u00eb rrym\u00eb q\u00eb t\u00eb shkoj\u00eb t\u2019i p\u00ebrjashtoj\u00eb nga deponia. Do t\u2019i p\u00ebrjashtoj\u00eb dhe dit\u00ebn tjet\u00ebr prap\u00eb do t\u00eb kthehen\u201d, thot\u00eb Bogoevski.<\/p>\n<p>Zgjidhja e problemit q\u00ebndron n\u00eb nd\u00ebrtimin e deponis\u00eb rajonale, vlera e t\u00eb cil\u00ebs do t\u00eb jet\u00eb plot 40 milion\u00eb euro. Nga pushteti lokal para disa muajsh \u00ebsht\u00eb deklaruar se secila prej komunave duhet t\u00eb marr\u00eb pjes\u00eb me nj\u00eb shum\u00eb konkrete t\u00eb mjeteve, q\u00eb p\u00ebr Komun\u00ebn e Manastirit vlen diku 4.4 milion\u00eb euro, kurse Qeveria e mori vet\u00eb detyr\u00ebn q\u00eb ta financoj\u00eb pjes\u00ebn e p\u00ebrgjithshme. Deponia e till\u00eb do t\u00eb ket\u00eb ndikim t\u00eb madh p\u00ebr mbrojtjen e mjedisin jet\u00ebsor. Por, nj\u00eb afat preciz t\u00eb nd\u00ebrtimit t\u00eb deponis\u00eb rajonale nuk ekziston.<\/p>\n<p><strong><em>ZH. ZDRAVKOVSKA<\/em><\/strong><\/p>\n<p>&nbsp;<\/p>\n\n<div style=\"font-size: 0px; height: 0px; line-height: 0px; margin: 0; padding: 0; clear: both;\"><\/div>","protected":false},"excerpt":{"rendered":"<p>Me dhjet\u00ebra derra mund t\u00eb gjendjen n\u00eb deponin\u00eb Meglenci se si ushqehen n\u00eb nga nj\u00eb sof\u00ebr t\u00eb shijshme. Ky \u00ebsht\u00eb [&hellip;]<\/p>\n","protected":false},"author":25,"featured_media":75524,"comment_status":"closed","ping_status":"closed","sticky":false,"template":"","format":"standard","meta":{"_mo_disable_npp":"","inline_featured_image":false},"categories":[3085,3095],"tags":[],"imageURL":"https:\/\/sdk.mk\/wp-content\/uploads\/2018\/12\/rek-meglentsi-3-650x424.jpg","thumbURL":"https:\/\/sdk.mk\/wp-content\/uploads\/2018\/12\/rek-meglentsi-3-250x163.jpg","categoryNames":["Histori t\u00eb parr\u00ebfyera","Rrjeti i korrespondent\u00ebve"],"feature_caption":"Derrat q\u00eb ushqehen nga deponia Meglenci, ku mblidhen mbeturinat nga komunat Manastir, Mogill\u00eb dhe Novaci, me sa duket  jan\u00eb nga fshatrat e rrethin\u00ebs Aramush dhe Meglenci. Ata e din\u00eb rrug\u00ebn dhe vijn\u00eb k\u00ebtu tashm\u00eb p\u00ebr vite t\u00eb t\u00ebra. (Foto: Gj. Li\u00e7ovski) ","subtitle":"","views":"9807","source":"Manastir, (SAKAMDAKAZAM.MK)","yoast_head":"<!-- This site is optimized with the Yoast SEO Premium plugin v15.0 - https:\/\/yoast.com\/wordpress\/plugins\/seo\/ -->\n<title>DHJETRA DERRA PO FESTOJN\u00cb N\u00cb DEPONIN\u00cb MEGLENCI, NGA \u201cKOMUNALECI\u201d THON\u00cb DERRAT NUK VIJN\u00cb GJAT\u00cb ORARIT T\u00cb PUN\u00cbS - \u0421\u0430\u043a\u0430\u043c \u0414\u0430 \u041a\u0430\u0436\u0430\u043c<\/title>\n<meta name=\"robots\" content=\"index, follow, max-snippet:-1, max-image-preview:large, max-video-preview:-1\" \/>\n<link rel=\"canonical\" href=\"https:\/\/sdk.mk\/index.php\/histori-te-parrefyera\/dhjetra-derra-po-festojne-ne-deponine-meglenci-nga-komunaleci-thone-derrat-nuk-vijne-gjate-orarit-te-punes\/\" \/>\n<meta property=\"og:locale\" content=\"mk_MK\" \/>\n<meta property=\"og:type\" content=\"article\" \/>\n<meta property=\"og:title\" content=\"DHJETRA DERRA PO FESTOJN\u00cb N\u00cb DEPONIN\u00cb MEGLENCI, NGA \u201cKOMUNALECI\u201d THON\u00cb DERRAT NUK VIJN\u00cb GJAT\u00cb ORARIT T\u00cb PUN\u00cbS - \u0421\u0430\u043a\u0430\u043c \u0414\u0430 \u041a\u0430\u0436\u0430\u043c\" \/>\n<meta property=\"og:description\" content=\"Me dhjet\u00ebra derra mund t\u00eb gjendjen n\u00eb deponin\u00eb Meglenci se si ushqehen n\u00eb nga nj\u00eb sof\u00ebr t\u00eb shijshme. Ky \u00ebsht\u00eb [&hellip;]\" \/>\n<meta property=\"og:url\" content=\"https:\/\/sdk.mk\/index.php\/histori-te-parrefyera\/dhjetra-derra-po-festojne-ne-deponine-meglenci-nga-komunaleci-thone-derrat-nuk-vijne-gjate-orarit-te-punes\/\" \/>\n<meta property=\"og:site_name\" content=\"\u0421\u0430\u043a\u0430\u043c \u0414\u0430 \u041a\u0430\u0436\u0430\u043c\" \/>\n<meta property=\"article:published_time\" content=\"2018-12-12T12:46:15+00:00\" \/>\n<meta property=\"og:image\" content=\"https:\/\/sdk.mk\/wp-content\/uploads\/2018\/12\/rek-meglentsi-3.jpg\" \/>\n\t<meta property=\"og:image:width\" content=\"1177\" \/>\n\t<meta property=\"og:image:height\" content=\"768\" \/>\n<meta property=\"fb:app_id\" content=\"2407985809428537\" \/>\n<meta name=\"twitter:card\" content=\"summary\" \/>\n<script type=\"application\/ld+json\" class=\"yoast-schema-graph\">{\"@context\":\"https:\/\/schema.org\",\"@graph\":[{\"@type\":\"WebSite\",\"@id\":\"https:\/\/sdk.mk\/#website\",\"url\":\"https:\/\/sdk.mk\/\",\"name\":\"\\u0421\\u0430\\u043a\\u0430\\u043c \\u0414\\u0430 \\u041a\\u0430\\u0436\\u0430\\u043c\",\"description\":\"\\u0417\\u0430 \\u0441\\u043b\\u043e\\u0431\\u043e\\u0434\\u043e\\u0443\\u043c\\u043d\\u0438\",\"potentialAction\":[{\"@type\":\"SearchAction\",\"target\":\"https:\/\/sdk.mk\/?s={search_term_string}\",\"query-input\":\"required name=search_term_string\"}],\"inLanguage\":\"mk-MK\"},{\"@type\":\"ImageObject\",\"@id\":\"https:\/\/sdk.mk\/index.php\/histori-te-parrefyera\/dhjetra-derra-po-festojne-ne-deponine-meglenci-nga-komunaleci-thone-derrat-nuk-vijne-gjate-orarit-te-punes\/#primaryimage\",\"inLanguage\":\"mk-MK\",\"url\":\"https:\/\/sdk.mk\/wp-content\/uploads\/2018\/12\/rek-meglentsi-3.jpg\",\"width\":1177,\"height\":768,\"caption\":\"Woman collects plastic bottles through the trash while pigs eat at a landfill site in front of the biggest thermal power station in FYROM 'REK BITOLA' near city of Bitola, the Former Yugoslav Republic of Macedonia on 06 December 2018. The thermal power station 'REK BITOLA' is the biggest producer of electric energy in FYROM with production of over 50 per cent of the total electricity produced in the whole country. At the same time 'REK BITOLA' is the biggest pollutant in FYROM and Bitola the most polluted city in the country with over 180 days when the level of pollution is higher than the permitted levels. Some 40 per cent of the people with cancer diseases in the country are from this region.In same time, the World Health Organization listed Skopje as the most polluted capital in Europe.\"},{\"@type\":\"WebPage\",\"@id\":\"https:\/\/sdk.mk\/index.php\/histori-te-parrefyera\/dhjetra-derra-po-festojne-ne-deponine-meglenci-nga-komunaleci-thone-derrat-nuk-vijne-gjate-orarit-te-punes\/#webpage\",\"url\":\"https:\/\/sdk.mk\/index.php\/histori-te-parrefyera\/dhjetra-derra-po-festojne-ne-deponine-meglenci-nga-komunaleci-thone-derrat-nuk-vijne-gjate-orarit-te-punes\/\",\"name\":\"DHJETRA DERRA PO FESTOJN\\u00cb N\\u00cb DEPONIN\\u00cb MEGLENCI, NGA \\u201cKOMUNALECI\\u201d THON\\u00cb DERRAT NUK VIJN\\u00cb GJAT\\u00cb ORARIT T\\u00cb PUN\\u00cbS - \\u0421\\u0430\\u043a\\u0430\\u043c \\u0414\\u0430 \\u041a\\u0430\\u0436\\u0430\\u043c\",\"isPartOf\":{\"@id\":\"https:\/\/sdk.mk\/#website\"},\"primaryImageOfPage\":{\"@id\":\"https:\/\/sdk.mk\/index.php\/histori-te-parrefyera\/dhjetra-derra-po-festojne-ne-deponine-meglenci-nga-komunaleci-thone-derrat-nuk-vijne-gjate-orarit-te-punes\/#primaryimage\"},\"datePublished\":\"2018-12-12T12:46:15+00:00\",\"dateModified\":\"2018-12-12T12:46:15+00:00\",\"author\":{\"@id\":\"https:\/\/sdk.mk\/#\/schema\/person\/737021aeacbe893f7e2c347186c5c7a1\"},\"inLanguage\":\"mk-MK\",\"potentialAction\":[{\"@type\":\"ReadAction\",\"target\":[\"https:\/\/sdk.mk\/index.php\/histori-te-parrefyera\/dhjetra-derra-po-festojne-ne-deponine-meglenci-nga-komunaleci-thone-derrat-nuk-vijne-gjate-orarit-te-punes\/\"]}]},{\"@type\":\"Person\",\"@id\":\"https:\/\/sdk.mk\/#\/schema\/person\/737021aeacbe893f7e2c347186c5c7a1\",\"name\":\"\\u0424\\u0458\\u043e\\u043b\\u0430 \\u0417\\u043b\\u0430\\u0442\\u043a\\u0443\"}]}<\/script>\n<!-- \/ Yoast SEO Premium plugin. -->","_links":{"self":[{"href":"https:\/\/sdk.mk\/index.php\/wp-json\/wp\/v2\/posts\/75883"}],"collection":[{"href":"https:\/\/sdk.mk\/index.php\/wp-json\/wp\/v2\/posts"}],"about":[{"href":"https:\/\/sdk.mk\/index.php\/wp-json\/wp\/v2\/types\/post"}],"author":[{"embeddable":true,"href":"https:\/\/sdk.mk\/index.php\/wp-json\/wp\/v2\/users\/25"}],"replies":[{"embeddable":true,"href":"https:\/\/sdk.mk\/index.php\/wp-json\/wp\/v2\/comments?post=75883"}],"version-history":[{"count":0,"href":"https:\/\/sdk.mk\/index.php\/wp-json\/wp\/v2\/posts\/75883\/revisions"}],"wp:featuredmedia":[{"embeddable":true,"href":"https:\/\/sdk.mk\/index.php\/wp-json\/wp\/v2\/media\/75524"}],"wp:attachment":[{"href":"https:\/\/sdk.mk\/index.php\/wp-json\/wp\/v2\/media?parent=75883"}],"wp:term":[{"taxonomy":"category","embeddable":true,"href":"https:\/\/sdk.mk\/index.php\/wp-json\/wp\/v2\/categories?post=75883"},{"taxonomy":"post_tag","embeddable":true,"href":"https:\/\/sdk.mk\/index.php\/wp-json\/wp\/v2\/tags?post=75883"}],"curies":[{"name":"wp","href":"https:\/\/api.w.org\/{rel}","templated":true}]}}