{"id":76697,"date":"2018-12-23T18:41:37","date_gmt":"2018-12-23T17:41:37","guid":{"rendered":"https:\/\/sdk.mk\/?p=76697"},"modified":"2018-12-23T18:41:37","modified_gmt":"2018-12-23T17:41:37","slug":"praktike-dhe-e-drejte","status":"publish","type":"post","link":"https:\/\/sdk.mk\/index.php\/dua-te-them\/praktike-dhe-e-drejte\/","title":{"rendered":"PRAKTIKE DHE E DREJT\u00cb"},"content":{"rendered":"<div class=\"f52428582a4b906b2d2e2a7d733c7d27\" data-index=\"7\" style=\"float: none; margin:10px 0 10px 0; text-align:center;\">\n<!-- MSP Ads Asynchronous JS Tag - Generated with Revive Adserver v5.4.1 -->\r\n<ins data-revive-zoneid=\"167\" data-revive-id=\"060fdb01f6430ec164d3519234aa4967\"><\/ins>\r\n<script async src=\"\/\/panel.ads.com.mk\/www\/delivery\/asyncjs.php\"><\/script>\n<\/div>\n<p><span class=\"dropcap color firstcharacter\">1<\/span>\u00cbsht\u00eb gj\u00eb normale q\u00eb un\u00eb t\u00eb jem kund\u00ebr Ligjit t\u00eb amnistis\u00eb. Cili njeri normal do t\u00eb mund t\u00eb ishte \u201cp\u00ebr\u201d nj\u00eb ligj t\u00eb till\u00eb, me t\u00eb cilin do t\u00eb liroheshin nga p\u00ebrndjekja ata q\u00eb ishin p\u00ebrgjegj\u00ebs p\u00ebr ngjarjen m\u00eb t\u00eb tmerrshme t\u00eb historis\u00eb bashk\u00ebkohore \u2013 sulmin e Parlamentit m\u00eb 27 prill dhe tentimit p\u00ebr grusht shtet? Dor\u00ebheqja nga motoja e tradhtuar \u201cPa drejt\u00ebsi nuk ka paqe\u201d \u00ebsht\u00eb e kuptueshme. Dhe as ajo tjetra \u201cShutka nuk t\u00eb ik\u00ebn, Nikoll\u00eb\u201d, tashm\u00eb nuk vlen.<br \/>\nPor, a ia vlen t\u00eb harxhojm\u00eb koh\u00ebn p\u00ebr dor\u00ebheqje t\u00eb k\u00ebtilla? Le ta mbyllim nj\u00ebher\u00eb e p\u00ebrgjithmon\u00eb \u00e7\u00ebshtjen mbi mbijetes\u00ebn e shtetit. Dhe ta ruajm\u00eb fuqin\u00eb p\u00ebr t\u00eb rinisur. Ndoshta, kur t\u00eb hym\u00eb n\u00eb NATO dhe do t\u00eb fillojm\u00eb me negociatat e BE-s\u00eb, me t\u00eb v\u00ebrtet\u00eb do t\u00eb nd\u00ebrtojm\u00eb nj\u00eb shtet t\u00eb drejt\u00eb.<br \/>\nNuk jam shum\u00eb i sigut n\u00ebse edhe at\u00ebher\u00eb Maqedonia do t\u00eb jet\u00eb n\u00eb rregull? Me th\u00ebn\u00eb t\u00eb drejt\u00ebn edhe un\u00eb jam pak skeptik. A kemi zgjidhje tjet\u00ebr? A kemi koh\u00eb p\u00ebr nj\u00eb shans tjet\u00ebr?<br \/>\nE pastaj, a donte dikush ta ndryshoj\u00eb emrin? Kjo \u00ebsht\u00eb shum\u00eb gj\u00eb m\u00eb e dhimbshme dhe frustruese se sa amnistia e 27 prillit. P\u00ebr t\u00eb realizuar q\u00ebllime t\u00eb larta, sidomos n\u00eb poitik\u00ebn globale, zgjidhjet jan\u00eb praktike. Q\u00eb nuk do t\u00eb thot\u00eb se jan\u00eb t\u00eb drejta.<br \/>\nK\u00ebshtu q\u00eb, le t\u00eb mos m\u00ebrzitemi. Amnistin\u00eb nuk e ka shpikur Zoran Zaevi. Ishte e qart\u00eb se q\u00eb t\u00eb kalonte shpejt Marr\u00ebveshja e Presp\u00ebs dhe ndryshimet kushtetuese, amnistia doli si nj\u00eb zgjidhje praktike. E n\u00ebse NATO nuk ka koh\u00eb, ne nuk kemi aspak. At\u00ebher\u00eb kur b\u00ebhemi t\u00eb men\u00e7ur duke th\u00ebn\u00eb se tashm\u00eb nuk ia vlen t\u00eb protestohet, apo se nuk \u00ebsht\u00eb mir\u00eb t\u00eb dalim p\u00ebr votim, le t\u00eb kujtojm\u00eb se Maqedonia, si shtet, \u00ebsht\u00eb akoma n\u00eb faz\u00ebn \u201cQ\u00eb kur jemi duke b\u00ebr\u00eb pazar, t\u00eb pakt\u00ebn t\u00eb kemi qar\u201d.<br \/>\nAskush nuk \u00ebsht\u00eb aq torollak sa t\u00eb mos kuptoj\u00eb se \u00e7far\u00eb \u00ebsht\u00eb nj\u00eb shtet i drejt\u00eb. Dhe se do t\u00eb jetoj\u00eb n\u00eb nj\u00eb shtet ku e drejta vlen p\u00ebr t\u00eb gjith\u00eb nj\u00ebsoj. Por, ne po aktrojm\u00eb p\u00ebr 27 vjet se kemi nj\u00eb shtet t\u00eb drejt\u00eb dhe ia mbyllim syt\u00eb faktit se nuk kemi nj\u00eb gj\u00eb t\u00eb till\u00eb. Dhe tani? Erdhi LSDM-ja n\u00eb pushtet dhe na u hap\u00ebn syt\u00eb? M\u00eb mir\u00eb t\u00eb mbyllim syt\u00eb edhe p\u00ebr nja dy-tre muaj, se sa mu tani t\u00eb kuptojm\u00eb se me t\u00eb v\u00ebrtet\u00eb kemi nj\u00eb shtet t\u00eb drejt\u00eb. Sepse n\u00ebse vazhdojm\u00eb s\u00eb aktruari mund t\u00eb na ndodh\u00eb q\u00eb sot nj\u00eb vit t\u00eb mos kemi shtet fare. Duket di\u00e7ka e tmerrshme, por pa NATO-n dhe pa BE nuk do t\u00eb mbyllet \u00e7\u00ebshtja e mbijetes\u00ebs s\u00eb Maqedonis\u00eb asnj\u00ebher\u00eb. T\u00eb pakt\u00ebn ta kishim hequr k\u00ebt\u00eb barr\u00eb me t\u00eb cil\u00ebn jetojm\u00eb qe 17 vjet.<\/p>\n<p><span class=\"dropcap color firstcharacter\">2<\/span>E \u00e7far\u00eb b\u00ebjm\u00eb m\u00eb pas? Zhg\u00ebnjim shum\u00eb m\u00eb i madh se sa vet\u00eb amnistia p\u00ebr p\u00ebrmbaruesit do t\u00eb jet\u00eb n\u00ebse zbulojn\u00eb dhe n\u00ebse nuk d\u00ebnohen organizator\u00ebt e sulmit t\u00eb parlamentit. Nd\u00ebrsa akoma m\u00eb e tmerrshme do t\u00eb ishte n\u00ebse dikush nga ata organizator\u00eb kthehet n\u00eb pushtet. E m\u00eb e tmerrshmja do t\u00eb ishte q\u00eb nd\u00ebrkoh\u00eb q\u00eb ne merremi me nj\u00eb strategji globale gjeostrategjike dhe me nj\u00eb perspektiv\u00eb, n\u00eb p\u00ebrditshm\u00ebri po na shkat\u00ebrrohet sistemi. Po na shkat\u00ebrrohen institucionet dhe vlerat. Si dhe kapitali njer\u00ebzor.<\/p>\n<p><span class=\"dropcap color firstcharacter\">3<\/span>Shteti i drejt\u00eb nuk \u00ebsht\u00eb \u00e7\u00ebshtje vet\u00ebm tre deputet\u00ebsh q\u00eb paskan hapur dyert, apo \u00e7\u00ebshtje e rrah\u00ebsve profesionist\u00eb me maska. Shteti i drejt\u00eb nuk \u00ebsht\u00eb p\u00ebr flamurin e ngritur para selis\u00eb s\u00eb NATO-s n\u00eb Bruksel.<br \/>\nShteti i drejt\u00eb \u00ebsht\u00eb n\u00eb problemet e p\u00ebrditshm\u00ebris\u00eb dhe g\u00ebzimet e jet\u00ebs. N\u00eb arsim, gjyq\u00ebsi, sh\u00ebndet publik, administrim publik efikas, udh\u00ebheq\u00ebsi lokale, planifikim urban, aj\u00ebr t\u00eb past\u00ebr, uj\u00eb t\u00eb past\u00ebr, dhe t\u00eb past\u00ebr&#8230;Kjo \u00ebsht\u00eb ajo q\u00eb duhet t\u00eb presim nga nj\u00eb pushtet i p\u00ebrgjegjsh\u00ebm q\u00eb do ta kemi zgjedhur pasi t\u00eb kemi mbyllur k\u00ebt\u00eb kapitull.<br \/>\nAt\u00ebher\u00eb m\u00eb n\u00eb fund do t\u00eb mund t\u00eb merremi me jet\u00ebn e v\u00ebrtet\u00eb. Kjo \u00ebsht\u00eb \u00e7\u00ebshtja q\u00eb m\u00eb shqet\u00ebson m\u00eb shum\u00eb se sa amnistia. Pasi me k\u00ebt\u00eb Ligj shpresoj se do t\u00eb p\u00ebrfundojm\u00eb me t\u00eb kaluar\u00ebn. Por, m\u00eb frik\u00ebson e ardhmja kur e shoh se qasja drejt parave publike dhe pun\u00ebve me privilegj partiak akoma jan\u00eb karakteristika kryesore t\u00eb qeverisjes. Dhe pyes veten n\u00ebse t\u00eb gjith\u00eb ne si qytetar\u00eb kemi fuqin\u00eb p\u00ebr t\u00eb k\u00ebrkuar nj\u00eb qeverisje t\u00eb re, n\u00eb vend q\u00eb t\u00eb jemi bashk\u00ebfajtor\u00eb t\u00eb nj\u00eb qeverisjeje t\u00eb keqe.<br \/>\nPasi, esenca e jet\u00ebs s\u00eb mir\u00eb \u00ebsht\u00eb n\u00eb qeverisjen e mir\u00eb dhe t\u00eb p\u00ebrgjegjshme. E nj\u00eb jet\u00eb t\u00eb till\u00eb n\u00eb Maqedoni akoma s\u2019e kemi par\u00eb.<\/p>\n<p><em>P\u00ebrktheu: Fjolla Zllatku<\/em><\/p>\n\n<div style=\"font-size: 0px; height: 0px; line-height: 0px; margin: 0; padding: 0; clear: both;\"><\/div>","protected":false},"excerpt":{"rendered":"<p>\u00cbsht\u00eb gj\u00eb normale q\u00eb un\u00eb t\u00eb jem kund\u00ebr Ligjit t\u00eb amnistis\u00eb. Cili njeri normal do t\u00eb mund t\u00eb ishte \u201cp\u00ebr\u201d [&hellip;]<\/p>\n","protected":false},"author":9,"featured_media":184,"comment_status":"closed","ping_status":"closed","sticky":false,"template":"","format":"standard","meta":{"_mo_disable_npp":"","inline_featured_image":false},"categories":[1825],"tags":[],"imageURL":"https:\/\/sdk.mk\/wp-content\/uploads\/2015\/12\/goran-mihailovski2.jpg","thumbURL":"https:\/\/sdk.mk\/wp-content\/uploads\/2015\/12\/goran-mihailovski2-250x196.jpg","categoryNames":["DUA T\u00cb THEM"],"feature_caption":"","subtitle":"Le t\u00eb mos b\u00ebhemi merak. Amnistin\u00eb nuk e ka shpikur Zoran Zaevi","views":"11269","source":"","yoast_head":"<!-- This site is optimized with the Yoast SEO Premium plugin v15.0 - https:\/\/yoast.com\/wordpress\/plugins\/seo\/ -->\n<title>PRAKTIKE DHE E DREJT\u00cb - \u0421\u0430\u043a\u0430\u043c \u0414\u0430 \u041a\u0430\u0436\u0430\u043c<\/title>\n<meta name=\"robots\" content=\"index, follow, max-snippet:-1, max-image-preview:large, max-video-preview:-1\" \/>\n<link rel=\"canonical\" href=\"https:\/\/sdk.mk\/index.php\/dua-te-them\/praktike-dhe-e-drejte\/\" \/>\n<meta property=\"og:locale\" content=\"mk_MK\" \/>\n<meta property=\"og:type\" content=\"article\" \/>\n<meta property=\"og:title\" content=\"PRAKTIKE DHE E DREJT\u00cb - \u0421\u0430\u043a\u0430\u043c \u0414\u0430 \u041a\u0430\u0436\u0430\u043c\" \/>\n<meta property=\"og:description\" content=\"\u00cbsht\u00eb gj\u00eb normale q\u00eb un\u00eb t\u00eb jem kund\u00ebr Ligjit t\u00eb amnistis\u00eb. Cili njeri normal do t\u00eb mund t\u00eb ishte \u201cp\u00ebr\u201d [&hellip;]\" \/>\n<meta property=\"og:url\" content=\"https:\/\/sdk.mk\/index.php\/dua-te-them\/praktike-dhe-e-drejte\/\" \/>\n<meta property=\"og:site_name\" content=\"\u0421\u0430\u043a\u0430\u043c \u0414\u0430 \u041a\u0430\u0436\u0430\u043c\" \/>\n<meta property=\"article:published_time\" content=\"2018-12-23T17:41:37+00:00\" \/>\n<meta property=\"og:image\" content=\"https:\/\/sdk.mk\/wp-content\/uploads\/2015\/12\/goran-mihailovski2.jpg\" \/>\n\t<meta property=\"og:image:width\" content=\"400\" \/>\n\t<meta property=\"og:image:height\" content=\"313\" \/>\n<meta property=\"fb:app_id\" content=\"2407985809428537\" \/>\n<meta name=\"twitter:card\" content=\"summary\" \/>\n<script type=\"application\/ld+json\" class=\"yoast-schema-graph\">{\"@context\":\"https:\/\/schema.org\",\"@graph\":[{\"@type\":\"WebSite\",\"@id\":\"https:\/\/sdk.mk\/#website\",\"url\":\"https:\/\/sdk.mk\/\",\"name\":\"\\u0421\\u0430\\u043a\\u0430\\u043c \\u0414\\u0430 \\u041a\\u0430\\u0436\\u0430\\u043c\",\"description\":\"\\u0417\\u0430 \\u0441\\u043b\\u043e\\u0431\\u043e\\u0434\\u043e\\u0443\\u043c\\u043d\\u0438\",\"potentialAction\":[{\"@type\":\"SearchAction\",\"target\":\"https:\/\/sdk.mk\/?s={search_term_string}\",\"query-input\":\"required name=search_term_string\"}],\"inLanguage\":\"mk-MK\"},{\"@type\":\"ImageObject\",\"@id\":\"https:\/\/sdk.mk\/index.php\/dua-te-them\/praktike-dhe-e-drejte\/#primaryimage\",\"inLanguage\":\"mk-MK\",\"url\":\"https:\/\/sdk.mk\/wp-content\/uploads\/2015\/12\/goran-mihailovski2.jpg\",\"width\":400,\"height\":313},{\"@type\":\"WebPage\",\"@id\":\"https:\/\/sdk.mk\/index.php\/dua-te-them\/praktike-dhe-e-drejte\/#webpage\",\"url\":\"https:\/\/sdk.mk\/index.php\/dua-te-them\/praktike-dhe-e-drejte\/\",\"name\":\"PRAKTIKE DHE E DREJT\\u00cb - \\u0421\\u0430\\u043a\\u0430\\u043c \\u0414\\u0430 \\u041a\\u0430\\u0436\\u0430\\u043c\",\"isPartOf\":{\"@id\":\"https:\/\/sdk.mk\/#website\"},\"primaryImageOfPage\":{\"@id\":\"https:\/\/sdk.mk\/index.php\/dua-te-them\/praktike-dhe-e-drejte\/#primaryimage\"},\"datePublished\":\"2018-12-23T17:41:37+00:00\",\"dateModified\":\"2018-12-23T17:41:37+00:00\",\"author\":{\"@id\":\"https:\/\/sdk.mk\/#\/schema\/person\/3e8217f71bc38bd7c592f30c69e10e5a\"},\"inLanguage\":\"mk-MK\",\"potentialAction\":[{\"@type\":\"ReadAction\",\"target\":[\"https:\/\/sdk.mk\/index.php\/dua-te-them\/praktike-dhe-e-drejte\/\"]}]},{\"@type\":\"Person\",\"@id\":\"https:\/\/sdk.mk\/#\/schema\/person\/3e8217f71bc38bd7c592f30c69e10e5a\",\"name\":\"\\u041c\\u0438\\u0440\\u043e\\u0441\\u043b\\u0430\\u0432 \\u0418\\u043b\\u0438\\u043e\\u0441\\u043a\\u0438\"}]}<\/script>\n<!-- \/ Yoast SEO Premium plugin. -->","_links":{"self":[{"href":"https:\/\/sdk.mk\/index.php\/wp-json\/wp\/v2\/posts\/76697"}],"collection":[{"href":"https:\/\/sdk.mk\/index.php\/wp-json\/wp\/v2\/posts"}],"about":[{"href":"https:\/\/sdk.mk\/index.php\/wp-json\/wp\/v2\/types\/post"}],"author":[{"embeddable":true,"href":"https:\/\/sdk.mk\/index.php\/wp-json\/wp\/v2\/users\/9"}],"replies":[{"embeddable":true,"href":"https:\/\/sdk.mk\/index.php\/wp-json\/wp\/v2\/comments?post=76697"}],"version-history":[{"count":0,"href":"https:\/\/sdk.mk\/index.php\/wp-json\/wp\/v2\/posts\/76697\/revisions"}],"wp:featuredmedia":[{"embeddable":true,"href":"https:\/\/sdk.mk\/index.php\/wp-json\/wp\/v2\/media\/184"}],"wp:attachment":[{"href":"https:\/\/sdk.mk\/index.php\/wp-json\/wp\/v2\/media?parent=76697"}],"wp:term":[{"taxonomy":"category","embeddable":true,"href":"https:\/\/sdk.mk\/index.php\/wp-json\/wp\/v2\/categories?post=76697"},{"taxonomy":"post_tag","embeddable":true,"href":"https:\/\/sdk.mk\/index.php\/wp-json\/wp\/v2\/tags?post=76697"}],"curies":[{"name":"wp","href":"https:\/\/api.w.org\/{rel}","templated":true}]}}