{"id":77082,"date":"2018-12-28T16:06:17","date_gmt":"2018-12-28T15:06:17","guid":{"rendered":"https:\/\/sdk.mk\/?p=77082"},"modified":"2018-12-28T16:06:17","modified_gmt":"2018-12-28T15:06:17","slug":"ti-je-supermeni-yne-mberriten-dhuratat-e-vitit-te-ri-per-11-vjecarin-marko-i-cili-cdo-dite-kalon-lumin-per-te-shkuar-ne-shkolle","status":"publish","type":"post","link":"https:\/\/sdk.mk\/index.php\/histori-te-parrefyera\/ti-je-supermeni-yne-mberriten-dhuratat-e-vitit-te-ri-per-11-vjecarin-marko-i-cili-cdo-dite-kalon-lumin-per-te-shkuar-ne-shkolle\/","title":{"rendered":"\u0422I JE SUPERMENI YN\u00cb, MB\u00cbRRIT\u00cbN DHURATAT E VITIT T\u00cb RI P\u00cbR 11 VJE\u00c7ARIN MARKO, I CILI \u00c7DO DIT\u00cb KALON LUMIN P\u00cbR T\u00cb SHKUAR N\u00cb SHKOLL\u00cb"},"content":{"rendered":"<div class=\"f52428582a4b906b2d2e2a7d733c7d27\" data-index=\"7\" style=\"float: none; margin:10px 0 10px 0; text-align:center;\">\n<!-- MSP Ads Asynchronous JS Tag - Generated with Revive Adserver v5.4.1 -->\r\n<ins data-revive-zoneid=\"167\" data-revive-id=\"060fdb01f6430ec164d3519234aa4967\"><\/ins>\r\n<script async src=\"\/\/panel.ads.com.mk\/www\/delivery\/asyncjs.php\"><\/script>\n<\/div>\n<p>Shum\u00eb njer\u00ebz humane u mobilizuan q\u00eb t\u2019ia plot\u00ebsojn\u00eb d\u00ebshirat e Vitit t\u00eb Ri Markos 11-vje\u00e7ar, i cili jeton n\u00eb nj\u00eb sht\u00ebpi t\u00eb r\u00ebnuar n\u00eb fshatin Staraci i Ep\u00ebrm dhe \u00e7do dit\u00eb kalon kufirin duke shkelur mbi lum\u00eb q\u00eb t\u00eb arrij\u00eb te shkolla e fshatit maqedonas Dragomanc\u00eb.<\/p>\n<p>Andrijana, Biljana dhe Mom\u00e7illo nga Shkupi organizuan nj\u00eb aksion p\u00ebr ndihm\u00eb t\u00eb familjes Arsovski, duke vendosur nj\u00eb kuti p\u00ebr donacione n\u00eb studion e tyre kozmetike dhe arrit\u00ebn t\u00eb mblidhnin mjete p\u00ebr dhurata q\u00eb t\u2019ia p\u00ebr\u00e7onin magjin\u00eb e Vitit t\u00eb Ri Markos dhe v\u00ebllez\u00ebrve t\u00eb tij.<\/p>\n<p>\u201cDhuratat nuk jan\u00eb vet\u00ebm prej nesh, por edhe nga miqt\u00eb tan\u00eb. Aksioni kishte nj\u00eb pranim shum\u00eb t\u00eb mir\u00eb nga ana e njer\u00ebzve dhe p\u00ebr nj\u00eb koh\u00eb t\u00eb shkurt\u00ebr arrit\u00ebn t\u00eb siguronim at\u00eb q\u00eb na nevojitet p\u00ebr momentin. Njer\u00ebzit para festave duan t\u00eb dhurojn\u00eb dhe kjo na g\u00ebzon shum\u00eb. Familja Arsovski tani e ka t\u00eb domosdoshme t\u00eb p\u00ebrfundoj\u00eb nd\u00ebrtimet e sht\u00ebpis\u00eb n\u00eb fshatin\u00eb Pelinc\u00eb, kurse ne do t\u00eb organizojm\u00eb p\u00ebrs\u00ebri nj\u00eb aksion tjet\u00ebr ndihme\u201d, na than\u00eb tre humanist\u00ebt, q\u00eb nuk donin t\u00eb zbulonin identitetin e tyre pasi nuk k\u00ebrkonin fam\u00eb.<\/p>\n<p>G\u00ebzimi i Markos ishte i pap\u00ebrshkruesh\u00ebm kur n\u00ebn pem\u00ebn e Vitit t\u00eb Ri p\u00ebrnj\u00ebher\u00eb u duk\u00ebn shum\u00eb kuti t\u00eb mb\u00ebshtjella me let\u00ebr t\u00eb bukur, pakete t\u00eb vitit t\u00eb ri, \u00e7anta dhe mjete shkollore, loj\u00ebra dhe dhurata t\u00eb tjera. Syt\u00eb kurioz\u00eb t\u00eb f\u00ebmij\u00ebve shk\u00eblqyen nga mahnitja, kurse duart q\u00eb dridheshin nga emocionet nuk e dinin se ku t\u00eb kapeshin m\u00eb par\u00eb. M\u00eb s\u00eb shumti i mahniti playstation-i dhe laptopi, t\u00eb cilat ishin d\u00ebshira e tij p\u00ebr Vitin e Ri.<\/p>\n<p>\u201cJam shum\u00eb i lumtur. Gjithmon\u00eb kam dashur nj\u00eb playstation\u201d, tha me turp Marko, i cili nuk i l\u00ebshonte duart nga loja e tij e preferuar dhe donte q\u00eb sa m\u00eb shpejt t\u00eb lidhej me televizionin e ri.<\/p>\n<p>E gjith\u00eb kjo i b\u00ebri p\u00ebrshtypje edhe v\u00ebllait t\u00eb s\u00ebmur\u00eb Darko, i cili deri n\u00eb at\u00eb moment q\u00ebndronte i ulur mbi krevat. D\u00ebshiroi edhe ai t\u00eb vinte para ekranit. E ndihmuan Milloshi dhe Marko, dhe pastaj filloi ta prekte playstationin e t\u00eb l\u00ebshonte klithma g\u00ebzimi. Buz\u00ebqeshja nuk iu shqit nga fytyra nd\u00ebrsa me t\u00eb gjitha fuqit\u00eb e tij mundohej t\u00eb q\u00ebndronte n\u00eb k\u00ebmb\u00ebt e dob\u00ebta. Prind\u00ebrit e shikonin me sy t\u00eb p\u00ebrlotur t\u00eb gjith\u00eb k\u00ebt\u00eb sken\u00eb.<\/p>\n<p>\u201cNdjejm\u00eb mir\u00ebnjohje t\u00eb jasht\u00ebzakonshme ndaj k\u00ebtyre njer\u00ebzve human\u00eb q\u00eb vendos\u00ebn dhe erdh\u00ebn t\u00eb na vizitojn\u00eb por edhe ndaj t\u00eb gjith\u00eb t\u00eb tjer\u00ebve q\u00eb kan\u00eb donuar p\u00ebr ne. Kjo do t\u00eb thot\u00eb shum\u00eb p\u00ebr ne. Na b\u00ebn t\u00eb qart\u00eb se ekzistojn\u00eb njer\u00ebz t\u00eb mir\u00eb q\u00eb duan t\u00eb ndihmojn\u00eb. Gjith\u00e7ka q\u00eb ata soll\u00ebn \u00ebsht\u00eb shum\u00eb e bukur dhe do ta p\u00ebrdorim, shikoni sa po g\u00ebzohen f\u00ebmij\u00ebt\u201d, thot\u00eb babai Goran.<\/p>\n<div id=\"attachment_76768\" style=\"width: 660px\" class=\"wp-caption aligncenter\"><a href=\"https:\/\/sdk.mk\/wp-content\/uploads\/2018\/12\/marko-pokloni-89438934.jpg\"><img aria-describedby=\"caption-attachment-76768\" loading=\"lazy\" class=\"wp-image-76768 size-large\" src=\"https:\/\/sdk.mk\/wp-content\/uploads\/2018\/12\/marko-pokloni-89438934-650x341.jpg\" alt=\"\" width=\"650\" height=\"341\" srcset=\"https:\/\/sdk.mk\/wp-content\/uploads\/2018\/12\/marko-pokloni-89438934-650x341.jpg 650w, https:\/\/sdk.mk\/wp-content\/uploads\/2018\/12\/marko-pokloni-89438934-250x131.jpg 250w, https:\/\/sdk.mk\/wp-content\/uploads\/2018\/12\/marko-pokloni-89438934-400x210.jpg 400w, https:\/\/sdk.mk\/wp-content\/uploads\/2018\/12\/marko-pokloni-89438934-768x403.jpg 768w, https:\/\/sdk.mk\/wp-content\/uploads\/2018\/12\/marko-pokloni-89438934-150x79.jpg 150w, https:\/\/sdk.mk\/wp-content\/uploads\/2018\/12\/marko-pokloni-89438934.jpg 800w\" sizes=\"(max-width: 650px) 100vw, 650px\" \/><\/a><p id=\"caption-attachment-76768\" class=\"wp-caption-text\">\u201cJam shum\u00eb i lumtur. Gjithmon\u00eb kam dashur t\u00eb kem nj\u00eb playstation\u201d, tha paska me turp Marko, i cili nuk e k\u00ebshonte nga duart loj\u00ebn dhe k\u00ebmb\u00ebngulte q\u00eb t\u00eb lidhet sa m\u00eb shpejt\u00eb me televizorin e ri. (Foto: SDK.MK)<\/p><\/div>\n<p>N\u00ebna Ilinka \u00ebsht\u00eb n\u00eb ve\u00e7anti e k\u00ebnaqur q\u00eb m\u00eb n\u00eb fund ka mjetet e mir\u00ebmbjatjes,\u00a0 si hekur, toster, vegla higjienike, ushqim, veshje t\u00eb ngroht\u00eb, pampers dhe pelena p\u00ebr Darkon dhe shum\u00eb gj\u00ebra t\u00eb tjera t\u00eb domosdoshme p\u00ebr jet\u00ebn e familjes.<\/p>\n<p>Familja pes\u00eban\u00ebtar\u00ebshe Arsovski jeton n\u00eb nj\u00eb sht\u00ebpi t\u00eb r\u00ebnuar prej pes\u00ebdhjet\u00eb metra katror\u00ebve, me nj\u00eb mobilje t\u00eb vetme dhe pa banj\u00eb. P\u00ebrve\u00e7 Markos, kan\u00eb edhe dy f\u00ebmij\u00eb t\u00eb tjer\u00eb. M\u00eb i madhi, Milloshi (17) nuk shkon n\u00eb shkoll\u00eb, nd\u00ebrsa Darko (14) \u00ebsht\u00eb i s\u00ebmur\u00eb nga paraliza e f\u00ebmij\u00ebve dhe ka nevoj\u00eb urgjente p\u00ebr mb\u00ebshtetje institucionale.<\/p>\n<p>N\u00eb lagjen \u00c7iv\u00e7ii n\u00eb nj\u00eb fshat t\u00eb l\u00ebn\u00eb pas dore t\u00eb malit Kozjak, n\u00eb vet\u00eb kufirin maqedono-serb, ata jan\u00eb t\u00eb ndar\u00eb nga bota. N\u00eb k\u00ebt\u00eb pjes\u00eb t\u00eb fshatit, nj\u00eb kufi natyror \u00ebsht\u00eb vet\u00eb lumi P\u00e7inja, nd\u00ebrsa kalimi zyrtar kufitar \u00ebsht\u00eb Pelinc\u00eb-Prohor P\u00e7inski i cili ndodhet 200 metra larg sht\u00ebpis\u00eb s\u00eb tyre. Fshatar\u00ebt kan\u00eb problem t\u00eb madh q\u00eb nuk mund t\u00eb kalojn\u00eb me siguri t\u00eb plot\u00eb lumin, pasi nuk ka asnj\u00eb ur\u00eb.<\/p>\n<p>N\u00ebse niveli \u00ebsht\u00eb rritur, at\u00ebher\u00eb duhet t\u2019i bie rreth e rrotull p\u00ebr diku 1.5 km q\u00eb t\u00eb dal m\u00eb posht\u00eb ku kalimi b\u00ebhet i mundur.\u201d Thot\u00eb Marko q\u00eb para disa dit\u00ebsh e kishte l\u00ebnduar dor\u00ebn e tij, nd\u00ebrkoh\u00eb q\u00eb kan\u00eb qen\u00eb duke prer\u00eb dru me v\u00ebllan\u00eb m\u00eb t\u00eb madh. Momentalisht ka 8 penj n\u00eb nj\u00ebr\u00ebn dor\u00eb dhe n\u00eb shkoll\u00eb nuk ka shkuar p\u00ebr nj\u00eb jav\u00eb t\u00eb t\u00ebr\u00eb.<\/p>\n<div id=\"attachment_76802\" style=\"width: 660px\" class=\"wp-caption aligncenter\"><a href=\"https:\/\/sdk.mk\/wp-content\/uploads\/2018\/12\/marko-kukja-83298923.jpg\"><img aria-describedby=\"caption-attachment-76802\" loading=\"lazy\" class=\"wp-image-76802 size-large\" src=\"https:\/\/sdk.mk\/wp-content\/uploads\/2018\/12\/marko-kukja-83298923-650x341.jpg\" alt=\"\" width=\"650\" height=\"341\" srcset=\"https:\/\/sdk.mk\/wp-content\/uploads\/2018\/12\/marko-kukja-83298923-650x341.jpg 650w, https:\/\/sdk.mk\/wp-content\/uploads\/2018\/12\/marko-kukja-83298923-250x131.jpg 250w, https:\/\/sdk.mk\/wp-content\/uploads\/2018\/12\/marko-kukja-83298923-400x210.jpg 400w, https:\/\/sdk.mk\/wp-content\/uploads\/2018\/12\/marko-kukja-83298923-768x403.jpg 768w, https:\/\/sdk.mk\/wp-content\/uploads\/2018\/12\/marko-kukja-83298923-150x79.jpg 150w, https:\/\/sdk.mk\/wp-content\/uploads\/2018\/12\/marko-kukja-83298923.jpg 800w\" sizes=\"(max-width: 650px) 100vw, 650px\" \/><\/a><p id=\"caption-attachment-76802\" class=\"wp-caption-text\">\u201cK\u00ebtu nuk ka kushte jetese. Kemi mbetur vet\u00eb. Duam t\u00eb shp\u00ebrngulemi n\u00eb Pelinc\u00eb por nuk kemi mund\u00ebsi t\u00eb nd\u00ebrtojm\u00eb deri n\u00eb fund sht\u00ebpin\u00eb ton\u00eb. Darkos i nevojitet ndihm\u00eb e rregullt mjek\u00ebsore, nd\u00ebrsa Marko do t\u00eb mund t\u00eb mb\u00ebrrij\u00eb m\u00eb leht\u00eb n\u00eb shkoll\u00eb. K\u00ebtu nuk mund t\u2019ua ofroj ato kushte. &#8211; thot\u00eb babai Gorani (Foto: SDK.MK)<\/p><\/div>\n<p>\u201cK\u00ebtu nuk ka kushte jetese. Kemi mbetur vet\u00eb. Duam t\u00eb shp\u00ebrngulemi n\u00eb Pelinc\u00eb por nuk kemi mund\u00ebsi t\u00eb nd\u00ebrtojm\u00eb deri n\u00eb fund sht\u00ebpin\u00eb ton\u00eb. Darkos i nevojitet ndihm\u00eb e rregullt mjek\u00ebsore, nd\u00ebrsa Marko do t\u00eb mund t\u00eb mb\u00ebrrij\u00eb m\u00eb leht\u00eb n\u00eb shkoll\u00eb. K\u00ebtu nuk mund t\u2019ua ofroj ato kushte. Nuk mund t\u00eb vij\u00eb as Ndihma e shpejt\u00eb nga nj\u00eb shtet tjet\u00ebr, dhe as ne nuk mund t\u2019i \u00e7ojm\u00eb atje n\u00eb rast nevoje. Na duhet t\u00eb marrim karroc\u00ebn q\u00eb t\u2019i kalojm\u00eb nga ana tjet\u00ebr e lumit. Vet\u00ebm p\u00ebr shkak t\u00eb f\u00ebmij\u00ebve m\u00eb duhet ta nd\u00ebrtoj sht\u00ebpin\u00eb\u201d, thot\u00eb Gorani.<\/p>\n<p>Pas publikimit t\u00eb historis\u00eb s\u00eb Markos u paraqit\u00ebn edhe shum\u00eb njer\u00ebz humane q\u00eb ndihmonin. Por, deri m\u00eb tani, ndihm\u00eb me ushqim, mjete higjienike dhe veshje ka sjell\u00eb vet\u00ebm Kryqi i Kuq i Kumanov\u00ebs. Edhe disa institucione t\u00eb tjera shtet\u00ebrore lajm\u00ebruan se do t\u00eb p\u00ebrfshihen n\u00eb m\u00ebnyr\u00eb q\u00eb t\u00eb gjejn\u00eb nj\u00eb zgjidhje p\u00ebr problemin e familjes Arsovski.<\/p>\n<p><strong><em>S. NIKOLIQ<\/em><\/strong><\/p>\n<p>&nbsp;<\/p>\n\n<div style=\"font-size: 0px; height: 0px; line-height: 0px; margin: 0; padding: 0; clear: both;\"><\/div>","protected":false},"excerpt":{"rendered":"<p>Shum\u00eb njer\u00ebz humane u mobilizuan q\u00eb t\u2019ia plot\u00ebsojn\u00eb d\u00ebshirat e Vitit t\u00eb Ri Markos 11-vje\u00e7ar, i cili jeton n\u00eb nj\u00eb [&hellip;]<\/p>\n","protected":false},"author":25,"featured_media":76767,"comment_status":"closed","ping_status":"closed","sticky":false,"template":"","format":"standard","meta":{"_mo_disable_npp":"","inline_featured_image":false},"categories":[3085,3087],"tags":[],"imageURL":"https:\/\/sdk.mk\/wp-content\/uploads\/2018\/12\/marko-pokloni-2389893298-650x341.jpg","thumbURL":"https:\/\/sdk.mk\/wp-content\/uploads\/2018\/12\/marko-pokloni-2389893298-250x131.jpg","categoryNames":["Histori t\u00eb parr\u00ebfyera","Maqedonia"],"feature_caption":"\u201eMarko, ti je Supermeni yn\u00eb, vet\u00ebm vazhdo k\u00ebshtu dhe jeta do t\u00eb t\u00eb sjell\u00eb g\u00ebzime\u201d, k\u00ebshtu shkruante nj\u00ebri nga shum\u00eb mesazhet q\u00eb i erdh\u00ebn Markos 11 vje\u00e7ar nga plot njer\u00ebz humane. Markoja \u00e7do dit\u00eb kalon lumin n\u00eb kufirin serbo-maqedonas q\u00eb t\u00eb mb\u00ebrrij\u00eb n\u00eb an\u00ebn tjet\u00ebr p\u00ebr t\u00eb shkuar n\u00eb shkoll\u00eb. (Foto: SDK.MK).","subtitle":"","views":"7137","source":"Kumanov\u00eb, (SAKAMDAKAZAM)","yoast_head":"<!-- This site is optimized with the Yoast SEO Premium plugin v15.0 - https:\/\/yoast.com\/wordpress\/plugins\/seo\/ -->\n<title>\u0422I JE SUPERMENI YN\u00cb, MB\u00cbRRIT\u00cbN DHURATAT E VITIT T\u00cb RI P\u00cbR 11 VJE\u00c7ARIN MARKO, I CILI \u00c7DO DIT\u00cb KALON LUMIN P\u00cbR T\u00cb SHKUAR N\u00cb SHKOLL\u00cb - \u0421\u0430\u043a\u0430\u043c \u0414\u0430 \u041a\u0430\u0436\u0430\u043c<\/title>\n<meta name=\"robots\" content=\"index, follow, max-snippet:-1, max-image-preview:large, max-video-preview:-1\" \/>\n<link rel=\"canonical\" href=\"https:\/\/sdk.mk\/index.php\/histori-te-parrefyera\/ti-je-supermeni-yne-mberriten-dhuratat-e-vitit-te-ri-per-11-vjecarin-marko-i-cili-cdo-dite-kalon-lumin-per-te-shkuar-ne-shkolle\/\" \/>\n<meta property=\"og:locale\" content=\"mk_MK\" \/>\n<meta property=\"og:type\" content=\"article\" \/>\n<meta property=\"og:title\" content=\"\u0422I JE SUPERMENI YN\u00cb, MB\u00cbRRIT\u00cbN DHURATAT E VITIT T\u00cb RI P\u00cbR 11 VJE\u00c7ARIN MARKO, I CILI \u00c7DO DIT\u00cb KALON LUMIN P\u00cbR T\u00cb SHKUAR N\u00cb SHKOLL\u00cb - \u0421\u0430\u043a\u0430\u043c \u0414\u0430 \u041a\u0430\u0436\u0430\u043c\" \/>\n<meta property=\"og:description\" content=\"Shum\u00eb njer\u00ebz humane u mobilizuan q\u00eb t\u2019ia plot\u00ebsojn\u00eb d\u00ebshirat e Vitit t\u00eb Ri Markos 11-vje\u00e7ar, i cili jeton n\u00eb nj\u00eb [&hellip;]\" \/>\n<meta property=\"og:url\" content=\"https:\/\/sdk.mk\/index.php\/histori-te-parrefyera\/ti-je-supermeni-yne-mberriten-dhuratat-e-vitit-te-ri-per-11-vjecarin-marko-i-cili-cdo-dite-kalon-lumin-per-te-shkuar-ne-shkolle\/\" \/>\n<meta property=\"og:site_name\" content=\"\u0421\u0430\u043a\u0430\u043c \u0414\u0430 \u041a\u0430\u0436\u0430\u043c\" \/>\n<meta property=\"article:published_time\" content=\"2018-12-28T15:06:17+00:00\" \/>\n<meta property=\"og:image\" content=\"https:\/\/sdk.mk\/wp-content\/uploads\/2018\/12\/marko-pokloni-2389893298.jpg\" \/>\n\t<meta property=\"og:image:width\" content=\"800\" \/>\n\t<meta property=\"og:image:height\" content=\"420\" \/>\n<meta property=\"fb:app_id\" content=\"2407985809428537\" \/>\n<meta name=\"twitter:card\" content=\"summary\" \/>\n<script type=\"application\/ld+json\" class=\"yoast-schema-graph\">{\"@context\":\"https:\/\/schema.org\",\"@graph\":[{\"@type\":\"WebSite\",\"@id\":\"https:\/\/sdk.mk\/#website\",\"url\":\"https:\/\/sdk.mk\/\",\"name\":\"\\u0421\\u0430\\u043a\\u0430\\u043c \\u0414\\u0430 \\u041a\\u0430\\u0436\\u0430\\u043c\",\"description\":\"\\u0417\\u0430 \\u0441\\u043b\\u043e\\u0431\\u043e\\u0434\\u043e\\u0443\\u043c\\u043d\\u0438\",\"potentialAction\":[{\"@type\":\"SearchAction\",\"target\":\"https:\/\/sdk.mk\/?s={search_term_string}\",\"query-input\":\"required name=search_term_string\"}],\"inLanguage\":\"mk-MK\"},{\"@type\":\"ImageObject\",\"@id\":\"https:\/\/sdk.mk\/index.php\/histori-te-parrefyera\/ti-je-supermeni-yne-mberriten-dhuratat-e-vitit-te-ri-per-11-vjecarin-marko-i-cili-cdo-dite-kalon-lumin-per-te-shkuar-ne-shkolle\/#primaryimage\",\"inLanguage\":\"mk-MK\",\"url\":\"https:\/\/sdk.mk\/wp-content\/uploads\/2018\/12\/marko-pokloni-2389893298.jpg\",\"width\":800,\"height\":420},{\"@type\":\"WebPage\",\"@id\":\"https:\/\/sdk.mk\/index.php\/histori-te-parrefyera\/ti-je-supermeni-yne-mberriten-dhuratat-e-vitit-te-ri-per-11-vjecarin-marko-i-cili-cdo-dite-kalon-lumin-per-te-shkuar-ne-shkolle\/#webpage\",\"url\":\"https:\/\/sdk.mk\/index.php\/histori-te-parrefyera\/ti-je-supermeni-yne-mberriten-dhuratat-e-vitit-te-ri-per-11-vjecarin-marko-i-cili-cdo-dite-kalon-lumin-per-te-shkuar-ne-shkolle\/\",\"name\":\"\\u0422I JE SUPERMENI YN\\u00cb, MB\\u00cbRRIT\\u00cbN DHURATAT E VITIT T\\u00cb RI P\\u00cbR 11 VJE\\u00c7ARIN MARKO, I CILI \\u00c7DO DIT\\u00cb KALON LUMIN P\\u00cbR T\\u00cb SHKUAR N\\u00cb SHKOLL\\u00cb - \\u0421\\u0430\\u043a\\u0430\\u043c \\u0414\\u0430 \\u041a\\u0430\\u0436\\u0430\\u043c\",\"isPartOf\":{\"@id\":\"https:\/\/sdk.mk\/#website\"},\"primaryImageOfPage\":{\"@id\":\"https:\/\/sdk.mk\/index.php\/histori-te-parrefyera\/ti-je-supermeni-yne-mberriten-dhuratat-e-vitit-te-ri-per-11-vjecarin-marko-i-cili-cdo-dite-kalon-lumin-per-te-shkuar-ne-shkolle\/#primaryimage\"},\"datePublished\":\"2018-12-28T15:06:17+00:00\",\"dateModified\":\"2018-12-28T15:06:17+00:00\",\"author\":{\"@id\":\"https:\/\/sdk.mk\/#\/schema\/person\/737021aeacbe893f7e2c347186c5c7a1\"},\"inLanguage\":\"mk-MK\",\"potentialAction\":[{\"@type\":\"ReadAction\",\"target\":[\"https:\/\/sdk.mk\/index.php\/histori-te-parrefyera\/ti-je-supermeni-yne-mberriten-dhuratat-e-vitit-te-ri-per-11-vjecarin-marko-i-cili-cdo-dite-kalon-lumin-per-te-shkuar-ne-shkolle\/\"]}]},{\"@type\":\"Person\",\"@id\":\"https:\/\/sdk.mk\/#\/schema\/person\/737021aeacbe893f7e2c347186c5c7a1\",\"name\":\"\\u0424\\u0458\\u043e\\u043b\\u0430 \\u0417\\u043b\\u0430\\u0442\\u043a\\u0443\"}]}<\/script>\n<!-- \/ Yoast SEO Premium plugin. -->","_links":{"self":[{"href":"https:\/\/sdk.mk\/index.php\/wp-json\/wp\/v2\/posts\/77082"}],"collection":[{"href":"https:\/\/sdk.mk\/index.php\/wp-json\/wp\/v2\/posts"}],"about":[{"href":"https:\/\/sdk.mk\/index.php\/wp-json\/wp\/v2\/types\/post"}],"author":[{"embeddable":true,"href":"https:\/\/sdk.mk\/index.php\/wp-json\/wp\/v2\/users\/25"}],"replies":[{"embeddable":true,"href":"https:\/\/sdk.mk\/index.php\/wp-json\/wp\/v2\/comments?post=77082"}],"version-history":[{"count":0,"href":"https:\/\/sdk.mk\/index.php\/wp-json\/wp\/v2\/posts\/77082\/revisions"}],"wp:featuredmedia":[{"embeddable":true,"href":"https:\/\/sdk.mk\/index.php\/wp-json\/wp\/v2\/media\/76767"}],"wp:attachment":[{"href":"https:\/\/sdk.mk\/index.php\/wp-json\/wp\/v2\/media?parent=77082"}],"wp:term":[{"taxonomy":"category","embeddable":true,"href":"https:\/\/sdk.mk\/index.php\/wp-json\/wp\/v2\/categories?post=77082"},{"taxonomy":"post_tag","embeddable":true,"href":"https:\/\/sdk.mk\/index.php\/wp-json\/wp\/v2\/tags?post=77082"}],"curies":[{"name":"wp","href":"https:\/\/api.w.org\/{rel}","templated":true}]}}