{"id":79136,"date":"2019-01-27T11:12:07","date_gmt":"2019-01-27T10:12:07","guid":{"rendered":"https:\/\/sdk.mk\/?p=79136"},"modified":"2019-01-27T11:12:07","modified_gmt":"2019-01-27T10:12:07","slug":"ejup-gonsales-2","status":"publish","type":"post","link":"https:\/\/sdk.mk\/index.php\/dua-te-them\/ejup-gonsales-2\/","title":{"rendered":"EJUP GONSALES"},"content":{"rendered":"<div class=\"f52428582a4b906b2d2e2a7d733c7d27\" data-index=\"7\" style=\"float: none; margin:10px 0 10px 0; text-align:center;\">\n<!-- MSP Ads Asynchronous JS Tag - Generated with Revive Adserver v5.4.1 -->\r\n<ins data-revive-zoneid=\"167\" data-revive-id=\"060fdb01f6430ec164d3519234aa4967\"><\/ins>\r\n<script async src=\"\/\/panel.ads.com.mk\/www\/delivery\/asyncjs.php\"><\/script>\n<\/div>\n<h1><\/h1>\n<p><span class=\"dropcap color firstcharacter\">\u00a01<\/span>Po tani, \u00e7far\u00eb do t\u00eb b\u00ebjm\u00eb? \u00c7\u2019do t\u00eb b\u00ebjn\u00eb, vall\u00eb, me urrejtjen e nacionalist\u00ebve ballkanas q\u00eb kur Marr\u00ebveshja e Presp\u00ebs kaloi n\u00eb Parlamentin e Greqis\u00eb? Ore\u2026N\u00eb Athin\u00eb ka qindra huligan\u00eb t\u00eb paraburgosur, polic\u00eb t\u00eb plagosur, flamuj t\u00eb djegur, gazra lotsjell\u00ebs\u2026dhe p\u00ebr \u00e7\u2019arsye? Sepse ne po ndryshojm\u00eb emrin e shtetit ton\u00eb. Imagjinoni sikur grek\u00ebve t\u2019u ishte dashur t\u00eb ndryshonin emrin. \u00c7far\u00eb do t\u00eb b\u00ebnin ata? Do t\u00eb digjnin veten? Vet\u00ebm kjo tregon se me k\u00eb kemi pasur t\u00eb b\u00ebjm\u00eb.<\/p>\n<p>Mjaftojn\u00eb incizimet e eg\u00ebrsis\u00eb n\u00eb sheshin Sintagma t\u00eb Athin\u00ebs p\u00ebr t\u00eb d\u00ebshmuar se \u00e7far\u00eb arritjeje paraqet Marr\u00ebveshja e Presp\u00ebs, me an\u00eb t\u00eb s\u00eb cil\u00ebs zgjidhet nj\u00eb \u00e7\u00ebshtje krejt\u00ebsisht e paarsyeshme n\u00eb esenc\u00ebn e s\u00eb cil\u00ebs ndodhet nj\u00eb nacionaliz\u00ebm absurd. Ndon\u00ebse, incizime t\u00eb tilla kemi par\u00eb mjaftuesh\u00ebm nga 1991 deri m\u00eb tani. Shum\u00eb t\u00eb tilla. Nga Davosi i kaluar, ku Zaevi dhe Ciprasi u takuan p\u00ebr her\u00eb t\u00eb par\u00eb, deri te Davos i sivjetsh\u00ebm, edhe Maqedonia edhe Greqia kan\u00eb p\u00ebrjetuar shp\u00ebrthime m\u00eb t\u00eb m\u00ebdha t\u00eb nacionalizmit. Q\u00eb \u00ebsht\u00eb rezultat i 27 vjet\u00ebve t\u00eb humbura dhe t\u00eb prapa mbetjes, madje ndonj\u00ebher\u00eb deri n\u00eb nivelin e primitivizmit. Deri n\u00eb at\u00eb gjendje kur nuk mund t\u00eb mendosh as p\u00ebr t\u00eb mir\u00ebn t\u00ebnde, e le m\u00eb p\u00ebr t\u00eb mir\u00ebn e komshiut.<\/p>\n<p>Kush e di se \u00e7far\u00eb shoku paraqet operacioni i suksessh\u00ebm p\u00ebr pajtimin e Greqis\u00eb dhe Maqedonis\u00eb p\u00ebr nacionalist\u00ebt e t\u00eb dy shteteve. Kush e di se \u00e7far\u00eb frike ndjejn\u00eb kur p\u00ebrballen me pakuptim\u00ebsin\u00eb e ekzistenc\u00ebs s\u00eb tyre.<\/p>\n<p>Cila, vall\u00eb, do t\u00eb jet\u00eb tema e zgjedhjeve t\u00eb ardhshme? Te ne \u2013 A e shit\u00ebt emrin p\u00ebr t\u00eb hyr\u00eb n\u00eb NATO? Tek ata \u2013 A e tradhtuat Maqedonin\u00eb q\u00eb Greqia t\u00eb b\u00ebhet fuqia kryesore e Ballkanit?<\/p>\n<p>Po tani, si t\u00eb mos jet\u00eb dikush i mllefosur kur i kujtohet se si dhe p\u00ebr \u00e7\u2019arsye na kaluan 27 vjet t\u00eb jet\u00ebs?<\/p>\n<p><span class=\"dropcap color firstcharacter\">2<\/span>Un\u00eb mund ve\u00e7se t\u00eb shpresoj se kjo dallg\u00eb zgjuarsie dhe pragmaciteti do t\u2019i jap\u00eb fund nacionalizmit dhe primitivizmit me t\u00eb cilin akoma ushqehet BDI-ja, edhe pse tashm\u00eb po b\u00ebhet viti i tet\u00ebmb\u00ebdhjet\u00eb q\u00eb ata kan\u00eb pushtetin. Vall\u00eb, do t\u2019u duhet edhe atyre 27 vjet q\u00eb t\u00eb ngopen?<\/p>\n<p>Koordinatori i grupit t\u00eb deputet\u00ebve t\u00eb BDI-s\u00eb Ejup Alimi, b\u00ebri thirrje p\u00ebr konferenc\u00eb shtypi n\u00eb Parlament, q\u00eb t\u00eb flitej vet\u00ebm shqip. Demek, tani q\u00eb ka pushtet mbi Ligjin, do t\u00eb flas\u00eb si\u00e7 do vet\u00eb. Mir\u00eb ore. Fol. Por kur dikush niset me respektimin e rregullave, ai do t\u00eb duhej t\u00eb siguronte p\u00ebrkthim, pasi p\u00ebrfaq\u00ebson institucionin e parlamentit. N\u00ebse nuk ia ka siguruar vetes k\u00ebt\u00eb \u2013 nuk ia vlen as t\u00eb publikohet.<\/p>\n<p>Le t\u00eb flasim drejt. Nuk jan\u00eb p\u00ebr t\u2019u justifikuar as nacionalist\u00ebt maqedonas se me t\u00eb folurit e tyre n\u00eb shqip, \u201cshqiptar\u00ebt do t\u00eb na mbisundojn\u00eb\u201d. Mir\u00ebpo, sjellja e funksionar\u00ebve t\u00eb lart\u00eb t\u00eb BDI-s\u00eb vet\u00ebm sa po e ushqen k\u00ebt\u00eb frik\u00eb. Nj\u00eb nacionaliz\u00ebm ushqen nj\u00eb tjet\u00ebr.<\/p>\n<p>Nuk mund ta kuptoj k\u00ebt\u00eb rezistenc\u00eb p\u00ebr t\u00eb folur gjuh\u00ebn e bashk\u00ebsis\u00eb q\u00eb p\u00ebrb\u00ebn nj\u00eb shumic\u00eb te shteti ku ke lindur dhe jeton. Thjesht, p\u00ebr komunikim t\u00eb p\u00ebrditsh\u00ebm. P\u00ebr vet\u00ebsh\u00ebrbim, p\u00ebr nj\u00eb nevoj\u00eb n\u00eb qendr\u00ebn e urgjenc\u00ebs, n\u00eb pomp\u00eb benzine, p\u00ebr aplikim n\u00eb pun\u00eb apo kompani private, p\u00ebr n\u00eb farmaci, p\u00ebr n\u00eb pazar, apo q\u00eb t\u00eb mund t\u00eb shkosh n\u00eb das\u00ebm t\u00eb komshiu maqedonas, e t\u00eb urosh ndonj\u00eb fest\u00eb apo t\u00eb shpreh\u00ebsh ngush\u00ebllime\u2026 Do ta mir\u00ebkuptoja k\u00ebt\u00eb sjellje n\u00ebse dikush do t\u2019ua kishte ndaluar p\u00ebrdorimin e gjuh\u00ebs s\u00eb tyre, q\u00eb t\u00eb mos ken\u00eb mundur ta m\u00ebsojn\u00eb apo t\u00eb punojn\u00eb n\u00eb institucionet shtet\u00ebrore pa u lejuar ta p\u00ebrdorin\u2026Por, n\u00eb k\u00ebt\u00eb rast, \u00e7far\u00eb k\u00ebrkojn\u00eb? Nuk \u00ebsht\u00eb e mundur t\u00eb dish anglisht m\u00eb mir\u00eb se sa maqedonisht, e t\u00eb jetosh n\u00eb Maqedoni. Raul Gonzales erdhi n\u00eb Spanj\u00eb dhe m\u00ebsoi maqedonisht, kurse Ejup Alimi nga Tanushevci k\u00ebrkon nga gazetar\u00ebt t\u00eb sjellin p\u00ebrkthyes n\u00eb parlament n\u00ebse duan t\u00eb kuptojn\u00eb se \u00e7far\u00eb ka dashur t\u00eb thot\u00eb.<\/p>\n<p>\u00c7\u2019primitiviz\u00ebm \u00ebsht\u00eb ky si funksionar partiak n\u00eb pushtet. Ironikja \u00ebsht\u00eb q\u00eb te vet\u00eb emri i partis\u00eb q\u00ebndron fjala \u201cintegrim\u201d. N\u00ebp\u00ebr bot\u00eb shesin integrim, nd\u00ebrsa n\u00eb sht\u00ebpi punojn\u00eb p\u00ebr getoizim.<\/p>\n<p><span class=\"dropcap color firstcharacter\">3<\/span>Ju p\u00ebrsh\u00ebndeti kryetari i ndonj\u00eb far\u00eb krahu t\u00eb Bes\u00ebs, Bilal Kasami. Ai i pengonte ndryshimet e Kushtetut\u00ebs pasi k\u00ebrkonte q\u00eb p\u00ebrkat\u00ebsia etnike shqiptare t\u00eb q\u00ebndronte te let\u00ebrnjoftimet. Epo, n\u00eb praktik\u00eb e tregoi shum\u00eb shpejt k\u00ebndv\u00ebshtrimin e tij real. Nj\u00eb shtetas i Republik\u00ebs s\u00eb Maqedonis\u00eb me origjin\u00eb shqiptare etnike e kishte therur gruan e tij p\u00ebrpara nj\u00eb supermarket diku n\u00eb Austri. Kur disa media publikuan se nj\u00eb \u201cshqiptar i Maqedonis\u00eb e ther gruan e tij n\u00eb Austri\u201d, mediat n\u00eb gjuh\u00ebn shqipe, pan\u00eb se nuk \u00ebsht\u00eb dhe aq ide e mir\u00eb t\u00eb theksohej nacionaliteti i vras\u00ebsit.<\/p>\n<p>E pra, donit q\u00eb Kasami t\u2019ju shenjonte. Ja ku po e b\u00ebn. Ky \u00ebsht\u00eb suksesi i tij i madh p\u00ebr kauz\u00ebn shqipe. Pasi n\u00ebse edhe\u00a0 n\u00eb pasaport\u00eb edhe n\u00eb letr\u00ebn e njoftimit shkruan komb\u00ebsia, n\u00eb lajmet e Austris\u00eb do t\u00eb shkruante se nj\u00eb shqiptar shtetas i Maqedonis\u00eb s\u00eb Veriut e ka therur gruan e tij. P\u00ebr k\u00ebt\u00eb arsye vetmbrojtjeje n\u00eb lajmet e ardhshme n\u00ebp\u00ebr media, lajmi thoshte vet\u00ebm \u201cqytetar i Maqedonis\u00eb\u201d.<\/p>\n<p><span class=\"dropcap color firstcharacter\">4<\/span>A ka Maqedonia, vall\u00eb, minist\u00ebr t\u00eb ekologjis\u00eb? N\u00eb nj\u00eb peruidh\u00eb kur pes\u00eb qytetet t\u00eb shtetit ton\u00eb ndodhen n\u00eb list\u00ebn e qyteteve m\u00eb t\u00eb ndotura t\u00eb bot\u00ebs, kur t\u00eb gjith\u00eb sugjerojn\u00eb masa, b\u00ebjn\u00eb protesta, kan\u00eb di\u00e7ka m\u00eb t\u00eb men\u00e7ur p\u00ebr t\u00eb th\u00ebn\u00eb, ministri Sadulla Duraki, i njohur si komandant Ventili, \u00ebsht\u00eb sikur t\u00eb mos ekzistonte. \u00cbsht\u00eb e sigurt se diku mbi ret\u00eb, lart mbi ret\u00eb, mes dy fluturimeve rrug\u00ebs p\u00ebr n\u00eb ndonj\u00eb vend tjet\u00ebr ai ekziston. Sepse zakonisht konferencat p\u00ebr mbrojtjen e mjedisit zhvillohen n\u00eb ndonj\u00eb vend si Bali, Puket, Goa.<\/p>\n<p>T\u00eb pakt\u00ebn t\u00eb gjente nj\u00eb arsye p\u00ebr t\u00eb mbajtur nj\u00eb fjalim si minist\u00ebr mbi k\u00ebt\u00eb \u00e7\u00ebshtje. T\u00eb thoshte di\u00e7ka p\u00ebr ndotjen. Le t\u00eb flas\u00eb n\u00eb shqip, n\u00ebse nuk ka m\u00ebsuar maqedonisht deri m\u00eb tani. Pasi ajri \u00ebsht\u00eb i ndotur si n\u00eb shqip si n\u00eb maqedonisht.<\/p>\n<p><span class=\"dropcap color firstcharacter\">5<\/span>Nuk jan\u00eb vet\u00ebm kafenet\u00eb n\u00eb Shkup q\u00eb nuk kan\u00eb paguar tatimin p\u00ebr teracat e dimrit. N\u00eb Oh\u00ebr nuk kan\u00eb paguar taksa as p\u00ebr tarracat e ver\u00ebs. Prej gjithsej 38 kafeneve, 25 nuk kan\u00eb b\u00ebr\u00eb pagesat p\u00ebr p\u00ebrdorimin e hap\u00ebsir\u00ebs publike p\u00ebr vendosjen e tavolinave dhe i kan\u00eb borxh Komun\u00ebs mbi 30 mij\u00eb euro.<\/p>\n<p>M\u00eb kujtohet se si kryetari i ndjer\u00eb i Ohrit vjet donte t\u2019ua rriste \u00e7mimin p\u00ebr p\u00ebrdorimin e trotuareve dhe sh\u00ebtitores, por ata i ankoheshin se kjo do t\u2019i b\u00ebnte d\u00ebm biznesit, ai u dor\u00ebzua. Ore ata po p\u00ebrdorin hap\u00ebsir\u00ebn publike t\u00eb mbrojtur nga UNESKO. Kan\u00eb vendosur tavolina me pamje panoramike t\u00eb Maqedonis\u00eb, nj\u00eb prej simboleve turistike ballkanike. Atyre u paska ardhur shtrenjt\u00eb. Kurse shteti ia lejon vetes q\u00eb ata t\u00eb ngelen pa i paguar borxhet e tyre. N\u00eb realitet, p\u00ebr kafexhinjt\u00eb nuk ka b\u00ebr\u00eb ndonj\u00eb dallim fakti n\u00ebse taksa \u00ebsht\u00eb ngritur ose jo, kur ata gjthsesi e paguajn\u00eb at\u00eb.<\/p>\n<p>Dhe tani, qeveria lokale u b\u00ebn thirrje q\u00eb t\u00eb paguajn\u00eb. Apelojn\u00eb. Pasi nuk do t\u2019i japin leje q\u00eb t\u00eb hapin tarraca k\u00ebt\u00eb ver\u00eb. Bre, bre\u2026\u00c7far\u00eb barcolet\u00eb e fort\u00eb. Duket sa jan\u00eb trembur kafexhinjt\u00eb. U drodh\u00ebn tavolinat q\u00eb i mori liqeni.<\/p>\n<p>Po t\u00eb kishim pasur minist\u00ebr t\u00eb ekologjis\u00eb, do t\u00eb mund t\u00eb merrte ingerencat e Komun\u00ebs p\u00ebr menaxhimin e bregut t\u00eb liqenit. Ashtu si ministresha p\u00ebr pun\u00eb dhe politik\u00eb sociale Milla Carovski ua mori ingerencat Kumanov\u00ebs dhe Strug\u00ebs p\u00ebr t\u2019i menaxhuar kopshtet.<\/p>\n<p>Epo, problemi nga Bali, v\u00ebshtir\u00eb se shihet. E nga Shkupi akoma m\u00eb pak. Pasi, kjo qeveri, n\u00eb m\u00ebnyr\u00ebn m\u00eb t\u00eb p\u00ebrkushtuar dhe m\u00eb efikase t\u00eb mundshme po mbron interesin e kafexhinjve. K\u00ebt\u00eb e tregoi q\u00eb nga dita e par\u00eb, kur u kap\u00ebn p\u00ebr pyetjen m\u00eb pikante t\u00eb shtetit n\u00eb lidhje me \u00e7\u00ebshtjen e emrit- legalizimin e najlonave p\u00ebr pirje duhani dhe uzurpimit t\u00eb hap\u00ebsir\u00ebs publike. Pasi, kafeneja \u00ebsht\u00eb institucion i interesit m\u00eb t\u00eb lart\u00eb nacional edhe p\u00ebr maqedonasit edhe p\u00ebr shqiptar\u00ebt shtetas t\u00eb Republik\u00ebs s\u00eb Maqedonis\u00eb s\u00eb Veriut.<\/p>\n<p><em>P\u00ebrktheu : Fjolla Zllatku <\/em><\/p>\n\n<div style=\"font-size: 0px; height: 0px; line-height: 0px; margin: 0; padding: 0; clear: both;\"><\/div>","protected":false},"excerpt":{"rendered":"<p>Po tani, \u00e7far\u00eb do t\u00eb b\u00ebjm\u00eb? \u00c7\u2019do t\u00eb b\u00ebjn\u00eb, vall\u00eb, me urrejtjen e nacionalist\u00ebve ballkanas q\u00eb kur Marr\u00ebveshja e Presp\u00ebs [&hellip;]<\/p>\n","protected":false},"author":1,"featured_media":184,"comment_status":"closed","ping_status":"closed","sticky":false,"template":"","format":"standard","meta":{"_mo_disable_npp":"","inline_featured_image":false},"categories":[1825],"tags":[],"imageURL":"https:\/\/sdk.mk\/wp-content\/uploads\/2015\/12\/goran-mihailovski2.jpg","thumbURL":"https:\/\/sdk.mk\/wp-content\/uploads\/2015\/12\/goran-mihailovski2-250x196.jpg","categoryNames":["DUA T\u00cb THEM"],"feature_caption":"","subtitle":" Po tani, si t\u00eb mos jet\u00eb dikush i mllefosur kur i kujtohet se si dhe p\u00ebr \u00e7\u2019arsye na kaluan 27 vjet t\u00eb jet\u00ebs?","views":"12829","source":"","yoast_head":"<!-- This site is optimized with the Yoast SEO Premium plugin v15.0 - https:\/\/yoast.com\/wordpress\/plugins\/seo\/ -->\n<title>EJUP GONSALES - \u0421\u0430\u043a\u0430\u043c \u0414\u0430 \u041a\u0430\u0436\u0430\u043c<\/title>\n<meta name=\"robots\" content=\"index, follow, max-snippet:-1, max-image-preview:large, max-video-preview:-1\" \/>\n<link rel=\"canonical\" href=\"https:\/\/sdk.mk\/index.php\/dua-te-them\/ejup-gonsales-2\/\" \/>\n<meta property=\"og:locale\" content=\"mk_MK\" \/>\n<meta property=\"og:type\" content=\"article\" \/>\n<meta property=\"og:title\" content=\"EJUP GONSALES - \u0421\u0430\u043a\u0430\u043c \u0414\u0430 \u041a\u0430\u0436\u0430\u043c\" \/>\n<meta property=\"og:description\" content=\"Po tani, \u00e7far\u00eb do t\u00eb b\u00ebjm\u00eb? \u00c7\u2019do t\u00eb b\u00ebjn\u00eb, vall\u00eb, me urrejtjen e nacionalist\u00ebve ballkanas q\u00eb kur Marr\u00ebveshja e Presp\u00ebs [&hellip;]\" \/>\n<meta property=\"og:url\" content=\"https:\/\/sdk.mk\/index.php\/dua-te-them\/ejup-gonsales-2\/\" \/>\n<meta property=\"og:site_name\" content=\"\u0421\u0430\u043a\u0430\u043c \u0414\u0430 \u041a\u0430\u0436\u0430\u043c\" \/>\n<meta property=\"article:published_time\" content=\"2019-01-27T10:12:07+00:00\" \/>\n<meta property=\"og:image\" content=\"https:\/\/sdk.mk\/wp-content\/uploads\/2015\/12\/goran-mihailovski2.jpg\" \/>\n\t<meta property=\"og:image:width\" content=\"400\" \/>\n\t<meta property=\"og:image:height\" content=\"313\" \/>\n<meta property=\"fb:app_id\" content=\"2407985809428537\" \/>\n<meta name=\"twitter:card\" content=\"summary\" \/>\n<script type=\"application\/ld+json\" class=\"yoast-schema-graph\">{\"@context\":\"https:\/\/schema.org\",\"@graph\":[{\"@type\":\"WebSite\",\"@id\":\"https:\/\/sdk.mk\/#website\",\"url\":\"https:\/\/sdk.mk\/\",\"name\":\"\\u0421\\u0430\\u043a\\u0430\\u043c \\u0414\\u0430 \\u041a\\u0430\\u0436\\u0430\\u043c\",\"description\":\"\\u0417\\u0430 \\u0441\\u043b\\u043e\\u0431\\u043e\\u0434\\u043e\\u0443\\u043c\\u043d\\u0438\",\"potentialAction\":[{\"@type\":\"SearchAction\",\"target\":\"https:\/\/sdk.mk\/?s={search_term_string}\",\"query-input\":\"required name=search_term_string\"}],\"inLanguage\":\"mk-MK\"},{\"@type\":\"ImageObject\",\"@id\":\"https:\/\/sdk.mk\/index.php\/dua-te-them\/ejup-gonsales-2\/#primaryimage\",\"inLanguage\":\"mk-MK\",\"url\":\"https:\/\/sdk.mk\/wp-content\/uploads\/2015\/12\/goran-mihailovski2.jpg\",\"width\":400,\"height\":313},{\"@type\":\"WebPage\",\"@id\":\"https:\/\/sdk.mk\/index.php\/dua-te-them\/ejup-gonsales-2\/#webpage\",\"url\":\"https:\/\/sdk.mk\/index.php\/dua-te-them\/ejup-gonsales-2\/\",\"name\":\"EJUP GONSALES - \\u0421\\u0430\\u043a\\u0430\\u043c \\u0414\\u0430 \\u041a\\u0430\\u0436\\u0430\\u043c\",\"isPartOf\":{\"@id\":\"https:\/\/sdk.mk\/#website\"},\"primaryImageOfPage\":{\"@id\":\"https:\/\/sdk.mk\/index.php\/dua-te-them\/ejup-gonsales-2\/#primaryimage\"},\"datePublished\":\"2019-01-27T10:12:07+00:00\",\"dateModified\":\"2019-01-27T10:12:07+00:00\",\"author\":{\"@id\":\"https:\/\/sdk.mk\/#\/schema\/person\/be7cfa6655c47f7195bfdd0ba8144aa2\"},\"inLanguage\":\"mk-MK\",\"potentialAction\":[{\"@type\":\"ReadAction\",\"target\":[\"https:\/\/sdk.mk\/index.php\/dua-te-them\/ejup-gonsales-2\/\"]}]},{\"@type\":\"Person\",\"@id\":\"https:\/\/sdk.mk\/#\/schema\/person\/be7cfa6655c47f7195bfdd0ba8144aa2\",\"name\":\"\\u0413\\u043e\\u0440\\u0430\\u043d \\u041c\\u0438\\u0445\\u0430\\u0458\\u043b\\u043e\\u0432\\u0441\\u043a\\u0438\"}]}<\/script>\n<!-- \/ Yoast SEO Premium plugin. -->","_links":{"self":[{"href":"https:\/\/sdk.mk\/index.php\/wp-json\/wp\/v2\/posts\/79136"}],"collection":[{"href":"https:\/\/sdk.mk\/index.php\/wp-json\/wp\/v2\/posts"}],"about":[{"href":"https:\/\/sdk.mk\/index.php\/wp-json\/wp\/v2\/types\/post"}],"author":[{"embeddable":true,"href":"https:\/\/sdk.mk\/index.php\/wp-json\/wp\/v2\/users\/1"}],"replies":[{"embeddable":true,"href":"https:\/\/sdk.mk\/index.php\/wp-json\/wp\/v2\/comments?post=79136"}],"version-history":[{"count":0,"href":"https:\/\/sdk.mk\/index.php\/wp-json\/wp\/v2\/posts\/79136\/revisions"}],"wp:featuredmedia":[{"embeddable":true,"href":"https:\/\/sdk.mk\/index.php\/wp-json\/wp\/v2\/media\/184"}],"wp:attachment":[{"href":"https:\/\/sdk.mk\/index.php\/wp-json\/wp\/v2\/media?parent=79136"}],"wp:term":[{"taxonomy":"category","embeddable":true,"href":"https:\/\/sdk.mk\/index.php\/wp-json\/wp\/v2\/categories?post=79136"},{"taxonomy":"post_tag","embeddable":true,"href":"https:\/\/sdk.mk\/index.php\/wp-json\/wp\/v2\/tags?post=79136"}],"curies":[{"name":"wp","href":"https:\/\/api.w.org\/{rel}","templated":true}]}}