{"id":80476,"date":"2019-02-10T11:35:40","date_gmt":"2019-02-10T10:35:40","guid":{"rendered":"https:\/\/sdk.mk\/?p=80476"},"modified":"2019-02-10T11:35:40","modified_gmt":"2019-02-10T10:35:40","slug":"perbindesh-i-privilegjuar","status":"publish","type":"post","link":"https:\/\/sdk.mk\/index.php\/dua-te-them\/perbindesh-i-privilegjuar\/","title":{"rendered":"P\u00cbRBIND\u00cbSH I PRIVILEGJUAR"},"content":{"rendered":"<div class=\"f52428582a4b906b2d2e2a7d733c7d27\" data-index=\"7\" style=\"float: none; margin:10px 0 10px 0; text-align:center;\">\n<!-- MSP Ads Asynchronous JS Tag - Generated with Revive Adserver v5.4.1 -->\r\n<ins data-revive-zoneid=\"167\" data-revive-id=\"060fdb01f6430ec164d3519234aa4967\"><\/ins>\r\n<script async src=\"\/\/panel.ads.com.mk\/www\/delivery\/asyncjs.php\"><\/script>\n<\/div>\n<p><span class=\"dropcap color firstcharacter\">1<\/span>K\u00ebta t\u00eb LSDM-s\u00eb kan\u00eb nd\u00ebrmend ta mposhtin VMRO-DPMNE-n\u00eb me arm\u00ebt VMRO-s\u00eb. Mickoski, me an\u00eb t\u00eb konkursit p\u00ebr kandidat p\u00ebr president, ashtu si Zaevi. LSDM-ja po luan VMRO-DPMNE-n\u00eb. Dy partit\u00eb luajn\u00eb demokraci, kurse ne b\u00ebjm\u00eb t\u00eb \u00e7mendurit. Vet\u00ebm BDI-ja luan t\u00eb zgjuarit.<\/p>\n<p>Nuk e di n\u00ebse \u00ebsht\u00eb i men\u00e7ur apo budalla ai q\u00eb paraqitet n\u00eb shpalljet partiake p\u00ebr president.<\/p>\n<p><span class=\"dropcap color firstcharacter\">2<\/span>Dy muaj para zgjedhjeve presidenciale, dy partit\u00eb m\u00eb t\u00eb m\u00ebdha nuk e ditkan se kush do t\u00eb jen\u00eb kandidat\u00ebt e tyre. N\u00eb Maqedoni, ku n\u00eb zgjedhje lokale, akoma pa mbaruar num\u00ebrimin zyrtar t\u00eb votave, dihet se kush \u00ebsht\u00eb kandidat p\u00ebr drejtor p\u00ebr Uj\u00ebsjell\u00ebsin dhe kanalizimin n\u00eb Svirip\u00e7in\u00eb, LSDM-ja dhe VMRO-DPMNE-ja kan\u00eb zgjedhur q\u00eb te k\u00ebto zgjedhje presidenciale t\u00eb na krijojn\u00eb mitin e mbipartizmit.<br \/>\nNuk e ditkan se kush do t\u00eb jet\u00eb president. Por, me siguri e din\u00eb se cil\u00ebt do t\u00eb jen\u00eb z\u00ebvend\u00ebs drejtor\u00ebt e institucioneve shtet\u00ebrore dhe nd\u00ebrmarrjeve publike, t\u00eb cilat medoemos duhet t\u00eb ekzistojn\u00eb, sepse Parlamenti ka sjell\u00eb ligj.<\/p>\n<p>Nuk kaloi as nj\u00eb or\u00eb pasi ministri i pun\u00ebve t\u00eb jashtme Nikolla Dimitrov n\u00ebnshkroi Protokollin e Presp\u00ebs p\u00ebr hyrje n\u00eb NATO n\u00eb Bruksel, e qeveria n\u00eb Shkup filloi t\u00eb merret menj\u00ebher\u00eb me reformat m\u00eb prioritare. LSDM-ja dhe BDI-ja votuan ligjin me t\u00eb cilin n\u00eb institucionet shtet\u00ebrore duhet t\u00eb ket\u00eb dhe z\u00ebvend\u00ebs drejtor\u00eb, q\u00eb t\u00eb hapen vende pune p\u00ebr ata t\u00eb bes\u00ebs-mes\u00ebs, lsdm-s\u00eb, liberal\u00ebve, demokrat\u00ebve, t\u00eb emancipuarve, p\u00ebr ata t\u00eb pavarurit e VMRO-s\u00eb, por edhe ata q\u00eb varurit, n\u00ebse kan\u00eb nevoj\u00eb do t\u2019u gjendet ndonj\u00eb vend, pse jo&#8230;<\/p>\n<p>Jo m\u00eb kot Nikolla Dimitrovi thot\u00eb vazhdimisht: \u201cDo t\u2019ia dalim\u201d. E, ia dalkemi dot, vall\u00eb, t\u00eb shkojm\u00eb n\u00eb NATO pa z\u00ebvend\u00ebs drejtor\u00eb?<\/p>\n<p><span class=\"dropcap color firstcharacter\">3<\/span>Ia dalkemi dot q\u00eb t\u00eb hym\u00eb n\u00eb NATO edhe pa pun\u00ebsuar f\u00ebmij\u00ebt e funksionar\u00ebve n\u00eb administrat\u00eb shteti dhe firma shtet\u00ebrore?<br \/>\nDeputetja e grupit t\u00eb pavarur t\u00eb VMRO-DPMNE-s\u00eb Emilija Aleksandrova e kishte pun\u00ebsuar t\u00eb bij\u00ebn n\u00eb Fondin p\u00ebr inovacione. Kur mediat e publikuan k\u00ebt\u00eb lajm, ajo dha k\u00ebt\u00eb deklarat\u00eb: \u201cJam e zhg\u00ebnjyer nga m\u00ebnyra se si mediat i trajtojn\u00eb familjet, f\u00ebmij\u00ebt e personaliteteve publike\u201d.<\/p>\n<p>E zhg\u00ebnjyer qenka ajo? Po qytetar\u00ebt q\u00eb p\u00ebrfaq\u00ebson dhe q\u00eb i japin rrog\u00eb asaj dhe t\u00eb bij\u00ebs, ata jo, ata nuk jan\u00eb t\u00eb zhg\u00ebnjyer. Ajo qenka ofenduar se qytetar\u00ebt i k\u00ebrkojn\u00eb llogari rreth parave t\u00eb tyre. P\u00ebr m\u00eb tep\u00ebr, nuk pyesin p\u00ebr t\u00eb bij\u00ebn, por p\u00ebr t\u00eb. Pasi ajo \u00ebsht\u00eb deputetja. \u00cbsht\u00eb ajo t\u00eb cil\u00ebn e kan\u00eb zgjedhur me votim. Apo, mund edhe t\u00eb mos i b\u00ebhet fare von\u00eb, se pun\u00ebt e veta i ka rregulluar. Si\u00e7 e kan\u00eb b\u00ebr\u00eb edhe koleget dhe koleg\u00ebt e saj t\u00eb tjer\u00eb deputet\u00eb dhe funksionar\u00eb t\u00eb tjet\u00ebr t\u00eb shtetit. Ve\u00e7se, nuk mund t\u00eb them se cila \u00ebsht\u00eb gj\u00eb m\u00eb e d\u00ebmshme: kur nj\u00eb deputete zhg\u00ebnjehet nga pyetjet e publikut se si bija e sa nuk na pask\u00ebsh qen\u00eb e kualifikuar p\u00ebr sh\u00ebrbim shtet\u00ebror, apo kur ministresha e mbrojtjes Radmilla Sheqerinska thot\u00eb se Maqedonia \u00ebsht\u00eb shtet i vog\u00ebl dhe t\u00eb gjith\u00eb shtetet e tjera jan\u00eb ose familjar\u00eb, ose miq.<\/p>\n<p>Si mund t\u00eb ndodh q\u00eb familjar\u00ebt e funksionar\u00ebve arrijn\u00eb t\u00eb gjejn\u00eb pun\u00eb me rrog\u00eb shteti, mu at\u00ebher\u00eb kur t\u00eb af\u00ebrmit e tyre jan\u00eb n\u00eb funksion, dhe nuk ia dalin kur ata nuk jan\u00eb?<\/p>\n<p>Le t\u00eb mos b\u00ebjm\u00eb Bajram me mendjen son\u00eb duke besuar se arsyeja se pse ekzistuaka nepotizmi n\u00eb Maqedoni \u00ebsht\u00eb sepse \u00ebsht\u00eb shtet i vog\u00ebl. Edhe fitues i \u00e7mimit Nobel t\u00eb jesh, nuk ke fare mund\u00ebsi t\u00eb hysh n\u00eb kompani shtet\u00ebrore pa librez\u00eb partiake, apo t\u00eb pakt\u00ebn pa pasur emrin n\u00eb ndonj\u00eb defter partiak.<\/p>\n<p>I gjith\u00eb kuptimi i ekzistenc\u00ebs s\u00eb shtetit ka arritur pik\u00ebn e t\u00eb qen\u00ebt nj\u00eb sh\u00ebrbim p\u00ebr klas\u00ebn e privilegjuar \u2013 t\u00eb pun\u00ebsuarit t\u00eb administrat\u00ebs s\u00eb shtetit dhe t\u00eb kompanive shtet\u00ebrore. Jo se kjo klas\u00eb nuk ka ekzistuar gjithmon\u00eb, por arriti t\u00eb merrte rolin mbi piedestal me an\u00eb t\u00eb qeverisjes 11 vje\u00e7are t\u00eb VMRO-DPMNE-s\u00eb, e cila e mir\u00ebmbajti si klientin e saj m\u00eb kryesor, p\u00ebr t\u00eb mbajtur veten n\u00eb pushtet. Kurse LSDM-ja thjesht e vazhdoi aty ku e kishte l\u00ebn\u00eb VMRO-ja. Vazhdoi ta ushqente at\u00eb klienteliz\u00ebm, n\u00eb d\u00ebm t\u00eb t\u00eb gjith\u00eb qytetar\u00ebve t\u00eb tjer\u00eb.<\/p>\n<p>Kjo klas\u00eb e privilegjuar \u00ebsht\u00eb nj\u00eb p\u00ebrbind\u00ebsh q\u00eb merret vet\u00ebm me interesat e tij. N\u00eb at\u00eb klas\u00eb mbret\u00ebron bindja, kuadrot e pamerituara, dembelizmi, egoizmi dhe budallall\u00ebku. Beteja p\u00ebr t\u2019u b\u00ebr\u00eb pjes\u00eb e asaj klase me \u00e7do lloj kushti \u00ebsht\u00eb gj\u00ebja q\u00eb do ta shkat\u00ebrroj\u00eb Maqedonin\u00eb. Kjo klas\u00eb nuk u sh\u00ebrben qytetar\u00ebve. Por vetes. Duke u ushqyer nga qytetar\u00ebt. Por, deri kur? Nj\u00eb qeveri e cila nxit qytetar\u00ebt e saj q\u00eb ambicia e tyre e vetme t\u00eb jet\u00eb rroga e shtetit, nuk mund t\u00eb quhet qeveri reformuese.<\/p>\n<p><span class=\"dropcap color firstcharacter\">4<\/span>Nj\u00eb gj\u00eb tjet\u00ebr q\u00eb m\u00eb dekurajon \u00ebsht\u00eb kur kryeministri i qeveris\u00eb thot\u00eb se interesi i biznesit privat \u00ebsht\u00eb m\u00eb i r\u00ebnd\u00ebsish\u00ebm se interesi shtet\u00ebror. Si Zaevi q\u00eb i kishte premtuar \u201cxha Nikoll\u00ebs\u201d, se personalisht do t\u00eb p\u00ebrpiqej q\u00eb t\u2019ia nd\u00ebrtonte \u201cnj\u00eb objekt t\u00eb vog\u00ebl p\u00ebr biznes familjar\u201d me 7 dhoma dhe 8 apartamente, n\u00eb kat\u00ebr kate, n\u00eb nj\u00eb zon\u00eb t\u00eb mbrojtur 10 metra larg bregut t\u00eb liqenit t\u00eb Ohrit. Me sa duket, Zaevi me t\u00eb v\u00ebrtet\u00eb ka synim ta mposht\u00eb VMRO-DPMNE-n\u00eb me arm\u00ebt e Nikolla Gruvskit. Ai zgjidhte probleme me celular\u00eb para kamerave. Gruevski sillte r\u00ebr\u00eb nga Greqia dhe palma nga Kina q\u00eb t\u00eb nd\u00ebrtonte plazhe detare n\u00eb liqen, kurse Zaevi, ngaq\u00eb \u00ebsht\u00eb m\u00eb \u201cdeal-oriendted\u201d, urdh\u00ebron nd\u00ebrtime t\u00eb reja me mesazhe sms, duke th\u00ebn\u00eb: \u201cEdhe po t\u00eb ekzistonte nj\u00eb aspekt ligjoro-formal i Repartit p\u00ebr urbaniz\u00ebm, nuk mund t\u00eb \u201cmos b\u00ebj\u00eb\u201d. Do t\u00eb gjejn\u00eb ndonj\u00eb m\u00ebnyr\u00eb q\u00eb fjala \u201cnuk b\u00ebn\u201d t\u00eb mos ekzistoj\u00eb. T\u00eb b\u00ebhet \u201cb\u00ebn.\u201d.<\/p>\n<p>Dometh\u00ebn\u00eb, n\u00eb Maqedoni kemi qytetar\u00eb p\u00ebr t\u00eb cil\u00ebt ligjet vlejn\u00eb. dhe t\u00eb tjer\u00eb p\u00ebr t\u00eb cil\u00ebt kryeministri thot\u00eb se ligjet nuk vlejn\u00eb.<\/p>\n<p>Pasi \u201cobjekti i vog\u00ebl\u201d 4 kat\u00ebsh i xha Nikoll\u00ebs gjendet n\u00eb zon\u00eb t\u00eb mbrojtur n\u00eb bregun Liqenit q\u00eb p\u00ebrfaq\u00ebson trash\u00ebgimi natyrore dhe kulturore bot\u00ebrore. Ky \u201cobjekt i vog\u00ebl\u201d po shkel 12 ligjet dhe Kushtetut\u00ebn e shtetit dhe \u00ebsht\u00eb n\u00eb kund\u00ebrshtim me rekomandimet e UNESKO-s.<\/p>\n<p>Kryeministri, pra, do t\u00eb ngrihet personalisht q\u00eb ta shkel\u00eb interesin shtet\u00ebror, nd\u00ebrsa qytetar\u00ebt naiv\u00eb, q\u00eb paguajn\u00eb tatime dhe u besojn\u00eb institucioneve, kur d\u00ebgjojn\u00eb nga goja e institucionit kryeminist\u00ebr se ai \u00ebsht\u00eb i gatsh\u00ebm t\u00eb shkel\u00eb vet\u00eb 12 ligje dhe Kushtetut\u00ebn p\u00ebr shkak t\u00eb nj\u00eb interesi privat, b\u00ebhen skeptik\u00eb rreth \u00e7\u00ebshtjes s\u00eb integrimit dhe t\u00eb zhg\u00ebnjyer se do t\u00eb vij\u00eb jeta n\u00eb Maqedoni.<\/p>\n<p>Tani mbetet vet\u00ebm kryeministri q\u00eb t\u00eb thot\u00eb se \u00ebsht\u00eb i zhg\u00ebnjyer nga m\u00ebnyra se si mediat e trajtojn\u00eb deklarat\u00ebn e tij n\u00eb Oh\u00ebr. Dhe \u2013 k\u00ebshtu fillon e gjitha.<\/p>\n<p><strong><em>P\u00ebrktheu: Fjolla Zllatku <\/em><\/strong><\/p>\n\n<div style=\"font-size: 0px; height: 0px; line-height: 0px; margin: 0; padding: 0; clear: both;\"><\/div>","protected":false},"excerpt":{"rendered":"<p>K\u00ebta t\u00eb LSDM-s\u00eb kan\u00eb nd\u00ebrmend ta mposhtin VMRO-DPMNE-n\u00eb me arm\u00ebt VMRO-s\u00eb. Mickoski, me an\u00eb t\u00eb konkursit p\u00ebr kandidat p\u00ebr president, [&hellip;]<\/p>\n","protected":false},"author":1,"featured_media":184,"comment_status":"closed","ping_status":"closed","sticky":false,"template":"","format":"standard","meta":{"_mo_disable_npp":"","inline_featured_image":false},"categories":[1825],"tags":[],"imageURL":"https:\/\/sdk.mk\/wp-content\/uploads\/2015\/12\/goran-mihailovski2.jpg","thumbURL":"https:\/\/sdk.mk\/wp-content\/uploads\/2015\/12\/goran-mihailovski2-250x196.jpg","categoryNames":["DUA T\u00cb THEM"],"feature_caption":"","subtitle":"Nj\u00eb qeveri e cila nxit qytetar\u00ebt e saj q\u00eb ambicia e tyre e vetme t\u00eb jet\u00eb rroga e shtetit, nuk mund t\u00eb quhet qeveri reformuese.","views":"12756","source":"","yoast_head":"<!-- This site is optimized with the Yoast SEO Premium plugin v15.0 - https:\/\/yoast.com\/wordpress\/plugins\/seo\/ -->\n<title>P\u00cbRBIND\u00cbSH I PRIVILEGJUAR - \u0421\u0430\u043a\u0430\u043c \u0414\u0430 \u041a\u0430\u0436\u0430\u043c<\/title>\n<meta name=\"robots\" content=\"index, follow, max-snippet:-1, max-image-preview:large, max-video-preview:-1\" \/>\n<link rel=\"canonical\" href=\"https:\/\/sdk.mk\/index.php\/dua-te-them\/perbindesh-i-privilegjuar\/\" \/>\n<meta property=\"og:locale\" content=\"mk_MK\" \/>\n<meta property=\"og:type\" content=\"article\" \/>\n<meta property=\"og:title\" content=\"P\u00cbRBIND\u00cbSH I PRIVILEGJUAR - \u0421\u0430\u043a\u0430\u043c \u0414\u0430 \u041a\u0430\u0436\u0430\u043c\" \/>\n<meta property=\"og:description\" content=\"K\u00ebta t\u00eb LSDM-s\u00eb kan\u00eb nd\u00ebrmend ta mposhtin VMRO-DPMNE-n\u00eb me arm\u00ebt VMRO-s\u00eb. Mickoski, me an\u00eb t\u00eb konkursit p\u00ebr kandidat p\u00ebr president, [&hellip;]\" \/>\n<meta property=\"og:url\" content=\"https:\/\/sdk.mk\/index.php\/dua-te-them\/perbindesh-i-privilegjuar\/\" \/>\n<meta property=\"og:site_name\" content=\"\u0421\u0430\u043a\u0430\u043c \u0414\u0430 \u041a\u0430\u0436\u0430\u043c\" \/>\n<meta property=\"article:published_time\" content=\"2019-02-10T10:35:40+00:00\" \/>\n<meta property=\"og:image\" content=\"https:\/\/sdk.mk\/wp-content\/uploads\/2015\/12\/goran-mihailovski2.jpg\" \/>\n\t<meta property=\"og:image:width\" content=\"400\" \/>\n\t<meta property=\"og:image:height\" content=\"313\" \/>\n<meta property=\"fb:app_id\" content=\"2407985809428537\" \/>\n<meta name=\"twitter:card\" content=\"summary\" \/>\n<script type=\"application\/ld+json\" class=\"yoast-schema-graph\">{\"@context\":\"https:\/\/schema.org\",\"@graph\":[{\"@type\":\"WebSite\",\"@id\":\"https:\/\/sdk.mk\/#website\",\"url\":\"https:\/\/sdk.mk\/\",\"name\":\"\\u0421\\u0430\\u043a\\u0430\\u043c \\u0414\\u0430 \\u041a\\u0430\\u0436\\u0430\\u043c\",\"description\":\"\\u0417\\u0430 \\u0441\\u043b\\u043e\\u0431\\u043e\\u0434\\u043e\\u0443\\u043c\\u043d\\u0438\",\"potentialAction\":[{\"@type\":\"SearchAction\",\"target\":\"https:\/\/sdk.mk\/?s={search_term_string}\",\"query-input\":\"required name=search_term_string\"}],\"inLanguage\":\"mk-MK\"},{\"@type\":\"ImageObject\",\"@id\":\"https:\/\/sdk.mk\/index.php\/dua-te-them\/perbindesh-i-privilegjuar\/#primaryimage\",\"inLanguage\":\"mk-MK\",\"url\":\"https:\/\/sdk.mk\/wp-content\/uploads\/2015\/12\/goran-mihailovski2.jpg\",\"width\":400,\"height\":313},{\"@type\":\"WebPage\",\"@id\":\"https:\/\/sdk.mk\/index.php\/dua-te-them\/perbindesh-i-privilegjuar\/#webpage\",\"url\":\"https:\/\/sdk.mk\/index.php\/dua-te-them\/perbindesh-i-privilegjuar\/\",\"name\":\"P\\u00cbRBIND\\u00cbSH I PRIVILEGJUAR - \\u0421\\u0430\\u043a\\u0430\\u043c \\u0414\\u0430 \\u041a\\u0430\\u0436\\u0430\\u043c\",\"isPartOf\":{\"@id\":\"https:\/\/sdk.mk\/#website\"},\"primaryImageOfPage\":{\"@id\":\"https:\/\/sdk.mk\/index.php\/dua-te-them\/perbindesh-i-privilegjuar\/#primaryimage\"},\"datePublished\":\"2019-02-10T10:35:40+00:00\",\"dateModified\":\"2019-02-10T10:35:40+00:00\",\"author\":{\"@id\":\"https:\/\/sdk.mk\/#\/schema\/person\/be7cfa6655c47f7195bfdd0ba8144aa2\"},\"inLanguage\":\"mk-MK\",\"potentialAction\":[{\"@type\":\"ReadAction\",\"target\":[\"https:\/\/sdk.mk\/index.php\/dua-te-them\/perbindesh-i-privilegjuar\/\"]}]},{\"@type\":\"Person\",\"@id\":\"https:\/\/sdk.mk\/#\/schema\/person\/be7cfa6655c47f7195bfdd0ba8144aa2\",\"name\":\"\\u0413\\u043e\\u0440\\u0430\\u043d \\u041c\\u0438\\u0445\\u0430\\u0458\\u043b\\u043e\\u0432\\u0441\\u043a\\u0438\"}]}<\/script>\n<!-- \/ Yoast SEO Premium plugin. -->","_links":{"self":[{"href":"https:\/\/sdk.mk\/index.php\/wp-json\/wp\/v2\/posts\/80476"}],"collection":[{"href":"https:\/\/sdk.mk\/index.php\/wp-json\/wp\/v2\/posts"}],"about":[{"href":"https:\/\/sdk.mk\/index.php\/wp-json\/wp\/v2\/types\/post"}],"author":[{"embeddable":true,"href":"https:\/\/sdk.mk\/index.php\/wp-json\/wp\/v2\/users\/1"}],"replies":[{"embeddable":true,"href":"https:\/\/sdk.mk\/index.php\/wp-json\/wp\/v2\/comments?post=80476"}],"version-history":[{"count":0,"href":"https:\/\/sdk.mk\/index.php\/wp-json\/wp\/v2\/posts\/80476\/revisions"}],"wp:featuredmedia":[{"embeddable":true,"href":"https:\/\/sdk.mk\/index.php\/wp-json\/wp\/v2\/media\/184"}],"wp:attachment":[{"href":"https:\/\/sdk.mk\/index.php\/wp-json\/wp\/v2\/media?parent=80476"}],"wp:term":[{"taxonomy":"category","embeddable":true,"href":"https:\/\/sdk.mk\/index.php\/wp-json\/wp\/v2\/categories?post=80476"},{"taxonomy":"post_tag","embeddable":true,"href":"https:\/\/sdk.mk\/index.php\/wp-json\/wp\/v2\/tags?post=80476"}],"curies":[{"name":"wp","href":"https:\/\/api.w.org\/{rel}","templated":true}]}}