{"id":81549,"date":"2019-02-21T10:00:32","date_gmt":"2019-02-21T09:00:32","guid":{"rendered":"https:\/\/sdk.mk\/?p=81549"},"modified":"2019-02-21T10:00:46","modified_gmt":"2019-02-21T09:00:46","slug":"pas-pese-vjetesh-endjeje-neper-gjykata-profesoresha-arjeta-veliu-kthehet-ne-pune","status":"publish","type":"post","link":"https:\/\/sdk.mk\/index.php\/histori-te-parrefyera\/pas-pese-vjetesh-endjeje-neper-gjykata-profesoresha-arjeta-veliu-kthehet-ne-pune\/","title":{"rendered":"PAS PES\u00cb VJET\u00cbSH ENDJEJE N\u00cbP\u00cbR GJYKATA, PROFESORESHA ARJETA VELIU KTHEHET N\u00cb PUN\u00cb"},"content":{"rendered":"<div class=\"f52428582a4b906b2d2e2a7d733c7d27\" data-index=\"7\" style=\"float: none; margin:10px 0 10px 0; text-align:center;\">\n<!-- MSP Ads Asynchronous JS Tag - Generated with Revive Adserver v5.4.1 -->\r\n<ins data-revive-zoneid=\"167\" data-revive-id=\"060fdb01f6430ec164d3519234aa4967\"><\/ins>\r\n<script async src=\"\/\/panel.ads.com.mk\/www\/delivery\/asyncjs.php\"><\/script>\n<\/div>\n<p><em>\u00a0<\/em>Pes\u00eb vjet i kaloi duke vrapuar n\u00ebp\u00ebr gjykata, plot afate, gjykime, ankesa dhe rigjykime. M\u00eb n\u00eb fund, profesoresha Arjeta Veliu u kthye n\u00eb pun\u00eb n\u00eb shkoll\u00ebn e mesme ekonomike \u201c8 Shtatori\u201d n\u00eb Tetov\u00eb. Nga e h\u00ebna, ajo do t\u00eb vijoj\u00eb s\u00eb punuari si profesoresh\u00eb e l\u00ebnd\u00eb s\u00eb ekonomis\u00eb.<\/p>\n<p>\u201cThjesht nuk mund ta besoj se beteja ime ka korrur sukses dhe se m\u00eb n\u00eb fund po kthehem n\u00eb pun\u00eb. Nj\u00eb betej\u00eb e cila zgjati plot pes\u00eb vjet, m\u00eb n\u00eb fund ka p\u00ebrfunduar. Mora lajm\u00ebrimin t\u00eb enjten n\u00eb ora 10 q\u00eb t\u00eb shkoj te drejtoresha e shkoll\u00ebs p\u00ebr t\u00eb filluar me pun\u00eb t\u00eb re. Kuptohet se un\u00eb shkova n\u00eb koh\u00eb, por drejtoresha nuk ishte aty. Megjithat\u00eb, kjo nuk kishte r\u00ebnd\u00ebsi. P\u00ebrgjegj\u00ebsi i shkoll\u00ebs m\u00eb tha se duhej t\u00eb takohesha me pedagogun e shkoll\u00ebs p\u00ebr t\u00eb marr\u00eb programin m\u00ebsimor. T\u00eb premten, gjithashtu, shkova p\u00ebr t\u00eb marr\u00eb orarin, kurse t\u00eb h\u00ebn\u00ebn zyrtarisht do t\u00eb nis me pun\u00eb. Do t\u00eb ligjeroj 4 l\u00ebnd\u00eb t\u00eb fush\u00ebs s\u00eb ekonomis\u00eb me orar t\u00eb plot\u00eb prej 20 or\u00ebsh dhe me marr\u00ebdh\u00ebnie pun\u00eb me koh\u00eb t\u00eb pap\u00ebrcaktuar\u201d, na tregoi t\u00ebr\u00eb g\u00ebzim Arjeta.<\/p>\n<p>P\u00ebr dy vjet e gjysm\u00eb, Arjeta ka punuar te shkolla e mesme e komun\u00ebs s\u00eb Tetov\u00ebs \u201c8 Shtatori\u201d duke dh\u00ebn\u00eb l\u00ebnd\u00eb profesionale t\u00eb ekonomis\u00eb. N\u00eb dhjetor t\u00eb vitit 2013, kur \u00ebsht\u00eb shpallur konkursi p\u00ebr pranimin e 11 profesor\u00ebve p\u00ebr l\u00ebnd\u00eb profesionale t\u00eb ekonomis\u00eb, Arjeta nuk ka figuruar mes personave t\u00eb pranuar, edhe pse i ka plot\u00ebsuar t\u00eb gjitha kriteret q\u00eb k\u00ebrkohen me an\u00eb t\u00eb konkursit. Drejtoresha e shkoll\u00ebs ekonomike, Ramije Kurtishi, nuk ka dashur t\u00eb d\u00ebgjoj\u00eb asgj\u00eb n\u00eb lidhje me ankesat dhe arsyet e Arjet\u00ebs.<\/p>\n<p>Nga ky moment e tutje, p\u00ebr Arjet\u00ebn fillon nj\u00eb betej\u00eb n\u00ebp\u00ebr gjykata p\u00ebr t\u00eb rikthyer drejt\u00ebsin\u00eb. E fitoi \u00e7\u00ebshtjen n\u00eb Gjykat\u00ebn themelore t\u00eb Tetov\u00ebs, Gykat\u00ebn apeluese n\u00eb Gostivar dhe m\u00eb s\u00eb fundi me Gjykat\u00ebn Supreme. Por edhe pas k\u00ebsaj, nuk p\u00ebrfunduan problemet e saj, pasi drejtoresha Kurtishi, p\u00ebr nj\u00eb vit t\u00eb t\u00ebr\u00eb nuk pranonte t\u00eb zbatoj\u00eb vendimin e Gjykat\u00ebs Supreme. P\u00ebr k\u00ebt\u00eb rast jan\u00eb interesuar dhe kan\u00eb intervenuar dhe Avokati i popullit dhe Ministri p\u00ebr arsimit dhe media, pasi b\u00ebhet fjal\u00eb p\u00ebr moszbatim t\u00eb vendimit m\u00eb t\u00eb lart\u00eb gjyq\u00ebsor.<\/p>\n<p>\u201cUn\u00eb mendoj se pa ndihm\u00ebn e mediave, t\u00eb televizionit Alsat M dhe portalit Sakam da Kazam, q\u00eb shkruanin mbi rastin tim, un\u00eb do t\u00eb isha ende duke n\u00eb sht\u00ebpi duke pritur pa shpresa q\u00eb t\u00eb kthehesha n\u00eb pun\u00eb. Gjithashtu, jam\u00a0 shum\u00eb mir\u00ebnjoh\u00ebse ndaj Ministrit t\u00eb arsimit dhe Avokatit t\u00eb Popullit, t\u00eb cil\u00ebt ndihmuan q\u00eb vendimi i gjykat\u00ebs m\u00eb n\u00eb fund t\u00eb zbatohej n\u00eb shkoll\u00eb.Gjat\u00eb k\u00ebtyre 5 vjet\u00ebve kam zhvilluar dy beteja t\u00eb m\u00ebdha dhe t\u00eb dyja kan\u00eb mbaruar me sukses.\u00a0 Pas 10 vjet\u00ebve steriliteti, m\u00eb n\u00eb fund kam nj\u00eb f\u00ebmij\u00eb, vajz\u00ebn time t\u00eb mrekullueshme Erina, nd\u00ebrsa fitorja ime e dyt\u00eb \u00ebsht\u00eb kthimi im n\u00eb pun\u00eb. Tani mbetet vet\u00ebm t\u00eb gjendet pun\u00eb edhe p\u00ebr tim shoq, por mendoj se edhe kjo gj\u00eb do t\u00eb zgjidhet s\u00eb shpejti.<\/p>\n<p><strong><em>Z. ANDONOV<\/em><\/strong><\/p>\n\n<div style=\"font-size: 0px; height: 0px; line-height: 0px; margin: 0; padding: 0; clear: both;\"><\/div>","protected":false},"excerpt":{"rendered":"<p>\u00a0Pes\u00eb vjet i kaloi duke vrapuar n\u00ebp\u00ebr gjykata, plot afate, gjykime, ankesa dhe rigjykime. M\u00eb n\u00eb fund, profesoresha Arjeta Veliu [&hellip;]<\/p>\n","protected":false},"author":25,"featured_media":81232,"comment_status":"closed","ping_status":"closed","sticky":false,"template":"","format":"standard","meta":{"_mo_disable_npp":"","inline_featured_image":false},"categories":[3085],"tags":[],"imageURL":"https:\/\/sdk.mk\/wp-content\/uploads\/2019\/02\/profesorka-tetovo-43843898934-650x341.jpg","thumbURL":"https:\/\/sdk.mk\/wp-content\/uploads\/2019\/02\/profesorka-tetovo-43843898934-250x131.jpg","categoryNames":["Histori t\u00eb parr\u00ebfyera"],"feature_caption":"Drejtoresha e shkoll\u00ebs ekonomike n\u00eb Tetov\u00eb p\u00ebr nj\u00eb vit nuk e ka respektuar vendimin e Gjykat\u00ebs Supreme p\u00ebr t\u00eb kthyer profesoresh\u00ebn e pushuar nga puna n\u00eb vendin e saj t\u00eb pun\u00ebs. \u2013 Profesoresha Arjeta Veliu (Foto: SDK.MK)","subtitle":"","views":"9659","source":"\u0422\u0435tov\u00eb, (SAKAMDAKAZAM.MK)","yoast_head":"<!-- This site is optimized with the Yoast SEO Premium plugin v15.0 - https:\/\/yoast.com\/wordpress\/plugins\/seo\/ -->\n<title>PAS PES\u00cb VJET\u00cbSH ENDJEJE N\u00cbP\u00cbR GJYKATA, PROFESORESHA ARJETA VELIU KTHEHET N\u00cb PUN\u00cb - \u0421\u0430\u043a\u0430\u043c \u0414\u0430 \u041a\u0430\u0436\u0430\u043c<\/title>\n<meta name=\"robots\" content=\"index, follow, max-snippet:-1, max-image-preview:large, max-video-preview:-1\" \/>\n<link rel=\"canonical\" href=\"https:\/\/sdk.mk\/index.php\/histori-te-parrefyera\/pas-pese-vjetesh-endjeje-neper-gjykata-profesoresha-arjeta-veliu-kthehet-ne-pune\/\" \/>\n<meta property=\"og:locale\" content=\"mk_MK\" \/>\n<meta property=\"og:type\" content=\"article\" \/>\n<meta property=\"og:title\" content=\"PAS PES\u00cb VJET\u00cbSH ENDJEJE N\u00cbP\u00cbR GJYKATA, PROFESORESHA ARJETA VELIU KTHEHET N\u00cb PUN\u00cb - \u0421\u0430\u043a\u0430\u043c \u0414\u0430 \u041a\u0430\u0436\u0430\u043c\" \/>\n<meta property=\"og:description\" content=\"\u00a0Pes\u00eb vjet i kaloi duke vrapuar n\u00ebp\u00ebr gjykata, plot afate, gjykime, ankesa dhe rigjykime. M\u00eb n\u00eb fund, profesoresha Arjeta Veliu [&hellip;]\" \/>\n<meta property=\"og:url\" content=\"https:\/\/sdk.mk\/index.php\/histori-te-parrefyera\/pas-pese-vjetesh-endjeje-neper-gjykata-profesoresha-arjeta-veliu-kthehet-ne-pune\/\" \/>\n<meta property=\"og:site_name\" content=\"\u0421\u0430\u043a\u0430\u043c \u0414\u0430 \u041a\u0430\u0436\u0430\u043c\" \/>\n<meta property=\"article:published_time\" content=\"2019-02-21T09:00:32+00:00\" \/>\n<meta property=\"article:modified_time\" content=\"2019-02-21T09:00:46+00:00\" \/>\n<meta property=\"og:image\" content=\"https:\/\/sdk.mk\/wp-content\/uploads\/2019\/02\/profesorka-tetovo-43843898934.jpg\" \/>\n\t<meta property=\"og:image:width\" content=\"800\" \/>\n\t<meta property=\"og:image:height\" content=\"420\" \/>\n<meta property=\"fb:app_id\" content=\"2407985809428537\" \/>\n<meta name=\"twitter:card\" content=\"summary\" \/>\n<script type=\"application\/ld+json\" class=\"yoast-schema-graph\">{\"@context\":\"https:\/\/schema.org\",\"@graph\":[{\"@type\":\"WebSite\",\"@id\":\"https:\/\/sdk.mk\/#website\",\"url\":\"https:\/\/sdk.mk\/\",\"name\":\"\\u0421\\u0430\\u043a\\u0430\\u043c \\u0414\\u0430 \\u041a\\u0430\\u0436\\u0430\\u043c\",\"description\":\"\\u0417\\u0430 \\u0441\\u043b\\u043e\\u0431\\u043e\\u0434\\u043e\\u0443\\u043c\\u043d\\u0438\",\"potentialAction\":[{\"@type\":\"SearchAction\",\"target\":\"https:\/\/sdk.mk\/?s={search_term_string}\",\"query-input\":\"required name=search_term_string\"}],\"inLanguage\":\"mk-MK\"},{\"@type\":\"ImageObject\",\"@id\":\"https:\/\/sdk.mk\/index.php\/histori-te-parrefyera\/pas-pese-vjetesh-endjeje-neper-gjykata-profesoresha-arjeta-veliu-kthehet-ne-pune\/#primaryimage\",\"inLanguage\":\"mk-MK\",\"url\":\"https:\/\/sdk.mk\/wp-content\/uploads\/2019\/02\/profesorka-tetovo-43843898934.jpg\",\"width\":800,\"height\":420},{\"@type\":\"WebPage\",\"@id\":\"https:\/\/sdk.mk\/index.php\/histori-te-parrefyera\/pas-pese-vjetesh-endjeje-neper-gjykata-profesoresha-arjeta-veliu-kthehet-ne-pune\/#webpage\",\"url\":\"https:\/\/sdk.mk\/index.php\/histori-te-parrefyera\/pas-pese-vjetesh-endjeje-neper-gjykata-profesoresha-arjeta-veliu-kthehet-ne-pune\/\",\"name\":\"PAS PES\\u00cb VJET\\u00cbSH ENDJEJE N\\u00cbP\\u00cbR GJYKATA, PROFESORESHA ARJETA VELIU KTHEHET N\\u00cb PUN\\u00cb - \\u0421\\u0430\\u043a\\u0430\\u043c \\u0414\\u0430 \\u041a\\u0430\\u0436\\u0430\\u043c\",\"isPartOf\":{\"@id\":\"https:\/\/sdk.mk\/#website\"},\"primaryImageOfPage\":{\"@id\":\"https:\/\/sdk.mk\/index.php\/histori-te-parrefyera\/pas-pese-vjetesh-endjeje-neper-gjykata-profesoresha-arjeta-veliu-kthehet-ne-pune\/#primaryimage\"},\"datePublished\":\"2019-02-21T09:00:32+00:00\",\"dateModified\":\"2019-02-21T09:00:46+00:00\",\"author\":{\"@id\":\"https:\/\/sdk.mk\/#\/schema\/person\/737021aeacbe893f7e2c347186c5c7a1\"},\"inLanguage\":\"mk-MK\",\"potentialAction\":[{\"@type\":\"ReadAction\",\"target\":[\"https:\/\/sdk.mk\/index.php\/histori-te-parrefyera\/pas-pese-vjetesh-endjeje-neper-gjykata-profesoresha-arjeta-veliu-kthehet-ne-pune\/\"]}]},{\"@type\":\"Person\",\"@id\":\"https:\/\/sdk.mk\/#\/schema\/person\/737021aeacbe893f7e2c347186c5c7a1\",\"name\":\"\\u0424\\u0458\\u043e\\u043b\\u0430 \\u0417\\u043b\\u0430\\u0442\\u043a\\u0443\"}]}<\/script>\n<!-- \/ Yoast SEO Premium plugin. -->","_links":{"self":[{"href":"https:\/\/sdk.mk\/index.php\/wp-json\/wp\/v2\/posts\/81549"}],"collection":[{"href":"https:\/\/sdk.mk\/index.php\/wp-json\/wp\/v2\/posts"}],"about":[{"href":"https:\/\/sdk.mk\/index.php\/wp-json\/wp\/v2\/types\/post"}],"author":[{"embeddable":true,"href":"https:\/\/sdk.mk\/index.php\/wp-json\/wp\/v2\/users\/25"}],"replies":[{"embeddable":true,"href":"https:\/\/sdk.mk\/index.php\/wp-json\/wp\/v2\/comments?post=81549"}],"version-history":[{"count":0,"href":"https:\/\/sdk.mk\/index.php\/wp-json\/wp\/v2\/posts\/81549\/revisions"}],"wp:featuredmedia":[{"embeddable":true,"href":"https:\/\/sdk.mk\/index.php\/wp-json\/wp\/v2\/media\/81232"}],"wp:attachment":[{"href":"https:\/\/sdk.mk\/index.php\/wp-json\/wp\/v2\/media?parent=81549"}],"wp:term":[{"taxonomy":"category","embeddable":true,"href":"https:\/\/sdk.mk\/index.php\/wp-json\/wp\/v2\/categories?post=81549"},{"taxonomy":"post_tag","embeddable":true,"href":"https:\/\/sdk.mk\/index.php\/wp-json\/wp\/v2\/tags?post=81549"}],"curies":[{"name":"wp","href":"https:\/\/api.w.org\/{rel}","templated":true}]}}