{"id":81557,"date":"2019-02-21T10:30:07","date_gmt":"2019-02-21T09:30:07","guid":{"rendered":"https:\/\/sdk.mk\/?p=81557"},"modified":"2019-02-21T11:11:26","modified_gmt":"2019-02-21T10:11:26","slug":"dezinfektimi-i-spitalit-psikiatrik-demir-hisar-ka-perfunduar-jane-vendosur-kurthe-minjsh-kurse-pacientet-pastrohen-nga-morrat-dhe-therijat","status":"publish","type":"post","link":"https:\/\/sdk.mk\/index.php\/histori-te-parrefyera\/dezinfektimi-i-spitalit-psikiatrik-demir-hisar-ka-perfunduar-jane-vendosur-kurthe-minjsh-kurse-pacientet-pastrohen-nga-morrat-dhe-therijat\/","title":{"rendered":"DEZINFEKTIMI I SPITALIT PSIKIATRIK \u201cDEMIR HISAR\u201d KA P\u00cbRFUNDUAR, JAN\u00cb VENDOSUR KURTHE MINJSH, KURSE PACIENT\u00cbT PASTROHEN NGA MORRAT DHE TH\u00cbRIJAT"},"content":{"rendered":"<div class=\"f52428582a4b906b2d2e2a7d733c7d27\" data-index=\"7\" style=\"float: none; margin:10px 0 10px 0; text-align:center;\">\n<!-- MSP Ads Asynchronous JS Tag - Generated with Revive Adserver v5.4.1 -->\r\n<ins data-revive-zoneid=\"167\" data-revive-id=\"060fdb01f6430ec164d3519234aa4967\"><\/ins>\r\n<script async src=\"\/\/panel.ads.com.mk\/www\/delivery\/asyncjs.php\"><\/script>\n<\/div>\n<p>Spitali psikiatrik \u201cDemir Hisar\u201d, ku me rastin e nj\u00eb parashtrese t\u00eb prindit t\u00eb nj\u00eb pacienti, Inspektorati shtet\u00ebror sh\u00ebndet\u00ebsor dhe sanitar zbuloi nj\u00eb epidemi morrash, ka lajm\u00ebruar se menj\u00ebher\u00eb pas kontrollit t\u00eb \u00e7regullt kan\u00eb b\u00ebr\u00eb dezinfektim me mjetin \u201cdezintak\u201d, dezinskecion dhe deratizim prej minjve me an\u00eb t\u00eb vendosjes s\u00eb kurtheve.<\/p>\n<p>Fajin p\u00ebr k\u00ebt\u00eb epidemi t\u00eb morrave, si dhe p\u00ebr kushtet katastrofale higjienike t\u00eb k\u00ebtij institucioni, duke theksuar gjenden e dyshemes\u00eb, nyjeve sanitare, dyshek\u00ebve dhe \u00e7ar\u00e7af\u00ebve, inspektorati ia adresoi Ministris\u00eb s\u00eb sh\u00ebndet\u00ebsis\u00eb, dhe jo kryesis\u00eb dhe personelit t\u00eb \u201cDemir Hisar\u201d. Kushtet e pun\u00ebs dhe menaxhimi i parave n\u00eb k\u00ebt\u00eb spital me njer\u00ebz me s\u00ebmundje psikike varen plot\u00ebsisht nga Ministria e sh\u00ebndet\u00ebsis\u00eb dhe nga shteti.<\/p>\n<p>\u201cMe plot goj\u00eb mund t\u00eb themi se si spital psikiatrik, ne nd\u00ebrmarrim t\u00eb gjitha aktivitetet e nevojshme q\u00eb higjiena t\u00eb mbahet n\u00eb nivelin e duhur, nd\u00ebrsa ndaj pacient\u00ebve kemi marr\u00eb masa p\u00ebr nj\u00eb trajtim t\u00eb ve\u00e7ant\u00eb p\u00ebr parandalimin e fenomeneve t\u00eb ndryshme q\u00eb do t\u00eb kishin pasoja t\u00eb pad\u00ebshiruara n\u00eb jet\u00ebn dhe sh\u00ebndet\u00ebin e tyre\u201d, thot\u00eb drejtoresha Tatjana Llozanovska.<\/p>\n<p>Kushtet e pun\u00ebs n\u00eb k\u00ebt\u00eb spital psikiatrik me njer\u00ebz me s\u00ebmundje t\u00eb r\u00ebnda jan\u00eb t\u00eb tmerrshme. M\u00eb 6 shkurt, 30 pun\u00ebtor\u00eb t\u00eb sh\u00ebrbimit higjienik, t\u00eb ambulanc\u00ebs dhe pun\u00ebtor\u00eb n\u00eb administrat\u00eb dol\u00ebn n\u00eb protesta para port\u00ebs s\u00eb spitalit, p\u00ebr t\u00eb k\u00ebrkuar pun\u00ebsim t\u00eb p\u00ebrhersh\u00ebm. Ata jan\u00eb pa sigurim pensional dhe sh\u00ebndet\u00ebsor.<\/p>\n<p>\u201cUn\u00eb punoj k\u00ebtu me vendim pune, si\u00e7 kam punuar edhe n\u00eb periudh\u00ebn nga 2005 \u2013 2007. Kishim problemin e nj\u00ebjt\u00eb, por nuk e zgjidh\u00ebm. Ky institucion nuk mund t\u00eb punoj\u00eb me vendime pune, por duhet t\u00eb ket\u00eb nj\u00eb pun\u00ebsim me benefite, e jo pa asnj\u00eb lloj sigurimi. Na premtuan se do t\u00eb na jepnin vendim p\u00ebr koh\u00eb t\u00eb caktuar, por kjo gj\u00eb nuk ndodhi. Jemi n\u00eb k\u00ebrkim t\u00eb nj\u00eb zgjidhjeje, t\u00eb sigurohemi disi, t\u00eb kemi di\u00e7ka, nuk kemi as pushim, asgj\u00eb. N\u00eb k\u00ebt\u00eb institucion nuk ia vlen t\u00eb punohet p\u00ebr 13.000 denar\u00eb n\u00eb muaj\u201d, tha pun\u00ebtori I at\u00ebhersh\u00ebm Igor Bishevski, kurse kolegu i tij paralajm\u00ebroi:<\/p>\n<p>\u201cSpitali do t\u00eb mbijetoj\u00eb edhe pa ne, por do t\u00eb qelben dhe helmohen brenda tij, pasi kan\u00eb pun\u00ebsuar vet\u00ebm nj\u00eb pun\u00ebtor p\u00ebr sh\u00ebrbime higjienike, nd\u00ebrkoh\u00eb ne jemi 16 vet\u00eb me vendim pune. Pacient\u00ebt jan\u00eb problematik\u00eb dhe ka shum\u00eb papast\u00ebrti dhe nga nevoja e tyre gjithandej. P\u00ebr nj\u00eb vit rresht ne kemi ardhur n\u00eb pun\u00eb duke rrezikuar jet\u00ebn. Dikush ka mundur t\u00eb na t\u00eb ushtroj\u00eb dhun\u00eb fizike dhe t\u00eb na l\u00ebndoj\u00eb, por ne vazhdonim t\u00eb ishim pa sigurim\u201d, tha Ice Gjorgievski, i sh\u00ebrbimit higjienik t\u00eb spitalit.<\/p>\n<p>Drejtoresha e spitalit psikiatritk Tanja Llozanovska tha se k\u00ebto kuadro nevojiten p\u00ebr institucionin dhe se higjiena duhet t\u00eb mir\u00ebmbahet. Ata jan\u00eb vazhdimisht duke kontrolluar Inspeksionin sanitar.\u00a0 Shtoi se gjenden si mjetet ashtu dhe d\u00ebshira problemi i t\u00eb pun\u00ebsuarve me vendim pune t\u00eb zgjidhet.<\/p>\n<p>N\u00ebse Ministria jep drit\u00eb jeshile p\u00ebr nj\u00eb koh\u00eb t\u00eb pap\u00ebrcaktuar, at\u00ebher\u00eb ashtu do t\u00eb veprojm\u00eb, pasi institucioni ka nevoj\u00eb p\u00ebr k\u00ebt\u00eb kuad\u00ebr dhe nuk duhet t\u00eb ekzistojn\u00eb t\u00eb pun\u00ebsuar dyt\u00ebsor\u00eb, i mb\u00ebshteti drejtoresha.<\/p>\n<p>Sipas dokumenteve t\u00eb Avokatit t\u00eb popullit, n\u00eb k\u00ebt\u00eb institucion nuk ka sasi t\u00eb mjaftueshme shampoje kund\u00ebr th\u00ebrijave dhe morrave, si dhe asnj\u00eb insketicid p\u00ebr trajtim t\u00eb veshjes s\u00eb pacient\u00ebve para larjes. Berberi i pun\u00ebsuar aty ka vet\u00ebm nj\u00eb makin\u00eb p\u00ebr qethje. Dezinfektimi dhe deratizimi i fundit q\u00eb \u00ebsht\u00eb kryer n\u00eb spitalin \u201cDemir Hisar\u201d ka ndodhur n\u00eb 12 korrik 2018. N\u00eb departamentet kronike 4 dhe 8, higjiena dhe kushtet e tualeteve jan\u00eb katastrofale, dyshemeja \u00ebsht\u00eb e d\u00ebmtuar dhe nuk lejon as pastrim dhe as dezinfektim. Inventari, dyshek\u00ebt, jast\u00ebk\u00ebt dhe qebet jan\u00eb t\u00eb vjetra.<\/p>\n<p>Inspektorati ka dh\u00ebn\u00eb urdh\u00ebra me masa p\u00ebr t\u00eb gjith\u00eb k\u00ebt\u00eb situat\u00eb, t\u00eb cilat spitali do t\u00eb duhet t\u2019i zbatoj\u00eb me afate. Meq\u00eb gjat\u00eb vizit\u00ebs s\u00eb \u00e7rregullt, nuk kan\u00eb mundur t\u00eb v\u00ebrtetojn\u00eb q\u00eb pacient\u00ebt jan\u00eb k\u00ebrc\u00ebnuar apo u \u00ebsht\u00eb ndaluar t\u00eb tregojn\u00eb p\u00ebr morrat, drejtori \u00ebsht\u00eb i detyruar q\u00eb gjat\u00eb k\u00ebtyre dit\u00ebve t\u00eb paraqitet te Komisioni p\u00ebr \u00e7\u00ebshtje etnike. Sa u p\u00ebrket shampove, pajisjeve t\u00eb qethjes dhe mjeteve higjienike, Inspektorati ka urdh\u00ebruar q\u00eb t\u00eb menj\u00ebher\u00eb t\u00eb blihen, t\u00eb b\u00ebhet nj\u00eb pastrim gjeneral i departamenteve kronike, t\u00eb vendoset nj\u00eb shtres\u00eb mbrojt\u00ebse te dyshemeja dhe t\u00eb ndryshohen dyshek\u00ebt deri m\u00eb 31 mars, kurse dezinsektimi i institucionit t\u00eb kryhet deri m\u00eb 1 prill.<\/p>\n<p>Ky vendim \u00ebsht\u00eb d\u00ebrguar tek Ministria e sh\u00ebndet\u00ebsis\u00eb. Inspektorati shtet\u00ebror dhe sh\u00ebndet\u00ebsor i ka shkruar Ministris\u00eb se ankesa kund\u00ebr k\u00ebsaj zgjidhjeje nuk do t\u00eb shtyj\u00eb zbatimin.<\/p>\n<p>Dezinfektimi, dezinsektimi dhe deratizimi jan\u00eb kryer para afatit t\u00eb dh\u00ebn\u00eb.<br \/>\nAvokati i popullit n\u00ebp\u00ebrmjet Inspektoratit tani po v\u00ebzghon se si zbatohen masat e tjera.<\/p>\n<p><strong><em>S. K. DELEVSKA<\/em><\/strong><\/p>\n\n<div style=\"font-size: 0px; height: 0px; line-height: 0px; margin: 0; padding: 0; clear: both;\"><\/div>","protected":false},"excerpt":{"rendered":"<p>Spitali psikiatrik \u201cDemir Hisar\u201d, ku me rastin e nj\u00eb parashtrese t\u00eb prindit t\u00eb nj\u00eb pacienti, Inspektorati shtet\u00ebror sh\u00ebndet\u00ebsor dhe sanitar [&hellip;]<\/p>\n","protected":false},"author":25,"featured_media":80957,"comment_status":"closed","ping_status":"closed","sticky":false,"template":"","format":"standard","meta":{"_mo_disable_npp":"","inline_featured_image":false},"categories":[3085,3087],"tags":[],"imageURL":"https:\/\/sdk.mk\/wp-content\/uploads\/2019\/02\/demir-hisar-dezinfekcija-83499834-650x341.jpg","thumbURL":"https:\/\/sdk.mk\/wp-content\/uploads\/2019\/02\/demir-hisar-dezinfekcija-83499834-250x131.jpg","categoryNames":["Histori t\u00eb parr\u00ebfyera","Maqedonia"],"feature_caption":"Dezinfektimi, dezinsektimi dhe deratizimi jan\u00eb kryer para afatit t\u00eb dh\u00ebn\u00eb. \u2013 Spitali psikiatrik \u201c8 Shtatori\u201d, V\u00ebrtetim p\u00ebr dezinfektim, dezinsektim dhe deratizim t\u00eb p\u00ebrfunduar. (Foto: SDK.MK) \u041a)","subtitle":"","views":"4836","source":"Shkup, (SAKAMDAKAZAM.MK)","yoast_head":"<!-- This site is optimized with the Yoast SEO Premium plugin v15.0 - https:\/\/yoast.com\/wordpress\/plugins\/seo\/ -->\n<title>DEZINFEKTIMI I SPITALIT PSIKIATRIK \u201cDEMIR HISAR\u201d KA P\u00cbRFUNDUAR, JAN\u00cb VENDOSUR KURTHE MINJSH, KURSE PACIENT\u00cbT PASTROHEN NGA MORRAT DHE TH\u00cbRIJAT - \u0421\u0430\u043a\u0430\u043c \u0414\u0430 \u041a\u0430\u0436\u0430\u043c<\/title>\n<meta name=\"robots\" content=\"index, follow, max-snippet:-1, max-image-preview:large, max-video-preview:-1\" \/>\n<link rel=\"canonical\" href=\"https:\/\/sdk.mk\/index.php\/histori-te-parrefyera\/dezinfektimi-i-spitalit-psikiatrik-demir-hisar-ka-perfunduar-jane-vendosur-kurthe-minjsh-kurse-pacientet-pastrohen-nga-morrat-dhe-therijat\/\" \/>\n<meta property=\"og:locale\" content=\"mk_MK\" \/>\n<meta property=\"og:type\" content=\"article\" \/>\n<meta property=\"og:title\" content=\"DEZINFEKTIMI I SPITALIT PSIKIATRIK \u201cDEMIR HISAR\u201d KA P\u00cbRFUNDUAR, JAN\u00cb VENDOSUR KURTHE MINJSH, KURSE PACIENT\u00cbT PASTROHEN NGA MORRAT DHE TH\u00cbRIJAT - \u0421\u0430\u043a\u0430\u043c \u0414\u0430 \u041a\u0430\u0436\u0430\u043c\" \/>\n<meta property=\"og:description\" content=\"Spitali psikiatrik \u201cDemir Hisar\u201d, ku me rastin e nj\u00eb parashtrese t\u00eb prindit t\u00eb nj\u00eb pacienti, Inspektorati shtet\u00ebror sh\u00ebndet\u00ebsor dhe sanitar [&hellip;]\" \/>\n<meta property=\"og:url\" content=\"https:\/\/sdk.mk\/index.php\/histori-te-parrefyera\/dezinfektimi-i-spitalit-psikiatrik-demir-hisar-ka-perfunduar-jane-vendosur-kurthe-minjsh-kurse-pacientet-pastrohen-nga-morrat-dhe-therijat\/\" \/>\n<meta property=\"og:site_name\" content=\"\u0421\u0430\u043a\u0430\u043c \u0414\u0430 \u041a\u0430\u0436\u0430\u043c\" \/>\n<meta property=\"article:published_time\" content=\"2019-02-21T09:30:07+00:00\" \/>\n<meta property=\"article:modified_time\" content=\"2019-02-21T10:11:26+00:00\" \/>\n<meta property=\"og:image\" content=\"https:\/\/sdk.mk\/wp-content\/uploads\/2019\/02\/demir-hisar-dezinfekcija-83499834.jpg\" \/>\n\t<meta property=\"og:image:width\" content=\"800\" \/>\n\t<meta property=\"og:image:height\" content=\"420\" \/>\n<meta property=\"fb:app_id\" content=\"2407985809428537\" \/>\n<meta name=\"twitter:card\" content=\"summary\" \/>\n<script type=\"application\/ld+json\" class=\"yoast-schema-graph\">{\"@context\":\"https:\/\/schema.org\",\"@graph\":[{\"@type\":\"WebSite\",\"@id\":\"https:\/\/sdk.mk\/#website\",\"url\":\"https:\/\/sdk.mk\/\",\"name\":\"\\u0421\\u0430\\u043a\\u0430\\u043c \\u0414\\u0430 \\u041a\\u0430\\u0436\\u0430\\u043c\",\"description\":\"\\u0417\\u0430 \\u0441\\u043b\\u043e\\u0431\\u043e\\u0434\\u043e\\u0443\\u043c\\u043d\\u0438\",\"potentialAction\":[{\"@type\":\"SearchAction\",\"target\":\"https:\/\/sdk.mk\/?s={search_term_string}\",\"query-input\":\"required name=search_term_string\"}],\"inLanguage\":\"mk-MK\"},{\"@type\":\"ImageObject\",\"@id\":\"https:\/\/sdk.mk\/index.php\/histori-te-parrefyera\/dezinfektimi-i-spitalit-psikiatrik-demir-hisar-ka-perfunduar-jane-vendosur-kurthe-minjsh-kurse-pacientet-pastrohen-nga-morrat-dhe-therijat\/#primaryimage\",\"inLanguage\":\"mk-MK\",\"url\":\"https:\/\/sdk.mk\/wp-content\/uploads\/2019\/02\/demir-hisar-dezinfekcija-83499834.jpg\",\"width\":800,\"height\":420},{\"@type\":\"WebPage\",\"@id\":\"https:\/\/sdk.mk\/index.php\/histori-te-parrefyera\/dezinfektimi-i-spitalit-psikiatrik-demir-hisar-ka-perfunduar-jane-vendosur-kurthe-minjsh-kurse-pacientet-pastrohen-nga-morrat-dhe-therijat\/#webpage\",\"url\":\"https:\/\/sdk.mk\/index.php\/histori-te-parrefyera\/dezinfektimi-i-spitalit-psikiatrik-demir-hisar-ka-perfunduar-jane-vendosur-kurthe-minjsh-kurse-pacientet-pastrohen-nga-morrat-dhe-therijat\/\",\"name\":\"DEZINFEKTIMI I SPITALIT PSIKIATRIK \\u201cDEMIR HISAR\\u201d KA P\\u00cbRFUNDUAR, JAN\\u00cb VENDOSUR KURTHE MINJSH, KURSE PACIENT\\u00cbT PASTROHEN NGA MORRAT DHE TH\\u00cbRIJAT - \\u0421\\u0430\\u043a\\u0430\\u043c \\u0414\\u0430 \\u041a\\u0430\\u0436\\u0430\\u043c\",\"isPartOf\":{\"@id\":\"https:\/\/sdk.mk\/#website\"},\"primaryImageOfPage\":{\"@id\":\"https:\/\/sdk.mk\/index.php\/histori-te-parrefyera\/dezinfektimi-i-spitalit-psikiatrik-demir-hisar-ka-perfunduar-jane-vendosur-kurthe-minjsh-kurse-pacientet-pastrohen-nga-morrat-dhe-therijat\/#primaryimage\"},\"datePublished\":\"2019-02-21T09:30:07+00:00\",\"dateModified\":\"2019-02-21T10:11:26+00:00\",\"author\":{\"@id\":\"https:\/\/sdk.mk\/#\/schema\/person\/737021aeacbe893f7e2c347186c5c7a1\"},\"inLanguage\":\"mk-MK\",\"potentialAction\":[{\"@type\":\"ReadAction\",\"target\":[\"https:\/\/sdk.mk\/index.php\/histori-te-parrefyera\/dezinfektimi-i-spitalit-psikiatrik-demir-hisar-ka-perfunduar-jane-vendosur-kurthe-minjsh-kurse-pacientet-pastrohen-nga-morrat-dhe-therijat\/\"]}]},{\"@type\":\"Person\",\"@id\":\"https:\/\/sdk.mk\/#\/schema\/person\/737021aeacbe893f7e2c347186c5c7a1\",\"name\":\"\\u0424\\u0458\\u043e\\u043b\\u0430 \\u0417\\u043b\\u0430\\u0442\\u043a\\u0443\"}]}<\/script>\n<!-- \/ Yoast SEO Premium plugin. -->","_links":{"self":[{"href":"https:\/\/sdk.mk\/index.php\/wp-json\/wp\/v2\/posts\/81557"}],"collection":[{"href":"https:\/\/sdk.mk\/index.php\/wp-json\/wp\/v2\/posts"}],"about":[{"href":"https:\/\/sdk.mk\/index.php\/wp-json\/wp\/v2\/types\/post"}],"author":[{"embeddable":true,"href":"https:\/\/sdk.mk\/index.php\/wp-json\/wp\/v2\/users\/25"}],"replies":[{"embeddable":true,"href":"https:\/\/sdk.mk\/index.php\/wp-json\/wp\/v2\/comments?post=81557"}],"version-history":[{"count":0,"href":"https:\/\/sdk.mk\/index.php\/wp-json\/wp\/v2\/posts\/81557\/revisions"}],"wp:featuredmedia":[{"embeddable":true,"href":"https:\/\/sdk.mk\/index.php\/wp-json\/wp\/v2\/media\/80957"}],"wp:attachment":[{"href":"https:\/\/sdk.mk\/index.php\/wp-json\/wp\/v2\/media?parent=81557"}],"wp:term":[{"taxonomy":"category","embeddable":true,"href":"https:\/\/sdk.mk\/index.php\/wp-json\/wp\/v2\/categories?post=81557"},{"taxonomy":"post_tag","embeddable":true,"href":"https:\/\/sdk.mk\/index.php\/wp-json\/wp\/v2\/tags?post=81557"}],"curies":[{"name":"wp","href":"https:\/\/api.w.org\/{rel}","templated":true}]}}