{"id":81559,"date":"2019-02-21T11:10:58","date_gmt":"2019-02-21T10:10:58","guid":{"rendered":"https:\/\/sdk.mk\/?p=81559"},"modified":"2019-02-21T11:10:58","modified_gmt":"2019-02-21T10:10:58","slug":"morrat-i-hengren-pacientet-e-spitalit-psikiatrik-demir-hisar-avokati-i-popullit-urdheroi-marrjen-e-masave-kunder-semundjes","status":"publish","type":"post","link":"https:\/\/sdk.mk\/index.php\/histori-te-parrefyera\/morrat-i-hengren-pacientet-e-spitalit-psikiatrik-demir-hisar-avokati-i-popullit-urdheroi-marrjen-e-masave-kunder-semundjes\/","title":{"rendered":"MORRAT I H\u00cbNGR\u00cbN PACIENT\u00cbT E SPITALIT PSIKIATRIK DEMIR HISAR, AVOKATI I POPULLIT URDH\u00cbROI MARRJEN E MASAVE KUND\u00cbR S\u00cbMUNDJES"},"content":{"rendered":"<div class=\"f52428582a4b906b2d2e2a7d733c7d27\" data-index=\"7\" style=\"float: none; margin:10px 0 10px 0; text-align:center;\">\n<!-- MSP Ads Asynchronous JS Tag - Generated with Revive Adserver v5.4.1 -->\r\n<ins data-revive-zoneid=\"167\" data-revive-id=\"060fdb01f6430ec164d3519234aa4967\"><\/ins>\r\n<script async src=\"\/\/panel.ads.com.mk\/www\/delivery\/asyncjs.php\"><\/script>\n<\/div>\n<p style=\"background: white;margin: 0in 0in 20.4pt 0in\"><span style=\"font-size: 10.5pt;font-family: 'Arial',sans-serif;color: #333333\">Nj\u00eb prind i pacient\u00ebve n\u00eb spitalin psikiatrik \u201cDemir Hisar\u201d n\u00eb fillim t\u00eb janarit t\u00eb k\u00ebtij viti \u00ebsht\u00eb ankuar se f\u00ebmija i tij dhe pacient\u00ebt e tjer\u00eb jan\u00eb s\u00ebmur\u00eb nga morrat dhe se jetojn\u00eb n\u00eb at\u00eb gjendje tashm\u00eb p\u00ebr nj\u00eb periudh\u00eb t\u00eb gjat\u00eb. Parashtresa \u00ebsht\u00eb d\u00ebrguar m\u00eb 11 janar, kurse pas tri dit\u00ebsh \u00ebsht\u00eb procesuar, gj\u00eb me t\u00eb cil\u00ebn Ombudsmani direkt ka \u00e7uar drejt Inspektoratit shtet\u00ebror dhe sanitar nj\u00eb k\u00ebrkes\u00eb p\u00ebr kontroll t\u00eb paparalajm\u00ebruar t\u00eb spitalit. <\/span><\/p>\n<p style=\"background: white;text-align: start;margin: 0in 0in 20.4pt 0in\"><span style=\"font-size: 10.5pt;font-family: 'Arial',sans-serif;color: #333333\">Pjesa m\u00eb e keqe e gjith\u00eb k\u00ebsaj historia \u00ebsht\u00eb se k\u00ebta persona me pengesa, pavar\u00ebsisht gjendjes s\u00eb tyre sh\u00ebndet\u00ebsore kan\u00eb reaguar p\u00ebr situat\u00ebn e padrejt\u00eb te personeli i spitalit por jan\u00eb detyruar t\u00eb heshtin me an\u00eb t\u00eb k\u00ebrc\u00ebnimeve dhe ndalimeve q\u00eb t\u00eb flitej p\u00ebr morrat para t\u00eb af\u00ebrmve q\u00eb vizitojn\u00eb. Megjithat\u00eb, morrat jan\u00eb p\u00ebrhapur aq shum\u00eb sa familjet e pacient\u00ebve kan\u00eb arritur t\u2019i shohin me sy. Gjendja ka qen\u00eb e pamundur t\u00eb fshihej. <\/span><\/p>\n<p style=\"background: white;margin: 0in 0in 20.4pt 0in\"><span style=\"font-size: 10.5pt;font-family: 'Arial',sans-serif;color: #333333\">\u201cDrejt Avokatit t\u00eb popullit \u00ebsht\u00eb d\u00ebrguar nj\u00eb parashtres\u00eb me ankes\u00eb se Spitali psikiatrik Demir Hisar ka epidemi t\u00eb morrave, por personat p\u00ebrgjegj\u00ebs, pavar\u00ebsisht reagimit t\u00eb prind\u00ebrve, nuk marrin masa konkrete p\u00ebr eliminimin e s\u00ebmundjes. Te parashtresa gjithashtu \u00ebsht\u00eb theksuar se personeli i spitalit ua ka ndaluar pacient\u00ebve t\u00eb tregojn\u00eb p\u00ebr epidemin\u00eb dhe se situata \u00ebsht\u00eb v\u00ebn\u00eb re me kalimin e koh\u00ebs nga prind\u00ebrit q\u00eb vizitojn\u00eb. Ombudsmani k\u00ebrkoi q\u00eb t\u00eb kryhet nj\u00eb kontroll i \u00e7rregullt nga Inspektorati shtet\u00ebror sanitar dhe i sh\u00ebndetit p\u00ebr t\u00eb konstatuar gjendjen dhe p\u00ebr t\u00eb rekomanduar masat p\u00ebr ndalimin dhe kurimin sa m\u00eb t\u00eb shpejt\u00eb t\u00eb s\u00ebmundjes\u201d, thot\u00eb z\u00ebvend\u00ebs Avokatja e popullit Vaska Bajramovska \u2013 Mustafa.<\/span><\/p>\n<p style=\"background: white;margin: 0in 0in 20.4pt 0in\"><span style=\"font-size: 10.5pt;font-family: 'Arial',sans-serif;color: #333333\">Ajo e ka udh\u00ebzuar Inspektoratin se zbatimi i masave kund\u00ebr s\u00ebmundjeve kan\u00eb prioritet m\u00eb t\u00eb madh n\u00eb raport me zbatimin e masave t\u00eb tjera mbrojt\u00ebse sh\u00ebndet\u00ebsore. <\/span><\/p>\n<div id=\"attachment_9469\" style=\"width: 279px\" class=\"wp-caption alignleft\"><a href=\"https:\/\/sdk.mk\/wp-content\/uploads\/2016\/07\/vaska-bajramovska-mala-slika.jpg\"><img aria-describedby=\"caption-attachment-9469\" loading=\"lazy\" class=\"wp-image-9469 size-full\" src=\"https:\/\/sdk.mk\/wp-content\/uploads\/2016\/07\/vaska-bajramovska-mala-slika.jpg\" alt=\"\" width=\"269\" height=\"291\" srcset=\"https:\/\/sdk.mk\/wp-content\/uploads\/2016\/07\/vaska-bajramovska-mala-slika.jpg 269w, https:\/\/sdk.mk\/wp-content\/uploads\/2016\/07\/vaska-bajramovska-mala-slika-250x270.jpg 250w, https:\/\/sdk.mk\/wp-content\/uploads\/2016\/07\/vaska-bajramovska-mala-slika-150x162.jpg 150w\" sizes=\"(max-width: 269px) 100vw, 269px\" \/><\/a><p id=\"caption-attachment-9469\" class=\"wp-caption-text\">&#8220;Te parashtresa gjithashtu \u00ebsht\u00eb theksuar se personeli i spitalit ua ka ndaluar pacient\u00ebve t\u00eb tregojn\u00eb p\u00ebr epidemin\u00eb dhe se situata \u00ebsht\u00eb v\u00ebn\u00eb re me kalimin e koh\u00ebs nga prind\u00ebrit q\u00eb vizitojn\u00eb&#8221;, thot\u00eb z\u00ebvend\u00ebs Avokatja e popullit Vaska Bajramovska \u2013 Mustafa. (Foto: SDK.MK)<\/p><\/div>\n<p>M\u00eb 1 shkurt, Inspektorati shtet\u00ebror sanitar dhe sh\u00ebndet\u00ebsor (nj\u00ebsia e Manastirit) dhe nj\u00eb mjek epidemolog, kan\u00eb kryer kontroll n\u00eb t\u00eb gjith\u00eb institucionin. Jan\u00eb konstatuar parregullsit\u00eb e m\u00ebposhtme:<\/p>\n<p>N\u00eb k\u00ebt\u00eb institucion nuk ka sasi t\u00eb mjaftueshme shampoje kund\u00ebr th\u00ebrijave dhe morrave, si dhe asnj\u00eb insketicid p\u00ebr trajtim t\u00eb veshjes s\u00eb pacient\u00ebve para larjes. Berberi i pun\u00ebsuar aty ka vet\u00ebm nj\u00eb makin\u00eb p\u00ebr qethje. Dezinfektimi dhe deratizimi i fundit q\u00eb \u00ebsht\u00eb kryer n\u00eb spitalin \u201cDemir Hisar\u201d ka ndodhur n\u00eb 12 korrik 2018. N\u00eb departamentet kronike 4 dhe 8, higjiena dhe kushtet e tualeteve jan\u00eb katastrofale, dyshemeja \u00ebsht\u00eb e d\u00ebmtuar dhe nuk lejon as pastrim dhe as dezinfektim. Inventari, dyshek\u00ebt, jast\u00ebk\u00ebt dhe qebet jan\u00eb t\u00eb vjetra.<\/p>\n<p>Inspektorati ka dh\u00ebn\u00eb urdh\u00ebra me masa p\u00ebr t\u00eb gjith\u00eb k\u00ebt\u00eb situat\u00eb, t\u00eb cilat spitali do t\u00eb duhet t\u2019i zbatoj\u00eb me afate. Meq\u00eb gjat\u00eb vizit\u00ebs s\u00eb \u00e7rregullt, nuk kan\u00eb mundur t\u00eb v\u00ebrtetojn\u00eb q\u00eb pacient\u00ebt jan\u00eb k\u00ebrc\u00ebnuar apo u \u00ebsht\u00eb ndaluar t\u00eb tregojn\u00eb p\u00ebr morrat, drejtori \u00ebsht\u00eb i detyruar q\u00eb gjat\u00eb k\u00ebtyre dit\u00ebve t\u00eb paraqitet te Komisioni p\u00ebr \u00e7\u00ebshtje etnike. Sa u p\u00ebrket shampove, pajisjeve t\u00eb qethjes dhe mjeteve higjienike, Inspektorati ka urdh\u00ebruar q\u00eb t\u00eb menj\u00ebher\u00eb t\u00eb blihen, t\u00eb b\u00ebhet nj\u00eb pastrim gjeneral i departamenteve kronike, t\u00eb vendoset nj\u00eb shtres\u00eb mbrojt\u00ebse te dyshemeja dhe t\u00eb ndryshohen dyshek\u00ebt deri m\u00eb 31 mars, kurse dezinsektimi i institucionit t\u00eb kryhet deri m\u00eb 1 prill.<\/p>\n<p>Ky vendim \u00ebsht\u00eb d\u00ebrguar tek Ministria e sh\u00ebndet\u00ebsis\u00eb. Inspektorati shtet\u00ebror dhe sh\u00ebndet\u00ebsor i ka shkruar Ministris\u00eb se ankesa kund\u00ebr k\u00ebsaj zgjidhjeje nuk do t\u00eb shtyj\u00eb zbatimin.<\/p>\n<p>Nd\u00ebrkoh\u00eb Avokati i popullit \u00a0v\u00ebzhgon zbatimin e masave n\u00ebp\u00ebrmjet Inspektoratit, thot\u00eb z\u00ebvend\u00ebs Avokatja e popullit, Vaska Bajramovska -Mustafa, nd\u00ebrkoh\u00eb heton &#8211; pse k\u00ebta persona nuk transferohen n\u00eb dy objektete t\u00eb rinovuara, por mbahen si kafsh\u00eb t\u00eb braktisura n\u00eb objektin e vjet\u00ebr q\u00eb po qelbet?<\/p>\n<p><strong><em>S. \u041a. DELEVSKA<\/em><\/strong><\/p>\n\n<div style=\"font-size: 0px; height: 0px; line-height: 0px; margin: 0; padding: 0; clear: both;\"><\/div>","protected":false},"excerpt":{"rendered":"<p>Nj\u00eb prind i pacient\u00ebve n\u00eb spitalin psikiatrik \u201cDemir Hisar\u201d n\u00eb fillim t\u00eb janarit t\u00eb k\u00ebtij viti \u00ebsht\u00eb ankuar se f\u00ebmija [&hellip;]<\/p>\n","protected":false},"author":25,"featured_media":80812,"comment_status":"closed","ping_status":"closed","sticky":false,"template":"","format":"standard","meta":{"_mo_disable_npp":"","inline_featured_image":false},"categories":[3085,3087],"tags":[],"imageURL":"https:\/\/sdk.mk\/wp-content\/uploads\/2019\/02\/demir-hisar-32898329-650x342.jpg","thumbURL":"https:\/\/sdk.mk\/wp-content\/uploads\/2019\/02\/demir-hisar-32898329-250x131.jpg","categoryNames":["Histori t\u00eb parr\u00ebfyera","Maqedonia"],"feature_caption":"Avokati i popullit tani v\u00ebzhgon zbatimin e masave n\u00ebp\u00ebrmjet Inspektoratit, thot\u00eb z\u00ebvend\u00ebs Avokatja e popullit, Vaska Bajramovska -Mustafa, nd\u00ebrkoh\u00eb heton se pse k\u00ebta persona nuk transferohen n\u00eb dy objektete t\u00eb rinovuara, por mbahen si kafsh\u00eb t\u00eb braktisura n\u00eb objektin e vjet\u00ebr q\u00eb po qelbet. \u2013 Spitali Demir Hisar \u2013 Vendimi nga Inspektorati shtet\u00ebror sanitar dhe sh\u00ebndet\u00ebsor. (Foto: SDK.MK) ","subtitle":"","views":"7427","source":"Shkup, (SAKAMDAKAZAM.MK)","yoast_head":"<!-- This site is optimized with the Yoast SEO Premium plugin v15.0 - https:\/\/yoast.com\/wordpress\/plugins\/seo\/ -->\n<title>MORRAT I H\u00cbNGR\u00cbN PACIENT\u00cbT E SPITALIT PSIKIATRIK DEMIR HISAR, AVOKATI I POPULLIT URDH\u00cbROI MARRJEN E MASAVE KUND\u00cbR S\u00cbMUNDJES - \u0421\u0430\u043a\u0430\u043c \u0414\u0430 \u041a\u0430\u0436\u0430\u043c<\/title>\n<meta name=\"robots\" content=\"index, follow, max-snippet:-1, max-image-preview:large, max-video-preview:-1\" \/>\n<link rel=\"canonical\" href=\"https:\/\/sdk.mk\/index.php\/histori-te-parrefyera\/morrat-i-hengren-pacientet-e-spitalit-psikiatrik-demir-hisar-avokati-i-popullit-urdheroi-marrjen-e-masave-kunder-semundjes\/\" \/>\n<meta property=\"og:locale\" content=\"mk_MK\" \/>\n<meta property=\"og:type\" content=\"article\" \/>\n<meta property=\"og:title\" content=\"MORRAT I H\u00cbNGR\u00cbN PACIENT\u00cbT E SPITALIT PSIKIATRIK DEMIR HISAR, AVOKATI I POPULLIT URDH\u00cbROI MARRJEN E MASAVE KUND\u00cbR S\u00cbMUNDJES - \u0421\u0430\u043a\u0430\u043c \u0414\u0430 \u041a\u0430\u0436\u0430\u043c\" \/>\n<meta property=\"og:description\" content=\"Nj\u00eb prind i pacient\u00ebve n\u00eb spitalin psikiatrik \u201cDemir Hisar\u201d n\u00eb fillim t\u00eb janarit t\u00eb k\u00ebtij viti \u00ebsht\u00eb ankuar se f\u00ebmija [&hellip;]\" \/>\n<meta property=\"og:url\" content=\"https:\/\/sdk.mk\/index.php\/histori-te-parrefyera\/morrat-i-hengren-pacientet-e-spitalit-psikiatrik-demir-hisar-avokati-i-popullit-urdheroi-marrjen-e-masave-kunder-semundjes\/\" \/>\n<meta property=\"og:site_name\" content=\"\u0421\u0430\u043a\u0430\u043c \u0414\u0430 \u041a\u0430\u0436\u0430\u043c\" \/>\n<meta property=\"article:published_time\" content=\"2019-02-21T10:10:58+00:00\" \/>\n<meta property=\"og:image\" content=\"https:\/\/sdk.mk\/wp-content\/uploads\/2019\/02\/demir-hisar-32898329.jpg\" \/>\n\t<meta property=\"og:image:width\" content=\"900\" \/>\n\t<meta property=\"og:image:height\" content=\"473\" \/>\n<meta property=\"fb:app_id\" content=\"2407985809428537\" \/>\n<meta name=\"twitter:card\" content=\"summary\" \/>\n<script type=\"application\/ld+json\" class=\"yoast-schema-graph\">{\"@context\":\"https:\/\/schema.org\",\"@graph\":[{\"@type\":\"WebSite\",\"@id\":\"https:\/\/sdk.mk\/#website\",\"url\":\"https:\/\/sdk.mk\/\",\"name\":\"\\u0421\\u0430\\u043a\\u0430\\u043c \\u0414\\u0430 \\u041a\\u0430\\u0436\\u0430\\u043c\",\"description\":\"\\u0417\\u0430 \\u0441\\u043b\\u043e\\u0431\\u043e\\u0434\\u043e\\u0443\\u043c\\u043d\\u0438\",\"potentialAction\":[{\"@type\":\"SearchAction\",\"target\":\"https:\/\/sdk.mk\/?s={search_term_string}\",\"query-input\":\"required name=search_term_string\"}],\"inLanguage\":\"mk-MK\"},{\"@type\":\"ImageObject\",\"@id\":\"https:\/\/sdk.mk\/index.php\/histori-te-parrefyera\/morrat-i-hengren-pacientet-e-spitalit-psikiatrik-demir-hisar-avokati-i-popullit-urdheroi-marrjen-e-masave-kunder-semundjes\/#primaryimage\",\"inLanguage\":\"mk-MK\",\"url\":\"https:\/\/sdk.mk\/wp-content\/uploads\/2019\/02\/demir-hisar-32898329.jpg\",\"width\":900,\"height\":473},{\"@type\":\"WebPage\",\"@id\":\"https:\/\/sdk.mk\/index.php\/histori-te-parrefyera\/morrat-i-hengren-pacientet-e-spitalit-psikiatrik-demir-hisar-avokati-i-popullit-urdheroi-marrjen-e-masave-kunder-semundjes\/#webpage\",\"url\":\"https:\/\/sdk.mk\/index.php\/histori-te-parrefyera\/morrat-i-hengren-pacientet-e-spitalit-psikiatrik-demir-hisar-avokati-i-popullit-urdheroi-marrjen-e-masave-kunder-semundjes\/\",\"name\":\"MORRAT I H\\u00cbNGR\\u00cbN PACIENT\\u00cbT E SPITALIT PSIKIATRIK DEMIR HISAR, AVOKATI I POPULLIT URDH\\u00cbROI MARRJEN E MASAVE KUND\\u00cbR S\\u00cbMUNDJES - \\u0421\\u0430\\u043a\\u0430\\u043c \\u0414\\u0430 \\u041a\\u0430\\u0436\\u0430\\u043c\",\"isPartOf\":{\"@id\":\"https:\/\/sdk.mk\/#website\"},\"primaryImageOfPage\":{\"@id\":\"https:\/\/sdk.mk\/index.php\/histori-te-parrefyera\/morrat-i-hengren-pacientet-e-spitalit-psikiatrik-demir-hisar-avokati-i-popullit-urdheroi-marrjen-e-masave-kunder-semundjes\/#primaryimage\"},\"datePublished\":\"2019-02-21T10:10:58+00:00\",\"dateModified\":\"2019-02-21T10:10:58+00:00\",\"author\":{\"@id\":\"https:\/\/sdk.mk\/#\/schema\/person\/737021aeacbe893f7e2c347186c5c7a1\"},\"inLanguage\":\"mk-MK\",\"potentialAction\":[{\"@type\":\"ReadAction\",\"target\":[\"https:\/\/sdk.mk\/index.php\/histori-te-parrefyera\/morrat-i-hengren-pacientet-e-spitalit-psikiatrik-demir-hisar-avokati-i-popullit-urdheroi-marrjen-e-masave-kunder-semundjes\/\"]}]},{\"@type\":\"Person\",\"@id\":\"https:\/\/sdk.mk\/#\/schema\/person\/737021aeacbe893f7e2c347186c5c7a1\",\"name\":\"\\u0424\\u0458\\u043e\\u043b\\u0430 \\u0417\\u043b\\u0430\\u0442\\u043a\\u0443\"}]}<\/script>\n<!-- \/ Yoast SEO Premium plugin. -->","_links":{"self":[{"href":"https:\/\/sdk.mk\/index.php\/wp-json\/wp\/v2\/posts\/81559"}],"collection":[{"href":"https:\/\/sdk.mk\/index.php\/wp-json\/wp\/v2\/posts"}],"about":[{"href":"https:\/\/sdk.mk\/index.php\/wp-json\/wp\/v2\/types\/post"}],"author":[{"embeddable":true,"href":"https:\/\/sdk.mk\/index.php\/wp-json\/wp\/v2\/users\/25"}],"replies":[{"embeddable":true,"href":"https:\/\/sdk.mk\/index.php\/wp-json\/wp\/v2\/comments?post=81559"}],"version-history":[{"count":0,"href":"https:\/\/sdk.mk\/index.php\/wp-json\/wp\/v2\/posts\/81559\/revisions"}],"wp:featuredmedia":[{"embeddable":true,"href":"https:\/\/sdk.mk\/index.php\/wp-json\/wp\/v2\/media\/80812"}],"wp:attachment":[{"href":"https:\/\/sdk.mk\/index.php\/wp-json\/wp\/v2\/media?parent=81559"}],"wp:term":[{"taxonomy":"category","embeddable":true,"href":"https:\/\/sdk.mk\/index.php\/wp-json\/wp\/v2\/categories?post=81559"},{"taxonomy":"post_tag","embeddable":true,"href":"https:\/\/sdk.mk\/index.php\/wp-json\/wp\/v2\/tags?post=81559"}],"curies":[{"name":"wp","href":"https:\/\/api.w.org\/{rel}","templated":true}]}}