{"id":81940,"date":"2019-02-25T15:33:21","date_gmt":"2019-02-25T14:33:21","guid":{"rendered":"https:\/\/sdk.mk\/?p=81940"},"modified":"2019-02-25T15:37:35","modified_gmt":"2019-02-25T14:37:35","slug":"komisioni-per-denacionalizim-ka-falsifikuar-nenshkrimin-e-nje-guraje-te-vdekur-dhe-analfabete-dhe-ka-marre-pronen-e-nje-tetovari","status":"publish","type":"post","link":"https:\/\/sdk.mk\/index.php\/ngrije-zerin-per-avokatin-e-popullit\/komisioni-per-denacionalizim-ka-falsifikuar-nenshkrimin-e-nje-guraje-te-vdekur-dhe-analfabete-dhe-ka-marre-pronen-e-nje-tetovari\/","title":{"rendered":"KOMISIONI P\u00cbR DENACIONALIZIM KA FALSIFIKUAR N\u00cbNSHKRIMIN E NJ\u00cb GURAJE T\u00cb VDEKUR DHE ANALFABETE DHE KA MARR\u00cb PRON\u00cbN E NJ\u00cb TETOVARI"},"content":{"rendered":"<div class=\"f52428582a4b906b2d2e2a7d733c7d27\" data-index=\"7\" style=\"float: none; margin:10px 0 10px 0; text-align:center;\">\n<!-- MSP Ads Asynchronous JS Tag - Generated with Revive Adserver v5.4.1 -->\r\n<ins data-revive-zoneid=\"167\" data-revive-id=\"060fdb01f6430ec164d3519234aa4967\"><\/ins>\r\n<script async src=\"\/\/panel.ads.com.mk\/www\/delivery\/asyncjs.php\"><\/script>\n<\/div>\n<p>Skender Huseini nga Tetova dhe motra e tij, t\u00eb cil\u00ebt p\u00ebr 15 vjet jan\u00eb duke u endur n\u00ebp\u00ebr gjykata n\u00eb luft\u00eb me shtetin, i cili nuk ua kthen tok\u00ebn e nacionalizuar n\u00eb nj\u00eb lokacion atraktiv t\u00eb qytetit, jan\u00eb viktimat e krimit t\u00eb Ministris\u00eb s\u00eb financave, ku dikush ka falsifikuar n\u00ebnshkrimin e n\u00ebn\u00ebs s\u00eb tyre t\u00eb ndjer\u00eb. Dikush nga Komisioni p\u00ebr denacionalizim n\u00eb 2014 ka zbuluar se gruaja kishte vdekur n\u00eb 2007 duke pritur q\u00eb t\u2019i kthehej drejt\u00ebsia. Personi q\u00eb ka falsifikuar n\u00ebnshkrimin e sa nuk e ka ditur se ajo ka qen\u00eb analfabet\u00eb dhe se n\u00ebnshkruante me an\u00eb t\u00eb gjurm\u00ebs s\u00eb gishtit.<\/p>\n<p>Pas parashtres\u00ebs s\u00eb d\u00ebrguar nga djali dhe vajza e saj, t\u00eb cil\u00ebt vet\u00ebm tani kan\u00eb zbuluar k\u00ebt\u00eb krim i cili buron nga komisionet n\u00ebn Ministrin\u00eb e financave, Avokati i popullit ka hapur procedur\u00eb p\u00ebr rastin n\u00eb fjal\u00eb dhe ka dor\u00ebzuar raport t\u00eb ve\u00e7ant\u00eb te Qeveria. Ombudsmani Ixhet Memeti pret q\u00eb Prokuroria t\u2019i gjej\u00eb falsifikuesit dhe t\u2019i sjell\u00eb n\u00eb gjyq.<\/p>\n<p>\u201cGruaja ka vdekur n\u00eb vitin 2007. Trash\u00ebgimia e par\u00eb e pron\u00ebs s\u00eb nacionalizuar n\u00eb qend\u00ebr t\u00eb Tetov\u00ebs ka qen\u00eb e disa trash\u00ebgimtar\u00ebve: e saja, e t\u00eb birit dhe t\u00eb bij\u00ebs. Nd\u00ebrkoh\u00eb q\u00eb procedura e denacionalizimit ka vazhduar, t\u00eb tre jan\u00eb lajm\u00ebruar. N\u00eb vitin 2014, Komisioni p\u00ebr denacionalizim refuzon k\u00ebrkes\u00ebn p\u00ebr denacionalizim, kurse Vendimin ia mund\u00ebson vet\u00ebm n\u00ebn\u00ebs, e cila kishte vdekur para 7 vjet\u00ebsh. Diksuh nga komisioni ka zbuluar se gruaja nuk jeton m\u00eb dhe se bijt\u00eb e saj nuk e kan\u00eb iden\u00eb se \u00e7far\u00eb \u00ebsht\u00eb duke ndodhur\u201d, thot\u00eb Ombudsmani.<\/p>\n<div id=\"attachment_28341\" style=\"width: 310px\" class=\"wp-caption alignright\"><a href=\"https:\/\/sdk.mk\/wp-content\/uploads\/2017\/03\/memeti.jpg\"><img aria-describedby=\"caption-attachment-28341\" loading=\"lazy\" class=\"size-medium wp-image-28341\" src=\"https:\/\/sdk.mk\/wp-content\/uploads\/2017\/03\/memeti-400x267.jpg\" alt=\"\" width=\"300\" height=\"200\" srcset=\"https:\/\/sdk.mk\/wp-content\/uploads\/2017\/03\/memeti-400x267.jpg 400w, https:\/\/sdk.mk\/wp-content\/uploads\/2017\/03\/memeti-250x167.jpg 250w, https:\/\/sdk.mk\/wp-content\/uploads\/2017\/03\/memeti-768x512.jpg 768w, https:\/\/sdk.mk\/wp-content\/uploads\/2017\/03\/memeti-650x433.jpg 650w, https:\/\/sdk.mk\/wp-content\/uploads\/2017\/03\/memeti-150x100.jpg 150w, https:\/\/sdk.mk\/wp-content\/uploads\/2017\/03\/memeti-800x533.jpg 800w, https:\/\/sdk.mk\/wp-content\/uploads\/2017\/03\/memeti-1200x800.jpg 1200w, https:\/\/sdk.mk\/wp-content\/uploads\/2017\/03\/memeti-1600x1067.jpg 1600w, https:\/\/sdk.mk\/wp-content\/uploads\/2017\/03\/memeti.jpg 1620w\" sizes=\"(max-width: 300px) 100vw, 300px\" \/><\/a><p id=\"caption-attachment-28341\" class=\"wp-caption-text\">Avokati i popullit Ixhet Memeti reagon n\u00eb lidhje me faktin se komisioni p\u00ebr denacionalizim, gjegj\u00ebsisht Ministra e financave shfryt\u00ebzon panjohurin\u00eb e njer\u00ebzve mbi \u00e7\u00ebshtjet ligjore, si\u00e7 \u00ebsht\u00eb ky rast. Thot\u00eb se kjo \u00ebsht\u00eb arsyeja se pse ministrat e financave e kufizojn\u00eb Ombudsmanin dhe konsiderojn\u00eb se ai nuk duhet t\u00eb dij\u00eb se cil\u00ebt jan\u00eb an\u00ebtar\u00eb t\u00eb Komisionit, se sa jan\u00eb apo \u00e7far\u00ebdolloj t\u00eb dh\u00ebne mbi ta.<br \/>(Foto: SDK.MK)<\/p><\/div>\n<p>Meqen\u00ebse gruaja ka qen\u00eb analfabete dhe deri n\u00eb momentin kur vdiq, m\u00ebnyra se si n\u00ebnshkruhej ishte me gjurm\u00ebn e gishtit, dikush ka falsifikuar dokumentin se n\u00eb vitin 2014 Vendimi i \u00ebsht\u00eb dh\u00ebn\u00eb n\u00ebn\u00ebs. Komisioni p\u00ebr denacionalizim e zgjidh k\u00ebt\u00eb rast dhe vendimi me \u201cn\u00ebnshkrim\u201d vihet n\u00eb fuqi po at\u00eb vit, duke e kthyer tok\u00ebn n\u00eb pron\u00ebsi t\u00eb shtetit.<\/p>\n<p>E gjith\u00eb kjo ndodh n\u00eb koh\u00ebn kur minist\u00ebr i financave ka qen\u00eb Zoran Stavreski i VMRO-DPMNE-s\u00eb.<\/p>\n<p>\u201cKur shkuam me motr\u00ebn tim n\u00eb Komision t\u00eb pyesnim se deri ku kishte mb\u00ebrritur procesi me l\u00ebnd\u00ebn, ata na than\u00eb; Kjo pun\u00eb ka mbaruar m\u00eb, ju jeni refuzuar dhe vendimi \u00ebsht\u00eb n\u00eb fuqi\u201d, thot\u00eb Skender Huseini.<\/p>\n<p>Ministria e financave, duke iu drejtuar pronar\u00ebve t\u00eb tok\u00ebs, t\u00eb cil\u00ebt u manipuluan n\u00eb k\u00ebt\u00eb loj\u00eb t\u00eb hidhur, thot\u00eb: \u201cdenacionalizimi ju \u00ebsht\u00eb refuzuar me vendim n\u00eb fuqi, ju nuk keni t\u00eb drejta as mbi pjes\u00ebn e pap\u00ebrfunduar t\u00eb tok\u00ebs dhe as t\u00eb drejt\u00eb z\u00ebvend\u00ebsimi. Me pak fjal\u00eb, ju nuk keni asnj\u00eb t\u00eb drejt\u00eb n\u00eb at\u00eb tok\u00eb\u201d.<\/p>\n<p>Pas k\u00ebtij shoku me falsifikimin, n\u00eb n\u00ebntor 2018, djali dhe vajza e pronares s\u00eb ndjer\u00eb kan\u00eb d\u00ebrguar parashtres\u00eb te Avokati i popullit.<\/p>\n<p>Huseini na \u00e7oi deri te toka n\u00eb qend\u00ebr t\u00eb qytetit pran\u00eb s\u00eb cil\u00ebs \u00ebsht\u00eb nd\u00ebrtuar qendra e zjarrfik\u00ebseve.<\/p>\n<p>\u201cK\u00ebto jan\u00eb ato 2.400 metra katror\u00eb q\u00eb shteti i kaluar ia mori familjes sime pa t\u00eb drejt\u00eb. Ne k\u00ebrkojm\u00eb q\u00eb toka t\u00eb na kthehet, pasi \u00ebsht\u00eb e jona. Me vite t\u00eb t\u00ebra jemi endur n\u00ebp\u00ebr komisioni qeveritare, t\u00eb financave, t\u00eb k\u00ebtilla e t\u00eb atilla, n\u00ebp\u00ebr gjykata, gjykata administrative\u2026E n\u00eb fund del se dikush i shtetit na ka vjedhur tok\u00ebn. Ime m\u00eb n\u00ebnshkruhej me gisht, kurse ata kan\u00eb falsifikuar ndonj\u00eb n\u00ebnshkrim q\u00eb sipas tyre \u00ebsht\u00eb i saji, q\u00eb t\u00eb mund t\u00eb justifikojn\u00eb se ka pranuar vendimin. M\u00eb pas rastin e kan\u00eb mbyllur, dhe p\u00ebrjet\u00ebsisht na e kan\u00eb marr\u00eb tok\u00ebn. Drejt\u00ebsin\u00eb time do ta k\u00ebrkoj deri n\u00eb fund dhe dikush do t\u00eb mbaj\u00eb p\u00ebrgjegj\u00ebsi p\u00ebr k\u00ebt\u00eb krim\u201d, thot\u00eb i revoltuar Huseini.<\/p>\n<p>Avokati i popullit dyshon se shteti \u201czgjidh\u201d shum\u00eb l\u00ebnd\u00eb t\u00eb denacionalizimit n\u00eb po k\u00ebt\u00eb m\u00ebnyr\u00eb p\u00ebr t\u00eb marr\u00eb n\u00eb duart e tij prona atraktive q\u00eb t\u2019i shes\u00eb. Zakonisht ato shiten me shuma banale dhe ndryshimin mes k\u00ebtij \u00e7mimi dhe \u00e7mimit faktik q\u00eb paguan bler\u00ebsi apo investuesi, pushtetar\u00ebt e fusin n\u00eb xhep. Nuk ka r\u00ebnd\u00ebsi n\u00ebse profiti shkon te qeveria aktuale n\u00ebp\u00ebrmjet Ministris\u00eb s\u00eb transportit apo n\u00ebp\u00ebrmjet pushteteve t\u00eb kryesis\u00eb lokale t\u00eb vendeve ku gjenden k\u00ebto prona.<\/p>\n<div id=\"attachment_81883\" style=\"width: 810px\" class=\"wp-caption aligncenter\"><a href=\"https:\/\/sdk.mk\/wp-content\/uploads\/2019\/02\/tetovo-zemjiste-832899823.jpg\"><img aria-describedby=\"caption-attachment-81883\" loading=\"lazy\" class=\"wp-image-81883 size-full\" src=\"https:\/\/sdk.mk\/wp-content\/uploads\/2019\/02\/tetovo-zemjiste-832899823.jpg\" alt=\"\" width=\"800\" height=\"420\" srcset=\"https:\/\/sdk.mk\/wp-content\/uploads\/2019\/02\/tetovo-zemjiste-832899823.jpg 800w, https:\/\/sdk.mk\/wp-content\/uploads\/2019\/02\/tetovo-zemjiste-832899823-250x131.jpg 250w, https:\/\/sdk.mk\/wp-content\/uploads\/2019\/02\/tetovo-zemjiste-832899823-400x210.jpg 400w, https:\/\/sdk.mk\/wp-content\/uploads\/2019\/02\/tetovo-zemjiste-832899823-768x403.jpg 768w, https:\/\/sdk.mk\/wp-content\/uploads\/2019\/02\/tetovo-zemjiste-832899823-650x341.jpg 650w, https:\/\/sdk.mk\/wp-content\/uploads\/2019\/02\/tetovo-zemjiste-832899823-150x79.jpg 150w\" sizes=\"(max-width: 800px) 100vw, 800px\" \/><\/a><p id=\"caption-attachment-81883\" class=\"wp-caption-text\">\u201cKur shkuam me motr\u00ebn time n\u00eb Komision t\u00eb pyesnim se deri ku kishte mb\u00ebrritur procesi me l\u00ebnd\u00ebn, ata na than\u00eb; Kjo pun\u00eb ka mbaruar m\u00eb, ju jeni refuzuar dhe vendimi \u00ebsht\u00eb n\u00eb fuqi\u201d, thot\u00eb Skender Huseini. (Foto: SDK.MK)<\/p><\/div>\n<p>Avokati i popullit Ixhet Memeti reagon n\u00eb lidhje me faktin se komisioni p\u00ebr denacionalizim, gjegj\u00ebsisht Ministra e financave shfryt\u00ebzon panjohurin\u00eb e njer\u00ebzve mbi \u00e7\u00ebshtjet ligjore, si\u00e7 \u00ebsht\u00eb ky rast. Thot\u00eb se kjo \u00ebsht\u00eb arsyeja se pse ministrat e financave e kufizojn\u00eb Ombudsmanin dhe konsiderojn\u00eb se ai nuk duhet t\u00eb dij\u00eb se cil\u00ebt jan\u00eb an\u00ebtar\u00eb t\u00eb Komisionit, se sa jan\u00eb apo \u00e7far\u00ebdolloj t\u00eb dh\u00ebne mbi ta.<\/p>\n<p>\u201cP\u00ebr her\u00eb t\u00eb par\u00eb c\u00ebnohet dhe e drejta e Avokatit t\u00eb popullit t\u00eb mund t\u00eb dij\u00eb se sa komisione ka Ministria e financave n\u00eb Maqedoni\u201d, reagon Memeti.<\/p>\n<p>Pas komunikimit t\u00eb gjat\u00eb me Memetin, Komisioni p\u00ebr denacionalizim e ka pranuar gabimin e tij. \u00cbsht\u00eb p\u00ebrfshir\u00eb edhe Qeveria, pasi Memeti kishte d\u00ebrguar raport t\u00eb ve\u00e7ant\u00eb drejt Qeveris\u00eb dhe n\u00eb k\u00ebt\u00eb m\u00ebnyr\u00eb u \u00ebsht\u00eb dashur t\u00eb tregojn\u00eb se sa komisione t\u00eb denacionalizimit ekzistojn\u00eb n\u00eb Maqedoni, se kush jan\u00eb an\u00ebtar\u00ebt e tyre me em\u00ebr dhe mbiem\u00ebr dhe cilat jan\u00eb ingerencat e tyre.<\/p>\n<p>Komisioni e ka shfuqizuar vendimin dhe procedura e denacionalizimit ka filluar nga fillimi.<\/p>\n<p>Ndaj pyetjes s\u00eb SAKAMDAKAZAM.MK se a do t\u00eb mbaj\u00eb dikush p\u00ebrgjegj\u00ebsi p\u00ebr k\u00ebt\u00eb falsifikim, Avokati i popullit thot\u00eb: \u201cI mbetet Prokurorit shtet\u00ebror t\u00eb reagoj\u00eb sipas z\u00ebrit t\u00eb d\u00ebgjuar\u201d.<\/p>\n<p>P\u00ebrshtypja e \u00a0Prokurorit \u00ebsht\u00eb se Ministria e financave nuk posedon nj\u00eb mekaniz\u00ebm kontrolli \u2013 p\u00ebr t\u00eb par\u00eb se \u00e7far\u00eb u shkaktojn\u00eb komisionet qytetar\u00ebve, Duhet pyetur, thot\u00eb ai, n\u00ebse ata jan\u00eb realisht t\u00eb kualifikuar p\u00ebr at\u00eb pun\u00eb, po dirigjohen nga ana e ministrave sikur po luanin me fatet e qytetar\u00ebve p\u00ebr t\u00eb pasur toka atraktive p\u00ebr t\u00eb shitur.<\/p>\n<p>Problemi eskalon p\u00ebrs\u00ebri me pronat e pakthyera t\u00eb qytetar\u00ebve n\u00eb procesin e denacionalizimit. Te zyra e Avokatit t\u00eb popullit deri n\u00eb fund t\u00eb vitit t\u00eb kaluar dhe n\u00eb fillim t\u00eb k\u00ebtij viti ka mb\u00ebrritur nj\u00eb shum\u00eb e madhe parashtresash nga pronar\u00eb t\u00eb tokave atraktive, t\u00eb cil\u00ebn shteti i manipulon n\u00ebp\u00ebr labirintet e tij 15, 18, madje 20 vjet me radh\u00eb, duke ua refuzuar l\u00ebnd\u00ebt me an\u00eb t\u00eb gjykatave.<\/p>\n<p>P\u00ebr disa prej l\u00ebnd\u00ebve p\u00ebr t\u00eb cilat Avokati i popullit vepron sipas parashtresave, merr k\u00ebt\u00eb p\u00ebrgjigje: \u201cL\u00ebnda \u00ebsht\u00eb humbur.\u201d Fakt edhe m\u00eb trondit\u00ebs \u00ebsht\u00eb se nj\u00eb p\u00ebrqindja e madhe e k\u00ebrkuesve t\u00eb par\u00eb t\u00eb drejt\u00ebsis\u00eb kan\u00eb vdekur dhe l\u00ebnd\u00ebt e tyre u kalojn\u00eb an\u00ebtar\u00ebve m\u00eb t\u00eb rinj t\u00eb familjes, ashtu si\u00e7 \u00ebsht\u00eb rasti i familjes Huseini.<\/p>\n<p>\u201cN\u00eb vend q\u00eb komisionet e denacionalizimit t\u00eb ekzistojn\u00eb n\u00eb vazhdim\u00ebsi, t\u00eb gjith\u00eb ministrat e financave, ashtu si\u00e7 vijn\u00eb n\u00eb pushet, krijojn\u00eb komisione t\u00eb reja. Dikujt ia kthejn\u00eb pron\u00ebn, dik\u00eb tjet\u00ebr e mashtrojn\u00eb, b\u00ebjn\u00eb \u00e7far\u00eb t\u00eb jet\u00eb e mundur q\u00eb prona t\u2019i mbetet shtetit\u201d, reagoi ashp\u00ebrsisht Avokati i popullit.<\/p>\n<div id=\"attachment_81886\" style=\"width: 810px\" class=\"wp-caption aligncenter\"><a href=\"https:\/\/sdk.mk\/wp-content\/uploads\/2019\/02\/zemjiste-tetovo-9823899328.jpg\"><img aria-describedby=\"caption-attachment-81886\" loading=\"lazy\" class=\"wp-image-81886 size-full\" src=\"https:\/\/sdk.mk\/wp-content\/uploads\/2019\/02\/zemjiste-tetovo-9823899328.jpg\" alt=\"\" width=\"800\" height=\"420\" srcset=\"https:\/\/sdk.mk\/wp-content\/uploads\/2019\/02\/zemjiste-tetovo-9823899328.jpg 800w, https:\/\/sdk.mk\/wp-content\/uploads\/2019\/02\/zemjiste-tetovo-9823899328-250x131.jpg 250w, https:\/\/sdk.mk\/wp-content\/uploads\/2019\/02\/zemjiste-tetovo-9823899328-400x210.jpg 400w, https:\/\/sdk.mk\/wp-content\/uploads\/2019\/02\/zemjiste-tetovo-9823899328-768x403.jpg 768w, https:\/\/sdk.mk\/wp-content\/uploads\/2019\/02\/zemjiste-tetovo-9823899328-650x341.jpg 650w, https:\/\/sdk.mk\/wp-content\/uploads\/2019\/02\/zemjiste-tetovo-9823899328-150x79.jpg 150w\" sizes=\"(max-width: 800px) 100vw, 800px\" \/><\/a><p id=\"caption-attachment-81886\" class=\"wp-caption-text\">Pas komunikimit t\u00eb gjat\u00eb me Memetin, Komisioni p\u00ebr denacionalizim e ka pranuar gabimin e tij. \u00cbsht\u00eb p\u00ebrfshir\u00eb edhe Qeveria, pasi Memeti kishte d\u00ebrguar raport t\u00eb ve\u00e7ant\u00eb drejt Qeveris\u00eb dhe n\u00eb k\u00ebt\u00eb m\u00ebnyr\u00eb u \u00ebsht\u00eb dashur t\u00eb tregojn\u00eb se sa komisione t\u00eb denacionalizimit ekzistojn\u00eb n\u00eb Maqedoni, se kush jan\u00eb an\u00ebtar\u00ebt e tyre me em\u00ebr dhe mbiem\u00ebr dhe cilat jan\u00eb ingerencat e tyre. Komisioni e ka shfuqizuar vendimin dhe procedura e denacionalizimit ka filluar nga fillimi. (Foto: SDK.MK)<\/p><\/div>\n<p>SAKAMDAKAZAM.MK mbi k\u00ebt\u00eb rast dhe mbi problemin me pronat e pakthyera t\u00eb nacionalizuara t\u00eb qindra qytetar\u00ebve q\u00eb presin t\u2019u kthehet drejt\u00ebsia edhe pas 20 vjet\u00ebve, u drejtua me disa pyetje drejt ministrit t\u00eb financave Dragan Revdovski, por ai nuk iu p\u00ebrgjigj asnj\u00ebr\u00ebs.<\/p>\n<p>SAKAMDAKAZAM.MK ka dor\u00ebzuar k\u00ebto pyetje drejt ministrit Tevdovski<\/p>\n<ol>\n<li>A planifikoni t\u2019i zgjidhni k\u00ebrkesat p\u00ebr denacionalizim, mes t\u00eb cilave ka dhe t\u00eb tilla q\u00eb jan\u00eb t\u00eb vjetra 15, 18 dhe 20 vjet dhe n\u00ebse po, kur?<\/li>\n<li>A ekzistojn\u00eb mjete nga Buxheti, apo a ka shteti nj\u00eb pron\u00eb q\u00eb t\u2019ua kompensoj\u00eb pron\u00ebn e humbur qytetar\u00ebve, apo si\u00e7 ka ndodhur n\u00eb 2 dekadat e fundit, planifikoni edhe ju, gjegj\u00ebsisht Ministria, t\u00eb d\u00ebmshp\u00ebrblej\u00eb me tok\u00eb t\u00eb kategoris\u00eb s\u00eb ul\u00ebt, me ara apo deponi, n\u00eb shk\u00ebmbim t\u00eb lokacioneve atraktive n\u00eb mesin e qytetit, t\u00eb cilat u jan\u00eb nacionalizuar k\u00ebtyre personave t\u00eb d\u00ebmtuar?<\/li>\n<li>Meqen\u00ebse s\u00eb shpejti do t\u00eb sillen ndryshimet me an\u00eb t\u00eb t\u00eb cilave Gjykata administrative do t\u00eb duhet t\u00eb sjell\u00eb vendimet finale dhe nuk do t\u00eb mund t\u2019i kthej\u00eb m\u00eb l\u00ebnd\u00ebt e denacionalizimit nga 200 her\u00eb te komisionet, a p\u00ebrgatitet Ministria q\u00eb t\u00eb zgjidh\u00eb proceset e denacionalizimit?<\/li>\n<li>A do t\u2019i b\u00ebni thirrje Prokuroris\u00eb q\u00eb t\u00eb hetoj\u00eb p\u00ebrgjegj\u00ebsin\u00eb penale te k\u00ebta an\u00ebtar\u00eb t\u00eb kaluar dhe t\u00eb tash\u00ebm t\u00eb komisioneve p\u00ebr denacionalizim, p\u00ebr t\u00ebrheqjen e k\u00ebtyre l\u00ebnd\u00ebve t\u00eb vjetra prejj 15 deri 20 vjet, si dhe p\u00ebrgjegj\u00ebsin\u00eb p\u00ebr dyshime se shteti i ka marr\u00eb dhe shitur t\u00eb gjitha tokat e nacionalizuara n\u00eb dobi t\u00eb tij? A do t\u00eb hetohen keqp\u00ebrdorime ndaj qytetar\u00ebve nga ana e komisioneve p\u00ebr denacionalizim gjat\u00eb k\u00ebtyre viteve dhe tani?<\/li>\n<li>A e dini se gjat\u00eb procesit t\u00eb k\u00ebrkes\u00ebs p\u00ebr kthim t\u00eb pron\u00ebs s\u00eb tyre, n\u00ebp\u00ebr labirintet e gjyqit, shum\u00eb prej k\u00ebrkuesve t\u00eb denacionalizimit kan\u00eb vdekur?<\/li>\n<li>Kush do t\u00eb mbaj\u00eb p\u00ebrgjegj\u00ebsi p\u00ebr veprimet e denacionalizimit?<\/li>\n<\/ol>\n<p><strong><em>S. K. DELEVSKA<\/em><\/strong><\/p>\n<p>&nbsp;<\/p>\n\n<div style=\"font-size: 0px; height: 0px; line-height: 0px; margin: 0; padding: 0; clear: both;\"><\/div>","protected":false},"excerpt":{"rendered":"<p>Skender Huseini nga Tetova dhe motra e tij, t\u00eb cil\u00ebt p\u00ebr 15 vjet jan\u00eb duke u endur n\u00ebp\u00ebr gjykata n\u00eb [&hellip;]<\/p>\n","protected":false},"author":25,"featured_media":81884,"comment_status":"closed","ping_status":"closed","sticky":false,"template":"","format":"standard","meta":{"_mo_disable_npp":"","inline_featured_image":false},"categories":[3083],"tags":[],"imageURL":"https:\/\/sdk.mk\/wp-content\/uploads\/2019\/02\/zemjiste-tetovo-3289892389-650x341.jpg","thumbURL":"https:\/\/sdk.mk\/wp-content\/uploads\/2019\/02\/zemjiste-tetovo-3289892389-250x131.jpg","categoryNames":["Ngrije z\u00ebrin p\u00ebr Avokatin e Popullit"],"feature_caption":"\u201cK\u00ebto jan\u00eb ato 2.400 metra katror\u00eb q\u00eb shteti i kaluar ia mori familjes sime pa t\u00eb drejt\u00eb. Ne k\u00ebrkojm\u00eb q\u00eb toka t\u00eb na kthehet, pasi \u00ebsht\u00eb e jona. Me vite t\u00eb t\u00ebra jemi endur n\u00ebp\u00ebr komisioni qeveritare, t\u00eb financave, t\u00eb k\u00ebtilla e t\u00eb atilla, n\u00ebp\u00ebr gjykata, gjykata administrative\u2026E n\u00eb fund del se dikush i shtetit na ka vjedhur tok\u00ebn. Ime m\u00eb n\u00ebnshkruhej me gisht, kurse ata kan\u00eb falsifikuar ndonj\u00eb n\u00ebnshkrim q\u00eb sipas tyre \u00ebsht\u00eb i saji, q\u00eb t\u00eb mund t\u00eb justifikojn\u00eb se ka pranuar vendimin. M\u00eb pas rastin e kan\u00eb mbyllur, dhe p\u00ebrjet\u00ebsisht na e kan\u00eb marr\u00eb tok\u00ebn. Drejt\u00ebsin\u00eb time do ta k\u00ebrkoj deri n\u00eb fund dhe dikush do t\u00eb mbaj\u00eb p\u00ebrgjegj\u00ebsi p\u00ebr k\u00ebt\u00eb krim\u201d, thot\u00eb i revoltuar Skender Huseini p\u00ebr lokacionin atraktiv n\u00eb Tetov\u00eb t\u00eb uzurpuar nga shteti. (Foto: SDK.MK)","subtitle":"Pas parashtres\u00ebs s\u00eb d\u00ebrguar nga djali dhe vajza e saj, t\u00eb cil\u00ebt vet\u00ebm tani kan\u00eb zbuluar k\u00ebt\u00eb krim i cili buron nga komisionet n\u00ebn Ministrin\u00eb e financave, Avokati i popullit ka hapur procedur\u00eb p\u00ebr rastin n\u00eb fjal\u00eb dhe ka dor\u00ebzuar raport t\u00eb ve\u00e7ant\u00eb te Qeveria. Ombudsmani Ixhet Memeti pret q\u00eb Prokuroria t\u2019i gjej\u00eb falsifikuesit dhe t\u2019i sjell\u00eb n\u00eb gjyq.","views":"4759","source":"Shkup, (SAKAMDAKAZAM.MK)","yoast_head":"<!-- This site is optimized with the Yoast SEO Premium plugin v15.0 - https:\/\/yoast.com\/wordpress\/plugins\/seo\/ -->\n<title>KOMISIONI P\u00cbR DENACIONALIZIM KA FALSIFIKUAR N\u00cbNSHKRIMIN E NJ\u00cb GURAJE T\u00cb VDEKUR DHE ANALFABETE DHE KA MARR\u00cb PRON\u00cbN E NJ\u00cb TETOVARI - \u0421\u0430\u043a\u0430\u043c \u0414\u0430 \u041a\u0430\u0436\u0430\u043c<\/title>\n<meta name=\"robots\" content=\"index, follow, max-snippet:-1, max-image-preview:large, max-video-preview:-1\" \/>\n<link rel=\"canonical\" href=\"https:\/\/sdk.mk\/index.php\/ngrije-zerin-per-avokatin-e-popullit\/komisioni-per-denacionalizim-ka-falsifikuar-nenshkrimin-e-nje-guraje-te-vdekur-dhe-analfabete-dhe-ka-marre-pronen-e-nje-tetovari\/\" \/>\n<meta property=\"og:locale\" content=\"mk_MK\" \/>\n<meta property=\"og:type\" content=\"article\" \/>\n<meta property=\"og:title\" content=\"KOMISIONI P\u00cbR DENACIONALIZIM KA FALSIFIKUAR N\u00cbNSHKRIMIN E NJ\u00cb GURAJE T\u00cb VDEKUR DHE ANALFABETE DHE KA MARR\u00cb PRON\u00cbN E NJ\u00cb TETOVARI - \u0421\u0430\u043a\u0430\u043c \u0414\u0430 \u041a\u0430\u0436\u0430\u043c\" \/>\n<meta property=\"og:description\" content=\"Skender Huseini nga Tetova dhe motra e tij, t\u00eb cil\u00ebt p\u00ebr 15 vjet jan\u00eb duke u endur n\u00ebp\u00ebr gjykata n\u00eb [&hellip;]\" \/>\n<meta property=\"og:url\" content=\"https:\/\/sdk.mk\/index.php\/ngrije-zerin-per-avokatin-e-popullit\/komisioni-per-denacionalizim-ka-falsifikuar-nenshkrimin-e-nje-guraje-te-vdekur-dhe-analfabete-dhe-ka-marre-pronen-e-nje-tetovari\/\" \/>\n<meta property=\"og:site_name\" content=\"\u0421\u0430\u043a\u0430\u043c \u0414\u0430 \u041a\u0430\u0436\u0430\u043c\" \/>\n<meta property=\"article:published_time\" content=\"2019-02-25T14:33:21+00:00\" \/>\n<meta property=\"article:modified_time\" content=\"2019-02-25T14:37:35+00:00\" \/>\n<meta property=\"og:image\" content=\"https:\/\/sdk.mk\/wp-content\/uploads\/2019\/02\/zemjiste-tetovo-3289892389.jpg\" \/>\n\t<meta property=\"og:image:width\" content=\"800\" \/>\n\t<meta property=\"og:image:height\" content=\"420\" \/>\n<meta property=\"fb:app_id\" content=\"2407985809428537\" \/>\n<meta name=\"twitter:card\" content=\"summary\" \/>\n<script type=\"application\/ld+json\" class=\"yoast-schema-graph\">{\"@context\":\"https:\/\/schema.org\",\"@graph\":[{\"@type\":\"WebSite\",\"@id\":\"https:\/\/sdk.mk\/#website\",\"url\":\"https:\/\/sdk.mk\/\",\"name\":\"\\u0421\\u0430\\u043a\\u0430\\u043c \\u0414\\u0430 \\u041a\\u0430\\u0436\\u0430\\u043c\",\"description\":\"\\u0417\\u0430 \\u0441\\u043b\\u043e\\u0431\\u043e\\u0434\\u043e\\u0443\\u043c\\u043d\\u0438\",\"potentialAction\":[{\"@type\":\"SearchAction\",\"target\":\"https:\/\/sdk.mk\/?s={search_term_string}\",\"query-input\":\"required name=search_term_string\"}],\"inLanguage\":\"mk-MK\"},{\"@type\":\"ImageObject\",\"@id\":\"https:\/\/sdk.mk\/index.php\/ngrije-zerin-per-avokatin-e-popullit\/komisioni-per-denacionalizim-ka-falsifikuar-nenshkrimin-e-nje-guraje-te-vdekur-dhe-analfabete-dhe-ka-marre-pronen-e-nje-tetovari\/#primaryimage\",\"inLanguage\":\"mk-MK\",\"url\":\"https:\/\/sdk.mk\/wp-content\/uploads\/2019\/02\/zemjiste-tetovo-3289892389.jpg\",\"width\":800,\"height\":420},{\"@type\":\"WebPage\",\"@id\":\"https:\/\/sdk.mk\/index.php\/ngrije-zerin-per-avokatin-e-popullit\/komisioni-per-denacionalizim-ka-falsifikuar-nenshkrimin-e-nje-guraje-te-vdekur-dhe-analfabete-dhe-ka-marre-pronen-e-nje-tetovari\/#webpage\",\"url\":\"https:\/\/sdk.mk\/index.php\/ngrije-zerin-per-avokatin-e-popullit\/komisioni-per-denacionalizim-ka-falsifikuar-nenshkrimin-e-nje-guraje-te-vdekur-dhe-analfabete-dhe-ka-marre-pronen-e-nje-tetovari\/\",\"name\":\"KOMISIONI P\\u00cbR DENACIONALIZIM KA FALSIFIKUAR N\\u00cbNSHKRIMIN E NJ\\u00cb GURAJE T\\u00cb VDEKUR DHE ANALFABETE DHE KA MARR\\u00cb PRON\\u00cbN E NJ\\u00cb TETOVARI - \\u0421\\u0430\\u043a\\u0430\\u043c \\u0414\\u0430 \\u041a\\u0430\\u0436\\u0430\\u043c\",\"isPartOf\":{\"@id\":\"https:\/\/sdk.mk\/#website\"},\"primaryImageOfPage\":{\"@id\":\"https:\/\/sdk.mk\/index.php\/ngrije-zerin-per-avokatin-e-popullit\/komisioni-per-denacionalizim-ka-falsifikuar-nenshkrimin-e-nje-guraje-te-vdekur-dhe-analfabete-dhe-ka-marre-pronen-e-nje-tetovari\/#primaryimage\"},\"datePublished\":\"2019-02-25T14:33:21+00:00\",\"dateModified\":\"2019-02-25T14:37:35+00:00\",\"author\":{\"@id\":\"https:\/\/sdk.mk\/#\/schema\/person\/737021aeacbe893f7e2c347186c5c7a1\"},\"inLanguage\":\"mk-MK\",\"potentialAction\":[{\"@type\":\"ReadAction\",\"target\":[\"https:\/\/sdk.mk\/index.php\/ngrije-zerin-per-avokatin-e-popullit\/komisioni-per-denacionalizim-ka-falsifikuar-nenshkrimin-e-nje-guraje-te-vdekur-dhe-analfabete-dhe-ka-marre-pronen-e-nje-tetovari\/\"]}]},{\"@type\":\"Person\",\"@id\":\"https:\/\/sdk.mk\/#\/schema\/person\/737021aeacbe893f7e2c347186c5c7a1\",\"name\":\"\\u0424\\u0458\\u043e\\u043b\\u0430 \\u0417\\u043b\\u0430\\u0442\\u043a\\u0443\"}]}<\/script>\n<!-- \/ Yoast SEO Premium plugin. -->","_links":{"self":[{"href":"https:\/\/sdk.mk\/index.php\/wp-json\/wp\/v2\/posts\/81940"}],"collection":[{"href":"https:\/\/sdk.mk\/index.php\/wp-json\/wp\/v2\/posts"}],"about":[{"href":"https:\/\/sdk.mk\/index.php\/wp-json\/wp\/v2\/types\/post"}],"author":[{"embeddable":true,"href":"https:\/\/sdk.mk\/index.php\/wp-json\/wp\/v2\/users\/25"}],"replies":[{"embeddable":true,"href":"https:\/\/sdk.mk\/index.php\/wp-json\/wp\/v2\/comments?post=81940"}],"version-history":[{"count":0,"href":"https:\/\/sdk.mk\/index.php\/wp-json\/wp\/v2\/posts\/81940\/revisions"}],"wp:featuredmedia":[{"embeddable":true,"href":"https:\/\/sdk.mk\/index.php\/wp-json\/wp\/v2\/media\/81884"}],"wp:attachment":[{"href":"https:\/\/sdk.mk\/index.php\/wp-json\/wp\/v2\/media?parent=81940"}],"wp:term":[{"taxonomy":"category","embeddable":true,"href":"https:\/\/sdk.mk\/index.php\/wp-json\/wp\/v2\/categories?post=81940"},{"taxonomy":"post_tag","embeddable":true,"href":"https:\/\/sdk.mk\/index.php\/wp-json\/wp\/v2\/tags?post=81940"}],"curies":[{"name":"wp","href":"https:\/\/api.w.org\/{rel}","templated":true}]}}