{"id":82435,"date":"2019-03-02T14:05:02","date_gmt":"2019-03-02T13:05:02","guid":{"rendered":"https:\/\/sdk.mk\/?p=82435"},"modified":"2019-03-02T14:05:02","modified_gmt":"2019-03-02T13:05:02","slug":"platforme-e-sarajit","status":"publish","type":"post","link":"https:\/\/sdk.mk\/index.php\/dua-te-them\/platforme-e-sarajit\/","title":{"rendered":"PLATFORM\u00cb E SARAJIT"},"content":{"rendered":"<div class=\"f52428582a4b906b2d2e2a7d733c7d27\" data-index=\"7\" style=\"float: none; margin:10px 0 10px 0; text-align:center;\">\n<!-- MSP Ads Asynchronous JS Tag - Generated with Revive Adserver v5.4.1 -->\r\n<ins data-revive-zoneid=\"167\" data-revive-id=\"060fdb01f6430ec164d3519234aa4967\"><\/ins>\r\n<script async src=\"\/\/panel.ads.com.mk\/www\/delivery\/asyncjs.php\"><\/script>\n<\/div>\n<p><span class=\"dropcap color firstcharacter\">1<\/span>N\u00eb nj\u00eb shtet rrojn\u00eb nj\u00eb minist\u00ebr i pun\u00ebve t\u00eb brendshme, nj\u00eb minist\u00ebr p\u00ebr transport dhe lidhje dhe nj\u00eb kryetar i kryeqytetit. T\u00eb tre k\u00ebta dalin bashk\u00eb n\u00eb televizion dhe kryetari i qytetit u thot\u00eb gazetar\u00ebve se nuk ka ingerenca t\u00eb rr\u00ebnoj\u00eb nd\u00ebrtimin e paligjsh\u00ebm n\u00eb periferi q\u00eb \u00ebsht\u00eb mbrojtur si trash\u00ebgimi natyrore. K\u00ebt\u00eb gj\u00eb e d\u00ebgjojn\u00eb bukur e mir\u00eb ministri i pun\u00ebve t\u00eb brendshme dhe ministri p\u00ebr transport dhe lidhje dhe nuk reagojn\u00eb.<br \/>\nK\u00ebshtu e ka kjo pun\u00eb. Kaq mjafton t\u00eb dim\u00eb n\u00eb lidhje me funksionimin e shtetit ton\u00eb.<\/p>\n<p>Nd\u00ebrtimi i paligjsh\u00ebm \u00ebsht\u00eb nj\u00eb platform\u00eb e thjesht\u00eb e drurit n\u00eb liqenin e gryk\u00ebs s\u00eb Matk\u00ebs q\u00eb \u00ebsht\u00eb nj\u00eb shfaqje e rrall\u00eb natyrore dhe gjendet n\u00ebp\u00ebr t\u00eb gjitha kartolinat e Maqedonis\u00eb. Nj\u00ebri prej ministrave \u00ebsht\u00eb Oliver Spasovski, i cili udh\u00ebheq me policin\u00eb dhe d\u00ebshiron t\u00eb jet\u00eb president i shtetit. Ministri tjet\u00ebr \u00ebsht\u00eb Goran Sugareski, n\u00ebn kompetencat e t\u00eb cilit gjendet Inspektorati shtet\u00ebror p\u00ebr nd\u00ebrtimtari. Nd\u00ebrsa kryetari i kryeqytetit quhet Petre Shilegov, i cili para dy funksionar\u00ebve t\u00eb tjer\u00eb t\u00eb lart\u00eb t\u00eb shtetit thot\u00eb se Matka \u00ebsht\u00eb n\u00eb Komun\u00ebn e Sarajit.<br \/>\nZon\u00eb e lir\u00eb metropolitane, n\u00ebn kontrollin e nj\u00eb kryetari nga BDI-ja me emrin Blerim Bexheti. Nd\u00ebrkoh\u00eb BDI-ja \u00ebsht\u00eb partner koalicioni i partis\u00eb qeveris\u00ebse LSDM, prej ku vijn\u00eb kryetari i qytetit dhe dy ministrat e fuqish\u00ebm.<br \/>\nShkup, Saraj, Matk\u00eb \u2013 relacion i shkurt\u00ebr. T\u00eb gjith\u00eb jan\u00eb n\u00eb pushtet dhe at\u00eb n\u00eb vende ky\u00e7e, por asnj\u00ebri prej tyre, mir\u00eb q\u00eb nuk ka ingerenca, por nuk ka as fuqin\u00eb q\u00eb ta heq\u00eb platform\u00ebn e drurit nga liqeni.<\/p>\n<p>N\u00eb historin\u00eb e platform\u00ebs n\u00eb Matk\u00eb gjendet dhe nj\u00eb institucion tjet\u00ebr shum\u00eb t\u00eb r\u00ebnd\u00ebsish\u00ebm i cili quhet K\u00ebshilli i inspektimit. N\u00eb k\u00ebt\u00eb institucion shtet\u00ebror ka dhe nj\u00eb nj\u00ebsi p\u00ebr marr\u00ebdh\u00ebnie me publikun. Kush e di se sa kush\u00ebrinj, baxhanak\u00eb, kunata, kunet\u00ebr jan\u00eb futur aty q\u00eb ne t\u2019i ushqejm\u00eb. Mir\u00ebpo, ata nuk u p\u00ebrgjigjen pyetjeve t\u00eb gazetar\u00ebve n\u00ebse inspektor\u00ebt kan\u00eb dal\u00eb n\u00eb terren p\u00ebr t\u00eb par\u00eb platform\u00ebn. Vet\u00ebm k\u00ebrkojn\u00eb q\u00eb t\u00eb dor\u00ebzojm\u00eb k\u00ebrkes\u00eb p\u00ebr qasje drejt informacioneve t\u00eb karakterit publik. T\u00eb plot\u00ebsojm\u00eb nj\u00eb formular, t\u2019ua d\u00ebrgojm\u00eb, kurse ata do t\u00eb na p\u00ebrgjigjen n\u00eb afat prej 30 dit\u00ebsh. Administrat\u00eb transparente \u2013 s\u2019ka fjal\u00eb.<\/p>\n<p>Kjo platforma e Sarajit po duket shum\u00eb solide. M\u00eb e fort\u00eb dhe stabile akoma dhe se platforma e Tiran\u00ebs. Pasi platforma e Tiran\u00ebs ishte virtuale, e shpiku VMRO-DPMNE q\u00eb t\u00eb kulminonte me sulmin e Parlamentit m\u00eb 27 prill 2017. Kurse platforma e Matk\u00ebs \u00ebsht\u00eb reale. Dhe topi s\u2019e luan.<\/p>\n<p><span class=\"dropcap color firstcharacter\">2<\/span>Tani, meqen\u00ebse qeveria p\u00ebrgatit ligj t\u00eb ri p\u00ebr legalizim t\u00eb nd\u00ebrtimeve t\u00eb paligjshme, edhe platforma do t\u00eb b\u00ebhet e ligjshme. A e mbani mend bomb\u00ebn q\u00eb publikoi Zaevi, ku Ali Ahmeti dhe Nikolla Gurevski bisedonin p\u00ebr nd\u00ebrtimin e paligjsh\u00ebm te ambasada e Amerik\u00ebs n\u00eb Shkup? E kur Gruevski thoshte: \u201cN\u00ebp\u00ebr komunat tona, ne rr\u00ebnojm\u00eb ku t\u00eb duam\u201d. Kurse Ahmeti ia kthente se edhe ai vet\u00eb ishte kund\u00ebr nd\u00ebrtimeve t\u00eb paligjshme, por n\u00eb \u00c7air \u201cduhet menaxhuar disi\u201d.<br \/>\nAshtu pra, n\u00eb \u00c7air e menaxhoi disi Gruevski. Kurse n\u00eb Saraj do ta menaxhoj\u00eb Zaevi.<br \/>\nMir\u00eb ore, a thua p\u00ebr nj\u00eb platform\u00eb do t\u00eb shkat\u00ebrrojm\u00eb koalicionin e qeveris\u00eb?<\/p>\n<p><span class=\"dropcap color firstcharacter\">3<\/span>Qeveria e Zaevit ka vendousr t\u2019i jap\u00eb fund krimit n\u00eb nj\u00eb m\u00ebnyr\u00eb origjinale. Duke e legalizuar. At\u00eb q\u00eb ka vjedhur, do ta falin. At\u00eb q\u00eb ka nd\u00ebrtuar jasht\u00eb ligjit, do ta legalizojn\u00eb. At\u00eb q\u00eb ka sulmuar Parlamentin, do ta amnistojm\u00eb. At\u00eb q\u00eb nuk ka paguar llogarit\u00eb, do t\u2019ia falin borxhet. At\u00eb q\u00eb ka p\u00ebrgjuar jasht\u00eb ligjit, do t\u2019ia largojn\u00eb prokurorin\u00eb q\u00eb e p\u00ebrndjek n\u00eb lidhje me p\u00ebrgjimin.<\/p>\n<p>Megjithat\u00eb, kjo nuk \u00ebsht\u00eb e gjitha. T\u00eb gjith\u00eb t\u00eb af\u00ebrmit dhe t\u00eb larg\u00ebtit, shok\u00eb e shoqe i pun\u00ebsuar, meq\u00eb \u2013 a nuk ishte e v\u00ebrtet\u00eb se p\u00ebr 11 vjet ishin diskriminuar nga ata t\u00eb VMRO-s\u00eb, e nuk i kan\u00eb pun\u00ebsuar \u201cn\u00eb t\u00eb shtetit\u201d. Asnj\u00eb nga ata t\u00eb VMRO-s\u00eb q\u00eb gjithashtu u fut\u00ebn n\u00eb kurriz t\u00eb shtetit deri n\u00eb rr\u00ebnj\u00ebt e trungut familjar, nuk \u00ebsht\u00eb p\u00ebrz\u00ebn\u00eb nga puna. Kuadrot e BDI-s\u00eb tradicionalisht nuk guxojn\u00eb t\u00eb ngacmohen, pasi ndryshe iku bashk\u00ebjetesa, e besa, iku edhe koalicioni.<\/p>\n<p>O jet\u00eb, o bukuri&#8230;<br \/>\nN\u00eb nj\u00eb situat\u00eb t\u00eb k\u00ebtill\u00eb me t\u00eb v\u00ebrtet\u00eb duhet t\u00eb na vij\u00eb keq p\u00ebr Gruevskin. Iu desh t\u00eb ik\u00eb n\u00eb Budapest n\u00eb vend q\u00eb t\u00eb q\u00ebndronte k\u00ebtu dhe t\u00eb shijonte frytet e far\u00ebs s\u00eb sistemit q\u00eb mbolli vet\u00eb, e q\u00eb e rriti i p\u00ebrkushtuar p\u00ebr 11 vjet.<\/p>\n<p><span class=\"dropcap color firstcharacter\">4<\/span>K\u00ebtu \u00ebsht\u00eb qeveria e Zaevit q\u00eb e nd\u00ebrtoi p\u00ebr 100 hapa m\u00eb shum\u00eb at\u00eb q\u00eb Gruevski e ushqente gjat\u00eb koh\u00ebs s\u00eb tij.<br \/>\nGj\u00ebja e par\u00eb t\u00eb cil\u00ebn qeveria e re b\u00ebri n\u00eb plan t\u00eb brendsh\u00ebm ishte t\u00eb legalizonte tarracat e najlonit t\u00eb kafexhinjve dhe t\u2019i shnd\u00ebrronte n\u00eb nd\u00ebrtime t\u00eb forta, kafe paralele n\u00eb hap\u00ebsir\u00eb publike. Me deklarat\u00ebn e tij, kryeministri logjikisht u nd\u00ebrlidh me k\u00ebt\u00eb pun\u00eb, duke i th\u00ebn\u00eb \u201cxha Nikoll\u00ebs\u201d nga Ohri se do t\u00eb p\u00ebrpiqet q\u00eb vet\u00eb t\u2019i mund\u00ebsonte nd\u00ebrtimin e \u201cnj\u00eb objekti t\u00eb vog\u00ebl p\u00ebr biznes familjar\u201d me 7 dhoma dhe 8 apartamente n\u00eb kat\u00ebr kate brenda nj\u00eb zone t\u00eb mbrojtur n\u00eb m\u00eb pak se 10 metra larg bregut t\u00eb Liqenit t\u00eb Ohrit.<\/p>\n<p>E k\u00ebshtu, hap pas hapi mb\u00ebrrit\u00ebm deri te platforma e Matk\u00ebs. M\u00eb thoni, p\u00ebrse t\u2019i pengojn\u00eb kryetarit t\u00eb Sarajit platformat e vogla t\u00eb paligjshme p\u00ebr biznes familjar, kur vet\u00eb kryeministri, p\u00ebr nj\u00eb hotel t\u00eb paligjsh\u00ebm shkel 12 ligje bashk\u00eb me Kushtetut\u00ebn e shtetit dhe thot\u00eb: \u201cMadje edhe sikur t\u00eb ekzistonte aspekti ligjoro-formal n\u00eb nj\u00ebsin\u00eb e urbanizmit, nuk mund \u201ct\u00eb mos b\u00ebhet\u201d. Do t\u00eb gjejn\u00eb m\u00ebnyr\u00ebn se si \u201ct\u00eb b\u00ebhet!\u201d. P\u00ebrse t\u2019i pengoj\u00eb kryetarit t\u00eb Komun\u00ebs s\u00eb Strug\u00ebs kur dikush djeg tall\u00ebn e bregut q\u00eb t\u00eb nd\u00ebrtoj\u00eb paraped betoni p\u00ebr nj\u00eb biznes t\u00eb vog\u00ebl familjar? Nuk mund t\u00eb thuhet se nuk b\u00ebhet. Do t\u00eb gjejn\u00eb nj\u00eb m\u00ebnyr\u00eb q\u00eb t\u00eb b\u00ebhet. P\u00ebrse ti shkat\u00ebrroj\u00eb nd\u00ebrtimet e jasht\u00ebligjshme n\u00eb Sharr kryetarja e Tetov\u00ebs dhe t\u00eb p\u00ebrndjek\u00eb vjedh\u00ebsit e druve q\u00eb shkaktojn\u00eb v\u00ebrshime vdekjeprur\u00ebse? Do t\u00eb gjejn\u00eb dhe ata nj\u00eb m\u00ebnyr\u00eb q\u00eb t\u00eb b\u00ebhet!<\/p>\n<p>E v\u00ebrteta \u00ebsht\u00eb se duhej ta kishim t\u00eb qart\u00eb t\u00eb gjith\u00eb se ky shtet do t\u00eb qeveris\u00eb sipas ligjit t\u00eb xha Nikoll\u00ebs q\u00eb at\u00ebher\u00eb kur qeveria e re lejoi q\u00eb t\u00eb p\u00ebrfundonte nd\u00ebrtimi i projektit Shkupi 2014. Her\u00ebt e von\u00eb t\u00eb gjitha nd\u00ebrtimet e paligjshme do t\u00eb inaugurohen me lopata me kordele. K\u00ebta nuk i kan\u00eb shk\u00ebputur lidhjet me praktikat kriminele t\u00eb VMRO-DPMNE-s\u00eb. Vet\u00ebm i legalizuan.<\/p>\n<p>A kan\u00eb fare usull apo jo? Gjith\u00e7ka q\u00eb p\u00ebr dy vjet kan\u00eb b\u00ebr\u00eb n\u00eb plan nd\u00ebrkomb\u00ebtar, gj\u00eb p\u00ebr t\u00eb cil\u00ebn u p\u00ebrsh\u00ebndet\u00ebn nga e gjith\u00eb bota per\u00ebndimore, e shkat\u00ebrruan p\u00ebr nj\u00eb koh\u00eb akoma m\u00eb t\u00eb shkurt\u00ebr n\u00eb shtetin e tyre. Nga nj\u00eb an\u00eb, zgjidh\u00ebn nj\u00eb \u00e7\u00ebshtje historike q\u00eb kryeministrit mund t\u2019i sjell\u00eb \u00e7mimi Nobel p\u00ebr paqe. Nga ana tjet\u00ebr, ai q\u00eb siguron paqen n\u00eb shtetin e tij, imponon paligjshm\u00ebri dhe mosd\u00ebnim. \u00c7mimi i Nobelit dhe ligji i xha Nikoll\u00ebs.<\/p>\n<p><span class=\"dropcap color firstcharacter\">5<\/span>Treshja jokompetente, Spasovski, Sugareski dhe Shilegov nga fillimi i tekstit u shfaq\u00ebn s\u00ebbashku n\u00eb promovimin e parkingjeve speciale p\u00ebr gra shtatz\u00ebna. Nj\u00eb ide p\u00ebr t\u2019u p\u00ebrsh\u00ebndetur. Me siguri ua kan\u00eb treguar n\u00eb ndonj\u00eb nga shtetet ku i shpien q\u00eb t\u00eb m\u00ebsojn\u00eb si t\u00eb b\u00ebjn\u00eb nj\u00eb shtet sagllam.<br \/>\nK\u00ebta nuk i heqin dot as veturat nga parku i qytetit t\u00eb Shkupit e shtatz\u00ebnave do t\u2019ua mbrojtkan vendet e parkimit.<\/p>\n<p><em>P\u00ebrktheu: Fjolla Zllatku<\/em><\/p>\n\n<div style=\"font-size: 0px; height: 0px; line-height: 0px; margin: 0; padding: 0; clear: both;\"><\/div>","protected":false},"excerpt":{"rendered":"<p>N\u00eb nj\u00eb shtet rrojn\u00eb nj\u00eb minist\u00ebr i pun\u00ebve t\u00eb brendshme, nj\u00eb minist\u00ebr p\u00ebr transport dhe lidhje dhe nj\u00eb kryetar i [&hellip;]<\/p>\n","protected":false},"author":9,"featured_media":184,"comment_status":"closed","ping_status":"closed","sticky":false,"template":"","format":"standard","meta":{"_mo_disable_npp":"","inline_featured_image":false},"categories":[1825],"tags":[],"imageURL":"https:\/\/sdk.mk\/wp-content\/uploads\/2015\/12\/goran-mihailovski2.jpg","thumbURL":"https:\/\/sdk.mk\/wp-content\/uploads\/2015\/12\/goran-mihailovski2-250x196.jpg","categoryNames":["DUA T\u00cb THEM"],"feature_caption":"","subtitle":"Nobeli dhe ligji i xha Nikoll\u00ebs","views":"9018","source":"","yoast_head":"<!-- This site is optimized with the Yoast SEO Premium plugin v15.0 - https:\/\/yoast.com\/wordpress\/plugins\/seo\/ -->\n<title>PLATFORM\u00cb E SARAJIT - \u0421\u0430\u043a\u0430\u043c \u0414\u0430 \u041a\u0430\u0436\u0430\u043c<\/title>\n<meta name=\"robots\" content=\"index, follow, max-snippet:-1, max-image-preview:large, max-video-preview:-1\" \/>\n<link rel=\"canonical\" href=\"https:\/\/sdk.mk\/index.php\/dua-te-them\/platforme-e-sarajit\/\" \/>\n<meta property=\"og:locale\" content=\"mk_MK\" \/>\n<meta property=\"og:type\" content=\"article\" \/>\n<meta property=\"og:title\" content=\"PLATFORM\u00cb E SARAJIT - \u0421\u0430\u043a\u0430\u043c \u0414\u0430 \u041a\u0430\u0436\u0430\u043c\" \/>\n<meta property=\"og:description\" content=\"N\u00eb nj\u00eb shtet rrojn\u00eb nj\u00eb minist\u00ebr i pun\u00ebve t\u00eb brendshme, nj\u00eb minist\u00ebr p\u00ebr transport dhe lidhje dhe nj\u00eb kryetar i [&hellip;]\" \/>\n<meta property=\"og:url\" content=\"https:\/\/sdk.mk\/index.php\/dua-te-them\/platforme-e-sarajit\/\" \/>\n<meta property=\"og:site_name\" content=\"\u0421\u0430\u043a\u0430\u043c \u0414\u0430 \u041a\u0430\u0436\u0430\u043c\" \/>\n<meta property=\"article:published_time\" content=\"2019-03-02T13:05:02+00:00\" \/>\n<meta property=\"og:image\" content=\"https:\/\/sdk.mk\/wp-content\/uploads\/2015\/12\/goran-mihailovski2.jpg\" \/>\n\t<meta property=\"og:image:width\" content=\"400\" \/>\n\t<meta property=\"og:image:height\" content=\"313\" \/>\n<meta property=\"fb:app_id\" content=\"2407985809428537\" \/>\n<meta name=\"twitter:card\" content=\"summary\" \/>\n<script type=\"application\/ld+json\" class=\"yoast-schema-graph\">{\"@context\":\"https:\/\/schema.org\",\"@graph\":[{\"@type\":\"WebSite\",\"@id\":\"https:\/\/sdk.mk\/#website\",\"url\":\"https:\/\/sdk.mk\/\",\"name\":\"\\u0421\\u0430\\u043a\\u0430\\u043c \\u0414\\u0430 \\u041a\\u0430\\u0436\\u0430\\u043c\",\"description\":\"\\u0417\\u0430 \\u0441\\u043b\\u043e\\u0431\\u043e\\u0434\\u043e\\u0443\\u043c\\u043d\\u0438\",\"potentialAction\":[{\"@type\":\"SearchAction\",\"target\":\"https:\/\/sdk.mk\/?s={search_term_string}\",\"query-input\":\"required name=search_term_string\"}],\"inLanguage\":\"mk-MK\"},{\"@type\":\"ImageObject\",\"@id\":\"https:\/\/sdk.mk\/index.php\/dua-te-them\/platforme-e-sarajit\/#primaryimage\",\"inLanguage\":\"mk-MK\",\"url\":\"https:\/\/sdk.mk\/wp-content\/uploads\/2015\/12\/goran-mihailovski2.jpg\",\"width\":400,\"height\":313},{\"@type\":\"WebPage\",\"@id\":\"https:\/\/sdk.mk\/index.php\/dua-te-them\/platforme-e-sarajit\/#webpage\",\"url\":\"https:\/\/sdk.mk\/index.php\/dua-te-them\/platforme-e-sarajit\/\",\"name\":\"PLATFORM\\u00cb E SARAJIT - \\u0421\\u0430\\u043a\\u0430\\u043c \\u0414\\u0430 \\u041a\\u0430\\u0436\\u0430\\u043c\",\"isPartOf\":{\"@id\":\"https:\/\/sdk.mk\/#website\"},\"primaryImageOfPage\":{\"@id\":\"https:\/\/sdk.mk\/index.php\/dua-te-them\/platforme-e-sarajit\/#primaryimage\"},\"datePublished\":\"2019-03-02T13:05:02+00:00\",\"dateModified\":\"2019-03-02T13:05:02+00:00\",\"author\":{\"@id\":\"https:\/\/sdk.mk\/#\/schema\/person\/3e8217f71bc38bd7c592f30c69e10e5a\"},\"inLanguage\":\"mk-MK\",\"potentialAction\":[{\"@type\":\"ReadAction\",\"target\":[\"https:\/\/sdk.mk\/index.php\/dua-te-them\/platforme-e-sarajit\/\"]}]},{\"@type\":\"Person\",\"@id\":\"https:\/\/sdk.mk\/#\/schema\/person\/3e8217f71bc38bd7c592f30c69e10e5a\",\"name\":\"\\u041c\\u0438\\u0440\\u043e\\u0441\\u043b\\u0430\\u0432 \\u0418\\u043b\\u0438\\u043e\\u0441\\u043a\\u0438\"}]}<\/script>\n<!-- \/ Yoast SEO Premium plugin. -->","_links":{"self":[{"href":"https:\/\/sdk.mk\/index.php\/wp-json\/wp\/v2\/posts\/82435"}],"collection":[{"href":"https:\/\/sdk.mk\/index.php\/wp-json\/wp\/v2\/posts"}],"about":[{"href":"https:\/\/sdk.mk\/index.php\/wp-json\/wp\/v2\/types\/post"}],"author":[{"embeddable":true,"href":"https:\/\/sdk.mk\/index.php\/wp-json\/wp\/v2\/users\/9"}],"replies":[{"embeddable":true,"href":"https:\/\/sdk.mk\/index.php\/wp-json\/wp\/v2\/comments?post=82435"}],"version-history":[{"count":0,"href":"https:\/\/sdk.mk\/index.php\/wp-json\/wp\/v2\/posts\/82435\/revisions"}],"wp:featuredmedia":[{"embeddable":true,"href":"https:\/\/sdk.mk\/index.php\/wp-json\/wp\/v2\/media\/184"}],"wp:attachment":[{"href":"https:\/\/sdk.mk\/index.php\/wp-json\/wp\/v2\/media?parent=82435"}],"wp:term":[{"taxonomy":"category","embeddable":true,"href":"https:\/\/sdk.mk\/index.php\/wp-json\/wp\/v2\/categories?post=82435"},{"taxonomy":"post_tag","embeddable":true,"href":"https:\/\/sdk.mk\/index.php\/wp-json\/wp\/v2\/tags?post=82435"}],"curies":[{"name":"wp","href":"https:\/\/api.w.org\/{rel}","templated":true}]}}