{"id":83275,"date":"2019-03-13T14:44:58","date_gmt":"2019-03-13T13:44:58","guid":{"rendered":"https:\/\/sdk.mk\/?p=83275"},"modified":"2019-03-13T14:44:58","modified_gmt":"2019-03-13T13:44:58","slug":"eshte-mrekulli-e-pabesueshme-persona-me-pengesa-ne-zhvillim-mesojne-skijim-ne-mavrove","status":"publish","type":"post","link":"https:\/\/sdk.mk\/index.php\/histori-te-parrefyera\/eshte-mrekulli-e-pabesueshme-persona-me-pengesa-ne-zhvillim-mesojne-skijim-ne-mavrove\/","title":{"rendered":"\u00cbSHT\u00cb MREKULLI E PABESUESHME, PERSONA ME PENGESA N\u00cb ZHVILLIM M\u00cbSOJN\u00cb SKIJIM N\u00cb MAVROV\u00cb"},"content":{"rendered":"<div class=\"f52428582a4b906b2d2e2a7d733c7d27\" data-index=\"7\" style=\"float: none; margin:10px 0 10px 0; text-align:center;\">\n<!-- MSP Ads Asynchronous JS Tag - Generated with Revive Adserver v5.4.1 -->\r\n<ins data-revive-zoneid=\"167\" data-revive-id=\"060fdb01f6430ec164d3519234aa4967\"><\/ins>\r\n<script async src=\"\/\/panel.ads.com.mk\/www\/delivery\/asyncjs.php\"><\/script>\n<\/div>\n<p>Emocione, g\u00ebzim, por edhe pasiguri n\u00eb lidhje me at\u00eb se si do t\u00eb jet\u00eb skijimi i tyre i par\u00eb! E gjith\u00eb kjo duket n\u00eb fytyrat e Elen\u00ebs, Geres, Zoranit, Luljet\u00ebs, Vasilit dhe Ratkos, t\u00eb cil\u00ebve pardje pasdite u filloi trajnimi p\u00ebr skijim me persona me pengesa n\u00eb zhvillim, q\u00eb k\u00ebt\u00eb jav\u00eb po mbahet n\u00eb qendr\u00ebn e skijimit \u201cZaer Llazarevski\u201d n\u00eb Mavrov\u00eb. Ata jan\u00eb pjes\u00eb e grupit prej 13 vetash me pengesa n\u00eb zhvillim nga Maqedonia veriore, Bullgaria dhe Kosova, t\u00eb cil\u00ebt nga 4-9 marsi, bashk\u00eb me 8 instruktor\u00eb t\u00eb ardhsh\u00ebm t\u00eb skijimit p\u00ebr persona me pengesa n\u00eb zhvillim, do t\u00eb marrin pjes\u00eb n\u00eb shkoll\u00ebn e par\u00eb sit-ski, e organizuar nga Shoqata e qytetar\u00ebve me paraplegji dhe kavriplegji \u201cPa kufizime\u201d.<\/p>\n<p>Elena Davidkovska nga Kratova, nj\u00eb person me pengesa nga lindja, thot\u00eb se pret me padurim t\u00eb filloj\u00eb skijimi.<\/p>\n<p>\u201cP\u00ebr mua kjo \u00ebsht\u00eb hera e par\u00eb n\u00eb nj\u00eb eksperienc\u00eb t\u00eb k\u00ebtill\u00eb, edhe pse merrem me atletik\u00eb, hedhje disku, etj, dhe deri m\u00eb tani disa her\u00eb kam marr\u00eb pjes\u00eb n\u00eb gara nd\u00ebrkomb\u00ebtare. Gjithashtu, kam fituar vendin e par\u00eb n\u00eb nivel shtet\u00ebror. Por, kjo do t\u00eb jet\u00eb nj\u00eb eksperienc\u00eb krejt\u00ebsisht e re\u201d, thot\u00eb ajo.<\/p>\n<div id=\"attachment_82804\" style=\"width: 1410px\" class=\"wp-caption aligncenter\"><a href=\"https:\/\/sdk.mk\/wp-content\/uploads\/2019\/03\/LICA-SO-HENDIKEP-18.jpg\"><img aria-describedby=\"caption-attachment-82804\" loading=\"lazy\" class=\"wp-image-82804 size-full\" src=\"https:\/\/sdk.mk\/wp-content\/uploads\/2019\/03\/LICA-SO-HENDIKEP-18.jpg\" alt=\"\" width=\"1400\" height=\"952\" srcset=\"https:\/\/sdk.mk\/wp-content\/uploads\/2019\/03\/LICA-SO-HENDIKEP-18.jpg 1400w, https:\/\/sdk.mk\/wp-content\/uploads\/2019\/03\/LICA-SO-HENDIKEP-18-250x170.jpg 250w, https:\/\/sdk.mk\/wp-content\/uploads\/2019\/03\/LICA-SO-HENDIKEP-18-400x272.jpg 400w, https:\/\/sdk.mk\/wp-content\/uploads\/2019\/03\/LICA-SO-HENDIKEP-18-768x522.jpg 768w, https:\/\/sdk.mk\/wp-content\/uploads\/2019\/03\/LICA-SO-HENDIKEP-18-650x442.jpg 650w, https:\/\/sdk.mk\/wp-content\/uploads\/2019\/03\/LICA-SO-HENDIKEP-18-150x102.jpg 150w, https:\/\/sdk.mk\/wp-content\/uploads\/2019\/03\/LICA-SO-HENDIKEP-18-800x544.jpg 800w, https:\/\/sdk.mk\/wp-content\/uploads\/2019\/03\/LICA-SO-HENDIKEP-18-1200x816.jpg 1200w\" sizes=\"(max-width: 1400px) 100vw, 1400px\" \/><\/a><p id=\"caption-attachment-82804\" class=\"wp-caption-text\">Instruktor\u00ebt e ardhs\u00ebm p\u00ebr skijim me persona me pengesa n\u00eb zhvillim e kaluan edhe vet\u00eb trajnimin nj\u00eb her\u00eb n\u00ebn udh\u00ebheqjen e eksper\u00ebtve nga Uellsi dhe skijuan vet\u00eb n\u00eb sit-ski q\u00eb t\u00eb shohin dhe t\u00eb ndjejn\u00eb se cila \u00ebsht\u00eb perspektiva e atyre q\u00eb do t\u00eb duhet t\u2019i trajnojn\u00eb. (Foto: Gj Li\u00e7ovski)<\/p><\/div>\n<p>Skijuesit, por edhe instruktor\u00ebt e ardhsh\u00ebm, ndjekin k\u00ebshillat e fundit t\u00eb ekspert\u00ebve nga Uellsi, Kris Dej dhe Rodi Luelin n\u00eb lidhje me skijimin e par\u00eb n\u00eb Mavrov\u00eb, dhe pastaj\u2026magjia fillon\u201d Nd\u00ebrkoh\u00eb q\u00eb skijuesit jan\u00eb t\u00eb ulur n\u00eb ul\u00ebset specialisht t\u00eb dizajnuara p\u00ebr skijim, t\u00eb ngjashme me sajat, instruktor\u00ebt gjenden pas tyre dhe mbajn\u00eb me lenta ul\u00ebset duke pasur kujdes q\u00eb t\u00eb mbahet drejtimi, t\u00eb mund t\u00eb kthejn\u00eb n\u00eb m\u00ebnyr\u00eb t\u00eb duhur dhe t\u00eb l\u00ebshohen n\u00eb m\u00ebnyr\u00eb t\u00eb sigurt. Nj\u00eb pjes\u00eb e tyre skijonin me skija, pasi pengesa e tyre n\u00eb zhvillim \u00ebsht\u00eb m\u00eb e vog\u00ebl.<\/p>\n<p>\u201cKjo \u00ebsht\u00eb nj\u00eb ndjenj\u00eb e mrekullueshme, e pabesueshme\u201d, d\u00ebgjohen z\u00ebrat e skijuesve nd\u00ebrkoh\u00eb q\u00eb l\u00ebshohen me ul\u00ebset sit-ski.<\/p>\n<p>K\u00ebt\u00eb procedur\u00eb e p\u00ebrs\u00ebrit\u00ebn edhe disa her\u00eb, gj\u00eb q\u00eb \u00ebsht\u00eb vet\u00ebm p\u00ebrgatitje p\u00ebr at\u00eb q\u00eb i pret dit\u00ebve t\u00eb tjera t\u00eb trajnimit, ku do t\u00eb mund t\u00eb m\u00ebsojn\u00eb vet\u00eb se si ta drejtojn\u00eb ul\u00ebsen dhe si t\u00eb skijojn\u00eb.<\/p>\n<div id=\"attachment_82803\" style=\"width: 1410px\" class=\"wp-caption alignnone\"><a href=\"https:\/\/sdk.mk\/wp-content\/uploads\/2019\/03\/LICA-SO-HENDIKEP-14-1.jpg\"><img aria-describedby=\"caption-attachment-82803\" loading=\"lazy\" class=\"wp-image-82803 size-full\" src=\"https:\/\/sdk.mk\/wp-content\/uploads\/2019\/03\/LICA-SO-HENDIKEP-14-1.jpg\" alt=\"\" width=\"1400\" height=\"928\" srcset=\"https:\/\/sdk.mk\/wp-content\/uploads\/2019\/03\/LICA-SO-HENDIKEP-14-1.jpg 1400w, https:\/\/sdk.mk\/wp-content\/uploads\/2019\/03\/LICA-SO-HENDIKEP-14-1-250x166.jpg 250w, https:\/\/sdk.mk\/wp-content\/uploads\/2019\/03\/LICA-SO-HENDIKEP-14-1-400x265.jpg 400w, https:\/\/sdk.mk\/wp-content\/uploads\/2019\/03\/LICA-SO-HENDIKEP-14-1-768x509.jpg 768w, https:\/\/sdk.mk\/wp-content\/uploads\/2019\/03\/LICA-SO-HENDIKEP-14-1-650x431.jpg 650w, https:\/\/sdk.mk\/wp-content\/uploads\/2019\/03\/LICA-SO-HENDIKEP-14-1-150x99.jpg 150w, https:\/\/sdk.mk\/wp-content\/uploads\/2019\/03\/LICA-SO-HENDIKEP-14-1-800x530.jpg 800w, https:\/\/sdk.mk\/wp-content\/uploads\/2019\/03\/LICA-SO-HENDIKEP-14-1-1200x795.jpg 1200w\" sizes=\"(max-width: 1400px) 100vw, 1400px\" \/><\/a><p id=\"caption-attachment-82803\" class=\"wp-caption-text\">Ekspert\u00ebt nga Uellsi i trajnuan edhe t\u00eb pun\u00ebsuarit e ski qendr\u00ebs se si duhet t\u00eb zhvillohet transporti i persnave me skilift, pasi gjith\u00e7ka duhet t\u00eb rrjedh\u00eb n\u00eb m\u00ebnyr\u00eb precize q\u00eb ata t\u00eb mb\u00ebrrijn\u00eb t\u00eb sigurt te terreni i skijimit. (Foto: Gj. Li\u00e7ovski)<\/p><\/div>\n<p>\u201cKjo \u00ebsht\u00eb di\u00e7ka e paharrueshme. P\u00ebr mua kjo \u00ebsht\u00eb hera e par\u00eb q\u00eb skijoj me sit-ski dhe \u00ebsht\u00eb shum\u00eb m\u00eb interesante se sa skijimi me skija, q\u00eb kam b\u00ebr\u00eb para 20 vjet\u00ebsish. Flas p\u00ebr k\u00ebt\u00eb dallim pasi \u00ebsht\u00eb di\u00e7ka q\u00eb mund ta b\u00ebj, duke qen\u00eb se nuk kam kaluar t\u00eb gjith\u00eb jet\u00ebn n\u00eb karroc\u00eb. Dua t\u2019u b\u00ebj thirrje personave me pengesa n\u00eb zhvillim q\u00eb t\u00eb jen\u00eb t\u00eb hapur ndaj t\u00eb gjitha mund\u00ebsive q\u00eb u ofrohen, dhe t\u00eb gjith\u00eb njer\u00ebzve q\u00eb t\u2019u ndihmojn\u00eb personave q\u00eb nuk jan\u00eb t\u00eb pavarur, q\u00eb t\u00eb mund t\u2019i b\u00ebjm\u00eb dhe ata pjes\u00eb t\u00eb shoq\u00ebris\u00eb\u201d, thot\u00eb Geri T\u00ebrpkov nga Shkupi dhe an\u00ebtar i shoqat\u00ebs, duke shtuar se kjo \u00ebsht\u00eb vet\u00ebm p\u00ebrgatitja e asaj q\u00eb e pret dit\u00ebn tjet\u00ebr, kur duhet t\u2019i m\u00ebsoj\u00eb t\u00eb p\u00ebrdorim lopatat me t\u00eb cilat do t\u00eb mund ta menaxhojn\u00eb vet\u00eb ul\u00ebsen p\u00ebr skijim.<\/p>\n<p>N\u00eb m\u00ebngjes, tet\u00eb instruktor\u00ebt e ardhsh\u00ebm p\u00ebr skijim p\u00ebr persona me pengesa n\u00eb zhvillim m\u00ebsonin se si menaxhohet ul\u00ebsja e skijimit, me instruksionet e ekspert\u00ebve t\u00eb Uellsit, t\u00eb cil\u00ebt u k\u00ebrkonin ta rip\u00ebrs\u00ebrisnin disa her\u00eb procedur\u00ebn dhe u tregonin se si ta mbanin barazpesh\u00ebn dhe pastaj se si t\u00eb lirohen nga lentat speciale me t\u00eb cilat mbahet ul\u00ebsja.<\/p>\n<p>\u201cDy dit\u00ebt e kaluara kemi pasur trajnim teorik p\u00ebr m\u00ebnyr\u00ebn se si do t\u00eb zhvillohen trajnimet me personat me pengesa n\u00eb zhvillim, kurse sot edhe ne po provojm\u00eb se si b\u00ebhet. Q\u00ebllimi \u00ebsht\u00eb t\u00eb futemi n\u00eb vendin e personave me pengesa n\u00eb zhvillim dhe t\u00eb p\u00ebrjetojm\u00eb nga perspektiva e tyre at\u00eb q\u00eb ata ndjejn\u00eb p\u00ebrderisa skijojn\u00eb. \u00cbsht\u00eb e mrekullueshme dhe krejt\u00ebsisht ndryshe nga skijimi me skija\u201d, thot\u00eb Vllado Karaev, nj\u00eb nga instruktor\u00ebt e ardhsh\u00ebm.<\/p>\n<p>Kris dhe Rodi me durim shum\u00eb t\u00eb madh u shpjegojn\u00eb disa her\u00eb se cili duhet t\u00eb jet\u00eb pozicionimi i trupit nd\u00ebrkoh\u00eb q\u00eb ndodhen pas ul\u00ebses dhe atyre q\u00eb ndodhen te ul\u00ebsja, t\u2019u shpjegohet se si manovrohet me lopatat p\u00ebr t\u00eb mir\u00ebmbajtur nj\u00eb drejtim korrekt. Kris thot\u00eb se n\u00eb var\u00ebsi t\u00eb penges\u00ebs q\u00eb kan\u00eb, k\u00ebta persona mund t\u00eb skijojn\u00eb edhe me ski, gj\u00eb gjat\u00eb s\u00eb cil\u00ebs r\u00ebnd\u00ebsi t\u00eb madhe ka besimi mes instruktorit dhe atij q\u00eb \u00ebsht\u00eb n\u00eb trajnim.<\/p>\n<div id=\"attachment_82802\" style=\"width: 1210px\" class=\"wp-caption alignnone\"><a href=\"https:\/\/sdk.mk\/wp-content\/uploads\/2019\/03\/LICA-SO-HENDIKEP-12-1.jpg\"><img aria-describedby=\"caption-attachment-82802\" loading=\"lazy\" class=\"wp-image-82802 size-full\" src=\"https:\/\/sdk.mk\/wp-content\/uploads\/2019\/03\/LICA-SO-HENDIKEP-12-1.jpg\" alt=\"\" width=\"1200\" height=\"764\" srcset=\"https:\/\/sdk.mk\/wp-content\/uploads\/2019\/03\/LICA-SO-HENDIKEP-12-1.jpg 1200w, https:\/\/sdk.mk\/wp-content\/uploads\/2019\/03\/LICA-SO-HENDIKEP-12-1-250x159.jpg 250w, https:\/\/sdk.mk\/wp-content\/uploads\/2019\/03\/LICA-SO-HENDIKEP-12-1-400x255.jpg 400w, https:\/\/sdk.mk\/wp-content\/uploads\/2019\/03\/LICA-SO-HENDIKEP-12-1-768x489.jpg 768w, https:\/\/sdk.mk\/wp-content\/uploads\/2019\/03\/LICA-SO-HENDIKEP-12-1-650x414.jpg 650w, https:\/\/sdk.mk\/wp-content\/uploads\/2019\/03\/LICA-SO-HENDIKEP-12-1-150x96.jpg 150w, https:\/\/sdk.mk\/wp-content\/uploads\/2019\/03\/LICA-SO-HENDIKEP-12-1-800x509.jpg 800w\" sizes=\"(max-width: 1200px) 100vw, 1200px\" \/><\/a><p id=\"caption-attachment-82802\" class=\"wp-caption-text\">Instruktori na Uellsi Rodi Lulelin kujdeset p\u00ebr detalet m\u00eb t\u00eb vogla q t\u00eb sigurohet se pajisjet jan\u00eb t\u00eb vendpsura n\u00eb m\u00ebnyr\u00ebn e duhur, p\u00ebrpara se t\u2019i l\u00ebshoj\u00eb p\u00ebr sikim. (Foto: Gj. Li\u00e7ovski)<\/p><\/div>\n<p>Te trajnimi n\u00eb m\u00ebnyr\u00eb vullnetare u p\u00ebrfshin\u00eb edhe instruktori i parashutizmit, Jane Stefanov, q\u00eb \u00ebsht\u00eb pjes\u00eb e ekipit organizativ t\u00eb kampit dhe profesoresha Sonja Bogdanovska, e cila jeton dhe punon n\u00eb Kanada me persona me pengesa n\u00eb zhbillim. Ata thon\u00eb se kan\u00eb pasur ndihm\u00eb t\u00eb madhe edhe nga t\u00eb pun\u00ebsuarit e qendr\u00ebs s\u00eb skijimi gjat\u00eb transportit t\u00eb skijuesve me ski liftet.<\/p>\n<p>\u201cT\u00eb pun\u00ebsuarit n\u00eb qendr\u00ebn e skijimit u p\u00ebrshtat\u00ebn shum\u00eb mir\u00eb me instruksionet e Rodit dhe Krisit dhe me t\u00eb v\u00ebrtet\u00eb, i gjith\u00eb procesi u zhvillua n\u00eb m\u00ebnyr\u00eb q\u00eb p\u00ebrkryer\u201d, thot\u00eb Bogdanovska.<\/p>\n<p>Vangell Trkaljanov nga shoqata \u201cPa kufizime\u201d thot\u00eb se ideja p\u00ebr organizimin e shkoll\u00ebs s\u00eb par\u00eb p\u00ebr ski p\u00ebr persona me pengesa n\u00eb zhvillim \u00ebsht\u00eb t\u2019u afrohen sportet e dimrit edhe k\u00ebtyre personave n\u00eb shtet, pasi di\u00e7ka e till\u00eb deri m\u00eb tani nuk ka ekzistuar. Vet\u00eb ai ka nj\u00eb penges\u00eb n\u00eb zhvillim dhe \u00ebsht\u00eb maqedonasi i par\u00eb i cili ka marr\u00eb pjes\u00eb n\u00eb gara me sport dim\u00ebror p\u00ebr k\u00ebta f\u00ebmij\u00eb.<\/p>\n<p>\u201cSynimi \u00ebsht\u00eb q\u00eb t\u00eb arg\u00ebtohen dhe t\u00eb m\u00ebsojn\u00eb t\u00eb skijojn\u00eb. Sporti p\u00ebr k\u00ebta persona \u00ebsht\u00eb nj\u00eb ndihm\u00eb e madhe dhe ka shum\u00eb r\u00ebnd\u00ebsi p\u00ebr ta pasi n\u00eb k\u00ebt\u00eb m\u00ebnyr\u00eb dalin nga rrethi i njer\u00ebzve me t\u00eb cilin q\u00ebndrojn\u00eb n\u00eb p\u00ebrditshm\u00ebri. Gjithashtu, aktiviteti fizik ndikon vetbesimin si dhe rrit mund\u00ebsin\u00eb p\u00ebr t\u2019u m\u00ebvet\u00ebsuar. \u00c7do aktivitet fizik ndikon pozitivisht mbi trupin dhe shpirtin dhe zvog\u00eblon problemet shtes\u00eb q\u00eb mund t\u00eb ndodhin nga mosaktiviteti\u201d, thot\u00eb Trkaljanov.<\/p>\n<p>Nj\u00eb pjes\u00eb e pajisjeve e nevojshme p\u00ebr mir\u00ebmbajtjen e shkoll\u00ebs \u00ebsht\u00eb siguruar nga instuktor\u00ebt e Uellsit. Me projektin e shoqat\u00ebs duhet t\u00eb blihet edhe nj\u00eb ul\u00ebse p\u00ebr skijim. Trkaljanovi thot\u00eb se ky \u00ebsht\u00eb vet\u00ebm fillimi dhe shpresoj se sportet e dimrit p\u00ebr personat me pengesa n\u00eb zhvillim do t\u00eb zhvillohen akoma m\u00eb shum\u00eb n\u00ebp\u00ebr qendrat tona t\u00eb skijimit. Sipas tij, me an\u00eb t\u00eb k\u00ebsaj ngrihet jo vet\u00ebm vet\u00ebdija publike, jo vet\u00ebm p\u00ebr personat me pengesa n\u00eb zhvillim, por n\u00eb p\u00ebrgjith\u00ebsi p\u00ebr vullnetarizmin, gj\u00eb e cila n\u00eb shtetin ton\u00eb \u00ebsht\u00eb shum\u00eb pak e p\u00ebrhapur.<\/p>\n<div id=\"attachment_82786\" style=\"width: 1410px\" class=\"wp-caption alignnone\"><a href=\"https:\/\/sdk.mk\/wp-content\/uploads\/2019\/03\/LICA-SO-HENDIKEP-7.jpg\"><img aria-describedby=\"caption-attachment-82786\" loading=\"lazy\" class=\"wp-image-82786 size-full\" src=\"https:\/\/sdk.mk\/wp-content\/uploads\/2019\/03\/LICA-SO-HENDIKEP-7.jpg\" alt=\"\" width=\"1400\" height=\"937\" srcset=\"https:\/\/sdk.mk\/wp-content\/uploads\/2019\/03\/LICA-SO-HENDIKEP-7.jpg 1400w, https:\/\/sdk.mk\/wp-content\/uploads\/2019\/03\/LICA-SO-HENDIKEP-7-250x167.jpg 250w, https:\/\/sdk.mk\/wp-content\/uploads\/2019\/03\/LICA-SO-HENDIKEP-7-400x268.jpg 400w, https:\/\/sdk.mk\/wp-content\/uploads\/2019\/03\/LICA-SO-HENDIKEP-7-768x514.jpg 768w, https:\/\/sdk.mk\/wp-content\/uploads\/2019\/03\/LICA-SO-HENDIKEP-7-650x435.jpg 650w, https:\/\/sdk.mk\/wp-content\/uploads\/2019\/03\/LICA-SO-HENDIKEP-7-150x100.jpg 150w, https:\/\/sdk.mk\/wp-content\/uploads\/2019\/03\/LICA-SO-HENDIKEP-7-800x535.jpg 800w, https:\/\/sdk.mk\/wp-content\/uploads\/2019\/03\/LICA-SO-HENDIKEP-7-1200x803.jpg 1200w\" sizes=\"(max-width: 1400px) 100vw, 1400px\" \/><\/a><p id=\"caption-attachment-82786\" class=\"wp-caption-text\">Foto nga trajnimet p\u00ebr instruktor\u00ebt dhe p\u00ebr personat me pengesa n\u00eb zhvillim. (Foto: Gj. Li\u00e7ovski)<\/p><\/div>\n<p>\u201cInstruktor\u00ebt nga Uellsi kan\u00eb shum\u00eb eksperienc\u00eb. Kris merret me persona me pengesa n\u00eb zhvillim p\u00ebr 25 vjet dhe Rodi p\u00ebr 15 vjet. Jemi shum\u00eb mir\u00ebnjoh\u00ebs ndaj tyre q\u00eb pranuan t\u00eb jen\u00eb pjes\u00eb e k\u00ebsaj shkolle, p\u00ebr t\u00eb cil\u00ebn kemi shum\u00eb mb\u00ebshtet\u00ebs q\u00eb u p\u00ebrfshin\u00eb n\u00eb m\u00ebnyr\u00eb vullnetare. Ideja \u00ebsht\u00eb t\u00eb mund t\u00eb sigurohet qasje p\u00ebr t\u00eb gjith\u00eb personat me pengesa dhe urojm\u00eb q\u00eb kjo t\u00eb zhvillohet dhe m\u00eb tej\u201d, thot\u00eb Trkaljanov.<\/p>\n<p>Ski kampin e personave me pengesa, shoqata e organizon n\u00eb bashk\u00ebpunim me qendr\u00ebn e skijimit \u201cZare Llazarevski\u201d, hotelin \u201cSport\u201d n\u00eb Mavrov\u00eb, Universitetin n\u00eb Tenesi dhe Agjencin\u00eb p\u00ebr t\u00eb rinj dhe sport.<\/p>\n<p><em><strong>E. BO\u00c7VAROVSKA<\/strong><\/em><\/p>\n\n<div style=\"font-size: 0px; height: 0px; line-height: 0px; margin: 0; padding: 0; clear: both;\"><\/div>","protected":false},"excerpt":{"rendered":"<p>Emocione, g\u00ebzim, por edhe pasiguri n\u00eb lidhje me at\u00eb se si do t\u00eb jet\u00eb skijimi i tyre i par\u00eb! E [&hellip;]<\/p>\n","protected":false},"author":25,"featured_media":82803,"comment_status":"closed","ping_status":"closed","sticky":false,"template":"","format":"standard","meta":{"_mo_disable_npp":"","inline_featured_image":false},"categories":[3085],"tags":[],"imageURL":"https:\/\/sdk.mk\/wp-content\/uploads\/2019\/03\/LICA-SO-HENDIKEP-14-1-650x431.jpg","thumbURL":"https:\/\/sdk.mk\/wp-content\/uploads\/2019\/03\/LICA-SO-HENDIKEP-14-1-250x166.jpg","categoryNames":["Histori t\u00eb parr\u00ebfyera"],"feature_caption":" \u201cKjo \u00ebsht\u00eb nj\u00eb ndjenj\u00eb e mrekullueshme dhe e pabesueshme\u201d, thon\u00eb personat me pengesa n\u00eb zhvillim, t\u00eb cil\u00ebn pardje p\u00ebr her\u00eb t\u00eb par\u00eb arrit\u00ebn t\u00eb skijojn\u00eb me ul\u00ebse speciale. (Foto: Gj. Li\u00e7ovski)","subtitle":"","views":"5529","source":"\u041cavrov\u00eb, (SAKAMDAKAZAM.MK)","yoast_head":"<!-- This site is optimized with the Yoast SEO Premium plugin v15.0 - https:\/\/yoast.com\/wordpress\/plugins\/seo\/ -->\n<title>\u00cbSHT\u00cb MREKULLI E PABESUESHME, PERSONA ME PENGESA N\u00cb ZHVILLIM M\u00cbSOJN\u00cb SKIJIM N\u00cb MAVROV\u00cb - \u0421\u0430\u043a\u0430\u043c \u0414\u0430 \u041a\u0430\u0436\u0430\u043c<\/title>\n<meta name=\"robots\" content=\"index, follow, max-snippet:-1, max-image-preview:large, max-video-preview:-1\" \/>\n<link rel=\"canonical\" href=\"https:\/\/sdk.mk\/index.php\/histori-te-parrefyera\/eshte-mrekulli-e-pabesueshme-persona-me-pengesa-ne-zhvillim-mesojne-skijim-ne-mavrove\/\" \/>\n<meta property=\"og:locale\" content=\"mk_MK\" \/>\n<meta property=\"og:type\" content=\"article\" \/>\n<meta property=\"og:title\" content=\"\u00cbSHT\u00cb MREKULLI E PABESUESHME, PERSONA ME PENGESA N\u00cb ZHVILLIM M\u00cbSOJN\u00cb SKIJIM N\u00cb MAVROV\u00cb - \u0421\u0430\u043a\u0430\u043c \u0414\u0430 \u041a\u0430\u0436\u0430\u043c\" \/>\n<meta property=\"og:description\" content=\"Emocione, g\u00ebzim, por edhe pasiguri n\u00eb lidhje me at\u00eb se si do t\u00eb jet\u00eb skijimi i tyre i par\u00eb! E [&hellip;]\" \/>\n<meta property=\"og:url\" content=\"https:\/\/sdk.mk\/index.php\/histori-te-parrefyera\/eshte-mrekulli-e-pabesueshme-persona-me-pengesa-ne-zhvillim-mesojne-skijim-ne-mavrove\/\" \/>\n<meta property=\"og:site_name\" content=\"\u0421\u0430\u043a\u0430\u043c \u0414\u0430 \u041a\u0430\u0436\u0430\u043c\" \/>\n<meta property=\"article:published_time\" content=\"2019-03-13T13:44:58+00:00\" \/>\n<meta property=\"og:image\" content=\"https:\/\/sdk.mk\/wp-content\/uploads\/2019\/03\/LICA-SO-HENDIKEP-14-1.jpg\" \/>\n\t<meta property=\"og:image:width\" content=\"1400\" \/>\n\t<meta property=\"og:image:height\" content=\"928\" \/>\n<meta property=\"fb:app_id\" content=\"2407985809428537\" \/>\n<meta name=\"twitter:card\" content=\"summary\" \/>\n<script type=\"application\/ld+json\" class=\"yoast-schema-graph\">{\"@context\":\"https:\/\/schema.org\",\"@graph\":[{\"@type\":\"WebSite\",\"@id\":\"https:\/\/sdk.mk\/#website\",\"url\":\"https:\/\/sdk.mk\/\",\"name\":\"\\u0421\\u0430\\u043a\\u0430\\u043c \\u0414\\u0430 \\u041a\\u0430\\u0436\\u0430\\u043c\",\"description\":\"\\u0417\\u0430 \\u0441\\u043b\\u043e\\u0431\\u043e\\u0434\\u043e\\u0443\\u043c\\u043d\\u0438\",\"potentialAction\":[{\"@type\":\"SearchAction\",\"target\":\"https:\/\/sdk.mk\/?s={search_term_string}\",\"query-input\":\"required name=search_term_string\"}],\"inLanguage\":\"mk-MK\"},{\"@type\":\"ImageObject\",\"@id\":\"https:\/\/sdk.mk\/index.php\/histori-te-parrefyera\/eshte-mrekulli-e-pabesueshme-persona-me-pengesa-ne-zhvillim-mesojne-skijim-ne-mavrove\/#primaryimage\",\"inLanguage\":\"mk-MK\",\"url\":\"https:\/\/sdk.mk\/wp-content\/uploads\/2019\/03\/LICA-SO-HENDIKEP-14-1.jpg\",\"width\":1400,\"height\":928},{\"@type\":\"WebPage\",\"@id\":\"https:\/\/sdk.mk\/index.php\/histori-te-parrefyera\/eshte-mrekulli-e-pabesueshme-persona-me-pengesa-ne-zhvillim-mesojne-skijim-ne-mavrove\/#webpage\",\"url\":\"https:\/\/sdk.mk\/index.php\/histori-te-parrefyera\/eshte-mrekulli-e-pabesueshme-persona-me-pengesa-ne-zhvillim-mesojne-skijim-ne-mavrove\/\",\"name\":\"\\u00cbSHT\\u00cb MREKULLI E PABESUESHME, PERSONA ME PENGESA N\\u00cb ZHVILLIM M\\u00cbSOJN\\u00cb SKIJIM N\\u00cb MAVROV\\u00cb - \\u0421\\u0430\\u043a\\u0430\\u043c \\u0414\\u0430 \\u041a\\u0430\\u0436\\u0430\\u043c\",\"isPartOf\":{\"@id\":\"https:\/\/sdk.mk\/#website\"},\"primaryImageOfPage\":{\"@id\":\"https:\/\/sdk.mk\/index.php\/histori-te-parrefyera\/eshte-mrekulli-e-pabesueshme-persona-me-pengesa-ne-zhvillim-mesojne-skijim-ne-mavrove\/#primaryimage\"},\"datePublished\":\"2019-03-13T13:44:58+00:00\",\"dateModified\":\"2019-03-13T13:44:58+00:00\",\"author\":{\"@id\":\"https:\/\/sdk.mk\/#\/schema\/person\/737021aeacbe893f7e2c347186c5c7a1\"},\"inLanguage\":\"mk-MK\",\"potentialAction\":[{\"@type\":\"ReadAction\",\"target\":[\"https:\/\/sdk.mk\/index.php\/histori-te-parrefyera\/eshte-mrekulli-e-pabesueshme-persona-me-pengesa-ne-zhvillim-mesojne-skijim-ne-mavrove\/\"]}]},{\"@type\":\"Person\",\"@id\":\"https:\/\/sdk.mk\/#\/schema\/person\/737021aeacbe893f7e2c347186c5c7a1\",\"name\":\"\\u0424\\u0458\\u043e\\u043b\\u0430 \\u0417\\u043b\\u0430\\u0442\\u043a\\u0443\"}]}<\/script>\n<!-- \/ Yoast SEO Premium plugin. -->","_links":{"self":[{"href":"https:\/\/sdk.mk\/index.php\/wp-json\/wp\/v2\/posts\/83275"}],"collection":[{"href":"https:\/\/sdk.mk\/index.php\/wp-json\/wp\/v2\/posts"}],"about":[{"href":"https:\/\/sdk.mk\/index.php\/wp-json\/wp\/v2\/types\/post"}],"author":[{"embeddable":true,"href":"https:\/\/sdk.mk\/index.php\/wp-json\/wp\/v2\/users\/25"}],"replies":[{"embeddable":true,"href":"https:\/\/sdk.mk\/index.php\/wp-json\/wp\/v2\/comments?post=83275"}],"version-history":[{"count":0,"href":"https:\/\/sdk.mk\/index.php\/wp-json\/wp\/v2\/posts\/83275\/revisions"}],"wp:featuredmedia":[{"embeddable":true,"href":"https:\/\/sdk.mk\/index.php\/wp-json\/wp\/v2\/media\/82803"}],"wp:attachment":[{"href":"https:\/\/sdk.mk\/index.php\/wp-json\/wp\/v2\/media?parent=83275"}],"wp:term":[{"taxonomy":"category","embeddable":true,"href":"https:\/\/sdk.mk\/index.php\/wp-json\/wp\/v2\/categories?post=83275"},{"taxonomy":"post_tag","embeddable":true,"href":"https:\/\/sdk.mk\/index.php\/wp-json\/wp\/v2\/tags?post=83275"}],"curies":[{"name":"wp","href":"https:\/\/api.w.org\/{rel}","templated":true}]}}