{"id":83298,"date":"2019-03-13T20:39:56","date_gmt":"2019-03-13T19:39:56","guid":{"rendered":"https:\/\/sdk.mk\/?p=83298"},"modified":"2019-03-13T20:39:56","modified_gmt":"2019-03-13T19:39:56","slug":"minj-shetisin-mes-pacienteve-ne-terapine-fizikale-ne-spitalin-e-kumanoves","status":"publish","type":"post","link":"https:\/\/sdk.mk\/index.php\/histori-te-parrefyera\/minj-shetisin-mes-pacienteve-ne-terapine-fizikale-ne-spitalin-e-kumanoves\/","title":{"rendered":"MINJ SH\u00cbTISIN MES PACIENT\u00cbVE N\u00cb TERAPIN\u00cb FIZIKALE N\u00cb SPITALIN E KUMANOV\u00cbS"},"content":{"rendered":"<div class=\"f52428582a4b906b2d2e2a7d733c7d27\" data-index=\"7\" style=\"float: none; margin:10px 0 10px 0; text-align:center;\">\n<!-- MSP Ads Asynchronous JS Tag - Generated with Revive Adserver v5.4.1 -->\r\n<ins data-revive-zoneid=\"167\" data-revive-id=\"060fdb01f6430ec164d3519234aa4967\"><\/ins>\r\n<script async src=\"\/\/panel.ads.com.mk\/www\/delivery\/asyncjs.php\"><\/script>\n<\/div>\n<p>Nj\u00ebsia p\u00ebr mjek\u00ebsi fizikale dhe rehabilitim n\u00eb spitalin e p\u00ebrgjithsh\u00ebm t\u00eb Kumanov\u00ebs punon n\u00eb kushte johumane dhe t\u00eb mjerueshme. Tavane t\u00eb rr\u00ebnuara, mure t\u00eb plasaritura, instalim i d\u00ebmtuar, tualete t\u00eb vjetra, korridore t\u00eb ngushta, ordinanca t\u00eb vogla dhe mobilje t\u00eb vjetra. Kjo \u00ebsht\u00eb fotografia e barak\u00ebs s\u00eb montuar ku \u00ebsht\u00eb vendosur nj\u00ebsia. Objekti \u00ebsht\u00eb i vjet\u00ebr plot 50 vjet dhe duket sikur n\u00eb k\u00ebt\u00eb vend koha ka ndaluar n\u00eb vitet 1960.<\/p>\n<p>\u201cErdh\u00ebm para 17 vjet\u00ebve si p\u00ebr nj\u00eb zgjidhje t\u00eb p\u00ebrkohshme dhe jemi akoma k\u00ebtu. Objekti me plot kuptimin e fjal\u00ebs po shembet. Minj sh\u00ebtisin n\u00ebp\u00ebr hap\u00ebsir\u00eb nd\u00ebrkoh\u00eb q\u00eb te spitali gjenden pacient\u00eb. Ka pasur raste ku mes d\u00ebrrasave ka ngordhur nj\u00eb mi dhe me muaj t\u00eb t\u00ebr\u00eb ka kund\u00ebrmuar er\u00eb e keqe. Hap\u00ebsira \u00ebsht\u00eb e vog\u00ebl, inventari i\u00a0 vjet\u00ebr m\u00eb shum\u00eb se 40 vjet. Mobiljet i marrim nga bodrumi, pasi p\u00ebrndryshe nuk kemi se ku t\u00eb ulemi. Nuk kemi asgj\u00eb sagllam\u201d, thon\u00eb t\u00eb pun\u00ebsuarit.<\/p>\n<div id=\"attachment_81731\" style=\"width: 1210px\" class=\"wp-caption alignnone\"><a href=\"https:\/\/sdk.mk\/wp-content\/uploads\/2019\/02\/collagefizikalna-kumanovo.jpg\"><img aria-describedby=\"caption-attachment-81731\" loading=\"lazy\" class=\"wp-image-81731 size-full\" src=\"https:\/\/sdk.mk\/wp-content\/uploads\/2019\/02\/collagefizikalna-kumanovo.jpg\" alt=\"\" width=\"1200\" height=\"420\" srcset=\"https:\/\/sdk.mk\/wp-content\/uploads\/2019\/02\/collagefizikalna-kumanovo.jpg 1200w, https:\/\/sdk.mk\/wp-content\/uploads\/2019\/02\/collagefizikalna-kumanovo-250x88.jpg 250w, https:\/\/sdk.mk\/wp-content\/uploads\/2019\/02\/collagefizikalna-kumanovo-400x140.jpg 400w, https:\/\/sdk.mk\/wp-content\/uploads\/2019\/02\/collagefizikalna-kumanovo-768x269.jpg 768w, https:\/\/sdk.mk\/wp-content\/uploads\/2019\/02\/collagefizikalna-kumanovo-650x228.jpg 650w, https:\/\/sdk.mk\/wp-content\/uploads\/2019\/02\/collagefizikalna-kumanovo-150x53.jpg 150w, https:\/\/sdk.mk\/wp-content\/uploads\/2019\/02\/collagefizikalna-kumanovo-800x280.jpg 800w\" sizes=\"(max-width: 1200px) 100vw, 1200px\" \/><\/a><p id=\"caption-attachment-81731\" class=\"wp-caption-text\">Erdh\u00ebm para 17 vjet\u00ebve si p\u00ebr nj\u00eb zgjidhje t\u00eb p\u00ebrkohshme dhe jemi akoma k\u00ebtu. Objekti me plot kuptimin e fjal\u00ebs po shembet. (Foto: SDK.MK)<\/p><\/div>\n<p>Objekti nuk \u00ebsht\u00eb rinovuar dhe nuk mund t\u00eb rinovohet m\u00eb. Si spital ka koh\u00eb q\u00eb nuk i p\u00ebrshtatet kapacitetit t\u00eb numrit t\u00eb qytetar\u00ebve prej 200.000 banor\u00ebve t\u00eb rajonit verip\u00ebr\u00ebndimor. Af\u00ebr rrethit t\u00eb Kumanov\u00ebs, mjek\u00ebt thon\u00eb se kan\u00eb pacient\u00eb nga Kriva Pallanka, Kratova dhe Sveti Nikole.<\/p>\n<p>N\u00eb nj\u00ebsin\u00eb p\u00ebr terapi fizikale punojn\u00eb gjithsej 23 mjek\u00eb dhe motra medicinale, kurse gjat\u00eb dit\u00ebs sh\u00ebrbehen nga 200 deri n\u00eb 240 pacient\u00eb, t\u00eb cil\u00ebt vijn\u00eb t\u00eb shoq\u00ebruar s\u00eb paku nga dy persona t\u00eb tjer\u00eb, pasi jan\u00eb t\u00eb s\u00ebmur\u00eb dhe t\u00eb pal\u00ebvizsh\u00ebm. Prandaj, \u00e7do dit\u00eb spitali vlon prej njer\u00ebzve n\u00eb ato korridoret e ngushta. Mjek\u00ebt thon\u00eb se nj\u00ebsia e tyre \u00ebsht\u00eb m\u00eb produktivja dhe m\u00eb profitabilja nga t\u00eb gjitha. Thon\u00eb se kan\u00eb aparatur\u00ebn e nevojshme por se nuk mund t\u00eb sigurojn\u00eb kushte m\u00eb t\u00eb mira pune p\u00ebr pacient\u00ebt.<\/p>\n<div id=\"attachment_81733\" style=\"width: 2602px\" class=\"wp-caption alignnone\"><a href=\"https:\/\/sdk.mk\/wp-content\/uploads\/2019\/02\/kumanovo-fizikalna.jpg\"><img aria-describedby=\"caption-attachment-81733\" loading=\"lazy\" class=\"wp-image-81733 size-full\" src=\"https:\/\/sdk.mk\/wp-content\/uploads\/2019\/02\/kumanovo-fizikalna.jpg\" alt=\"\" width=\"2592\" height=\"1728\" srcset=\"https:\/\/sdk.mk\/wp-content\/uploads\/2019\/02\/kumanovo-fizikalna.jpg 2592w, https:\/\/sdk.mk\/wp-content\/uploads\/2019\/02\/kumanovo-fizikalna-250x167.jpg 250w, https:\/\/sdk.mk\/wp-content\/uploads\/2019\/02\/kumanovo-fizikalna-400x267.jpg 400w, https:\/\/sdk.mk\/wp-content\/uploads\/2019\/02\/kumanovo-fizikalna-768x512.jpg 768w, https:\/\/sdk.mk\/wp-content\/uploads\/2019\/02\/kumanovo-fizikalna-650x433.jpg 650w, https:\/\/sdk.mk\/wp-content\/uploads\/2019\/02\/kumanovo-fizikalna-150x100.jpg 150w, https:\/\/sdk.mk\/wp-content\/uploads\/2019\/02\/kumanovo-fizikalna-800x533.jpg 800w, https:\/\/sdk.mk\/wp-content\/uploads\/2019\/02\/kumanovo-fizikalna-1200x800.jpg 1200w, https:\/\/sdk.mk\/wp-content\/uploads\/2019\/02\/kumanovo-fizikalna-1600x1067.jpg 1600w, https:\/\/sdk.mk\/wp-content\/uploads\/2019\/02\/kumanovo-fizikalna-2000x1333.jpg 2000w\" sizes=\"(max-width: 2592px) 100vw, 2592px\" \/><\/a><p id=\"caption-attachment-81733\" class=\"wp-caption-text\">Gj\u00ebja e vetme m\u00eb e re e nj\u00ebsis\u00eb jan\u00eb aparatet e reja t\u00eb blera vjet. Ishim t\u00eb detyruar t\u00eb vinim k\u00ebtu, pasi punonim n\u00eb vende shum\u00eb m\u00eb t\u00eb k\u00ebqija n\u00eb hap\u00ebsirat e bodrumit t\u00eb kirurgjis\u00eb, ku dy her\u00eb nga v\u00ebrshuan fekale\u201d, thot\u00eb dr. Sllav\u00e7o Filipovski, specialist i mjek\u00ebsis\u00eb fizikale dhe rehabilitimit. (Foto: SDK.MK)<\/p><\/div>\n<p>\u201cNuk ka as kushte nga aspekti hap\u00ebsinor, pasi objekti ka vet\u00ebm 280 metra katror\u00eb. Pastaj, hap\u00ebsirat e pun\u00ebs nuk jan\u00eb p\u00ebr terapi fizikale. Profesioni yn\u00eb \u00ebsht\u00eb specifick. Nuk nevojitet vet\u00ebm p\u00ebr ordinanc\u00eb. Na duhet nj\u00eb sall\u00eb e ve\u00e7ant\u00eb p\u00ebr ushtrime, nj\u00eb dhom\u00eb e ve\u00e7ant\u00eb p\u00ebr terapi pune, p\u00ebr mjete dhe aparatura p\u00ebr ushtrim, dyshek\u00eb, etj. Me m\u00ebnyr\u00ebn si\u00e7 \u00ebsht\u00eb e organizuar baraka tani, nuk mund t\u00eb b\u00ebhen tamam as kontrollet mjek\u00ebsore, as t\u00eb ekzekutohet ndonj\u00eb pun\u00eb me aparate. Gj\u00ebja e vetme m\u00eb e re e nj\u00ebsis\u00eb jan\u00eb aparatet e reja t\u00eb blera vjet. Ishim t\u00eb detyruar t\u00eb vinim k\u00ebtu, pasi punonim n\u00eb vende shum\u00eb m\u00eb t\u00eb k\u00ebqija n\u00eb hap\u00ebsirat e bodrumit t\u00eb kirurgjis\u00eb, ku dy her\u00eb nga v\u00ebrshuan fekale\u201d, thot\u00eb dr. Sllav\u00e7o Filipovski, specialist i mjek\u00ebsis\u00eb fizikale dhe rehabilitimit.<\/p>\n<p>&nbsp;<\/p>\n<div id=\"attachment_81734\" style=\"width: 2602px\" class=\"wp-caption alignnone\"><a href=\"https:\/\/sdk.mk\/wp-content\/uploads\/2019\/02\/kumanovo-fizikalna2.jpg\"><img aria-describedby=\"caption-attachment-81734\" loading=\"lazy\" class=\"size-full wp-image-81734\" src=\"https:\/\/sdk.mk\/wp-content\/uploads\/2019\/02\/kumanovo-fizikalna2.jpg\" alt=\"\" width=\"2592\" height=\"1728\" srcset=\"https:\/\/sdk.mk\/wp-content\/uploads\/2019\/02\/kumanovo-fizikalna2.jpg 2592w, https:\/\/sdk.mk\/wp-content\/uploads\/2019\/02\/kumanovo-fizikalna2-250x167.jpg 250w, https:\/\/sdk.mk\/wp-content\/uploads\/2019\/02\/kumanovo-fizikalna2-400x267.jpg 400w, https:\/\/sdk.mk\/wp-content\/uploads\/2019\/02\/kumanovo-fizikalna2-768x512.jpg 768w, https:\/\/sdk.mk\/wp-content\/uploads\/2019\/02\/kumanovo-fizikalna2-650x433.jpg 650w, https:\/\/sdk.mk\/wp-content\/uploads\/2019\/02\/kumanovo-fizikalna2-150x100.jpg 150w, https:\/\/sdk.mk\/wp-content\/uploads\/2019\/02\/kumanovo-fizikalna2-800x533.jpg 800w, https:\/\/sdk.mk\/wp-content\/uploads\/2019\/02\/kumanovo-fizikalna2-1200x800.jpg 1200w, https:\/\/sdk.mk\/wp-content\/uploads\/2019\/02\/kumanovo-fizikalna2-1600x1067.jpg 1600w, https:\/\/sdk.mk\/wp-content\/uploads\/2019\/02\/kumanovo-fizikalna2-2000x1333.jpg 2000w\" sizes=\"(max-width: 2592px) 100vw, 2592px\" \/><\/a><p id=\"caption-attachment-81734\" class=\"wp-caption-text\">Ministri i sh\u00ebndet\u00ebsis\u00eb, Venko Filip\u00e7e \u00ebsht\u00eb njoftuar me problemin dhe ka vizituar nj\u00ebsin\u00eb, duke v\u00ebrtetuar se \u00ebsht\u00eb e domosdoshme q\u00eb sa m\u00eb shpejt t\u00eb filloj\u00eb nd\u00ebrtimi i nj\u00eb qendre bashk\u00ebkohore rajonale p\u00ebr mjek\u00ebsi fizikale. (Foto: SDK.MK)<\/p><\/div>\n<p>Ministri i sh\u00ebndet\u00ebsis\u00eb, Venko Filip\u00e7e \u00ebsht\u00eb njoftuar me problemin dhe ka vizituar nj\u00ebsin\u00eb,\u00a0 duke v\u00ebrtetuar se \u00ebsht\u00eb e domosdoshme q\u00eb sa m\u00eb shpejt t\u00eb filloj\u00eb nd\u00ebrtimi i nj\u00eb qendre bashk\u00ebkohore rajonale p\u00ebr mjek\u00ebsi fizikale dhe rehabilitim dhe q\u00eb si p\u00ebrb\u00ebrje e kompleksit t\u00eb nd\u00ebrtohet edhe nj\u00eb pishin\u00eb p\u00ebr hidroterapi. Gjithsesi, Filip\u00e7e nuk precizon se kur do t\u00eb ndodh\u00eb kjo gj\u00eb.<\/p>\n<p>Drejtoresha e spitalit t\u00eb p\u00ebrgjithsh\u00ebm t\u00eb Kumanov\u00ebs Snezhana Zaharieva pranon se nj\u00ebsia nuk punon n\u00eb kushte humane, por thot\u00eb se s\u00eb shpejti do t\u00eb shp\u00ebrngulen n\u00eb hap\u00ebsira t\u00eb reja, pasi nj\u00eb pjes\u00eb e ambulancave do t\u00eb transferohen n\u00eb qendr\u00ebn e re t\u00eb urgjenc\u00ebs. Spitali ka leje q\u00eb n\u00eb vendin e spitali t\u00eb vjet\u00ebr t\u00eb nd\u00ebrtoj\u00eb nj\u00eb objekt t\u00eb ri prej 600 metrash katror\u00eb, i ka paguar edhe sh\u00ebrbimet komunale, por nuk kan\u00eb para q\u00eb ta nd\u00ebrtojn\u00eb vet\u00eb.<\/p>\n<p>\u201cP\u00ebr nd\u00ebrtimin e k\u00ebtij objekti nevojiten shuma t\u00eb larta. P\u00ebrve\u00e7 te Ministria e sh\u00ebndet\u00ebsis\u00eb kemi k\u00ebrkuar ndihm\u00eb edhe nga organizatat joqeveritare. Kemi dokumentimin p\u00ebr nd\u00ebrtim, por gjith\u00e7ka do t\u00eb varet nga mjetet financiare. Me siguri, pas l\u00ebshimit n\u00eb p\u00ebrdorim t\u00eb qendr\u00ebs p\u00ebr urgjenc\u00eb, terapin\u00eb fizikale do ta vendosim n\u00eb vendin e ambulancave kirurgjike n\u00eb nd\u00ebrtes\u00ebn administrative, derisa t\u00eb zgjidhet problemi deri n\u00eb fund. Objekti \u00ebsht\u00eb krejt\u00ebsisht i shkat\u00ebrruar, l\u00ebshon uj\u00eb, n\u00eb dysheme ka pore n\u00ebp\u00ebrmjet t\u00eb cilave futen brejt\u00ebs. Nuk \u00ebsht\u00eb aspak higjienike. K\u00ebtu kan\u00eb kushte jonjer\u00ebzore p\u00ebr pacient\u00ebt dhe t\u00eb pun\u00ebsuarit. Me vite t\u00eb t\u00ebra alarmojm\u00eb dhe \u00ebsht\u00eb sakt\u00eb se nj\u00ebher\u00eb e p\u00ebrgjithmon\u00eb duhet t\u00eb zgjidhet ky problem\u201d, thot\u00eb Zaharieva.<\/p>\n<p><strong><em>S. NIKOLIQ<\/em><\/strong><\/p>\n<p>&nbsp;<\/p>\n<p>&nbsp;<\/p>\n\n<div style=\"font-size: 0px; height: 0px; line-height: 0px; margin: 0; padding: 0; clear: both;\"><\/div>","protected":false},"excerpt":{"rendered":"<p>Nj\u00ebsia p\u00ebr mjek\u00ebsi fizikale dhe rehabilitim n\u00eb spitalin e p\u00ebrgjithsh\u00ebm t\u00eb Kumanov\u00ebs punon n\u00eb kushte johumane dhe t\u00eb mjerueshme. Tavane [&hellip;]<\/p>\n","protected":false},"author":25,"featured_media":81735,"comment_status":"closed","ping_status":"closed","sticky":false,"template":"","format":"standard","meta":{"_mo_disable_npp":"","inline_featured_image":false},"categories":[3085,3095],"tags":[],"imageURL":"https:\/\/sdk.mk\/wp-content\/uploads\/2019\/02\/kumanovo-fizikalna3-650x433.jpg","thumbURL":"https:\/\/sdk.mk\/wp-content\/uploads\/2019\/02\/kumanovo-fizikalna3-250x167.jpg","categoryNames":["Histori t\u00eb parr\u00ebfyera","Rrjeti i korrespondent\u00ebve"],"feature_caption":"Objekti \u00ebsht\u00eb i vjet\u00ebr plot 50 vjet. Hap\u00ebsira \u00ebsht\u00eb e vog\u00ebl, inventari i  vjet\u00ebr m\u00eb shum\u00eb se 40 vjet. Mobiljet i marrim nga bodrumi, pasi p\u00ebrndryshe nuk kemi se ku t\u00eb ulemi. Nuk kemi asgj\u00eb sagllam\u201d, thon\u00eb t\u00eb pun\u00ebsuarit. (Foto: SDK.MK)","subtitle":"","views":"5269","source":"Kumanov\u00eb, (SAKAMDAKAZAM.MK)","yoast_head":"<!-- This site is optimized with the Yoast SEO Premium plugin v15.0 - https:\/\/yoast.com\/wordpress\/plugins\/seo\/ -->\n<title>MINJ SH\u00cbTISIN MES PACIENT\u00cbVE N\u00cb TERAPIN\u00cb FIZIKALE N\u00cb SPITALIN E KUMANOV\u00cbS - \u0421\u0430\u043a\u0430\u043c \u0414\u0430 \u041a\u0430\u0436\u0430\u043c<\/title>\n<meta name=\"robots\" content=\"index, follow, max-snippet:-1, max-image-preview:large, max-video-preview:-1\" \/>\n<link rel=\"canonical\" href=\"https:\/\/sdk.mk\/index.php\/histori-te-parrefyera\/minj-shetisin-mes-pacienteve-ne-terapine-fizikale-ne-spitalin-e-kumanoves\/\" \/>\n<meta property=\"og:locale\" content=\"mk_MK\" \/>\n<meta property=\"og:type\" content=\"article\" \/>\n<meta property=\"og:title\" content=\"MINJ SH\u00cbTISIN MES PACIENT\u00cbVE N\u00cb TERAPIN\u00cb FIZIKALE N\u00cb SPITALIN E KUMANOV\u00cbS - \u0421\u0430\u043a\u0430\u043c \u0414\u0430 \u041a\u0430\u0436\u0430\u043c\" \/>\n<meta property=\"og:description\" content=\"Nj\u00ebsia p\u00ebr mjek\u00ebsi fizikale dhe rehabilitim n\u00eb spitalin e p\u00ebrgjithsh\u00ebm t\u00eb Kumanov\u00ebs punon n\u00eb kushte johumane dhe t\u00eb mjerueshme. Tavane [&hellip;]\" \/>\n<meta property=\"og:url\" content=\"https:\/\/sdk.mk\/index.php\/histori-te-parrefyera\/minj-shetisin-mes-pacienteve-ne-terapine-fizikale-ne-spitalin-e-kumanoves\/\" \/>\n<meta property=\"og:site_name\" content=\"\u0421\u0430\u043a\u0430\u043c \u0414\u0430 \u041a\u0430\u0436\u0430\u043c\" \/>\n<meta property=\"article:published_time\" content=\"2019-03-13T19:39:56+00:00\" \/>\n<meta property=\"og:image\" content=\"https:\/\/sdk.mk\/wp-content\/uploads\/2019\/02\/kumanovo-fizikalna3.jpg\" \/>\n\t<meta property=\"og:image:width\" content=\"2592\" \/>\n\t<meta property=\"og:image:height\" content=\"1728\" \/>\n<meta property=\"fb:app_id\" content=\"2407985809428537\" \/>\n<meta name=\"twitter:card\" content=\"summary\" \/>\n<script type=\"application\/ld+json\" class=\"yoast-schema-graph\">{\"@context\":\"https:\/\/schema.org\",\"@graph\":[{\"@type\":\"WebSite\",\"@id\":\"https:\/\/sdk.mk\/#website\",\"url\":\"https:\/\/sdk.mk\/\",\"name\":\"\\u0421\\u0430\\u043a\\u0430\\u043c \\u0414\\u0430 \\u041a\\u0430\\u0436\\u0430\\u043c\",\"description\":\"\\u0417\\u0430 \\u0441\\u043b\\u043e\\u0431\\u043e\\u0434\\u043e\\u0443\\u043c\\u043d\\u0438\",\"potentialAction\":[{\"@type\":\"SearchAction\",\"target\":\"https:\/\/sdk.mk\/?s={search_term_string}\",\"query-input\":\"required name=search_term_string\"}],\"inLanguage\":\"mk-MK\"},{\"@type\":\"ImageObject\",\"@id\":\"https:\/\/sdk.mk\/index.php\/histori-te-parrefyera\/minj-shetisin-mes-pacienteve-ne-terapine-fizikale-ne-spitalin-e-kumanoves\/#primaryimage\",\"inLanguage\":\"mk-MK\",\"url\":\"https:\/\/sdk.mk\/wp-content\/uploads\/2019\/02\/kumanovo-fizikalna3.jpg\",\"width\":2592,\"height\":1728},{\"@type\":\"WebPage\",\"@id\":\"https:\/\/sdk.mk\/index.php\/histori-te-parrefyera\/minj-shetisin-mes-pacienteve-ne-terapine-fizikale-ne-spitalin-e-kumanoves\/#webpage\",\"url\":\"https:\/\/sdk.mk\/index.php\/histori-te-parrefyera\/minj-shetisin-mes-pacienteve-ne-terapine-fizikale-ne-spitalin-e-kumanoves\/\",\"name\":\"MINJ SH\\u00cbTISIN MES PACIENT\\u00cbVE N\\u00cb TERAPIN\\u00cb FIZIKALE N\\u00cb SPITALIN E KUMANOV\\u00cbS - \\u0421\\u0430\\u043a\\u0430\\u043c \\u0414\\u0430 \\u041a\\u0430\\u0436\\u0430\\u043c\",\"isPartOf\":{\"@id\":\"https:\/\/sdk.mk\/#website\"},\"primaryImageOfPage\":{\"@id\":\"https:\/\/sdk.mk\/index.php\/histori-te-parrefyera\/minj-shetisin-mes-pacienteve-ne-terapine-fizikale-ne-spitalin-e-kumanoves\/#primaryimage\"},\"datePublished\":\"2019-03-13T19:39:56+00:00\",\"dateModified\":\"2019-03-13T19:39:56+00:00\",\"author\":{\"@id\":\"https:\/\/sdk.mk\/#\/schema\/person\/737021aeacbe893f7e2c347186c5c7a1\"},\"inLanguage\":\"mk-MK\",\"potentialAction\":[{\"@type\":\"ReadAction\",\"target\":[\"https:\/\/sdk.mk\/index.php\/histori-te-parrefyera\/minj-shetisin-mes-pacienteve-ne-terapine-fizikale-ne-spitalin-e-kumanoves\/\"]}]},{\"@type\":\"Person\",\"@id\":\"https:\/\/sdk.mk\/#\/schema\/person\/737021aeacbe893f7e2c347186c5c7a1\",\"name\":\"\\u0424\\u0458\\u043e\\u043b\\u0430 \\u0417\\u043b\\u0430\\u0442\\u043a\\u0443\"}]}<\/script>\n<!-- \/ Yoast SEO Premium plugin. -->","_links":{"self":[{"href":"https:\/\/sdk.mk\/index.php\/wp-json\/wp\/v2\/posts\/83298"}],"collection":[{"href":"https:\/\/sdk.mk\/index.php\/wp-json\/wp\/v2\/posts"}],"about":[{"href":"https:\/\/sdk.mk\/index.php\/wp-json\/wp\/v2\/types\/post"}],"author":[{"embeddable":true,"href":"https:\/\/sdk.mk\/index.php\/wp-json\/wp\/v2\/users\/25"}],"replies":[{"embeddable":true,"href":"https:\/\/sdk.mk\/index.php\/wp-json\/wp\/v2\/comments?post=83298"}],"version-history":[{"count":0,"href":"https:\/\/sdk.mk\/index.php\/wp-json\/wp\/v2\/posts\/83298\/revisions"}],"wp:featuredmedia":[{"embeddable":true,"href":"https:\/\/sdk.mk\/index.php\/wp-json\/wp\/v2\/media\/81735"}],"wp:attachment":[{"href":"https:\/\/sdk.mk\/index.php\/wp-json\/wp\/v2\/media?parent=83298"}],"wp:term":[{"taxonomy":"category","embeddable":true,"href":"https:\/\/sdk.mk\/index.php\/wp-json\/wp\/v2\/categories?post=83298"},{"taxonomy":"post_tag","embeddable":true,"href":"https:\/\/sdk.mk\/index.php\/wp-json\/wp\/v2\/tags?post=83298"}],"curies":[{"name":"wp","href":"https:\/\/api.w.org\/{rel}","templated":true}]}}