{"id":84742,"date":"2019-03-30T18:45:59","date_gmt":"2019-03-30T17:45:59","guid":{"rendered":"https:\/\/sdk.mk\/?p=84742"},"modified":"2019-03-30T18:45:59","modified_gmt":"2019-03-30T17:45:59","slug":"role-civile","status":"publish","type":"post","link":"https:\/\/sdk.mk\/index.php\/dua-te-them\/role-civile\/","title":{"rendered":"ROLE CIVILE"},"content":{"rendered":"<div class=\"f52428582a4b906b2d2e2a7d733c7d27\" data-index=\"7\" style=\"float: none; margin:10px 0 10px 0; text-align:center;\">\n<!-- MSP Ads Asynchronous JS Tag - Generated with Revive Adserver v5.4.1 -->\r\n<ins data-revive-zoneid=\"167\" data-revive-id=\"060fdb01f6430ec164d3519234aa4967\"><\/ins>\r\n<script async src=\"\/\/panel.ads.com.mk\/www\/delivery\/asyncjs.php\"><\/script>\n<\/div>\n<p><span class=\"dropcap color firstcharacter\">1<\/span> Nga lajmet tona ve\u00e7ojm\u00eb: Jan\u00eb thyer stolat dhe sht\u00ebpizat, t\u00eb cilat u rinovuan para 5 dit\u00ebsh n\u00eb parkun e Gazi Bab\u00ebs. Jan\u00eb ndezur p\u00ebrs\u00ebri kallamat n\u00eb rajonin e Strug\u00ebs. Vetura q\u00eb parkohen n\u00eb sheshin Filipi i dyt\u00eb te ura e gurit n\u00eb Shkup, si dhe n\u00eb zon\u00ebn e k\u00ebmb\u00ebsor\u00ebve n\u00eb rrug\u00ebn Maqedonia n\u00eb qend\u00ebr t\u00eb Shkupit. Keji i Vardarit u kthye nga nj\u00eb zon\u00eb p\u00ebr sh\u00ebtitje n\u00eb rrug\u00eb me trafik. Rruga p\u00ebr n\u00eb Son\u00e7ev grad n\u00eb Vodno u shnd\u00ebrrua n\u00eb parking. N\u00eb Aeroportin e Shkupit \u00ebsht\u00eb arrestuar nj\u00eb pasagjer q\u00eb u kap duke pir\u00eb duhan n\u00eb avion. N\u00eb Rrug\u00ebn e Ka\u00e7anikut, n\u00eb dalje t\u00eb Shkupit drejt Kosov\u00ebs jan\u00eb mbledhur 20 kamion\u00eb me mbeturina. Aktorja Irena Ristiq dhe aktivistet e iniciativ\u00ebs cilive \u201cMos ji mbeturin\u00eb\u201d (\u041d\u0435 \u0431\u0438\u0434\u0438 \u0453\u0443\u0431\u0440\u0435) kan\u00eb mbledhur nj\u00eb thes t\u00eb t\u00ebr\u00eb me bishta cigaresh vet\u00ebm n\u00eb zon\u00ebn rreth Qeveris\u00eb. P\u00ebr dy muaj, vet\u00ebm n\u00eb qytetin e Shkupit jan\u00eb djegur rreth 340 kontejner\u00eb. Sapo ka p\u00ebrfunduar aksioni i pastrimit rreth liqenit Rinia n\u00eb rajonin e Velesit, q\u00eb t\u00eb nes\u00ebrmen jan\u00eb hedhur p\u00ebrs\u00ebri mbeturina t\u00eb reja nga njer\u00ebzit e piknikut. 200 qese me mbeturina jan\u00eb mbledhur n\u00eb rrug\u00ebn Oh\u00ebr -Sh\u00ebn Naum&#8230;<\/p>\n<p>Vet\u00ebm n\u00eb rajonin e Shkupit n\u00eb tre muajt e par\u00eb t\u00eb k\u00ebtij viti ka pasur 550 zjarre. Nga Drejtoria p\u00ebr mbrojtje dhe shp\u00ebtim thon\u00eb se asnj\u00ebher\u00eb gjat\u00eb muajit mars nuk kan\u00eb ndodhur zjarre n\u00eb mal dhe se<br \/>\navion\u00ebt kund\u00ebr zjarrit zakonisht aktivizohen nga gushti e tutje. E gjith\u00eb Maqedonia po digjet. Strumic\u00eb, Manastir, Tetov\u00eb, Gostivar, Oh\u00ebr, Strug\u00eb, Presp\u00eb\u2026Si bregu i liqeneve ashtu edhe malet. Si fushat, edhe pyjet.<br \/>\nDeri m\u00eb tani nuk ka pasur asnj\u00eb d\u00ebnim. Si mund t\u00eb ket\u00eb, kur askush nuk \u00ebsht\u00eb kapur. E si mund t\u00eb kapen, kur askush nuk k\u00ebrkon fajtorin.<\/p>\n<p><span class=\"dropcap color firstcharacter\">2<\/span>Kryetar\u00ebt e komunave ankohen duke th\u00ebn\u00eb se nuk kan\u00eb fuqi. Shkruajn\u00eb statuse n\u00eb Facebook \u201cDeri kur k\u00ebshtu!?\u201dMPB ankohet se nuk ka mjaftuesh\u00ebm polic\u00eb. Inspeksionet ankohen se nuk kan\u00eb mjaft inspektor\u00eb. Pushteti qendror dhe lokal ia kalojn\u00eb p\u00ebrgjegj\u00ebsin\u00eb dhe kompetencat nj\u00ebri-tjetrit. Kurse zyrat jan\u00eb t\u00eb mbushura me administrat\u00ebn shtet\u00ebrore, t\u00eb mbrojtur mbrojtur nga nj\u00eb parti ose nga nj\u00eb tjet\u00ebr. Edhe bordet drejtuese jan\u00eb t\u00eb mbushura me fillestar\u00eb analfabet\u00eb, angazhimi i vet\u00ebm i t\u00eb cil\u00ebve ka qen\u00eb ngjitja e pllakateve partiake dhe kujdestaria e telefonatave n\u00eb shtab.<\/p>\n<p>Po tani, \u00e7far\u00eb do t\u00eb b\u00ebjm\u00eb? Do t\u00eb organizojm\u00eb, vall\u00eb, roje civile q\u00eb t\u00eb mund t\u00eb mbrohet e mira publike? Qytetar\u00eb t\u00eb vet\u00ebdijsh\u00ebm kund\u00ebr qytetar\u00ebve t\u00eb pavet\u00ebdijsh\u00ebm? E pas shembullit t\u00eb Irena Ristiqit dhe klas\u00ebs s\u00eb kujdestares s\u00eb Manastirit q\u00eb dit\u00ebn pasi kishte pastruar bashk\u00eb me nx\u00ebn\u00ebsit e saj, ia dogj\u00ebn gjith\u00eb \u00e7far\u00eb kishin mbledhur, t\u00eb organizohen edhe roje civile. T\u00eb q\u00ebndrojn\u00eb n\u00ebp\u00ebr ara, pyje, af\u00ebr kontejner\u00ebve, n\u00ebp\u00ebr sheshe, parqe, dhe autostrada\u2026\u00c7\u2019tu b\u00ebjm\u00eb? T\u2019i fotografojm\u00eb? T\u2019i qortojm\u00eb? T\u2019i turp\u00ebrojm\u00eb? T\u2019i skllav\u00ebrojm\u00eb dhe t\u2019i \u00e7ojm\u00eb n\u00eb polici? T\u2019u b\u00ebjm\u00eb nevoj\u00ebn n\u00eb prag t\u00eb der\u00ebs atyre q\u00eb l\u00ebn\u00eb qent\u00eb t\u00eb kryejn\u00eb nevoj\u00ebn ku t\u2019u teket dhe nuk mbledhin pas tyre. T\u2019ua shpojm\u00eb gomat? Ne me gozhda, kurse ata kund\u00ebr nesh me pushka. A nuk \u00ebsht\u00eb kjo anarki?<\/p>\n<p>Kemi 22 ministra. Tani u votua edhe nj\u00eb ministri tjet\u00ebr. Do t\u00eb jen\u00eb nj\u00ebzet e tre ministra kur kryetari i ri do t\u00eb n\u00ebnshkruaj\u00eb Ligjin. Kurse shteti, q\u00eb pret dat\u00eb p\u00ebr negociata me BE-n\u00eb, nuk mund t\u00eb menaxhoj\u00eb ndezjen e kontejner\u00ebve, thyerjen e stolave dhe parkimin n\u00eb sheshin kryesor t\u00eb kryeqytetit.<br \/>\nE pastaj themi, Makroni i ka fajet. Makroni dhe parlamenti holandez. Se, holandez\u00ebt, q\u00eb na i pastrojn\u00eb rregullisht parqet, kejin e Vardarit dhe zon\u00ebn spitalore k\u00ebt\u00eb vit nuk do t\u00eb jen\u00eb aq diskret\u00eb. Pan\u00eb se nga turp\u00ebrimi nuk ka hajr, e ndoshta do t\u00eb futet n\u00eb loj\u00eb kamxhiku.<\/p>\n<p><span class=\"dropcap color firstcharacter\">3<\/span>E par\u00eb nga k\u00ebndv\u00ebshtrimi i balt\u00ebs ku po mbytemi\u2013 nga bashk\u00ebsit\u00eb lokale e deri te ministrat \u2013 jan\u00eb ose jokompetent\u00eb ose t\u00eb pakualifikuar p\u00ebr ta menaxhuar k\u00ebt\u00eb vandaliz\u00ebm dhe joligjshm\u00ebri, vall\u00eb, si mund t\u00eb merret PSP-ja me korrupsionin dhe krimin e organizuar n\u00eb nj\u00eb nivel edhe m\u00eb t\u00eb lart\u00eb?<br \/>\nAjo q\u00eb m\u00eb shqet\u00ebson mua tani \u00ebsht\u00eb e gjith\u00eb kjo dram\u00eb rreth ligjit t\u00eb PSP-s\u00eb. Q\u00eb kur miqt\u00eb e huaj, q\u00eb na e shpik\u00ebn PSP-n\u00eb p\u00ebr t\u2019u p\u00ebrballur me kriminel\u00ebt tan\u00eb, na japin mb\u00ebshtetje p\u00ebr ligjin e ri, ai do t\u00eb kaloj\u00eb n\u00ebp\u00ebr t\u00eb gjitha idet\u00eb kreative t\u00eb VMRO-DPMNE-s\u00eb dhe t\u00eb gjitha dinak\u00ebrit\u00eb e BDI-s\u00eb p\u00ebr t\u00eb shp\u00ebtuar.<\/p>\n<p>Nga ana tjet\u00ebr, \u00e7far\u00eb po b\u00ebjm\u00eb me p\u00ebrditshm\u00ebrin\u00eb ton\u00eb, t\u00eb cil\u00ebn t\u00eb huajt akoma nuk kan\u00eb vendosur t\u00eb na e qytet\u00ebrojn\u00eb? Edhe po t\u00eb krijonim polici komunale, ata polic\u00eb nuk do t\u00eb ishin t\u00eb vet\u00ebdijsh\u00ebm se p\u00ebrse shkojn\u00eb n\u00eb pun\u00eb. Do t\u00eb mendonin se arsyeja se pse ndodhen aty jan\u00eb se partia ka gjetur nj\u00eb m\u00ebnyr\u00eb p\u00ebr t\u2019u siguruar rrog\u00eb shteti. K\u00ebta nga Amerika dhe BE-ja, vall\u00eb edhe p\u00ebr mbeturinat do t\u00eb na shpikin institucione, inspeksione, polic\u00eb, \u043a\u043e\u043c\u0443\u043d\u0430\u043b\u0446\u0438, kryetar\u00eb dhe k\u00ebshilltar\u00eb special\u00eb?<\/p>\n<p>Pasi neve vet\u00ebm me fuqi speciale mund t\u00eb na kthehet besimi te institucionet. Nd\u00ebrsa k\u00ebto t\u00eb rregulltat do t\u00eb vazhdojm\u00eb t\u2019i paguajm\u00eb q\u00eb t\u00eb mund t\u00eb mir\u00ebmbahet bashk\u00ebjetesa nd\u00ebrpartiake dhe t\u00eb mbijetojn\u00eb partit\u00eb. P\u00ebrndryshe, kush do t\u2019u shkoj\u00eb n\u00eb miting.<\/p>\n<p><span class=\"dropcap color firstcharacter\">4<\/span>M\u00eb 1 prill fillon fushata p\u00ebr p\u00ebrzgjedhje t\u00eb presidentit. Jam pothuajse i bindur se toni i fushat\u00ebs s\u00eb VMRO-DPMNE-s\u00eb do t\u00eb jet\u00eb me po t\u00eb nj\u00ebjt\u00ebn shp\u00ebrndarje paniku, si\u00e7 ishin fjalimet e p\u00ebrditshme drejt publikut dhe historit\u00eb p\u00ebr huntat, fatkeq\u00ebsit\u00eb, shkat\u00ebrrimet, turbullirat dhe sigurisht \u2013 p\u00ebr p\u00ebrndjekjet. Gjithashtu, me shpikje armiqsh, duke nisur nga kampet e emigrant\u00ebve dhe epidemit\u00eb e deri te ISIS-i\u00eb. Pasi nga kjo VMRO-DPMNE e pareformuar k\u00ebt\u00eb mund t\u00eb presim. Me britma histerike t\u00eb na mashtroj\u00eb se kjo \u00ebsht\u00eb nj\u00eb parti e pastruar nga m\u00ebkatet. Nd\u00ebrkoh\u00eb nuk ka k\u00ebrkuar falje p\u00ebr 27 prillin, as p\u00ebr krimet e koh\u00ebs n\u00eb pushtet, as p\u00ebr shkeljen e r\u00ebnd\u00eb t\u00eb t\u00eb drejtave t\u00eb njeriu me an\u00ebt t\u00eb p\u00ebrgjimit. P\u00ebr gjith\u00e7ka, kan\u00eb nj\u00eb justifikim, q\u00eb fillon me : \u201cAma&#8230;\u201d.<br \/>\nPyetja \u00ebsht\u00eb a do t\u00eb ngjitet edhe LSDM-ja te kjo histeri, apo do t\u00eb na ndryshoj\u00eb muhabetin? Sigurisht, n\u00ebse pik\u00ebs\u00ebpari do t\u00eb ket\u00eb \u00e7\u2019t\u00eb thot\u00eb. Pa th\u00ebn\u00eb dhe ajo \u201cAma&#8230;\u201d.<\/p>\n<p><em>P\u00ebrktheu Fjolla Zllatku<\/em><\/p>\n\n<div style=\"font-size: 0px; height: 0px; line-height: 0px; margin: 0; padding: 0; clear: both;\"><\/div>","protected":false},"excerpt":{"rendered":"<p>Nga lajmet tona ve\u00e7ojm\u00eb: Jan\u00eb thyer stolat dhe sht\u00ebpizat, t\u00eb cilat u rinovuan para 5 dit\u00ebsh n\u00eb parkun e Gazi [&hellip;]<\/p>\n","protected":false},"author":9,"featured_media":184,"comment_status":"closed","ping_status":"closed","sticky":false,"template":"","format":"standard","meta":{"_mo_disable_npp":"","inline_featured_image":false},"categories":[1825],"tags":[],"imageURL":"https:\/\/sdk.mk\/wp-content\/uploads\/2015\/12\/goran-mihailovski2.jpg","thumbURL":"https:\/\/sdk.mk\/wp-content\/uploads\/2015\/12\/goran-mihailovski2-250x196.jpg","categoryNames":["DUA T\u00cb THEM"],"feature_caption":"","subtitle":"U votua edhe nj\u00eb tjet\u00ebr ministri. Kurse shteti, q\u00eb pret dat\u00eb p\u00ebr negociata me BE-n\u00eb, nuk mund t\u00eb menaxhoj\u00eb ndezjen e kontejner\u00ebve, thyerjen e stolave dhe parkimin n\u00eb sheshin kryesor t\u00eb kryeqytetit. ","views":"7807","source":"","yoast_head":"<!-- This site is optimized with the Yoast SEO Premium plugin v15.0 - https:\/\/yoast.com\/wordpress\/plugins\/seo\/ -->\n<title>ROLE CIVILE - \u0421\u0430\u043a\u0430\u043c \u0414\u0430 \u041a\u0430\u0436\u0430\u043c<\/title>\n<meta name=\"robots\" content=\"index, follow, max-snippet:-1, max-image-preview:large, max-video-preview:-1\" \/>\n<link rel=\"canonical\" href=\"https:\/\/sdk.mk\/index.php\/dua-te-them\/role-civile\/\" \/>\n<meta property=\"og:locale\" content=\"mk_MK\" \/>\n<meta property=\"og:type\" content=\"article\" \/>\n<meta property=\"og:title\" content=\"ROLE CIVILE - \u0421\u0430\u043a\u0430\u043c \u0414\u0430 \u041a\u0430\u0436\u0430\u043c\" \/>\n<meta property=\"og:description\" content=\"Nga lajmet tona ve\u00e7ojm\u00eb: Jan\u00eb thyer stolat dhe sht\u00ebpizat, t\u00eb cilat u rinovuan para 5 dit\u00ebsh n\u00eb parkun e Gazi [&hellip;]\" \/>\n<meta property=\"og:url\" content=\"https:\/\/sdk.mk\/index.php\/dua-te-them\/role-civile\/\" \/>\n<meta property=\"og:site_name\" content=\"\u0421\u0430\u043a\u0430\u043c \u0414\u0430 \u041a\u0430\u0436\u0430\u043c\" \/>\n<meta property=\"article:published_time\" content=\"2019-03-30T17:45:59+00:00\" \/>\n<meta property=\"og:image\" content=\"https:\/\/sdk.mk\/wp-content\/uploads\/2015\/12\/goran-mihailovski2.jpg\" \/>\n\t<meta property=\"og:image:width\" content=\"400\" \/>\n\t<meta property=\"og:image:height\" content=\"313\" \/>\n<meta property=\"fb:app_id\" content=\"2407985809428537\" \/>\n<meta name=\"twitter:card\" content=\"summary\" \/>\n<script type=\"application\/ld+json\" class=\"yoast-schema-graph\">{\"@context\":\"https:\/\/schema.org\",\"@graph\":[{\"@type\":\"WebSite\",\"@id\":\"https:\/\/sdk.mk\/#website\",\"url\":\"https:\/\/sdk.mk\/\",\"name\":\"\\u0421\\u0430\\u043a\\u0430\\u043c \\u0414\\u0430 \\u041a\\u0430\\u0436\\u0430\\u043c\",\"description\":\"\\u0417\\u0430 \\u0441\\u043b\\u043e\\u0431\\u043e\\u0434\\u043e\\u0443\\u043c\\u043d\\u0438\",\"potentialAction\":[{\"@type\":\"SearchAction\",\"target\":\"https:\/\/sdk.mk\/?s={search_term_string}\",\"query-input\":\"required name=search_term_string\"}],\"inLanguage\":\"mk-MK\"},{\"@type\":\"ImageObject\",\"@id\":\"https:\/\/sdk.mk\/index.php\/dua-te-them\/role-civile\/#primaryimage\",\"inLanguage\":\"mk-MK\",\"url\":\"https:\/\/sdk.mk\/wp-content\/uploads\/2015\/12\/goran-mihailovski2.jpg\",\"width\":400,\"height\":313},{\"@type\":\"WebPage\",\"@id\":\"https:\/\/sdk.mk\/index.php\/dua-te-them\/role-civile\/#webpage\",\"url\":\"https:\/\/sdk.mk\/index.php\/dua-te-them\/role-civile\/\",\"name\":\"ROLE CIVILE - \\u0421\\u0430\\u043a\\u0430\\u043c \\u0414\\u0430 \\u041a\\u0430\\u0436\\u0430\\u043c\",\"isPartOf\":{\"@id\":\"https:\/\/sdk.mk\/#website\"},\"primaryImageOfPage\":{\"@id\":\"https:\/\/sdk.mk\/index.php\/dua-te-them\/role-civile\/#primaryimage\"},\"datePublished\":\"2019-03-30T17:45:59+00:00\",\"dateModified\":\"2019-03-30T17:45:59+00:00\",\"author\":{\"@id\":\"https:\/\/sdk.mk\/#\/schema\/person\/3e8217f71bc38bd7c592f30c69e10e5a\"},\"inLanguage\":\"mk-MK\",\"potentialAction\":[{\"@type\":\"ReadAction\",\"target\":[\"https:\/\/sdk.mk\/index.php\/dua-te-them\/role-civile\/\"]}]},{\"@type\":\"Person\",\"@id\":\"https:\/\/sdk.mk\/#\/schema\/person\/3e8217f71bc38bd7c592f30c69e10e5a\",\"name\":\"\\u041c\\u0438\\u0440\\u043e\\u0441\\u043b\\u0430\\u0432 \\u0418\\u043b\\u0438\\u043e\\u0441\\u043a\\u0438\"}]}<\/script>\n<!-- \/ Yoast SEO Premium plugin. -->","_links":{"self":[{"href":"https:\/\/sdk.mk\/index.php\/wp-json\/wp\/v2\/posts\/84742"}],"collection":[{"href":"https:\/\/sdk.mk\/index.php\/wp-json\/wp\/v2\/posts"}],"about":[{"href":"https:\/\/sdk.mk\/index.php\/wp-json\/wp\/v2\/types\/post"}],"author":[{"embeddable":true,"href":"https:\/\/sdk.mk\/index.php\/wp-json\/wp\/v2\/users\/9"}],"replies":[{"embeddable":true,"href":"https:\/\/sdk.mk\/index.php\/wp-json\/wp\/v2\/comments?post=84742"}],"version-history":[{"count":0,"href":"https:\/\/sdk.mk\/index.php\/wp-json\/wp\/v2\/posts\/84742\/revisions"}],"wp:featuredmedia":[{"embeddable":true,"href":"https:\/\/sdk.mk\/index.php\/wp-json\/wp\/v2\/media\/184"}],"wp:attachment":[{"href":"https:\/\/sdk.mk\/index.php\/wp-json\/wp\/v2\/media?parent=84742"}],"wp:term":[{"taxonomy":"category","embeddable":true,"href":"https:\/\/sdk.mk\/index.php\/wp-json\/wp\/v2\/categories?post=84742"},{"taxonomy":"post_tag","embeddable":true,"href":"https:\/\/sdk.mk\/index.php\/wp-json\/wp\/v2\/tags?post=84742"}],"curies":[{"name":"wp","href":"https:\/\/api.w.org\/{rel}","templated":true}]}}