{"id":88066,"date":"2019-05-11T15:49:08","date_gmt":"2019-05-11T13:49:08","guid":{"rendered":"https:\/\/sdk.mk\/?p=88066"},"modified":"2019-05-11T15:49:08","modified_gmt":"2019-05-11T13:49:08","slug":"kape-sallonin","status":"publish","type":"post","link":"https:\/\/sdk.mk\/index.php\/dua-te-them\/kape-sallonin\/","title":{"rendered":"KAPE SALLONIN"},"content":{"rendered":"<div class=\"f52428582a4b906b2d2e2a7d733c7d27\" data-index=\"7\" style=\"float: none; margin:10px 0 10px 0; text-align:center;\">\n<!-- MSP Ads Asynchronous JS Tag - Generated with Revive Adserver v5.4.1 -->\r\n<ins data-revive-zoneid=\"167\" data-revive-id=\"060fdb01f6430ec164d3519234aa4967\"><\/ins>\r\n<script async src=\"\/\/panel.ads.com.mk\/www\/delivery\/asyncjs.php\"><\/script>\n<\/div>\n<p><span class=\"dropcap color firstcharacter\">1<\/span>Gjorge Ivanovi dhe Zoran Zaevi q\u00ebndrojn\u00eb nj\u00ebri pran\u00eb tjetrit n\u00eb platform\u00ebn e aeroportit t\u00eb Shkupit. Dhe heshtin. Presin q\u00eb avioni i pap\u00ebs t\u00eb nis\u00eb fluturimin, q\u00eb ta p\u00ebrsh\u00ebndesin p\u00ebr rrug\u00eb t\u00eb mbar\u00eb. Kamera \u00ebsht\u00eb duke i incizuar n\u00eb transmetim t\u00eb drejtp\u00ebrdrejt\u00eb p\u00ebr television. Jan\u00eb z\u00ebn\u00eb me nj\u00eb kuad\u00ebr t\u00eb gjer\u00eb. Ata vazhdojn\u00eb t\u00eb heshtin. Por, procedura para nisjes \u00ebsht\u00eb e gjat\u00eb. Dhe jo shum\u00eb koh\u00eb m\u00eb von\u00eb, e nd\u00ebrpren\u00eb heshtjen dhe fol\u00ebn. Nga ajo q\u00eb mund t\u00eb d\u00ebgjohej nga biseda, Ivanovi thoshte: Jo, jo, e shtrenjt\u00eb \u00ebsht\u00eb ajo gj\u00eb, me t\u00eb v\u00ebrtet\u00eb e shtrenjt\u00eb\u201d. Kurse Zaevi thoshte: \u201dMenduam t\u00eb shihnim mos mund t\u2019ia dilnim disi falas\u201d.<\/p>\n<p>Vall\u00eb p\u00ebr \u00e7far\u00eb bisedonin kryeministri dhe kryetari i shtetit n\u00eb ikje t\u00eb pap\u00ebs? \u00c7far\u00eb mund t\u00eb jet\u00eb kjo gj\u00eb kaq e shtrenjt\u00eb, q\u00eb mund t\u00eb gjendet edhe falas? Kush e di se si ka p\u00ebrfunduar biseda. Por pam\u00eb se t\u00eb dy ia b\u00ebnin me dor\u00eb avionit nd\u00ebrkoh\u00eb q\u00eb ngjitej n\u00eb aj\u00ebr. Dhe at\u00eb, n\u00eb m\u00ebnyr\u00eb t\u00eb sinkronizuar.<\/p>\n<p>Kjo \u00ebsht\u00eb vet\u00ebm nj\u00ebra prej fotografive e cila sh\u00ebnoi k\u00ebt\u00eb jav\u00eb historike n\u00eb Maqedoni. Zgjedhjet presidenciale mbaruan me sukses. Papa erdhi n\u00eb vizit\u00ebn e par\u00eb n\u00eb Maqedoni. Edhe Gjorge Ivanovi po largohet nga funksioni i kryetarit. Po p\u00ebrfundon dekada m\u00eb e keqe e historis\u00eb bashk\u00ebkohore t\u00eb shtetit t\u00eb Maqedonis\u00eb s\u00eb Veriut, ku mu Ivanovi pati p\u00ebrgjegj\u00ebsin\u00eb historike p\u00ebr krimet q\u00eb i mb\u00ebshteti. Deri n\u00eb dit\u00ebn e fundit t\u00eb mandatit t\u00eb tij.<\/p>\n<p>E mbase edhe do t\u00eb mbarojm\u00eb me ngjarjet historike. Negociata historike, marr\u00ebveshje historike, dokumente historike, gjykime historike, vizita historike, raporte historike, zgjedhje historike\u2026Le t\u00eb zhvendosemi tani nga historia n\u00eb t\u00eb tashmen. T\u00eb merremi me jet\u00ebn.<\/p>\n<p><span class=\"dropcap color firstcharacter\">2<\/span>Nga java tjet\u00ebr mua m\u00eb intereson vet\u00ebm se si do t\u00eb qeveris\u00eb Zaevi. Ka b\u00ebr\u00eb mir\u00eb q\u00eb ka marr\u00eb disa dit\u00eb t\u00eb lira. T\u00eb shoh\u00eb pak nga distanca se si ishim, ku mb\u00ebrrit\u00ebm dhe \u00e7far\u00eb duhet t\u00eb b\u00ebjm\u00eb. Dhe me cil\u00ebt njer\u00ebz.<br \/>\nTek tani do t\u00eb filloj\u00eb qeverisja e tij e v\u00ebrtet\u00eb. Deri m\u00eb tani ishte pun\u00eb fikje zjarresh dhe heqjeje nga balta. Tek tani do t\u00eb duhet ta vler\u00ebsojm\u00eb n\u00ebse vlen apo jo. Pasi, tani nuk ka m\u00eb justifikime p\u00ebr kalkulime. Nuk dyshoj se Zaevi e ka kuptuar mesazhin nga qytetar\u00ebt mes dy rrath\u00ebve zgjedhor\u00eb. Prandaj edhe premtoi fshes\u00ebn. Se do t\u00eb kap\u00eb fshes\u00ebn, kjo gj\u00eb n\u00ebnkuptohet. Por nuk jam shum\u00eb optimist se \u00e7far\u00eb do t\u00eb b\u00ebj\u00eb me t\u00eb. Nj\u00eb pastrim fundamental t\u00eb sistemit. Apo vet\u00ebm ngritje pluhuri.<\/p>\n<p>Sigurisht q\u00eb kjo nuk \u00ebsht\u00eb e leht\u00eb. Duke pasur parasysh armiqt\u00eb q\u00eb aktrojn\u00eb opozit\u00eb, por edhe bashk\u00ebpun\u00ebtor\u00ebt e BDI-s\u00eb dhe n\u00eb ve\u00e7anti bashk\u00ebpartiak\u00ebt e LSDM-s\u00eb me t\u00eb gjitha interesat e biznesit, familjare dhe t\u00eb tjera private. Por, n\u00ebse d\u00ebshiron t\u00eb mbetet n\u00eb politik\u00eb dhe t\u00eb mbahet mend si nj\u00eb politikan dhe lider i suksessh\u00ebm, Zaevi do t\u00eb duhet t\u00eb filloj\u00eb t\u00eb sillet ashtu si\u00e7 do t\u00eb sillej n\u00eb kompanit\u00eb e tija t\u00eb suksesshme. Si nj\u00eb drejtor ekzekutiv. Ai q\u00eb \u00ebsht\u00eb i aft\u00eb, do t\u00eb mbetet. Ai q\u00eb nuk \u00ebsht\u00eb, do t\u00eb k\u00ebrkoj\u00eb pun\u00eb tjet\u00ebr. Mjaft koh\u00eb kishin t\u00eb gjith\u00eb q\u00eb t\u00eb shohin se kush \u00ebsht\u00eb i aft\u00eb dhe sa deri m\u00eb tani.<\/p>\n<p>Pasi, si\u00e7 thoshte: \u201cKy krim nuk do t\u00eb p\u00ebrs\u00ebritet m\u00eb!\u201d. Ja, bujrum. Le t\u00eb b\u00ebj\u00eb sistem i cili nuk do t\u00eb lejoj\u00eb q\u00eb ky krim t\u00eb p\u00ebrs\u00ebritet. Nga e h\u00ebna as Ivanovi nuk do t\u00eb jet\u00eb m\u00eb penges\u00eb.<\/p>\n<p><span class=\"dropcap color firstcharacter\">3<\/span>Se mund t\u00eb b\u00ebhet sistem q\u00eb funksionon, tregoi edhe organizata e vizit\u00ebs s\u00eb pap\u00ebs Franjo. Mund t\u00eb ishte m\u00eb past\u00ebr, mund t\u00eb ishte kositur bari, mund t\u00eb ishin nxjerr\u00eb edhe drunjt\u00eb e t\u00eb ishin kthyer prapa me gjith\u00eb rr\u00ebnj\u00eb, mund\u00a0 t\u00eb ishin mbushur gropat e asfaltit, mund t\u00eb ishin larguar makinat nga trotuari\u2026Edhe sh\u00ebrbimi publik i MRTV-s\u00eb mund t\u00eb ishte m\u00eb profesional. Mund t\u2019i kishin ulur t\u00eb gjith\u00eb bashk\u00eb \u2013 edhe qeverin\u00eb, edhe opozit\u00ebn, me gjith\u00eb gra, f\u00ebmij\u00eb, prift\u00ebrinj dhe et\u00ebr, kryetar\u00eb t\u00eb vjet\u00ebr e t\u00eb rinj. Madje edhe Gjorge Ivanovi dhe Zoran Zaevi t\u00eb p\u00ebrsh\u00ebndesnin me dor\u00eb s\u00ebbashku avionin e pap\u00ebs.<\/p>\n<p>Papa u kthye dhe p\u00ebrs\u00ebri iu rikthyem jet\u00ebs s\u00eb zakonshme. At\u00eb dit\u00eb e kaluam mu ashtu si\u00e7 e kalojm\u00eb kur pastrojm\u00eb para se t\u00eb vijn\u00eb mysafir\u00eb n\u00eb sht\u00ebpi. Ne nuk jemi papa q\u00eb rrug\u00ebt n\u00ebp\u00ebr t\u00eb cilat ecim t\u00eb jen\u00eb t\u00eb pastra. Dhe nuk kemi merituar q\u00eb qeveria t\u00eb cil\u00ebn e kemi zgjedhur dhe e paguajm\u00eb, t\u00eb na trajtoj\u00eb me respekt si\u00e7 i trajton mysafir\u00ebt. Si ideja \u2013 mos merr nga k\u00ebto bonbone, se jan\u00eb p\u00ebr mysafir\u00ebt. Mos e nxjerr servisin e bukur p\u00ebr drek\u00eb, e ruajm\u00eb p\u00ebr mysafir\u00ebt. Kape sallonin, po vijn\u00eb mysafir\u00eb\u2026<\/p>\n<p>P\u00ebr k\u00ebt\u00eb fotografi harmonike kontribuoi edhe fakti se ajo dit\u00eb u shpall si e papun\u00eb vet\u00ebm p\u00ebr administrat\u00ebn shtet\u00ebrore n\u00eb Shkup. Ata me t\u00eb v\u00ebrtet\u00eb kan\u00eb pun\u00eb, erdh\u00ebn n\u00eb pun\u00eb. Kurse t\u00eb tjer\u00ebve q\u00eb k\u00ebshtu-ashtu nuk punojn\u00eb asgj\u00eb, sa mir\u00eb u than\u00eb: \u201cMos ejani n\u00eb pun\u00eb, t\u00eb mos b\u00ebni kallaball\u00ebk!\u201d<\/p>\n<p><span class=\"dropcap color firstcharacter\">4<\/span>Mbi faktin se administrata e shtetit \u00ebsht\u00eb ndonj\u00eb klas\u00eb e ve\u00e7ant\u00eb dhe shum\u00eb m\u00eb e r\u00ebnd\u00ebsishme e shoq\u00ebris\u00eb s\u00eb Maqedonis\u00eb d\u00ebshmon edhe nj\u00eb shpallje e m\u00ebrzitshme e policis\u00eb p\u00ebr aksionin e fundit p\u00ebr arrestimin e shit\u00ebsve dhe bler\u00ebsve t\u00eb kokain\u00ebs. Policia p\u00ebrmend \u201cshitblerje t\u00eb shumta t\u00eb kokain\u00ebs ndaj menaxher\u00ebve t\u00eb kafe bareve, klubeve t\u00eb nat\u00ebs dhe restoranteve, avokat\u00ebve, drejtor\u00ebve, bankier\u00ebve dhe t\u00eb pun\u00ebsuarve n\u00eb administrat\u00ebn e shtetit\u201d.<br \/>\nAh bre. Fakti se dikush \u00ebsht\u00eb pun\u00ebsuar n\u00eb administrat\u00ebn e shtetit, kjo \u00ebsht\u00eb di\u00e7ka si arritja m\u00eb e lart\u00eb n\u00eb karrier\u00eb. Administrata e shtetit te ne ka qen\u00eb nj\u00eb elit\u00eb. K\u00ebnaqet me drog\u00ebn e t\u00eb pasurve.<\/p>\n<p><span class=\"dropcap color firstcharacter\">5<\/span>T\u00eb gjith\u00eb q\u00eb ankoheshin se qyteti \u00ebsht\u00eb i bllokuar dhe pyesnin: \u201c\u00c7\u2019faj kemi t\u00eb gjith\u00eb ne q\u00eb na erdhi papa\u201d, p\u00ebrgjigjen mund ta gjejn\u00eb vet\u00ebm n\u00eb nj\u00eb titull t\u00eb \u201cNew York Times\u201d \u2013 \u201cVizita e pap\u00ebs Franjo e vendosi Maqedonin\u00eb e Veriut n\u00eb hart\u00eb.\u201d Atyre q\u00eb u nevojitet shpjegim ekstra, le ta lexojn\u00eb vet\u00ebm fjalin\u00eb e par\u00eb t\u00eb tekstit: \u201cMe zgjidhjen p\u00ebrfundimtare t\u00eb \u00e7\u00ebshtjes s\u00eb emrit me Greqin\u00eb dhe me an\u00ebtar\u00ebsimin n\u00eb NATO, q\u00eb pritet deri n\u00eb fund t\u00eb vitit, Maqedonia e Veriut t\u00eb mart\u00ebn mori edhe nj\u00eb sinjal se izolimi tridekad\u00ebsh nd\u00ebrkomb\u00ebtar po p\u00ebrfundon: vizita e par\u00eb e pap\u00ebs n\u00eb shtet\u201d. Epo Zaev, pusho dhe pastaj p\u00ebrvishi m\u00ebng\u00ebt dhe ktheju pun\u00ebs. Jeta do t\u00eb vij\u00eb kur \u00e7do dit\u00eb t\u00eb jet\u00eb sikur t\u00eb jet\u00eb duke ardhur papa. T\u00eb mos jet\u00eb prap\u00eb: \u201cDrug Tito nije znao\u201d. (Shoku Tito nuk e dinte.)<\/p>\n<p><em>\u00a0<\/em><\/p>\n<p><em>P\u00ebrktheu: Fjolla Zllatku <\/em><\/p>\n<p>&nbsp;<\/p>\n\n<div style=\"font-size: 0px; height: 0px; line-height: 0px; margin: 0; padding: 0; clear: both;\"><\/div>","protected":false},"excerpt":{"rendered":"<p>Gjorge Ivanovi dhe Zoran Zaevi q\u00ebndrojn\u00eb nj\u00ebri pran\u00eb tjetrit n\u00eb platform\u00ebn e aeroportit t\u00eb Shkupit. Dhe heshtin. Presin q\u00eb avioni [&hellip;]<\/p>\n","protected":false},"author":1,"featured_media":184,"comment_status":"closed","ping_status":"closed","sticky":false,"template":"","format":"standard","meta":{"_mo_disable_npp":"","inline_featured_image":false},"categories":[1825],"tags":[],"imageURL":"https:\/\/sdk.mk\/wp-content\/uploads\/2015\/12\/goran-mihailovski2.jpg","thumbURL":"https:\/\/sdk.mk\/wp-content\/uploads\/2015\/12\/goran-mihailovski2-250x196.jpg","categoryNames":["DUA T\u00cb THEM"],"feature_caption":"","subtitle":"T\u00eb mos b\u00ebhet prap\u00eb: \u201cDrug Tito nije znao\u201d (Shoku Tito nuk e dinte)","views":"8930","source":"","yoast_head":"<!-- This site is optimized with the Yoast SEO Premium plugin v15.0 - https:\/\/yoast.com\/wordpress\/plugins\/seo\/ -->\n<title>KAPE SALLONIN - \u0421\u0430\u043a\u0430\u043c \u0414\u0430 \u041a\u0430\u0436\u0430\u043c<\/title>\n<meta name=\"robots\" content=\"index, follow, max-snippet:-1, max-image-preview:large, max-video-preview:-1\" \/>\n<link rel=\"canonical\" href=\"https:\/\/sdk.mk\/index.php\/dua-te-them\/kape-sallonin\/\" \/>\n<meta property=\"og:locale\" content=\"mk_MK\" \/>\n<meta property=\"og:type\" content=\"article\" \/>\n<meta property=\"og:title\" content=\"KAPE SALLONIN - \u0421\u0430\u043a\u0430\u043c \u0414\u0430 \u041a\u0430\u0436\u0430\u043c\" \/>\n<meta property=\"og:description\" content=\"Gjorge Ivanovi dhe Zoran Zaevi q\u00ebndrojn\u00eb nj\u00ebri pran\u00eb tjetrit n\u00eb platform\u00ebn e aeroportit t\u00eb Shkupit. Dhe heshtin. Presin q\u00eb avioni [&hellip;]\" \/>\n<meta property=\"og:url\" content=\"https:\/\/sdk.mk\/index.php\/dua-te-them\/kape-sallonin\/\" \/>\n<meta property=\"og:site_name\" content=\"\u0421\u0430\u043a\u0430\u043c \u0414\u0430 \u041a\u0430\u0436\u0430\u043c\" \/>\n<meta property=\"article:published_time\" content=\"2019-05-11T13:49:08+00:00\" \/>\n<meta property=\"og:image\" content=\"https:\/\/sdk.mk\/wp-content\/uploads\/2015\/12\/goran-mihailovski2.jpg\" \/>\n\t<meta property=\"og:image:width\" content=\"400\" \/>\n\t<meta property=\"og:image:height\" content=\"313\" \/>\n<meta property=\"fb:app_id\" content=\"2407985809428537\" \/>\n<meta name=\"twitter:card\" content=\"summary\" \/>\n<script type=\"application\/ld+json\" class=\"yoast-schema-graph\">{\"@context\":\"https:\/\/schema.org\",\"@graph\":[{\"@type\":\"WebSite\",\"@id\":\"https:\/\/sdk.mk\/#website\",\"url\":\"https:\/\/sdk.mk\/\",\"name\":\"\\u0421\\u0430\\u043a\\u0430\\u043c \\u0414\\u0430 \\u041a\\u0430\\u0436\\u0430\\u043c\",\"description\":\"\\u0417\\u0430 \\u0441\\u043b\\u043e\\u0431\\u043e\\u0434\\u043e\\u0443\\u043c\\u043d\\u0438\",\"potentialAction\":[{\"@type\":\"SearchAction\",\"target\":\"https:\/\/sdk.mk\/?s={search_term_string}\",\"query-input\":\"required name=search_term_string\"}],\"inLanguage\":\"mk-MK\"},{\"@type\":\"ImageObject\",\"@id\":\"https:\/\/sdk.mk\/index.php\/dua-te-them\/kape-sallonin\/#primaryimage\",\"inLanguage\":\"mk-MK\",\"url\":\"https:\/\/sdk.mk\/wp-content\/uploads\/2015\/12\/goran-mihailovski2.jpg\",\"width\":400,\"height\":313},{\"@type\":\"WebPage\",\"@id\":\"https:\/\/sdk.mk\/index.php\/dua-te-them\/kape-sallonin\/#webpage\",\"url\":\"https:\/\/sdk.mk\/index.php\/dua-te-them\/kape-sallonin\/\",\"name\":\"KAPE SALLONIN - \\u0421\\u0430\\u043a\\u0430\\u043c \\u0414\\u0430 \\u041a\\u0430\\u0436\\u0430\\u043c\",\"isPartOf\":{\"@id\":\"https:\/\/sdk.mk\/#website\"},\"primaryImageOfPage\":{\"@id\":\"https:\/\/sdk.mk\/index.php\/dua-te-them\/kape-sallonin\/#primaryimage\"},\"datePublished\":\"2019-05-11T13:49:08+00:00\",\"dateModified\":\"2019-05-11T13:49:08+00:00\",\"author\":{\"@id\":\"https:\/\/sdk.mk\/#\/schema\/person\/be7cfa6655c47f7195bfdd0ba8144aa2\"},\"inLanguage\":\"mk-MK\",\"potentialAction\":[{\"@type\":\"ReadAction\",\"target\":[\"https:\/\/sdk.mk\/index.php\/dua-te-them\/kape-sallonin\/\"]}]},{\"@type\":\"Person\",\"@id\":\"https:\/\/sdk.mk\/#\/schema\/person\/be7cfa6655c47f7195bfdd0ba8144aa2\",\"name\":\"\\u0413\\u043e\\u0440\\u0430\\u043d \\u041c\\u0438\\u0445\\u0430\\u0458\\u043b\\u043e\\u0432\\u0441\\u043a\\u0438\"}]}<\/script>\n<!-- \/ Yoast SEO Premium plugin. -->","_links":{"self":[{"href":"https:\/\/sdk.mk\/index.php\/wp-json\/wp\/v2\/posts\/88066"}],"collection":[{"href":"https:\/\/sdk.mk\/index.php\/wp-json\/wp\/v2\/posts"}],"about":[{"href":"https:\/\/sdk.mk\/index.php\/wp-json\/wp\/v2\/types\/post"}],"author":[{"embeddable":true,"href":"https:\/\/sdk.mk\/index.php\/wp-json\/wp\/v2\/users\/1"}],"replies":[{"embeddable":true,"href":"https:\/\/sdk.mk\/index.php\/wp-json\/wp\/v2\/comments?post=88066"}],"version-history":[{"count":0,"href":"https:\/\/sdk.mk\/index.php\/wp-json\/wp\/v2\/posts\/88066\/revisions"}],"wp:featuredmedia":[{"embeddable":true,"href":"https:\/\/sdk.mk\/index.php\/wp-json\/wp\/v2\/media\/184"}],"wp:attachment":[{"href":"https:\/\/sdk.mk\/index.php\/wp-json\/wp\/v2\/media?parent=88066"}],"wp:term":[{"taxonomy":"category","embeddable":true,"href":"https:\/\/sdk.mk\/index.php\/wp-json\/wp\/v2\/categories?post=88066"},{"taxonomy":"post_tag","embeddable":true,"href":"https:\/\/sdk.mk\/index.php\/wp-json\/wp\/v2\/tags?post=88066"}],"curies":[{"name":"wp","href":"https:\/\/api.w.org\/{rel}","templated":true}]}}