{"id":88642,"date":"2019-05-18T15:57:56","date_gmt":"2019-05-18T13:57:56","guid":{"rendered":"https:\/\/sdk.mk\/?p=88642"},"modified":"2019-05-18T15:57:56","modified_gmt":"2019-05-18T13:57:56","slug":"bisht-demi","status":"publish","type":"post","link":"https:\/\/sdk.mk\/index.php\/dua-te-them\/bisht-demi\/","title":{"rendered":"BISHT DEMI"},"content":{"rendered":"<div class=\"f52428582a4b906b2d2e2a7d733c7d27\" data-index=\"7\" style=\"float: none; margin:10px 0 10px 0; text-align:center;\">\n<!-- MSP Ads Asynchronous JS Tag - Generated with Revive Adserver v5.4.1 -->\r\n<ins data-revive-zoneid=\"167\" data-revive-id=\"060fdb01f6430ec164d3519234aa4967\"><\/ins>\r\n<script async src=\"\/\/panel.ads.com.mk\/www\/delivery\/asyncjs.php\"><\/script>\n<\/div>\n<p><span class=\"dropcap color firstcharacter\">1<\/span>Fakti se deputeti Pavle Bogoevski \u00ebsht\u00eb fajtor p\u00ebr shkeljen e ligjit dhe blerjen e substancave t\u00eb paligjshme nuk \u00ebsht\u00eb aspak i kontestuesh\u00ebm. Ai vet\u00eb pranoi se duhet t\u00eb mbaj\u00eb p\u00ebrgjegj\u00ebsin\u00eb ligjore. Nuk \u00ebsht\u00eb i kontestuesh\u00ebm as fakti tjet\u00ebr, q\u00eb Pavle, ai aktivisti i flakt\u00eb i Revolucionit t\u00eb larm\u00eb luftonte p\u00ebr mbrojtjen e t\u00eb drejtave t\u00eb qytetar\u00ebve nuk \u00ebsht\u00eb Pavleja i nj\u00ebjt\u00eb, pasi si deputet n\u00eb Parlament nuk ka b\u00ebr\u00eb asgj\u00eb p\u00ebr t\u00eb realizuar at\u00eb q\u00eb p\u00ebrfaq\u00ebsonte si aktivist qytetar. Padyshim, emri i tij, sidomos si kryetar i Komisionit me imunitet mandati t\u00eb Parlamentit, \u00ebsht\u00eb luhatur.<br \/>\nMir\u00ebpo, tema e bised\u00ebs son\u00eb nuk \u00ebsht\u00eb Pavleja. Por p\u00ebrgjimet e paligjshme. Tema \u00ebsht\u00eb se organet e p\u00ebrndjekjes nuk merren me zbulimin e t\u00eb gjith\u00eb atyre q\u00eb kan\u00eb p\u00ebrgjuar n\u00eb m\u00ebnyr\u00eb t\u00eb paligjshme.<\/p>\n<p>Ekziston nj\u00eb dallim mes bombave t\u00eb Zaevit dhe ato t\u00eb publikuara n\u00eb rrjetin rus Vkontakte. Zaevi i publikonte bisedat e p\u00ebrgjuara, dhe k\u00ebt\u00eb gj\u00eb e b\u00ebnte publikisht, n\u00eb konferenca shtypi, p\u00ebr t\u00eb zbuluar keqp\u00ebrdorimin skandaloz t\u00eb t\u00eb drejtave t\u00eb njeriut nga ana e shtetit. Nd\u00ebrsa bombat e reja jan\u00eb prodhim i p\u00ebrgjimeve t\u00eb paligjshme nga nj\u00eb p\u00ebrgjues i panjohur dhe nga nj\u00eb porosit\u00ebs i panjohur.<\/p>\n<p>Andaj, n\u00eb k\u00ebt\u00eb moment \u00ebsht\u00eb po aq skandaloz fakti se si shteti nuk arrin t\u2019i zbuloj\u00eb, t\u2019i d\u00ebnoj\u00eb ata q\u00eb p\u00ebrgjojn\u00eb dhe ta nd\u00ebrpres\u00eb k\u00ebt\u00eb p\u00ebrgjim t\u00eb paligjsh\u00ebm q\u00eb ndodh madje edhe n\u00eb nj\u00eb taksi. Pasi, sot bomba i dedikohet nj\u00eb deputeti, p\u00ebr t\u00eb shp\u00ebtuar mandatin e deputetit t\u00eb Gruevskit, Po nes\u00ebr, kjo bomb\u00eb mund t\u00eb jet\u00eb p\u00ebr cilindo nga qytetar\u00ebt dhe p\u00ebr kush e di se \u00e7far\u00eb shantazhi.<\/p>\n<p>Si ia doli, vall\u00eb, Zaevi t\u00eb zbulonte p\u00ebrgjuesit nd\u00ebrkoh\u00eb q\u00eb ishte n\u00eb opozit\u00eb? E tani, kur \u00ebsht\u00eb n\u00eb pushtet, nuk ia del?<\/p>\n<p><span class=\"dropcap color firstcharacter\">2<\/span>E kush t\u2019i zbuloj\u00eb? Kush mund ta kap\u00eb taksistin q\u00eb poston n\u00eb Internet bisedat e deputet\u00ebve q\u00eb shoq\u00ebron? Mos do ta b\u00ebj\u00eb Oliver Spasovski? Ai q\u00eb, si\u00e7 do t\u00eb kishin th\u00ebn\u00eb anglez\u00ebt, nuk mund t\u00eb z\u00ebr\u00eb as grip n\u00eb koh\u00eb epidemie, e jo m\u00eb t\u00eb zbuloj\u00eb p\u00ebrgjimet.<\/p>\n<p>Kur Stevo Pendarovski n\u00eb fushat\u00ebn parazgjedhore u ankua se njer\u00ebzit e administrat\u00ebs s\u00eb shtetit e ndjekin dhe e fotografojn\u00eb, ministri p\u00ebr pun\u00eb t\u00eb brendshme, Spasovski tha gjat\u00eb pyetjeve t\u00eb deputet\u00ebve: \u201cNj\u00eb gj\u00eb e till\u00eb nuk ekziston. Nuk dua m\u00eb q\u00eb opinion publik i shtetit t\u00eb merret me gj\u00ebra t\u00eb tilla si sh\u00ebrbime t\u00eb huaja dhe furgona t\u00eb verdh\u00eb\u201d.<\/p>\n<p>Ndoshta nuk ka furgona t\u00eb verdh\u00eb. Por, ekzistojn\u00eb tabela t\u00eb verdha ku shkruan \u201cTaksi\u201d, ku na paralajm\u00ebrojn\u00eb se \u201cp\u00ebr shkak t\u00eb kontrollit t\u00eb cil\u00ebsis\u00eb, biseda do t\u00eb incizohet\u201d. E kush e di se cila pajisje e p\u00ebrgjimit \u00ebsht\u00eb shkat\u00ebrruar, e cila ka mbetur. Dhe se ku \u00ebsht\u00eb.<\/p>\n<p><span class=\"dropcap color firstcharacter\">3<\/span>Deputeti Pavle Bogoevski \u00ebsht\u00eb kryetar i komisionit parlamentar q\u00eb duhet t\u00eb vendos\u00eb p\u00ebr marrjen e mandatit nga deputeti Nikolla Gruevski. Edhe incizimi i taksis\u00eb u paraqit mu tani. Gj\u00eb q\u00eb do t\u00eb thot\u00eb se do t\u00eb problematizohet reputacioni dhe integriteti i kryetarit t\u00eb komisionit me pohimin se deputeti konsumon drog\u00eb.<br \/>\nMua, nga ana tjet\u00ebr m\u00eb intereson se \u00e7far\u00eb dogrash konsumojn\u00eb deputet\u00ebt q\u00eb do t\u00eb votojn\u00eb kund\u00ebr marrjes s\u00eb mandatit nga Gruevski. Me siguri duhet t\u00eb jet\u00eb ndonj\u00eb koktel shkat\u00ebrrues p\u00ebr trurin, q\u00eb ta shtremb\u00ebron krejt\u00ebsisht fotografin\u00eb mbi realitetin. P\u00ebrndryshe, me \u00e7far\u00eb mendje do t\u00eb votoje p\u00ebr Gruevskin q\u00eb t\u00eb mbetet deputet i arratisur me azil n\u00eb Budapest.<\/p>\n<p>Mesa duket b\u00ebhet fjal\u00eb p\u00ebr drog\u00ebn e nj\u00ebjt\u00eb me t\u00eb cil\u00ebn grupi i deputet\u00ebve t\u00eb K\u00ebrsto Mukoskit k\u00ebrkon test p\u00ebr drog\u00ebra p\u00ebr t\u00eb gjith\u00eb deputet\u00ebt. Pasi ata me vet\u00ebdije dhe mendje t\u00eb past\u00ebr, m\u00eb 27 prill 2019 i hap\u00ebn dyert p\u00ebr sulm t\u00eb Parlamentit.<\/p>\n<p><span class=\"dropcap color firstcharacter\">4 <\/span>Zaevit i duhet nj\u00eb fshes\u00eb. Por, vet\u00ebm fshesa nuk e zgjidh problemin. Duhet t\u00eb respektohen ligjet. K\u00ebshtu edhe p\u00ebr fshes\u00ebn ka ligj.. Pastaj edhe p\u00ebr fshes\u00ebn ka ligj. E vetmja gj\u00eb q\u00eb duhet b\u00ebr\u00eb, \u00ebsht\u00eb q\u00eb ai q\u00eb shkon n\u00eb pun\u00eb, ta kryej\u00eb pun\u00ebn e tij. T\u00eb fshij\u00eb.<\/p>\n<p>P\u00ebr m\u00eb tep\u00ebr, tani ka ligj p\u00ebr \u00e7do gj\u00eb. P\u00ebr parkim n\u00eb trotuar, p\u00ebr parkim n\u00eb korsin\u00eb e tret\u00eb, p\u00ebr vozitje n\u00eb park, p\u00ebr ndalimin e furnizimit me mall n\u00eb koh\u00eb t\u00eb caktuar, p\u00ebr hedhjen e mbeturinave, p\u00ebr t\u00eb p\u00ebshtyrat n\u00eb rrug\u00eb, p\u00ebr ndezjen e zjarrit, p\u00ebr ndalimin e pirjes s\u00eb duhanit dhe p\u00ebr vendosjen e tarracave verore, ligj p\u00ebr nderimet e paligjshme, p\u00ebr zhurm\u00eb dhe p\u00ebr ndotje\u2026<\/p>\n<p>Ja ku kemi shembull Matk\u00ebn. Te platforma e paligjshme tani kan\u00eb vendosur dhe gardh. A nuk ishte platforma p\u00ebr varka?Po turist\u00ebt si do t\u00eb hipin n\u00eb vark\u00eb, apo do t\u00eb kap\u00ebrcejn\u00eb gardhin. Matk\u00ebn e shp\u00ebtuam nga bombardimet e fashist\u00ebve n\u00eb Luft\u00ebn e dyt\u00eb bot\u00ebrore. Por nga BDI-ja zor ta shp\u00ebtojm\u00eb.<\/p>\n<p>Liqeni i Ohrit, \u00e7\u2019nuk ka p\u00ebsuar. \u00cbsht\u00eb i mbrojtur me gjith\u00eb qytetin nga UNESKO, por as se si nuk mund t\u00eb shp\u00ebtoj\u00eb nga mafia. Struga nuk \u00ebsht\u00eb mbrojtur nga UNESKO, por koalicioni LSDM-BDI \u00ebsht\u00eb i betonuar, si parapet n\u00eb vendin e kallamave.<\/p>\n<p>Q\u00eb kur erdh\u00ebn n\u00eb pushtet, dy her\u00eb n\u00eb muaj e l\u00ebshojn\u00eb autostrad\u00ebn Milladinovski-Shtip. Sa her\u00eb kan\u00eb lajm\u00ebruar se p\u00ebr dhjet\u00eb-pes\u00ebmb\u00ebdhjet\u00eb dit\u00eb do t\u00eb l\u00ebshohet n\u00eb p\u00ebrdorim?<\/p>\n<p>Qendra e Shkupit ka nj\u00eb sh\u00ebtitore t\u00eb vetme buz\u00eb Vardarit. Por \u00ebsht\u00eb shnd\u00ebrruar n\u00eb rrug\u00eb. Pasi drejtor\u00ebt e Telekomit u dashkan t\u00eb ken\u00eb qasje me makina. Se gjithandej n\u00eb Doj\u00e7e Telekom n\u00ebp\u00ebr bot\u00eb n\u00ebse zyrat gjenden n\u00eb zon\u00eb k\u00ebmb\u00ebsor\u00ebsh, pushtetet lokale u lejojn\u00eb t\u00eb pun\u00ebsuarve n\u00eb firma private t\u00eb ecin mes k\u00ebmb\u00ebsor\u00ebve.<\/p>\n<p>Sheshi Maqedonia, u shnd\u00ebrrua n\u00eb nj\u00eb rrug\u00eb komunikacioni t\u00eb dyansh\u00ebm. Me gjith\u00eb parkingjet. Mbetet vet\u00ebm edhe t\u00eb vendosin nj\u00eb vij\u00eb me nd\u00ebrprerje n\u00eb mes, q\u00eb tejkalimi t\u00eb mos jet\u00eb me d\u00ebnim.<\/p>\n<p>P\u00ebrmendoret n\u00eb qend\u00ebr t\u00eb Shkupit nuk pastrohen. Se qenkan t\u00eb VMRO-s\u00eb. Po at\u00ebher\u00eb, p\u00ebrse mos t\u2019i shkat\u00ebrrojm\u00eb? Akoma presim se \u00e7do t\u00eb b\u00ebhet me p\u00ebrmendoren e N\u00ebn\u00eb Terez\u00ebs, gjithashtu nd\u00ebrtim i paligjsh\u00ebm. As shat\u00ebrvan\u00ebt nuk i l\u00ebshojn\u00eb. Gjysma e Majit, ka kaluar dhe \u00ebsht\u00eb akoma ftoht\u00eb.<\/p>\n<p>Qent\u00eb e rrug\u00ebs na h\u00ebngr\u00ebn t\u00eb gjall\u00eb. Kaluan dy vjet dhe akoma nuk e zgjidhim dot problemin e ri. Nd\u00ebrtuan nj\u00eb ziplajn, por akoma nj\u00eb tel nga Kalaja nuk mund t\u00eb l\u00ebshojn\u00eb dot, e k\u00ebndej thon\u00eb se do t\u00eb nd\u00ebrtojn\u00eb tramvaj. E se do t\u00eb jet\u00eb gati bashk\u00eb me sall\u00ebn universale, p\u00ebr t\u00eb cil\u00ebn vjet n\u00ebnshkruan marr\u00ebveshje. Se sivjet do t\u00eb n\u00ebnshkruajn\u00eb marr\u00ebveshje p\u00ebr t\u00eb filluar rinovimin.<\/p>\n<p>Ka dy vjet q\u00eb lajm\u00ebrojn\u00eb rinovimin e sht\u00ebpis\u00eb s\u00eb oficer\u00ebve n\u00eb Manastir. Vjet n\u00eb qershor nxor\u00ebn miratim p\u00ebr sanim. Por deri m\u00eb tani nuk kan\u00eb mundur t\u00eb mbledhin n\u00ebnshkrimet nga t\u00eb gjitha institucionet, duke p\u00ebrfshir\u00eb k\u00ebtu edhe Qeverin\u00eb. E tani, q\u00eb kur u kan\u00eb marr\u00eb n\u00ebnshkrimet, le t\u00eb mos i d\u00ebrgojn\u00eb n\u00ebp\u00ebrmjet rrug\u00ebs rrethore t\u00eb Manastirit. Pasi edhe ajo ka dy vjet q\u00eb \u00ebsht\u00eb mbyllur.<\/p>\n<p>P\u00ebr manastirin Kurbinovo, q\u00eb na e ruan freskon nga shekulli 12, akoma nuk mund t\u00eb merren vesh se kush \u00ebsht\u00eb kompetenti. N\u00eb fillim ziheshin p\u00ebr para, m\u00eb von\u00eb p\u00ebr projekt, m\u00eb pas se sa do t\u00eb kushtonte projekti, kurse tani zihen se kush do ta rregulloj\u00eb projektin. Vdiq personi q\u00eb e udh\u00ebhiqte restaurimin\u2026e deri sa t\u00eb merren vesh Shkupi dhe Manastiri se si t\u00eb shp\u00ebtohet Engj\u00eblli i Kurbinov\u00ebs, do t\u00eb rinovohet Notr\u00eb Dami i Parisit dhe \u00e7el\u00ebsin e Kurbinov\u00ebs q\u00eb akoma e mban nj\u00eb banor lokal, do ta humbin. E pastaj do t\u00eb zihemi se kush \u00ebsht\u00eb kompentent t\u00eb b\u00ebj\u00eb \u00e7el\u00ebs t\u00eb ri.<\/p>\n<p>A duhet t\u00eb num\u00ebrojm\u00eb akoma? Na vjen n\u00eb maj\u00eb t\u00eb hund\u00ebs me t\u00eb gjitha justifikimet q\u00eb shpikin. \u00c7mendesh kur fillojn\u00eb t\u00eb t\u00eb shpjegojn\u00eb se kush dhe p\u00ebr se \u00ebsht\u00eb kompetent. Dhe p\u00ebr \u00e7far\u00eb nuk \u00ebsht\u00eb.<\/p>\n<p>Para gjasht\u00eb muajve dikush e d\u00ebmtoi skulptur\u00ebn e demit n\u00eb Shkup dhe iu desh nj\u00eb dit\u00eb e t\u00ebr\u00eb q\u00eb ta zbulojn\u00eb se kush \u00ebsht\u00eb kompetent q\u00eb ta kthej\u00eb bishtin. E gjet\u00ebm personin kompetent, por ja q\u00eb demit akoma i mungon bishti.<\/p>\n<p>Kalon gjysm\u00eb viti dhe nuk vendosin dot as nj\u00eb bisht demi, e duan t\u00eb zbulojn\u00eb se kush e ka p\u00ebrgjuar ilegalisht Pavlen. Po at\u00eb q\u00eb shqeu bishtin e demit nuk e k\u00ebrkojn\u00eb fare.<\/p>\n<p>Ata edhe p\u00ebr fshes\u00ebn e Zaevit do t\u00eb n\u00ebnshkruajn\u00eb tender. Q\u00eb t\u00eb ket\u00eb ankesa dhe kund\u00ebrankesa me afate q\u00eb duhen shtyer. Vet\u00ebm e vet\u00ebm q\u00eb t\u00eb ket\u00eb justifikim n\u00ebse nuk ka fshes\u00eb.<\/p>\n<p><strong><em>P\u00ebrktheu: Fjolla Zllatku <\/em><\/strong><\/p>\n<p>&nbsp;<\/p>\n\n<div style=\"font-size: 0px; height: 0px; line-height: 0px; margin: 0; padding: 0; clear: both;\"><\/div>","protected":false},"excerpt":{"rendered":"<p>Fakti se deputeti Pavle Bogoevski \u00ebsht\u00eb fajtor p\u00ebr shkeljen e ligjit dhe blerjen e substancave t\u00eb paligjshme nuk \u00ebsht\u00eb aspak [&hellip;]<\/p>\n","protected":false},"author":1,"featured_media":184,"comment_status":"closed","ping_status":"closed","sticky":false,"template":"","format":"standard","meta":{"_mo_disable_npp":"","inline_featured_image":false},"categories":[1825],"tags":[],"imageURL":"https:\/\/sdk.mk\/wp-content\/uploads\/2015\/12\/goran-mihailovski2.jpg","thumbURL":"https:\/\/sdk.mk\/wp-content\/uploads\/2015\/12\/goran-mihailovski2-250x196.jpg","categoryNames":["DUA T\u00cb THEM"],"feature_caption":"","subtitle":"Kush mban p\u00ebrgjegj\u00ebsi p\u00ebr fshes\u00ebn? E n\u00ebse s\u2019mban askush, p\u00ebrse?","views":"10058","source":"","yoast_head":"<!-- This site is optimized with the Yoast SEO Premium plugin v15.0 - https:\/\/yoast.com\/wordpress\/plugins\/seo\/ -->\n<title>BISHT DEMI - \u0421\u0430\u043a\u0430\u043c \u0414\u0430 \u041a\u0430\u0436\u0430\u043c<\/title>\n<meta name=\"robots\" content=\"index, follow, max-snippet:-1, max-image-preview:large, max-video-preview:-1\" \/>\n<link rel=\"canonical\" href=\"https:\/\/sdk.mk\/index.php\/dua-te-them\/bisht-demi\/\" \/>\n<meta property=\"og:locale\" content=\"mk_MK\" \/>\n<meta property=\"og:type\" content=\"article\" \/>\n<meta property=\"og:title\" content=\"BISHT DEMI - \u0421\u0430\u043a\u0430\u043c \u0414\u0430 \u041a\u0430\u0436\u0430\u043c\" \/>\n<meta property=\"og:description\" content=\"Fakti se deputeti Pavle Bogoevski \u00ebsht\u00eb fajtor p\u00ebr shkeljen e ligjit dhe blerjen e substancave t\u00eb paligjshme nuk \u00ebsht\u00eb aspak [&hellip;]\" \/>\n<meta property=\"og:url\" content=\"https:\/\/sdk.mk\/index.php\/dua-te-them\/bisht-demi\/\" \/>\n<meta property=\"og:site_name\" content=\"\u0421\u0430\u043a\u0430\u043c \u0414\u0430 \u041a\u0430\u0436\u0430\u043c\" \/>\n<meta property=\"article:published_time\" content=\"2019-05-18T13:57:56+00:00\" \/>\n<meta property=\"og:image\" content=\"https:\/\/sdk.mk\/wp-content\/uploads\/2015\/12\/goran-mihailovski2.jpg\" \/>\n\t<meta property=\"og:image:width\" content=\"400\" \/>\n\t<meta property=\"og:image:height\" content=\"313\" \/>\n<meta property=\"fb:app_id\" content=\"2407985809428537\" \/>\n<meta name=\"twitter:card\" content=\"summary\" \/>\n<script type=\"application\/ld+json\" class=\"yoast-schema-graph\">{\"@context\":\"https:\/\/schema.org\",\"@graph\":[{\"@type\":\"WebSite\",\"@id\":\"https:\/\/sdk.mk\/#website\",\"url\":\"https:\/\/sdk.mk\/\",\"name\":\"\\u0421\\u0430\\u043a\\u0430\\u043c \\u0414\\u0430 \\u041a\\u0430\\u0436\\u0430\\u043c\",\"description\":\"\\u0417\\u0430 \\u0441\\u043b\\u043e\\u0431\\u043e\\u0434\\u043e\\u0443\\u043c\\u043d\\u0438\",\"potentialAction\":[{\"@type\":\"SearchAction\",\"target\":\"https:\/\/sdk.mk\/?s={search_term_string}\",\"query-input\":\"required name=search_term_string\"}],\"inLanguage\":\"mk-MK\"},{\"@type\":\"ImageObject\",\"@id\":\"https:\/\/sdk.mk\/index.php\/dua-te-them\/bisht-demi\/#primaryimage\",\"inLanguage\":\"mk-MK\",\"url\":\"https:\/\/sdk.mk\/wp-content\/uploads\/2015\/12\/goran-mihailovski2.jpg\",\"width\":400,\"height\":313},{\"@type\":\"WebPage\",\"@id\":\"https:\/\/sdk.mk\/index.php\/dua-te-them\/bisht-demi\/#webpage\",\"url\":\"https:\/\/sdk.mk\/index.php\/dua-te-them\/bisht-demi\/\",\"name\":\"BISHT DEMI - \\u0421\\u0430\\u043a\\u0430\\u043c \\u0414\\u0430 \\u041a\\u0430\\u0436\\u0430\\u043c\",\"isPartOf\":{\"@id\":\"https:\/\/sdk.mk\/#website\"},\"primaryImageOfPage\":{\"@id\":\"https:\/\/sdk.mk\/index.php\/dua-te-them\/bisht-demi\/#primaryimage\"},\"datePublished\":\"2019-05-18T13:57:56+00:00\",\"dateModified\":\"2019-05-18T13:57:56+00:00\",\"author\":{\"@id\":\"https:\/\/sdk.mk\/#\/schema\/person\/be7cfa6655c47f7195bfdd0ba8144aa2\"},\"inLanguage\":\"mk-MK\",\"potentialAction\":[{\"@type\":\"ReadAction\",\"target\":[\"https:\/\/sdk.mk\/index.php\/dua-te-them\/bisht-demi\/\"]}]},{\"@type\":\"Person\",\"@id\":\"https:\/\/sdk.mk\/#\/schema\/person\/be7cfa6655c47f7195bfdd0ba8144aa2\",\"name\":\"\\u0413\\u043e\\u0440\\u0430\\u043d \\u041c\\u0438\\u0445\\u0430\\u0458\\u043b\\u043e\\u0432\\u0441\\u043a\\u0438\"}]}<\/script>\n<!-- \/ Yoast SEO Premium plugin. -->","_links":{"self":[{"href":"https:\/\/sdk.mk\/index.php\/wp-json\/wp\/v2\/posts\/88642"}],"collection":[{"href":"https:\/\/sdk.mk\/index.php\/wp-json\/wp\/v2\/posts"}],"about":[{"href":"https:\/\/sdk.mk\/index.php\/wp-json\/wp\/v2\/types\/post"}],"author":[{"embeddable":true,"href":"https:\/\/sdk.mk\/index.php\/wp-json\/wp\/v2\/users\/1"}],"replies":[{"embeddable":true,"href":"https:\/\/sdk.mk\/index.php\/wp-json\/wp\/v2\/comments?post=88642"}],"version-history":[{"count":0,"href":"https:\/\/sdk.mk\/index.php\/wp-json\/wp\/v2\/posts\/88642\/revisions"}],"wp:featuredmedia":[{"embeddable":true,"href":"https:\/\/sdk.mk\/index.php\/wp-json\/wp\/v2\/media\/184"}],"wp:attachment":[{"href":"https:\/\/sdk.mk\/index.php\/wp-json\/wp\/v2\/media?parent=88642"}],"wp:term":[{"taxonomy":"category","embeddable":true,"href":"https:\/\/sdk.mk\/index.php\/wp-json\/wp\/v2\/categories?post=88642"},{"taxonomy":"post_tag","embeddable":true,"href":"https:\/\/sdk.mk\/index.php\/wp-json\/wp\/v2\/tags?post=88642"}],"curies":[{"name":"wp","href":"https:\/\/api.w.org\/{rel}","templated":true}]}}