{"id":9165,"date":"2016-07-20T09:48:38","date_gmt":"2016-07-20T07:48:38","guid":{"rendered":"http:\/\/sdk.mk\/\/?p=9165"},"modified":"2016-07-20T09:52:07","modified_gmt":"2016-07-20T07:52:07","slug":"qytetaret-e-tetoves-sot-ne-proteste-kunder-deponise-qe-ia-merr-frymen-qytetin","status":"publish","type":"post","link":"https:\/\/sdk.mk\/index.php\/maqedonia\/qytetaret-e-tetoves-sot-ne-proteste-kunder-deponise-qe-ia-merr-frymen-qytetin\/","title":{"rendered":"QYTETAR\u00cbT E TETOV\u00cbS SOT N\u00cb PROTEST\u00cb KUND\u00cbR DEPONIS\u00cb Q\u00cb IA MERR FRYM\u00cbN QYTETIN"},"content":{"rendered":"<div class=\"f52428582a4b906b2d2e2a7d733c7d27\" data-index=\"7\" style=\"float: none; margin:10px 0 10px 0; text-align:center;\">\n<!-- MSP Ads Asynchronous JS Tag - Generated with Revive Adserver v5.4.1 -->\r\n<ins data-revive-zoneid=\"167\" data-revive-id=\"060fdb01f6430ec164d3519234aa4967\"><\/ins>\r\n<script async src=\"\/\/panel.ads.com.mk\/www\/delivery\/asyncjs.php\"><\/script>\n<\/div>\n<p>Tetovar\u00ebt nuk e durojn\u00eb m\u00eb deponin\u00eb e paligjshme dhe k\u00ebrkojn\u00eb q\u00eb kjo \u00e7\u00ebshtje t\u00eb zgjidhet nj\u00eb her\u00eb e p\u00ebrgjithmon\u00eb. Revoltin e tyre ndaj k\u00ebtij problem shum\u00ebvje\u00e7ar do t\u00eb shprehin nes\u00ebr n\u00eb nj\u00eb protest\u00eb para komun\u00ebs s\u00eb Tetov\u00ebs.<\/p>\n<p>&#8220;K\u00ebrkojm\u00eb q\u00eb deponia t\u00eb largohet nga qyteti. Jo t\u00eb zhvendoset nga nj\u00eb vend n\u00eb nj\u00eb tjet\u00ebr, por t\u00eb largohet nga qyteti. Me zhvendosjen e saj nga nj\u00eb vend n\u00eb tjetrin nuk do t\u00eb zgjidhet problemi. Duhet nj\u00eb her\u00eb e p\u00ebrgjithmon\u00eb t\u00eb largohet nga Tetova. Er\u00eb e keqe \u00ebsht\u00eb tashm\u00eb e padurueshme, p\u00ebr shkak se \u00e7do dit\u00eb persona t\u00eb panjohur ia\u00a0 v\u00ebn\u00eb zjarrin duke na l\u00ebn\u00eb pa frym\u00eb. Prandaj, ne nuk kemi zgjidhje tjet\u00ebr p\u00ebrpos t\u00eb dalim n\u00eb protesta,&#8221; tha Artan Etemi kryetar i BL Dereboj i cili b\u00ebri thirrjen p\u00ebr protesta para komun\u00ebs s\u00eb Tetov\u00ebs.<\/p>\n<p>Deponia e paligjshme ose pika e grumbullimit t\u00eb mbeturinave si e quajn\u00eb zyrtar\u00ebt komunal\u00eb, e vendosur m\u00eb pak se nj\u00eb kilomet\u00ebr nga qendra e qytetit dhe shum\u00eb pran\u00eb siloseve dhe fabrik\u00ebs s\u00eb &#8220;Zhito Pollog&#8221; nj\u00eb nga prodhuesit m\u00eb t\u00eb m\u00ebdhenj t\u00eb buk\u00ebs n\u00eb Tetov\u00eb. Banor\u00ebt e BL Dereboj jan\u00eb vendbanimi m\u00eb i af\u00ebrt i deponis\u00eb ilegale dhe m\u00eb t\u00eb rrezikuar. Ata kan\u00eb b\u00ebr\u00eb p\u00ebrpjekje t\u00eb vazhdueshme p\u00ebr t\u2019u takuar dhe p\u00ebr t\u00eb biseduar me autoritetet komunale dhe kryetaren Teuta Arifi, por k\u00ebto p\u00ebrpjekje kan\u00eb qen\u00eb pa sukses. Askush nuk ka qen\u00eb i gatsh\u00ebm t\u2019i takoj\u00eb ose t\u2019i d\u00ebgjoj\u00eb problemet e tyre.<\/p>\n<p><em>Zoran Andonov<\/em><\/p>\n\n<div style=\"font-size: 0px; height: 0px; line-height: 0px; margin: 0; padding: 0; clear: both;\"><\/div>","protected":false},"excerpt":{"rendered":"<p>Tetovar\u00ebt nuk e durojn\u00eb m\u00eb deponin\u00eb e paligjshme dhe k\u00ebrkojn\u00eb q\u00eb kjo \u00e7\u00ebshtje t\u00eb zgjidhet nj\u00eb her\u00eb e p\u00ebrgjithmon\u00eb. Revoltin [&hellip;]<\/p>\n","protected":false},"author":1,"featured_media":9141,"comment_status":"open","ping_status":"open","sticky":false,"template":"","format":"standard","meta":{"_mo_disable_npp":"","inline_featured_image":false},"categories":[3087,3095],"tags":[3308,3310],"imageURL":"https:\/\/sdk.mk\/wp-content\/uploads\/2016\/07\/Tetovo-deponija-650x363.jpg","thumbURL":"https:\/\/sdk.mk\/wp-content\/uploads\/2016\/07\/Tetovo-deponija-250x140.jpg","categoryNames":["Maqedonia","Rrjeti i korrespondent\u00ebve"],"feature_caption":"","subtitle":"a:1:{s:9:\"td_source\";s:44:\"\u0422\u0435\u0442\u043e\u0432\u043e(\u0421\u0410\u041a\u0410\u041c\u0414\u0410\u041a\u0410\u0416\u0410\u041c.\u041c\u041a)","views":"3296","source":"","yoast_head":"<!-- This site is optimized with the Yoast SEO Premium plugin v15.0 - https:\/\/yoast.com\/wordpress\/plugins\/seo\/ -->\n<title>QYTETAR\u00cbT E TETOV\u00cbS SOT N\u00cb PROTEST\u00cb KUND\u00cbR DEPONIS\u00cb Q\u00cb IA MERR FRYM\u00cbN QYTETIN - \u0421\u0430\u043a\u0430\u043c \u0414\u0430 \u041a\u0430\u0436\u0430\u043c<\/title>\n<meta name=\"robots\" content=\"index, follow, max-snippet:-1, max-image-preview:large, max-video-preview:-1\" \/>\n<link rel=\"canonical\" href=\"https:\/\/sdk.mk\/index.php\/maqedonia\/qytetaret-e-tetoves-sot-ne-proteste-kunder-deponise-qe-ia-merr-frymen-qytetin\/\" \/>\n<meta property=\"og:locale\" content=\"mk_MK\" \/>\n<meta property=\"og:type\" content=\"article\" \/>\n<meta property=\"og:title\" content=\"QYTETAR\u00cbT E TETOV\u00cbS SOT N\u00cb PROTEST\u00cb KUND\u00cbR DEPONIS\u00cb Q\u00cb IA MERR FRYM\u00cbN QYTETIN - \u0421\u0430\u043a\u0430\u043c \u0414\u0430 \u041a\u0430\u0436\u0430\u043c\" \/>\n<meta property=\"og:description\" content=\"Tetovar\u00ebt nuk e durojn\u00eb m\u00eb deponin\u00eb e paligjshme dhe k\u00ebrkojn\u00eb q\u00eb kjo \u00e7\u00ebshtje t\u00eb zgjidhet nj\u00eb her\u00eb e p\u00ebrgjithmon\u00eb. Revoltin [&hellip;]\" \/>\n<meta property=\"og:url\" content=\"https:\/\/sdk.mk\/index.php\/maqedonia\/qytetaret-e-tetoves-sot-ne-proteste-kunder-deponise-qe-ia-merr-frymen-qytetin\/\" \/>\n<meta property=\"og:site_name\" content=\"\u0421\u0430\u043a\u0430\u043c \u0414\u0430 \u041a\u0430\u0436\u0430\u043c\" \/>\n<meta property=\"article:published_time\" content=\"2016-07-20T07:48:38+00:00\" \/>\n<meta property=\"article:modified_time\" content=\"2016-07-20T07:52:07+00:00\" \/>\n<meta property=\"og:image\" content=\"https:\/\/sdk.mk\/wp-content\/uploads\/2016\/07\/Tetovo-deponija.jpg\" \/>\n\t<meta property=\"og:image:width\" content=\"1908\" \/>\n\t<meta property=\"og:image:height\" content=\"1067\" \/>\n<meta property=\"fb:app_id\" content=\"2407985809428537\" \/>\n<meta name=\"twitter:card\" content=\"summary\" \/>\n<script type=\"application\/ld+json\" class=\"yoast-schema-graph\">{\"@context\":\"https:\/\/schema.org\",\"@graph\":[{\"@type\":\"WebSite\",\"@id\":\"https:\/\/sdk.mk\/#website\",\"url\":\"https:\/\/sdk.mk\/\",\"name\":\"\\u0421\\u0430\\u043a\\u0430\\u043c \\u0414\\u0430 \\u041a\\u0430\\u0436\\u0430\\u043c\",\"description\":\"\\u0417\\u0430 \\u0441\\u043b\\u043e\\u0431\\u043e\\u0434\\u043e\\u0443\\u043c\\u043d\\u0438\",\"potentialAction\":[{\"@type\":\"SearchAction\",\"target\":\"https:\/\/sdk.mk\/?s={search_term_string}\",\"query-input\":\"required name=search_term_string\"}],\"inLanguage\":\"mk-MK\"},{\"@type\":\"ImageObject\",\"@id\":\"https:\/\/sdk.mk\/index.php\/maqedonia\/qytetaret-e-tetoves-sot-ne-proteste-kunder-deponise-qe-ia-merr-frymen-qytetin\/#primaryimage\",\"inLanguage\":\"mk-MK\",\"url\":\"https:\/\/sdk.mk\/wp-content\/uploads\/2016\/07\/Tetovo-deponija.jpg\",\"width\":1908,\"height\":1067,\"caption\":\"\\u0414\\u0435\\u043f\\u043e\\u043d\\u0438\\u0458\\u0430\\u0442\\u0430 \\u0435 \\u043d\\u0430 \\u0435\\u0434\\u0435\\u043d \\u043a\\u0438\\u043b\\u043e\\u043c\\u0435\\u0442\\u0430\\u0440 \\u043e\\u0434 \\u0446\\u0435\\u043d\\u0442\\u0430\\u0440\\u043e\\u0442 \\u043d\\u0430 \\u0433\\u0440\\u0430\\u0434\\u043e\\u0442 \\u0438 \\u0435 \\u0432\\u0435\\u0434\\u043d\\u0430\\u0448 \\u0434\\u043e \\u0441\\u0438\\u043b\\u043e\\u0441\\u0438\\u0442\\u0435 \\u0438 \\u043f\\u043e\\u0433\\u043e\\u043d\\u0438\\u0442\\u0435 \\u043d\\u0430 \\u201c\\u0416\\u0438\\u0442\\u043e \\u041f\\u043e\\u043b\\u043e\\u0433\\u201c \\u0435\\u0434\\u0435\\u043d \\u043e\\u0434 \\u043d\\u0430\\u0458\\u0433\\u043e\\u043b\\u0435\\u043c\\u0438\\u0442\\u0435 \\u043f\\u0440\\u043e\\u0438\\u0437\\u0432\\u043e\\u0434\\u0438\\u0442\\u0435\\u043b\\u0438 \\u043d\\u0430 \\u043b\\u0435\\u0431 \\u0432\\u043e \\u0422\\u0435\\u0442\\u043e\\u0432\\u043e (\\u0424\\u043e\\u0442\\u043e: \\u0417\\u043e\\u0440\\u0430\\u043d \\u0410\\u043d\\u0434\\u043e\\u043d\\u043e\\u0432)\"},{\"@type\":\"WebPage\",\"@id\":\"https:\/\/sdk.mk\/index.php\/maqedonia\/qytetaret-e-tetoves-sot-ne-proteste-kunder-deponise-qe-ia-merr-frymen-qytetin\/#webpage\",\"url\":\"https:\/\/sdk.mk\/index.php\/maqedonia\/qytetaret-e-tetoves-sot-ne-proteste-kunder-deponise-qe-ia-merr-frymen-qytetin\/\",\"name\":\"QYTETAR\\u00cbT E TETOV\\u00cbS SOT N\\u00cb PROTEST\\u00cb KUND\\u00cbR DEPONIS\\u00cb Q\\u00cb IA MERR FRYM\\u00cbN QYTETIN - \\u0421\\u0430\\u043a\\u0430\\u043c \\u0414\\u0430 \\u041a\\u0430\\u0436\\u0430\\u043c\",\"isPartOf\":{\"@id\":\"https:\/\/sdk.mk\/#website\"},\"primaryImageOfPage\":{\"@id\":\"https:\/\/sdk.mk\/index.php\/maqedonia\/qytetaret-e-tetoves-sot-ne-proteste-kunder-deponise-qe-ia-merr-frymen-qytetin\/#primaryimage\"},\"datePublished\":\"2016-07-20T07:48:38+00:00\",\"dateModified\":\"2016-07-20T07:52:07+00:00\",\"author\":{\"@id\":\"https:\/\/sdk.mk\/#\/schema\/person\/be7cfa6655c47f7195bfdd0ba8144aa2\"},\"inLanguage\":\"mk-MK\",\"potentialAction\":[{\"@type\":\"ReadAction\",\"target\":[\"https:\/\/sdk.mk\/index.php\/maqedonia\/qytetaret-e-tetoves-sot-ne-proteste-kunder-deponise-qe-ia-merr-frymen-qytetin\/\"]}]},{\"@type\":\"Person\",\"@id\":\"https:\/\/sdk.mk\/#\/schema\/person\/be7cfa6655c47f7195bfdd0ba8144aa2\",\"name\":\"\\u0413\\u043e\\u0440\\u0430\\u043d \\u041c\\u0438\\u0445\\u0430\\u0458\\u043b\\u043e\\u0432\\u0441\\u043a\\u0438\"}]}<\/script>\n<!-- \/ Yoast SEO Premium plugin. -->","_links":{"self":[{"href":"https:\/\/sdk.mk\/index.php\/wp-json\/wp\/v2\/posts\/9165"}],"collection":[{"href":"https:\/\/sdk.mk\/index.php\/wp-json\/wp\/v2\/posts"}],"about":[{"href":"https:\/\/sdk.mk\/index.php\/wp-json\/wp\/v2\/types\/post"}],"author":[{"embeddable":true,"href":"https:\/\/sdk.mk\/index.php\/wp-json\/wp\/v2\/users\/1"}],"replies":[{"embeddable":true,"href":"https:\/\/sdk.mk\/index.php\/wp-json\/wp\/v2\/comments?post=9165"}],"version-history":[{"count":0,"href":"https:\/\/sdk.mk\/index.php\/wp-json\/wp\/v2\/posts\/9165\/revisions"}],"wp:featuredmedia":[{"embeddable":true,"href":"https:\/\/sdk.mk\/index.php\/wp-json\/wp\/v2\/media\/9141"}],"wp:attachment":[{"href":"https:\/\/sdk.mk\/index.php\/wp-json\/wp\/v2\/media?parent=9165"}],"wp:term":[{"taxonomy":"category","embeddable":true,"href":"https:\/\/sdk.mk\/index.php\/wp-json\/wp\/v2\/categories?post=9165"},{"taxonomy":"post_tag","embeddable":true,"href":"https:\/\/sdk.mk\/index.php\/wp-json\/wp\/v2\/tags?post=9165"}],"curies":[{"name":"wp","href":"https:\/\/api.w.org\/{rel}","templated":true}]}}