{"id":92953,"date":"2019-07-13T18:09:04","date_gmt":"2019-07-13T16:09:04","guid":{"rendered":"https:\/\/sdk.mk\/?p=92953"},"modified":"2019-07-13T18:09:04","modified_gmt":"2019-07-13T16:09:04","slug":"buke-e-gjalpe","status":"publish","type":"post","link":"https:\/\/sdk.mk\/index.php\/dua-te-them\/buke-e-gjalpe\/","title":{"rendered":"BUK\u00cb E GJALP\u00cb"},"content":{"rendered":"<div class=\"f52428582a4b906b2d2e2a7d733c7d27\" data-index=\"7\" style=\"float: none; margin:10px 0 10px 0; text-align:center;\">\n<!-- MSP Ads Asynchronous JS Tag - Generated with Revive Adserver v5.4.1 -->\r\n<ins data-revive-zoneid=\"167\" data-revive-id=\"060fdb01f6430ec164d3519234aa4967\"><\/ins>\r\n<script async src=\"\/\/panel.ads.com.mk\/www\/delivery\/asyncjs.php\"><\/script>\n<\/div>\n<p><span class=\"dropcap color firstcharacter\">1<\/span>Ja deri ku e solli politika e kuadrove kryeministrin Zoran Zaev me moton: \u201ct\u00eb kemi p\u00ebr buk\u00eb\u201d. E solli n\u00eb situat\u00eb ku i duhet t\u2019u p\u00ebrgjigjet pyetjeve t\u00eb gazetar\u00ebve rreth asaj se si ka lejuar q\u00eb t\u00eb mashtrohet nga disa rus\u00eb q\u00eb e kan\u00eb paraqitur veten e tyre si ish kryetari i Ukrain\u00ebs Poroshenko dhe si sekretari gjeneral i NATO-s Stoltenberg. \u00cbsht\u00eb nj\u00eb karakteristik\u00eb e nj\u00eb njeriu zem\u00ebrgjer\u00eb kjo pun\u00eb \u2013 dometh\u00ebn\u00eb, q\u00eb t\u00eb ket\u00eb p\u00ebr buk\u00eb, por ata q\u00eb pun\u00ebsohen p\u00ebr buk\u00ebn u treguan t\u00eb paaft\u00eb q\u00eb t\u00eb menaxhojn\u00eb luft\u00ebn speciale kund\u00ebr hyrjes s\u00eb Maqedonis\u00eb n\u00eb NATO. Ndoshta pun\u00ebsimin n\u00eb shtet e kan\u00eb marr\u00eb si merit\u00eb p\u00ebr nj\u00eb pun\u00eb n\u00eb t\u00eb kaluar\u00ebn, por rroga \u00ebsht\u00eb di\u00e7ka p\u00ebr t\u00eb cil\u00ebn duhet punuar \u00e7do muaj. Rroga nuk e mbulon mundin e kaluar. As ngjitja e posterave, ngjyrosja e statujave dhe fasadat joorigjinale t\u00eb barokut. Buka duhet fituar. E n\u00ebse ky ka qen\u00eb skenari i disa sh\u00ebrbimeve t\u00eb siguris\u00eb, at\u00ebher\u00eb me nj\u00eb problem sigurie duhen marr\u00eb njer\u00ebzit e siguris\u00eb. E jo njer\u00ebzit e tuiterit, instagramit dhe \u201cinfluencer\u00ebt\u201d. P\u00ebr m\u00eb tep\u00ebr q\u00eb, p\u00ebr disa prej tyre nuk ka qen\u00eb puna ve\u00e7 p\u00ebr buk\u00eb, e kur puna t\u00eb trashet, me po at\u00eb thik\u00eb q\u00eb kan\u00eb prer\u00eb buk\u00ebn e ngjyer gjalpin, do t\u2019ia ngulin Zaevit pas shpine. Por nga ana tjet\u00ebr, Zaevi \u00ebsht\u00eb fajtor vet\u00eb p\u00ebr zgjedhjen e bashk\u00ebpun\u00ebtor\u00ebve. Vet\u00eb i ka sjell\u00eb n\u00eb Qeveri, tani vet\u00eb le t\u2019i duroj\u00eb edhe pas shpine. Problemi k\u00ebtu \u00ebsht\u00eb se gjith\u00eb k\u00ebt\u00eb pun\u00eb, jemi ne q\u00eb e paguajm\u00eb.<\/p>\n<p><span class=\"dropcap color firstcharacter\">2<\/span>VMRO-DPMNE-ja k\u00ebrkon q\u00eb prokuroria t\u00eb reagoj\u00eb pas shpalljes s\u00eb bisedave t\u00eb kryeministrit me provokuesit rus\u00eb. Eheee&#8230;Jav\u00ebn e kaluar kishin nd\u00ebr mend t\u00eb \u00e7onin Tamar\u00ebn n\u00eb burg se b\u00ebri gabim gjat\u00eb k\u00ebndimit t\u00eb himnit.<br \/>\nKjo do t\u00eb thot\u00eb se, edhe at\u00ebher\u00eb kur ishin n\u00eb pushtet, por sidomos tani kur jan\u00eb opozit\u00eb, k\u00ebta t\u00eb VMRO-s\u00eb b\u00ebjn\u00eb zhurm\u00eb. P\u00ebr \u00e7do gj\u00eb ngren\u00eb z\u00ebrin, vet\u00ebm e vet\u00ebm q\u00eb t\u00eb harrohen krimet e tyre. N\u00eb daljet e tyre publike ata nuk merren me vlera. Por kan\u00eb nj\u00eb britm\u00eb histerike e cila ka nj\u00eb q\u00ebllim t\u00eb vet\u00ebm \u2013 q\u00eb paaft\u00ebsia dhe gjestet komike t\u00eb k\u00ebtij pushteti t\u00eb barazohen me zullumin dhe sh\u00ebmtin\u00eb e veprave t\u00eb tyre.<\/p>\n<p>Nuk e di se pse presin. Se pse nuk i \u00e7ojn\u00eb interpelacion kryetarit Stevo Pendarovski p\u00ebr arsye se Bojko Borisovit i ka th\u00ebn\u00eb \u201cku je dashuri\u201d. Pasi kjo \u201cdashuri\u201d, apo \u201cku je, vllai\u201d apo \u201cpeer\u201d \u00ebsht\u00eb e nj\u00ebjta gj\u00eb si falja q\u00eb u b\u00ebri Gjorge Ivanovi 56 t\u00eb dyshuarve dhe t\u00eb akuzuarve p\u00ebr krim. Pasi, a nuk jan\u00eb t\u00eb gjith\u00eb t\u00eb nj\u00ebjt\u00eb.<\/p>\n<p>Edhe biseda e Zaevit me provokuesit rus\u00eb \u00ebsht\u00eb e nj\u00ebjt\u00eb me at\u00eb bised\u00eb q\u00eb d\u00ebgjuam te bombat. Pasi \u201cMir\u00ebdita Petro\u201d \u00ebsht\u00eb p\u00ebr t\u2019u arratisur nga prokuroria, kurse \u201ct\u00eb mos jet\u00eb shum\u00eb\u201d, \u201ci rrjedh n\u00ebp\u00ebr k\u00ebmb\u00eb\u201d, \u201ct\u00eb mos e zgjasim, t\u2019i shkat\u00ebrrojm\u00eb me dinamit\u201d \u00ebsht\u00eb arratisje nga p\u00ebrndjekja politike. Sepse kur dy rus\u00eb p\u00ebrpiqen t\u00eb mashtrojn\u00eb kryeministrin \u00ebsht\u00eb di\u00e7ka e keqe p\u00ebr shtetin, kurse kur kryeministri mashtron popullin duke prezantuar Subrata Rojin si investues \u2013 kjo \u00ebsht\u00eb gj\u00eb e mir\u00eb p\u00ebr shtetin. Dhe sepse \u00ebsht\u00eb p\u00ebr t\u2019ia shkrepur t\u00eb qeshur\u00ebs kur d\u00ebgjojm\u00eb kryeministrit se si bisedon seriozisht me dy mashtrues, por kur d\u00ebgjonim fallxhoren e kryeministrit t\u00eb pun\u00ebsuar n\u00eb Dogan\u00eb se si p\u00ebr dy or\u00eb t\u00eb t\u00ebra i thurte historin\u00eb q\u00eb i ka sjell\u00eb fati sipas horoskopit, kjo nuk \u00ebsht\u00eb aspak qesharake. Pasi ky u quajt planifikim strategjik p\u00ebr integrimet euroatlantike.<\/p>\n<p>Dhe n\u00eb k\u00ebt\u00eb britm\u00eb kolektive t\u00eb VMRO-DPMNE-s\u00eb se t\u00eb gjith\u00eb jan\u00eb t\u00eb nj\u00ebjt\u00eb, b\u00ebrtet edhe Gruevski nga anija e tij n\u00eb Budapest bashk\u00eb me yllin e pensionuar t\u00eb pornos. Ai paska fytyr\u00eb q\u00eb t\u2019i interpretoj\u00eb bisedat e veta rreth fshehjes s\u00eb vrasjes s\u00eb Martin Neshkovskit. Si dhe p\u00ebr masakr\u00ebn e liqenit t\u00eb Smillkov\u00ebs. Mos ka ndonj\u00eb gj\u00eb p\u00ebr t\u00eb th\u00ebn\u00eb edhe p\u00ebr Lagjen e trimave?<\/p>\n<p><span class=\"dropcap color firstcharacter\">3<\/span>BDI dor\u00ebzoi nj\u00eb projekt-ligj p\u00ebr veting. T\u00eb b\u00ebhet verifikimi i funksionar\u00ebve p\u00ebrpara se t\u00eb marrin detyr\u00ebn. Kjo nuk \u00ebsht\u00eb nj\u00eb tallje e komedian\u00ebve rus\u00eb. Kjo \u00ebsht\u00eb BDI. Parti serioze n\u00eb pushtet, z\u00ebvend\u00ebs kryeministri i s\u00eb cil\u00ebs nuk ka shkuar n\u00eb pun\u00eb. Shefave t\u00eb tyre lokal marimanga nuk mund t&#8217;ua heq makin\u00ebn, por tani, n\u00ebse ata duan t\u00eb b\u00ebhen funksionar\u00eb, do t\u00eb jen\u00eb subjekt i verifikimit. Me siguri q\u00eb edhe ai Bela, q\u00eb ishte drejtor i Gjinekologjis\u00eb, q\u00eb e q\u00eblluan dhe q\u00eblloi me arm\u00eb, do t\u00eb kaloj\u00eb vetingun sepse ka arm\u00eb t\u00eb fuqishme. Edhe Ramiz Merko, kryetari i komun\u00ebs s\u00eb Strug\u00ebs, tashm\u00eb e ka kaluar vetingun. Pas hapjes solemne t\u00eb nd\u00ebrtimeve ilegale n\u00eb qend\u00ebr t\u00eb Ohrit. Pronari i s\u00eb cil\u00ebs \u00ebsht\u00eb k\u00ebshilltar komunal nga BDI.<\/p>\n<p>Por, p\u00ebr t\u00eb qen\u00eb m\u00eb i sigurt\u00eb vetingu, deputet\u00ebt e falur t\u00eb VMRO-s\u00eb k\u00ebrkuan kritere edhe m\u00eb t\u00eb rrepta. Ata paraqit\u00ebn amandamente p\u00ebr t\u00eb vler\u00ebsuar vlerat morale. Deputetja Emilija Aleksandrova tha: &#8220;Personi duhet t\u00eb ket\u00eb integritet n\u00eb m\u00ebnyr\u00eb q\u00eb t\u00eb kryej\u00eb nj\u00eb funksion publik, t\u00eb ket\u00eb cil\u00ebsi morale dhe etike. Ne pam\u00eb at\u00eb q\u00eb po ndodhte n\u00eb vendin ton\u00eb dhe nj\u00eb shkat\u00ebrrim i till\u00eb dhe vendosja e t\u00eb gjitha llojeve t\u00eb funksionar\u00ebve n\u00eb pozita, e solli vendin ton\u00eb n\u00eb k\u00ebt\u00eb situat\u00eb t\u00eb palakmueshme&#8221;.<\/p>\n<p>Shih pra, ata me t\u00eb v\u00ebrtet\u00eb mendojn\u00eb se mund t\u00eb thon\u00eb gjith\u00e7ka dhe kjo t\u00eb kaloj\u00eb. Sepse, kur hapet dera gjat\u00eb nj\u00eb sulmi ndaj Kuvendit, edhe kjo \u00ebsht\u00eb &#8220;nj\u00eb cil\u00ebsi etike&#8221;. Madje, \u00ebsht\u00eb edhe e moralshme.<\/p>\n<p>Por edhe k\u00ebta, an\u00ebtar\u00ebt e pafalur t\u00eb Mickovskit e p\u00ebrsh\u00ebndesin vetingun. Por thon\u00eb se s\u00eb pari qeveria duhet t\u00eb dor\u00ebhiqet. Sepse kjo \u00ebsht\u00eb n\u00eb p\u00ebrputhje me vlerat morale t\u00eb kryetarit t\u00eb nderit nga Budapesti.<\/p>\n<p><span class=\"dropcap color firstcharacter\">4<\/span> Vmrovasi i v\u00ebrtet\u00eb cili e konsideron veten patriot, jo vet\u00ebm q\u00eb \u00ebsht\u00eb krenar p\u00ebr at\u00eb se si Gruevski ua ka punuar komunjar\u00ebve, por g\u00ebzohet edhe me fitoren e Kiriakos Mitsotakis dhe Demokracis\u00eb s\u00eb Re, n\u00eb zgjedhjet n\u00eb Greqi. Sepse kjo parti nga koha e babait t\u00eb tij Konstantinos Mitsotakis n\u00eb vitet 1990, bllokoi Maqedonin\u00eb p\u00ebr shkak t\u00eb emrit. Ata mbyll\u00ebn kufirin ton\u00eb, donin t\u00eb na vdisnin. Dhe sespe n\u00eb vitin 2008 motra e tij Dora Bakojani na bllokoi hyrjen n\u00eb NATO.<\/p>\n<p>Nj\u00eb vmrovas i v\u00ebrtet\u00eb q\u00eb e konsideron veten patriot, tashm\u00eb \u00ebsht\u00eb me pushime n\u00eb Greqi. Me pasaport\u00eb bullgare. Me nj\u00eb etiket\u00eb me shenj\u00ebn NMK n\u00eb targ\u00ebn e regjistrimit, p\u00ebr mos t\u00eb provokuar pa nevoj\u00eb, dhe duke pritur n\u00eb kufi nga makina ushton turbo-folku serb dhe n\u00eb celular lexon t\u00eb rejat n\u00eb lidhje me Jelena Krleusha dhe Darko Llaziq. Nd\u00ebrsa n\u00eb Facebook dhe Twitter shp\u00ebrndan batuta t\u00eb klas\u00ebs s\u00eb dyt\u00eb p\u00ebr klas\u00ebn e tret\u00eb: Alo Zaev, k\u00ebtu Zaimi. Kush Zaimi? Ky i imi. Mbahu Mile. Vjen Danubi. I punon ende koka atij dostit t\u00ebnd nga Budapesti.<\/p>\n<p>&nbsp;<\/p>\n<p>&nbsp;<\/p>\n\n<div style=\"font-size: 0px; height: 0px; line-height: 0px; margin: 0; padding: 0; clear: both;\"><\/div>","protected":false},"excerpt":{"rendered":"<p>Ja deri ku e solli politika e kuadrove kryeministrin Zoran Zaev me moton: \u201ct\u00eb kemi p\u00ebr buk\u00eb\u201d. E solli n\u00eb [&hellip;]<\/p>\n","protected":false},"author":1,"featured_media":184,"comment_status":"closed","ping_status":"closed","sticky":false,"template":"","format":"standard","meta":{"_mo_disable_npp":"","inline_featured_image":false},"categories":[1825],"tags":[],"imageURL":"https:\/\/sdk.mk\/wp-content\/uploads\/2015\/12\/goran-mihailovski2.jpg","thumbURL":"https:\/\/sdk.mk\/wp-content\/uploads\/2015\/12\/goran-mihailovski2-250x196.jpg","categoryNames":["DUA T\u00cb THEM"],"feature_caption":"","subtitle":"Mbahu Mile. Po vjen Danubi. I punon ende koka atij dostit t\u00ebnd nga Danubi.","views":"11732","source":"","yoast_head":"<!-- This site is optimized with the Yoast SEO Premium plugin v15.0 - https:\/\/yoast.com\/wordpress\/plugins\/seo\/ -->\n<title>BUK\u00cb E GJALP\u00cb - \u0421\u0430\u043a\u0430\u043c \u0414\u0430 \u041a\u0430\u0436\u0430\u043c<\/title>\n<meta name=\"robots\" content=\"index, follow, max-snippet:-1, max-image-preview:large, max-video-preview:-1\" \/>\n<link rel=\"canonical\" href=\"https:\/\/sdk.mk\/index.php\/dua-te-them\/buke-e-gjalpe\/\" \/>\n<meta property=\"og:locale\" content=\"mk_MK\" \/>\n<meta property=\"og:type\" content=\"article\" \/>\n<meta property=\"og:title\" content=\"BUK\u00cb E GJALP\u00cb - \u0421\u0430\u043a\u0430\u043c \u0414\u0430 \u041a\u0430\u0436\u0430\u043c\" \/>\n<meta property=\"og:description\" content=\"Ja deri ku e solli politika e kuadrove kryeministrin Zoran Zaev me moton: \u201ct\u00eb kemi p\u00ebr buk\u00eb\u201d. E solli n\u00eb [&hellip;]\" \/>\n<meta property=\"og:url\" content=\"https:\/\/sdk.mk\/index.php\/dua-te-them\/buke-e-gjalpe\/\" \/>\n<meta property=\"og:site_name\" content=\"\u0421\u0430\u043a\u0430\u043c \u0414\u0430 \u041a\u0430\u0436\u0430\u043c\" \/>\n<meta property=\"article:published_time\" content=\"2019-07-13T16:09:04+00:00\" \/>\n<meta property=\"og:image\" content=\"https:\/\/sdk.mk\/wp-content\/uploads\/2015\/12\/goran-mihailovski2.jpg\" \/>\n\t<meta property=\"og:image:width\" content=\"400\" \/>\n\t<meta property=\"og:image:height\" content=\"313\" \/>\n<meta property=\"fb:app_id\" content=\"2407985809428537\" \/>\n<meta name=\"twitter:card\" content=\"summary\" \/>\n<script type=\"application\/ld+json\" class=\"yoast-schema-graph\">{\"@context\":\"https:\/\/schema.org\",\"@graph\":[{\"@type\":\"WebSite\",\"@id\":\"https:\/\/sdk.mk\/#website\",\"url\":\"https:\/\/sdk.mk\/\",\"name\":\"\\u0421\\u0430\\u043a\\u0430\\u043c \\u0414\\u0430 \\u041a\\u0430\\u0436\\u0430\\u043c\",\"description\":\"\\u0417\\u0430 \\u0441\\u043b\\u043e\\u0431\\u043e\\u0434\\u043e\\u0443\\u043c\\u043d\\u0438\",\"potentialAction\":[{\"@type\":\"SearchAction\",\"target\":\"https:\/\/sdk.mk\/?s={search_term_string}\",\"query-input\":\"required name=search_term_string\"}],\"inLanguage\":\"mk-MK\"},{\"@type\":\"ImageObject\",\"@id\":\"https:\/\/sdk.mk\/index.php\/dua-te-them\/buke-e-gjalpe\/#primaryimage\",\"inLanguage\":\"mk-MK\",\"url\":\"https:\/\/sdk.mk\/wp-content\/uploads\/2015\/12\/goran-mihailovski2.jpg\",\"width\":400,\"height\":313},{\"@type\":\"WebPage\",\"@id\":\"https:\/\/sdk.mk\/index.php\/dua-te-them\/buke-e-gjalpe\/#webpage\",\"url\":\"https:\/\/sdk.mk\/index.php\/dua-te-them\/buke-e-gjalpe\/\",\"name\":\"BUK\\u00cb E GJALP\\u00cb - \\u0421\\u0430\\u043a\\u0430\\u043c \\u0414\\u0430 \\u041a\\u0430\\u0436\\u0430\\u043c\",\"isPartOf\":{\"@id\":\"https:\/\/sdk.mk\/#website\"},\"primaryImageOfPage\":{\"@id\":\"https:\/\/sdk.mk\/index.php\/dua-te-them\/buke-e-gjalpe\/#primaryimage\"},\"datePublished\":\"2019-07-13T16:09:04+00:00\",\"dateModified\":\"2019-07-13T16:09:04+00:00\",\"author\":{\"@id\":\"https:\/\/sdk.mk\/#\/schema\/person\/be7cfa6655c47f7195bfdd0ba8144aa2\"},\"inLanguage\":\"mk-MK\",\"potentialAction\":[{\"@type\":\"ReadAction\",\"target\":[\"https:\/\/sdk.mk\/index.php\/dua-te-them\/buke-e-gjalpe\/\"]}]},{\"@type\":\"Person\",\"@id\":\"https:\/\/sdk.mk\/#\/schema\/person\/be7cfa6655c47f7195bfdd0ba8144aa2\",\"name\":\"\\u0413\\u043e\\u0440\\u0430\\u043d \\u041c\\u0438\\u0445\\u0430\\u0458\\u043b\\u043e\\u0432\\u0441\\u043a\\u0438\"}]}<\/script>\n<!-- \/ Yoast SEO Premium plugin. -->","_links":{"self":[{"href":"https:\/\/sdk.mk\/index.php\/wp-json\/wp\/v2\/posts\/92953"}],"collection":[{"href":"https:\/\/sdk.mk\/index.php\/wp-json\/wp\/v2\/posts"}],"about":[{"href":"https:\/\/sdk.mk\/index.php\/wp-json\/wp\/v2\/types\/post"}],"author":[{"embeddable":true,"href":"https:\/\/sdk.mk\/index.php\/wp-json\/wp\/v2\/users\/1"}],"replies":[{"embeddable":true,"href":"https:\/\/sdk.mk\/index.php\/wp-json\/wp\/v2\/comments?post=92953"}],"version-history":[{"count":0,"href":"https:\/\/sdk.mk\/index.php\/wp-json\/wp\/v2\/posts\/92953\/revisions"}],"wp:featuredmedia":[{"embeddable":true,"href":"https:\/\/sdk.mk\/index.php\/wp-json\/wp\/v2\/media\/184"}],"wp:attachment":[{"href":"https:\/\/sdk.mk\/index.php\/wp-json\/wp\/v2\/media?parent=92953"}],"wp:term":[{"taxonomy":"category","embeddable":true,"href":"https:\/\/sdk.mk\/index.php\/wp-json\/wp\/v2\/categories?post=92953"},{"taxonomy":"post_tag","embeddable":true,"href":"https:\/\/sdk.mk\/index.php\/wp-json\/wp\/v2\/tags?post=92953"}],"curies":[{"name":"wp","href":"https:\/\/api.w.org\/{rel}","templated":true}]}}