{"id":9391,"date":"2016-07-23T09:33:04","date_gmt":"2016-07-23T07:33:04","guid":{"rendered":"http:\/\/sdk.mk\/\/?p=9391"},"modified":"2016-07-23T09:33:04","modified_gmt":"2016-07-23T07:33:04","slug":"armela-nga-gostivari-ka-mundesi-te-jete-nje-nga-viktimat-e-mynihut-druan-familja-e-saj","status":"publish","type":"post","link":"https:\/\/sdk.mk\/index.php\/maqedonia\/armela-nga-gostivari-ka-mundesi-te-jete-nje-nga-viktimat-e-mynihut-druan-familja-e-saj\/","title":{"rendered":"ARMELA NGA GOSTIVARI KA MUND\u00cbSI T\u00cb JET\u00cb NJ\u00cb NGA VIKTIMAT E MYNIHUT, DRUAN FAMILJA E SAJ"},"content":{"rendered":"<div class=\"f52428582a4b906b2d2e2a7d733c7d27\" data-index=\"7\" style=\"float: none; margin:10px 0 10px 0; text-align:center;\">\n<!-- MSP Ads Asynchronous JS Tag - Generated with Revive Adserver v5.4.1 -->\r\n<ins data-revive-zoneid=\"167\" data-revive-id=\"060fdb01f6430ec164d3519234aa4967\"><\/ins>\r\n<script async src=\"\/\/panel.ads.com.mk\/www\/delivery\/asyncjs.php\"><\/script>\n<\/div>\n<p>Armela, vajza nga Gostivari, ka mund\u00ebsi t\u00eb jet\u00eb nj\u00eb nga viktimat e sulmit terrorist n\u00eb Mynih, deklarojn\u00eb mediat kosovare.<\/p>\n<p>N\u00ebna e Armel\u00ebs, Nazmie Segashi, deklaroi p\u00ebr Gazeta Express: \u201cIme bij\u00eb ishte n\u00eb dyqan n\u00eb qendr\u00ebn tregtare. Nga momenti i sulmit, celulari i saj ishte i fikur. Im bir menj\u00ebher\u00eb u nis ta k\u00ebrkoj\u00eb n\u00eb spital.\u201d<\/p>\n<p>N\u00eb lidhje me gjendjen e vajz\u00ebs akoma nuk ka asnj\u00eb informacion. Policia gjermane deklaroi q\u00eb emrat e t\u00eb vdekurve nuk do t\u00eb shpallen derisa t\u00eb jen\u00eb lajm\u00ebruar familjet e tyre.<\/p>\n<p>Ambasadorja e Kosov\u00ebs n\u00eb ShBA, Flora \u00c7itaku, n\u00eb profilin e saj n\u00eb twitter lajm\u00ebroi se mes viktimave gjendet edhe nj\u00eb shqiptar nga Maqedonia.<\/p>\n<p>Sky News i Kosov\u00ebs lajm\u00ebroi q\u00eb mes t\u00eb vdekurve \u00ebsht\u00eb Sabina Sulaj, vajz\u00eb nga Kosova, p\u00ebr t\u00eb cil\u00ebn n\u00ebna e Armel\u00ebs thot\u00eb se ka qen\u00eb shoqe e s\u00eb bij\u00ebs.\u201cGjith\u00e7ka q\u00eb di p\u00ebr Sabin\u00ebn \u00ebsht\u00eb se n\u00ebn\u00ebn e ka nga Shqip\u00ebria e babain nga Kosova. Dhe q\u00eb ishte shoqja e Armel\u00ebs\u201d, deklaron Nazmija.<\/p>\n\n<div style=\"font-size: 0px; height: 0px; line-height: 0px; margin: 0; padding: 0; clear: both;\"><\/div>","protected":false},"excerpt":{"rendered":"<p>Armela, vajza nga Gostivari, ka mund\u00ebsi t\u00eb jet\u00eb nj\u00eb nga viktimat e sulmit terrorist n\u00eb Mynih, deklarojn\u00eb mediat kosovare. N\u00ebna [&hellip;]<\/p>\n","protected":false},"author":1,"featured_media":9388,"comment_status":"open","ping_status":"open","sticky":false,"template":"","format":"standard","meta":{"_mo_disable_npp":"","inline_featured_image":false},"categories":[3087],"tags":[],"imageURL":"https:\/\/sdk.mk\/wp-content\/uploads\/2016\/07\/Armela-so-brat-i-650x367.jpg","thumbURL":"https:\/\/sdk.mk\/wp-content\/uploads\/2016\/07\/Armela-so-brat-i-250x141.jpg","categoryNames":["Maqedonia"],"feature_caption":"","subtitle":"a:1:{s:9:\"td_source\";s:56:\"\u041c\u0438\u043d\u0445\u0435\u043d(\u0413\u0430\u0437\u0435\u0442\u0430\u0435\u043a\u0441\u043f\u0440\u0435\u0441,\u041a\u043e\u0441\u043e\u0432\u043e)","views":"3699","source":"","yoast_head":"<!-- This site is optimized with the Yoast SEO Premium plugin v15.0 - https:\/\/yoast.com\/wordpress\/plugins\/seo\/ -->\n<title>ARMELA NGA GOSTIVARI KA MUND\u00cbSI T\u00cb JET\u00cb NJ\u00cb NGA VIKTIMAT E MYNIHUT, DRUAN FAMILJA E SAJ - \u0421\u0430\u043a\u0430\u043c \u0414\u0430 \u041a\u0430\u0436\u0430\u043c<\/title>\n<meta name=\"robots\" content=\"index, follow, max-snippet:-1, max-image-preview:large, max-video-preview:-1\" \/>\n<link rel=\"canonical\" href=\"https:\/\/sdk.mk\/index.php\/maqedonia\/armela-nga-gostivari-ka-mundesi-te-jete-nje-nga-viktimat-e-mynihut-druan-familja-e-saj\/\" \/>\n<meta property=\"og:locale\" content=\"mk_MK\" \/>\n<meta property=\"og:type\" content=\"article\" \/>\n<meta property=\"og:title\" content=\"ARMELA NGA GOSTIVARI KA MUND\u00cbSI T\u00cb JET\u00cb NJ\u00cb NGA VIKTIMAT E MYNIHUT, DRUAN FAMILJA E SAJ - \u0421\u0430\u043a\u0430\u043c \u0414\u0430 \u041a\u0430\u0436\u0430\u043c\" \/>\n<meta property=\"og:description\" content=\"Armela, vajza nga Gostivari, ka mund\u00ebsi t\u00eb jet\u00eb nj\u00eb nga viktimat e sulmit terrorist n\u00eb Mynih, deklarojn\u00eb mediat kosovare. N\u00ebna [&hellip;]\" \/>\n<meta property=\"og:url\" content=\"https:\/\/sdk.mk\/index.php\/maqedonia\/armela-nga-gostivari-ka-mundesi-te-jete-nje-nga-viktimat-e-mynihut-druan-familja-e-saj\/\" \/>\n<meta property=\"og:site_name\" content=\"\u0421\u0430\u043a\u0430\u043c \u0414\u0430 \u041a\u0430\u0436\u0430\u043c\" \/>\n<meta property=\"article:published_time\" content=\"2016-07-23T07:33:04+00:00\" \/>\n<meta property=\"og:image\" content=\"https:\/\/sdk.mk\/wp-content\/uploads\/2016\/07\/Armela-so-brat-i.jpg\" \/>\n\t<meta property=\"og:image:width\" content=\"725\" \/>\n\t<meta property=\"og:image:height\" content=\"409\" \/>\n<meta property=\"fb:app_id\" content=\"2407985809428537\" \/>\n<meta name=\"twitter:card\" content=\"summary\" \/>\n<script type=\"application\/ld+json\" class=\"yoast-schema-graph\">{\"@context\":\"https:\/\/schema.org\",\"@graph\":[{\"@type\":\"WebSite\",\"@id\":\"https:\/\/sdk.mk\/#website\",\"url\":\"https:\/\/sdk.mk\/\",\"name\":\"\\u0421\\u0430\\u043a\\u0430\\u043c \\u0414\\u0430 \\u041a\\u0430\\u0436\\u0430\\u043c\",\"description\":\"\\u0417\\u0430 \\u0441\\u043b\\u043e\\u0431\\u043e\\u0434\\u043e\\u0443\\u043c\\u043d\\u0438\",\"potentialAction\":[{\"@type\":\"SearchAction\",\"target\":\"https:\/\/sdk.mk\/?s={search_term_string}\",\"query-input\":\"required name=search_term_string\"}],\"inLanguage\":\"mk-MK\"},{\"@type\":\"ImageObject\",\"@id\":\"https:\/\/sdk.mk\/index.php\/maqedonia\/armela-nga-gostivari-ka-mundesi-te-jete-nje-nga-viktimat-e-mynihut-druan-familja-e-saj\/#primaryimage\",\"inLanguage\":\"mk-MK\",\"url\":\"https:\/\/sdk.mk\/wp-content\/uploads\/2016\/07\/Armela-so-brat-i.jpg\",\"width\":725,\"height\":409,\"caption\":\"\\u0421\\u043b\\u0438\\u043a\\u0430 \\u043d\\u0430 \\u0410\\u0440\\u043c\\u0435\\u043b\\u0430 \\u0441\\u043e \\u0431\\u0440\\u0430\\u0442 \\u0438 - \\u0441\\u0435\\u043c\\u0435\\u0458\\u0441\\u0442\\u0432\\u043e\\u0442\\u043e \\u043a\\u043e\\u0435 \\u0441\\u0435 \\u043f\\u0440\\u0435\\u0442\\u0441\\u0442\\u0430\\u0432\\u0438\\u043b\\u043e \\u0434\\u0435\\u043a\\u0430 \\u0435 \\u043e\\u0434 \\u0413\\u043e\\u0441\\u0442\\u0438\\u0432\\u0430\\u0440 \\u0441\\u0442\\u0440\\u0430\\u0432\\u0443\\u0432\\u0443\\u0432\\u0430 \\u0434\\u0435\\u043a\\u0430 \\u0435 \\u043d\\u0430\\u0441\\u0442\\u0440\\u0430\\u0434\\u0430\\u043d\\u0430\"},{\"@type\":\"WebPage\",\"@id\":\"https:\/\/sdk.mk\/index.php\/maqedonia\/armela-nga-gostivari-ka-mundesi-te-jete-nje-nga-viktimat-e-mynihut-druan-familja-e-saj\/#webpage\",\"url\":\"https:\/\/sdk.mk\/index.php\/maqedonia\/armela-nga-gostivari-ka-mundesi-te-jete-nje-nga-viktimat-e-mynihut-druan-familja-e-saj\/\",\"name\":\"ARMELA NGA GOSTIVARI KA MUND\\u00cbSI T\\u00cb JET\\u00cb NJ\\u00cb NGA VIKTIMAT E MYNIHUT, DRUAN FAMILJA E SAJ - \\u0421\\u0430\\u043a\\u0430\\u043c \\u0414\\u0430 \\u041a\\u0430\\u0436\\u0430\\u043c\",\"isPartOf\":{\"@id\":\"https:\/\/sdk.mk\/#website\"},\"primaryImageOfPage\":{\"@id\":\"https:\/\/sdk.mk\/index.php\/maqedonia\/armela-nga-gostivari-ka-mundesi-te-jete-nje-nga-viktimat-e-mynihut-druan-familja-e-saj\/#primaryimage\"},\"datePublished\":\"2016-07-23T07:33:04+00:00\",\"dateModified\":\"2016-07-23T07:33:04+00:00\",\"author\":{\"@id\":\"https:\/\/sdk.mk\/#\/schema\/person\/be7cfa6655c47f7195bfdd0ba8144aa2\"},\"inLanguage\":\"mk-MK\",\"potentialAction\":[{\"@type\":\"ReadAction\",\"target\":[\"https:\/\/sdk.mk\/index.php\/maqedonia\/armela-nga-gostivari-ka-mundesi-te-jete-nje-nga-viktimat-e-mynihut-druan-familja-e-saj\/\"]}]},{\"@type\":\"Person\",\"@id\":\"https:\/\/sdk.mk\/#\/schema\/person\/be7cfa6655c47f7195bfdd0ba8144aa2\",\"name\":\"\\u0413\\u043e\\u0440\\u0430\\u043d \\u041c\\u0438\\u0445\\u0430\\u0458\\u043b\\u043e\\u0432\\u0441\\u043a\\u0438\"}]}<\/script>\n<!-- \/ Yoast SEO Premium plugin. -->","_links":{"self":[{"href":"https:\/\/sdk.mk\/index.php\/wp-json\/wp\/v2\/posts\/9391"}],"collection":[{"href":"https:\/\/sdk.mk\/index.php\/wp-json\/wp\/v2\/posts"}],"about":[{"href":"https:\/\/sdk.mk\/index.php\/wp-json\/wp\/v2\/types\/post"}],"author":[{"embeddable":true,"href":"https:\/\/sdk.mk\/index.php\/wp-json\/wp\/v2\/users\/1"}],"replies":[{"embeddable":true,"href":"https:\/\/sdk.mk\/index.php\/wp-json\/wp\/v2\/comments?post=9391"}],"version-history":[{"count":0,"href":"https:\/\/sdk.mk\/index.php\/wp-json\/wp\/v2\/posts\/9391\/revisions"}],"wp:featuredmedia":[{"embeddable":true,"href":"https:\/\/sdk.mk\/index.php\/wp-json\/wp\/v2\/media\/9388"}],"wp:attachment":[{"href":"https:\/\/sdk.mk\/index.php\/wp-json\/wp\/v2\/media?parent=9391"}],"wp:term":[{"taxonomy":"category","embeddable":true,"href":"https:\/\/sdk.mk\/index.php\/wp-json\/wp\/v2\/categories?post=9391"},{"taxonomy":"post_tag","embeddable":true,"href":"https:\/\/sdk.mk\/index.php\/wp-json\/wp\/v2\/tags?post=9391"}],"curies":[{"name":"wp","href":"https:\/\/api.w.org\/{rel}","templated":true}]}}