{"id":94366,"date":"2019-08-05T11:21:53","date_gmt":"2019-08-05T09:21:53","guid":{"rendered":"https:\/\/sdk.mk\/?p=94366"},"modified":"2019-08-05T11:21:53","modified_gmt":"2019-08-05T09:21:53","slug":"orce-per-psp-ne","status":"publish","type":"post","link":"https:\/\/sdk.mk\/index.php\/dua-te-them\/orce-per-psp-ne\/","title":{"rendered":"ORCE P\u00cbR PSP-N\u00cb"},"content":{"rendered":"<div class=\"f52428582a4b906b2d2e2a7d733c7d27\" data-index=\"7\" style=\"float: none; margin:10px 0 10px 0; text-align:center;\">\n<!-- MSP Ads Asynchronous JS Tag - Generated with Revive Adserver v5.4.1 -->\r\n<ins data-revive-zoneid=\"167\" data-revive-id=\"060fdb01f6430ec164d3519234aa4967\"><\/ins>\r\n<script async src=\"\/\/panel.ads.com.mk\/www\/delivery\/asyncjs.php\"><\/script>\n<\/div>\n<p><span class=\"dropcap color firstcharacter\">1<\/span>N\u00eb k\u00ebt\u00eb vit ku sh\u00ebnohet p\u00ebrvjetori i 75-t\u00eb i ASNOM-it, atmosfera para Ilindenit n\u00eb shtetin ton\u00eb, t\u00eb pakt\u00ebn sipas komunikatave t\u00eb policis\u00eb dhe deklaratave t\u00eb ministrit p\u00ebr pun\u00eb t\u00eb brendshme Oliver Spasovski, ishte sikur prisnim rezultatin final mes dy grupeve huligane.<\/p>\n<p>Vall\u00eb t\u00eb jet\u00eb ndar\u00eb kaq shum\u00eb shoq\u00ebria jon\u00eb nga ajo urrejtje q\u00eb ushqehej gjat\u00eb 11 vjet\u00ebve t\u00eb pushtetit t\u00eb VMRO-s\u00eb, sa q\u00eb edhe fest\u00ebs m\u00eb t\u00eb madhe, Ilindenit, duhet t\u2019i g\u00ebzohemi fshehurazi?<\/p>\n<p>\u00cbsht\u00eb normale q\u00eb MPB t\u00eb parandaloj\u00eb dhun\u00eb dhe parregullsi. Kjo \u00ebsht\u00eb puna e tyre. P\u00ebr m\u00eb tep\u00ebr, dhuna dhe gjuha e urrejtjes duhet t\u00eb parandalohet nga institucionet n\u00eb \u00e7do koh\u00eb, jo vet\u00ebm gjat\u00eb festave. Por, a mund t\u00eb imagjinoni policit\u00eb e SHBA-s\u00eb apo Franc\u00ebs t\u00eb p\u00ebrcjellin komunikata t\u00eb tilla kur qytetar\u00ebt e tyre festojn\u00eb Dit\u00ebn e Pavar\u00ebsis\u00eb, 4 korrikun, apo Dit\u00ebn e Republik\u00ebs, 14 korrikun? Dhe a mund t\u00eb imagjinon se \u00e7far\u00eb mund t\u2019i ndodh\u00eb n\u00eb shtetet e lartp\u00ebrmendura atij q\u00eb do t\u00eb tentonte qoft\u00eb edhe t\u00eb k\u00ebrc\u00ebnohej se do t\u00eb prish\u00eb fest\u00ebn me an\u00eb t\u00eb dhun\u00ebs?<\/p>\n<p><span class=\"dropcap color firstcharacter\">2<\/span>Un\u00eb nuk jam aspak i zhg\u00ebnjyer nga m\u00ebnyra se si Orce Kam\u00e7evi rr\u00ebnoi sistemin e drejt\u00ebsis\u00eb s\u00eb shtetit dhe shkaktoi shokun m\u00eb t\u00eb madh p\u00ebr qeverin\u00eb e Zoran Zaevit. Nj\u00eb gj\u00eb t\u00eb till\u00eb e prisja nga ai. Q\u00eb t\u00eb shfryt\u00ebzonte t\u00eb gjitha masat e mundshme, t\u00eb gjitha njohurit\u00eb, ndikimin dhe parat\u00eb q\u00eb t\u2019i shp\u00ebtonte p\u00ebrndjekjes penale si i dyshuar i PSP-s\u00eb n\u00eb rastin \u201ePerandoria\u201c. Si\u00e7 shp\u00ebtoi n\u00eb dhjetor t\u00eb viti 2005, kur u dyshua p\u00ebr shmangie t\u00eb taksave. \u201eGjith\u00e7ka sipas ligjit, shef\u201c, thoshte legalisti Orce Kam\u00e7ev. Un\u00eb zhg\u00ebnjehem nga Prokuroria speciale publike. Si arrit\u00ebn, me gjith\u00eb ato mend, njohuri, para dhe mb\u00ebshtetje nga e gjith\u00eb bashk\u00ebsia nd\u00ebrkomb\u00ebtare dhe publiku demokratik, t\u00eb shnd\u00ebrrojn\u00eb nj\u00eb t\u00eb dyshuar t\u00eb tyre n\u00eb d\u00ebshmitar, e m\u00eb pas n\u00eb viktim\u00eb. Nuk e prisja se nga t\u00eb gjitha diplomat, provimet gjyq\u00ebsore, trajnimet, udh\u00ebtimet studimore n\u00eb Amerik\u00eb, Itali e Franc\u00eb do t\u00eb binin n\u00eb \u00e7antat dhe ekzibicionizmin e nj\u00eb mashtruesi si Boki 13. Gjith\u00e7ka q\u00eb d\u00ebshironin e kishin, fuqin\u00eb e kishin, respektin, po\u2026vall\u00eb vet\u00ebm moment i estrad\u00ebs u pask\u00ebsh munguar n\u00eb jet\u00eb?<\/p>\n<p>Nuk jam zhg\u00ebnjyer vet\u00ebm nga PSP-ja. Por edhe nga politikan\u00ebt, avokat\u00ebt e respektuar, gazetar\u00ebt e kulturuar, nga biznesmen\u00ebt\u2026Elita e nj\u00eb shoq\u00ebrie. More, u kan\u00eb dh\u00ebn\u00eb nga 750.000 \u20aco honorar p\u00ebr nj\u00eb organizat\u00eb t\u00eb shpikur me em\u00ebr pompoz \u2013 demek union nd\u00ebrkomb\u00ebtar. Biznesmen\u00ebt q\u00eb duhet ta l\u00ebvizin ekonomin\u00eb. Deputet\u00eb dhe ministra i p\u00ebruleshin si t\u00eb ishin para mbretit me kuror\u00ebn dhe p\u00eblhurat mbret\u00ebrore e ai i rregullonte pran\u00eb tij q\u00eb t\u2019i zinte kamera nd\u00ebrkoh\u00eb q\u00eb ua l\u00ebshonte himnin e shtetit. T\u00eb rrin\u00eb urt\u00eb, pran\u00eb mbretit. Kurse ata q\u00eb nuk kan\u00eb pasur mund\u00ebsin\u00eb t\u00eb vijn\u00eb e ta nderojn\u00eb nga af\u00ebr, i l\u00ebshonin videomesazhe.<\/p>\n<p>Dhe \u2013 \u00e7far\u00eb ndodhi? Mbreti pordhi e e qelbi t\u00ebr\u00eb shtetin.<\/p>\n<p><span class=\"dropcap color firstcharacter\">3<\/span>Detaje p\u00ebr formatim telefonash, fshirje kompjuetrash e pushimet mjek\u00ebsore t\u00eb prokurores speciale dhe t\u00eb t\u00eb dyshuarve, djalit, t\u00eb dashur\u00ebs s\u00eb tij, drejtoresh\u00ebs s\u00eb klinik\u00ebs q\u00eb i ka dh\u00ebn\u00eb pushim mjek\u00ebsor Katic\u00ebs\u2026k\u00ebto jan\u00eb pjes\u00eb e arg\u00ebtimit t\u00eb zakonsh\u00ebm p\u00ebr Facebook.<\/p>\n<p>Mir\u00ebpo, thelbi i historis\u00eb \u00ebsht\u00eb si n\u00eb vijim: Nj\u00eb oligark i dyshuar p\u00ebr krim t\u00eb r\u00ebnd\u00eb ka dh\u00ebn\u00eb ryshfet q\u00eb t\u00eb mos jet\u00eb i p\u00ebrndjekur. Nuk i ka sh\u00ebnuar parat\u00eb e ryshfetit, pasi nuk ka pasur besim te MPB dhe te gjyq\u00ebsia, e k\u00ebshtu nuk ka pasur se ku t\u2019i paraqes\u00eb. Por ama, nga momenti q\u00eb ryshfeti ka treguar efekt dhe pasaporta i \u00ebsht\u00eb kthyer, t\u00eb dyshuarit i \u00ebsht\u00eb kthyer besimi te sistemi dhe e ka paraqitur reketimin te kryeministri. Dhe tani i k\u00ebrkon mbrapsht parat\u00eb q\u00eb i ka dh\u00ebn\u00eb p\u00ebr ryshfet. Me gjith\u00eb \u00e7ant\u00ebn ku kan\u00eb qen\u00eb t\u00eb paketuara. Sa gjeniale!<\/p>\n<p>Tani VMRO-DPMNE-ja dhe LSDM-ja edhe nj\u00eb muaj do t\u00eb luajn\u00eb me grupet partiake, do t\u00eb negociojn\u00eb p\u00ebr t\u00eb ardhmen e rasteve t\u00eb PSP-s\u00eb me Antonio Milloshoskin, t\u00eb dyshuar n\u00eb hetimin e PSP-s\u00eb, me Bujar Osmanin t\u00eb BDI-s\u00eb, gjithashtu t\u00eb dyshuar n\u00eb hetimin e PSP-s\u00eb, do t\u00eb k\u00ebrkoj\u00eb drejt\u00ebsi joselektive p\u00ebr t\u00eb gjith\u00eb, ekspert\u00ebt do t\u00eb analizojn\u00eb se \u00e7\u2019lidhje ka ky ligj me marrjen e datave p\u00ebr fillim t\u00eb negocimeve me BE, do t\u00eb dal\u00eb me komunikat\u00eb edhe ndonj\u00ebra prej ambasadave duke th\u00ebn\u00eb se nuk mund t\u00eb lejohet mosd\u00ebnimi\u2026Do t\u00eb k\u00ebrkoj\u00eb secili t\u00eb shp\u00ebtoj\u00eb aq sa mundet. Dikush me pushime mjek\u00ebsore, me shtatz\u00ebni, me arratisje nga shteti, me sigurimin e shumic\u00ebs s\u00eb Parlamentit, me nj\u00eb \u201edeal\u201c personal me gjykat\u00ebsit apo me prokuror\u00ebt\u2026E do t\u00eb ven\u00eb n\u00eb burg disa, sa p\u00ebr PR dhe sehir. Ky \u00ebsht\u00eb nj\u00eb arg\u00ebtim i zakonsh\u00ebm p\u00ebr Facebook. Thelbi i k\u00ebsaj pune \u00ebsht\u00eb se \u2013 PSP-ja ka vdekur!<\/p>\n<p>Mbetet vet\u00ebm Zoran Zaevi dhe Kristijan Mickoski t\u00eb merren vesh q\u00eb ta nxitin Orce Kam\u00e7evin p\u00ebr prokuror t\u00eb ri special dhe ta mbyllim k\u00ebt\u00eb histeri zhg\u00ebnjimi nga padrejt\u00ebsia n\u00eb shtet. Nuk ekziston kandidat tjet\u00ebr m\u00eb i mir\u00eb se Orce. \u00cbsht\u00eb m\u00eb se e dukshme, ai e di m\u00eb s\u00eb miri se si kryhet gjith\u00e7ka sipas ligjit.<\/p>\n<p>Nuk kishit drejt\u00ebsi? Tani ja ku keni paqe.<\/p>\n<p><em>P\u00ebrktheu: Fjolla Zllatku<\/em><\/p>\n\n<div style=\"font-size: 0px; height: 0px; line-height: 0px; margin: 0; padding: 0; clear: both;\"><\/div>","protected":false},"excerpt":{"rendered":"<p>N\u00eb k\u00ebt\u00eb vit ku sh\u00ebnohet p\u00ebrvjetori i 75-t\u00eb i ASNOM-it, atmosfera para Ilindenit n\u00eb shtetin ton\u00eb, t\u00eb pakt\u00ebn sipas komunikatave [&hellip;]<\/p>\n","protected":false},"author":9,"featured_media":184,"comment_status":"closed","ping_status":"closed","sticky":false,"template":"","format":"standard","meta":{"_mo_disable_npp":"","inline_featured_image":false},"categories":[1825],"tags":[],"imageURL":"https:\/\/sdk.mk\/wp-content\/uploads\/2015\/12\/goran-mihailovski2.jpg","thumbURL":"https:\/\/sdk.mk\/wp-content\/uploads\/2015\/12\/goran-mihailovski2-250x196.jpg","categoryNames":["DUA T\u00cb THEM"],"feature_caption":"","subtitle":"Mbreti pordhi e e qelbi t\u00ebr\u00eb shtetin.","views":"25565","source":"","yoast_head":"<!-- This site is optimized with the Yoast SEO Premium plugin v15.0 - https:\/\/yoast.com\/wordpress\/plugins\/seo\/ -->\n<title>ORCE P\u00cbR PSP-N\u00cb - \u0421\u0430\u043a\u0430\u043c \u0414\u0430 \u041a\u0430\u0436\u0430\u043c<\/title>\n<meta name=\"robots\" content=\"index, follow, max-snippet:-1, max-image-preview:large, max-video-preview:-1\" \/>\n<link rel=\"canonical\" href=\"https:\/\/sdk.mk\/index.php\/dua-te-them\/orce-per-psp-ne\/\" \/>\n<meta property=\"og:locale\" content=\"mk_MK\" \/>\n<meta property=\"og:type\" content=\"article\" \/>\n<meta property=\"og:title\" content=\"ORCE P\u00cbR PSP-N\u00cb - \u0421\u0430\u043a\u0430\u043c \u0414\u0430 \u041a\u0430\u0436\u0430\u043c\" \/>\n<meta property=\"og:description\" content=\"N\u00eb k\u00ebt\u00eb vit ku sh\u00ebnohet p\u00ebrvjetori i 75-t\u00eb i ASNOM-it, atmosfera para Ilindenit n\u00eb shtetin ton\u00eb, t\u00eb pakt\u00ebn sipas komunikatave [&hellip;]\" \/>\n<meta property=\"og:url\" content=\"https:\/\/sdk.mk\/index.php\/dua-te-them\/orce-per-psp-ne\/\" \/>\n<meta property=\"og:site_name\" content=\"\u0421\u0430\u043a\u0430\u043c \u0414\u0430 \u041a\u0430\u0436\u0430\u043c\" \/>\n<meta property=\"article:published_time\" content=\"2019-08-05T09:21:53+00:00\" \/>\n<meta property=\"og:image\" content=\"https:\/\/sdk.mk\/wp-content\/uploads\/2015\/12\/goran-mihailovski2.jpg\" \/>\n\t<meta property=\"og:image:width\" content=\"400\" \/>\n\t<meta property=\"og:image:height\" content=\"313\" \/>\n<meta property=\"fb:app_id\" content=\"2407985809428537\" \/>\n<meta name=\"twitter:card\" content=\"summary\" \/>\n<script type=\"application\/ld+json\" class=\"yoast-schema-graph\">{\"@context\":\"https:\/\/schema.org\",\"@graph\":[{\"@type\":\"WebSite\",\"@id\":\"https:\/\/sdk.mk\/#website\",\"url\":\"https:\/\/sdk.mk\/\",\"name\":\"\\u0421\\u0430\\u043a\\u0430\\u043c \\u0414\\u0430 \\u041a\\u0430\\u0436\\u0430\\u043c\",\"description\":\"\\u0417\\u0430 \\u0441\\u043b\\u043e\\u0431\\u043e\\u0434\\u043e\\u0443\\u043c\\u043d\\u0438\",\"potentialAction\":[{\"@type\":\"SearchAction\",\"target\":\"https:\/\/sdk.mk\/?s={search_term_string}\",\"query-input\":\"required name=search_term_string\"}],\"inLanguage\":\"mk-MK\"},{\"@type\":\"ImageObject\",\"@id\":\"https:\/\/sdk.mk\/index.php\/dua-te-them\/orce-per-psp-ne\/#primaryimage\",\"inLanguage\":\"mk-MK\",\"url\":\"https:\/\/sdk.mk\/wp-content\/uploads\/2015\/12\/goran-mihailovski2.jpg\",\"width\":400,\"height\":313},{\"@type\":\"WebPage\",\"@id\":\"https:\/\/sdk.mk\/index.php\/dua-te-them\/orce-per-psp-ne\/#webpage\",\"url\":\"https:\/\/sdk.mk\/index.php\/dua-te-them\/orce-per-psp-ne\/\",\"name\":\"ORCE P\\u00cbR PSP-N\\u00cb - \\u0421\\u0430\\u043a\\u0430\\u043c \\u0414\\u0430 \\u041a\\u0430\\u0436\\u0430\\u043c\",\"isPartOf\":{\"@id\":\"https:\/\/sdk.mk\/#website\"},\"primaryImageOfPage\":{\"@id\":\"https:\/\/sdk.mk\/index.php\/dua-te-them\/orce-per-psp-ne\/#primaryimage\"},\"datePublished\":\"2019-08-05T09:21:53+00:00\",\"dateModified\":\"2019-08-05T09:21:53+00:00\",\"author\":{\"@id\":\"https:\/\/sdk.mk\/#\/schema\/person\/3e8217f71bc38bd7c592f30c69e10e5a\"},\"inLanguage\":\"mk-MK\",\"potentialAction\":[{\"@type\":\"ReadAction\",\"target\":[\"https:\/\/sdk.mk\/index.php\/dua-te-them\/orce-per-psp-ne\/\"]}]},{\"@type\":\"Person\",\"@id\":\"https:\/\/sdk.mk\/#\/schema\/person\/3e8217f71bc38bd7c592f30c69e10e5a\",\"name\":\"\\u041c\\u0438\\u0440\\u043e\\u0441\\u043b\\u0430\\u0432 \\u0418\\u043b\\u0438\\u043e\\u0441\\u043a\\u0438\"}]}<\/script>\n<!-- \/ Yoast SEO Premium plugin. -->","_links":{"self":[{"href":"https:\/\/sdk.mk\/index.php\/wp-json\/wp\/v2\/posts\/94366"}],"collection":[{"href":"https:\/\/sdk.mk\/index.php\/wp-json\/wp\/v2\/posts"}],"about":[{"href":"https:\/\/sdk.mk\/index.php\/wp-json\/wp\/v2\/types\/post"}],"author":[{"embeddable":true,"href":"https:\/\/sdk.mk\/index.php\/wp-json\/wp\/v2\/users\/9"}],"replies":[{"embeddable":true,"href":"https:\/\/sdk.mk\/index.php\/wp-json\/wp\/v2\/comments?post=94366"}],"version-history":[{"count":0,"href":"https:\/\/sdk.mk\/index.php\/wp-json\/wp\/v2\/posts\/94366\/revisions"}],"wp:featuredmedia":[{"embeddable":true,"href":"https:\/\/sdk.mk\/index.php\/wp-json\/wp\/v2\/media\/184"}],"wp:attachment":[{"href":"https:\/\/sdk.mk\/index.php\/wp-json\/wp\/v2\/media?parent=94366"}],"wp:term":[{"taxonomy":"category","embeddable":true,"href":"https:\/\/sdk.mk\/index.php\/wp-json\/wp\/v2\/categories?post=94366"},{"taxonomy":"post_tag","embeddable":true,"href":"https:\/\/sdk.mk\/index.php\/wp-json\/wp\/v2\/tags?post=94366"}],"curies":[{"name":"wp","href":"https:\/\/api.w.org\/{rel}","templated":true}]}}