{"id":94413,"date":"2019-08-06T11:13:54","date_gmt":"2019-08-06T09:13:54","guid":{"rendered":"https:\/\/sdk.mk\/?p=94413"},"modified":"2019-08-06T11:13:54","modified_gmt":"2019-08-06T09:13:54","slug":"30-vjet-me-radhe-enderronim-qe-jeta-te-mos-na-perfundonte-ne-institucion-thone-fanka-dhe-jonce-dy-personat-e-pare-me-pengese-fizike-te-cilet-e-braktisen-banja-bansko-n","status":"publish","type":"post","link":"https:\/\/sdk.mk\/index.php\/histori-te-parrefyera\/30-vjet-me-radhe-enderronim-qe-jeta-te-mos-na-perfundonte-ne-institucion-thone-fanka-dhe-jonce-dy-personat-e-pare-me-pengese-fizike-te-cilet-e-braktisen-banja-bansko-n\/","title":{"rendered":"30 VJET ME RADH\u00cb \u00cbND\u00cbRRONIM Q\u00cb JETA T\u00cb MOS NA P\u00cbRFUNDONTE N\u00cb INSTITUCION, THON\u00cb FANKA DHE JON\u00c7E, DY PERSONAT E PAR\u00cb ME PENGES\u00cb FIZIKE T\u00cb CIL\u00cbT E BRAKTIS\u00cbN \u201cBANJA BANSKO\u201d-N"},"content":{"rendered":"<div class=\"f52428582a4b906b2d2e2a7d733c7d27\" data-index=\"7\" style=\"float: none; margin:10px 0 10px 0; text-align:center;\">\n<!-- MSP Ads Asynchronous JS Tag - Generated with Revive Adserver v5.4.1 -->\r\n<ins data-revive-zoneid=\"167\" data-revive-id=\"060fdb01f6430ec164d3519234aa4967\"><\/ins>\r\n<script async src=\"\/\/panel.ads.com.mk\/www\/delivery\/asyncjs.php\"><\/script>\n<\/div>\n<p>Q\u00eb kur kam qen\u00eb e vog\u00ebl \u00a0kam \u00ebnd\u00ebrruar q\u00eb jeta ime t\u00eb mos p\u00ebrfundonte n\u00eb nj\u00eb institucion, por t\u00eb kthehesha n\u00eb sht\u00ebpi, thot\u00eb 39 vje\u00e7arja Fanka Dinova, e cila bashk\u00eb me partnerin e saj Jon\u00e7e Gogov (48) jan\u00eb persona e par\u00eb me penges\u00eb fizike t\u00eb cil\u00ebt braktis\u00ebn Institucionin e rehabilitimit \u201cBanja Bansko\u201d. Pas 30 vjet\u00ebsh q\u00ebndrimi aty, ata u kthyen p\u00ebrfundimisht n\u00eb sht\u00ebpi, n\u00eb kornizat e projektit p\u00ebr deinstitucionalizim t\u00eb Ministris\u00eb p\u00ebr pun\u00eb dhe politik\u00eb sociale.<\/p>\n<div id=\"attachment_94000\" style=\"width: 1710px\" class=\"wp-caption alignnone\"><a href=\"https:\/\/sdk.mk\/wp-content\/uploads\/2019\/07\/fanka-i-jonce-miravci.jpg\"><img aria-describedby=\"caption-attachment-94000\" loading=\"lazy\" class=\"wp-image-94000 size-full\" src=\"https:\/\/sdk.mk\/wp-content\/uploads\/2019\/07\/fanka-i-jonce-miravci.jpg\" alt=\"\" width=\"1700\" height=\"1214\" srcset=\"https:\/\/sdk.mk\/wp-content\/uploads\/2019\/07\/fanka-i-jonce-miravci.jpg 1700w, https:\/\/sdk.mk\/wp-content\/uploads\/2019\/07\/fanka-i-jonce-miravci-250x179.jpg 250w, https:\/\/sdk.mk\/wp-content\/uploads\/2019\/07\/fanka-i-jonce-miravci-400x286.jpg 400w, https:\/\/sdk.mk\/wp-content\/uploads\/2019\/07\/fanka-i-jonce-miravci-768x548.jpg 768w, https:\/\/sdk.mk\/wp-content\/uploads\/2019\/07\/fanka-i-jonce-miravci-650x464.jpg 650w, https:\/\/sdk.mk\/wp-content\/uploads\/2019\/07\/fanka-i-jonce-miravci-150x107.jpg 150w, https:\/\/sdk.mk\/wp-content\/uploads\/2019\/07\/fanka-i-jonce-miravci-800x571.jpg 800w, https:\/\/sdk.mk\/wp-content\/uploads\/2019\/07\/fanka-i-jonce-miravci-1200x857.jpg 1200w, https:\/\/sdk.mk\/wp-content\/uploads\/2019\/07\/fanka-i-jonce-miravci-1600x1143.jpg 1600w\" sizes=\"(max-width: 1700px) 100vw, 1700px\" \/><\/a><p id=\"caption-attachment-94000\" class=\"wp-caption-text\">Q\u00eb kur kam qen\u00eb e vog\u00ebl kam \u00ebnd\u00ebrruar q\u00eb jeta ime t\u00eb mos p\u00ebrfundonte n\u00eb nj\u00eb institucion, por t\u00eb kthehesha n\u00eb sht\u00ebpi, thot\u00eb 39 vje\u00e7arja Fanka Dinova, e cila bashk\u00eb me partnerin e saj Jon\u00e7e Gogov (48) jan\u00eb persona e par\u00eb me penges\u00eb fizike t\u00eb cil\u00ebt braktis\u00ebn Institucionin e rehabilitimit \u201cBanja Bansko\u201d. Pas 30 vjet\u00ebsh q\u00ebndrimi aty, ata u kthyen p\u00ebrfundimisht n\u00eb sht\u00ebpi, n\u00eb kornizat e projektit p\u00ebr deinstitucionalizim t\u00eb Ministris\u00eb p\u00ebr pun\u00eb dhe politik\u00eb sociale.<\/p><\/div>\n<p>Q\u00eb kur kam qen\u00eb e vog\u00ebl \u00a0kam \u00ebnd\u00ebrruar q\u00eb jeta ime t\u00eb mos p\u00ebrfundonte n\u00eb nj\u00eb institucion, por t\u00eb kthehesha n\u00eb sht\u00ebpi, thot\u00eb 39 vje\u00e7arja Fanka Dinova, e cila bashk\u00eb me partnerin e saj Jon\u00e7e Gogov (48) jan\u00eb persona e par\u00eb me penges\u00eb fizike t\u00eb cil\u00ebt braktis\u00ebn Institucionin e rehabilitimit \u201cBanja Bansko\u201d. Pas 30 vjet\u00ebsh q\u00ebndrimi aty, ata u kthyen p\u00ebrfundimisht n\u00eb sht\u00ebpi, n\u00eb kornizat e projektit p\u00ebr deinstitucionalizim t\u00eb Ministris\u00eb p\u00ebr pun\u00eb dhe politik\u00eb sociale.<\/p>\n<p>Fanka dhe Jon\u00e7e tashm\u00eb p\u00ebr tre muaj jetojn\u00eb n\u00eb sht\u00ebpin\u00eb familjare t\u00eb Fank\u00ebs n\u00eb fshatin Miravci t\u00eb Gjevgjelis\u00eb. Ivana Dinkovska, e cila \u00ebsht\u00eb asistentja e tyre personale (28) \u00ebsht\u00eb me ta 8 or\u00eb n\u00eb dit\u00eb, duke u ndihmuar me kryerjen e detyrimeve t\u00eb p\u00ebrditshme. Fanka dhe Jon\u00e7e jan\u00eb vendosur n\u00eb Institucionin e rehabilitimit q\u00eb kur ishin f\u00ebmij\u00eb 8 vjepar. T\u00eb dy kan\u00eb pengesa n\u00eb zhvillimin fizik. Fanka nuk mund t\u00eb ec\u00eb p\u00ebr shkak se ndodhet n\u00eb karroc\u00eb invalidore, kurse Jon\u00e7e nuk mund t\u00eb flas\u00eb, por me an\u00eb t\u00eb tingujve dhe gjestikulimeve arrin t\u00eb shpreh\u00eb mendimet dhe ndjenjat e tij. Jan\u00eb njoftuar n\u00eb Banja Bansko, n\u00eb fillim si shok\u00eb e pastaj si t\u00eb dashur, dashuria e t\u00eb cil\u00ebve ka vazhduar p\u00ebr 20 vjet.<\/p>\n<div id=\"attachment_94001\" style=\"width: 1610px\" class=\"wp-caption alignnone\"><a href=\"https:\/\/sdk.mk\/wp-content\/uploads\/2019\/07\/fanka-i-jonce-miravci2.jpg\"><img aria-describedby=\"caption-attachment-94001\" loading=\"lazy\" class=\"wp-image-94001 size-full\" src=\"https:\/\/sdk.mk\/wp-content\/uploads\/2019\/07\/fanka-i-jonce-miravci2.jpg\" alt=\"\" width=\"1600\" height=\"1067\" srcset=\"https:\/\/sdk.mk\/wp-content\/uploads\/2019\/07\/fanka-i-jonce-miravci2.jpg 1600w, https:\/\/sdk.mk\/wp-content\/uploads\/2019\/07\/fanka-i-jonce-miravci2-250x167.jpg 250w, https:\/\/sdk.mk\/wp-content\/uploads\/2019\/07\/fanka-i-jonce-miravci2-400x267.jpg 400w, https:\/\/sdk.mk\/wp-content\/uploads\/2019\/07\/fanka-i-jonce-miravci2-768x512.jpg 768w, https:\/\/sdk.mk\/wp-content\/uploads\/2019\/07\/fanka-i-jonce-miravci2-650x433.jpg 650w, https:\/\/sdk.mk\/wp-content\/uploads\/2019\/07\/fanka-i-jonce-miravci2-150x100.jpg 150w, https:\/\/sdk.mk\/wp-content\/uploads\/2019\/07\/fanka-i-jonce-miravci2-800x534.jpg 800w, https:\/\/sdk.mk\/wp-content\/uploads\/2019\/07\/fanka-i-jonce-miravci2-1200x800.jpg 1200w\" sizes=\"(max-width: 1600px) 100vw, 1600px\" \/><\/a><p id=\"caption-attachment-94001\" class=\"wp-caption-text\">Ivana \u00ebsht\u00eb e angazhuar n\u00eb Ministrin\u00eb p\u00ebr pun\u00eb dhe politik\u00eb sociale dhe kalon nga 8 or\u00eb n\u00eb dit\u00eb me Jon\u00e7en dhe Fank\u00ebn duke iu ndihmuar n\u00eb detyrat e tyre sht\u00ebpiake. (Foto: Gj. Li\u00e7ovski)<\/p><\/div>\n<p>\u201cPas 30 vjet\u00ebsh u ktheva n\u00eb sht\u00ebpi. Nga dita e par\u00eb q\u00eb kur shkova hyra n\u00eb Banja Bansko, d\u00ebshira ime e vetme ishte q\u00eb jeta ime t\u00eb mos p\u00ebrfundonte k\u00ebtu. Dhe tani, fal\u00eb projektit t\u00eb Ministris\u00eb p\u00ebr pun\u00eb dhe politik\u00eb sociale p\u00ebr deinstitucionalizim un\u00eb jam rikthyer n\u00eb sht\u00ebpin\u00eb time, bashk\u00eb me dashurin\u00eb time, Jon\u00e7en. Kur kjo iniciativ\u00eb na u prezantua p\u00ebr her\u00eb t\u00eb par\u00eb nga ekipet e Ministris\u00eb, u interesova p\u00ebrnj\u00ebher\u00eb. M\u00eb lindi shpresa se d\u00ebshira ime mund t\u00eb realizohet dhe tani jemi m\u00eb se t\u00eb lumtur q\u00eb kemi sht\u00ebpin\u00eb ton\u00eb dhe nuk jemi n\u00eb institucion\u201d, thot\u00eb Fanka.<\/p>\n<p>Me ndihm\u00ebn e familjes s\u00eb saj dhe mb\u00ebshtetjes financiare t\u00eb fondacionit suedez \u201cLoza\u201d, nj\u00eb pjes\u00eb e sht\u00ebpis\u00eb familjare t\u00eb Fank\u00ebs \u00ebsht\u00eb rikonstruktuar, \u00ebsht\u00eb pajisur dhe \u00ebsht\u00eb siguruar nj\u00eb qasje e t\u00ebr\u00ebsishme sipas nevojave t\u00eb tyre. P\u00ebr m\u00eb tep\u00ebr, n\u00ebp\u00ebrmjet Ministris\u00eb p\u00ebr pun\u00eb dhe politik\u00eb sociale dhe agjencis\u00eb \u201cJu-En Voman\u201d, \u00ebsht\u00eb siguruar dhe asistent personal p\u00ebr t\u00eb mb\u00ebshtetur Fank\u00ebn dhe Jon\u00e7en n\u00eb jet\u00ebn e p\u00ebrditshme.<\/p>\n<p>\u201cKishim ndjenja t\u00eb p\u00ebrziera kur e pam\u00eb t\u00eb ndodhte me t\u00eb v\u00ebrtet\u00eb. Edhe pse p\u00ebr 30 vjet jetojm\u00eb aty, nuk ekzistonte dyshimi se mund t\u00eb jetojm\u00eb ndonj\u00ebher\u00eb edhe vet\u00eb. Kemi ndihm\u00eb nga Ivana, por edhe nga familja ime. Me Jon\u00e7en plot\u00ebsohemi p\u00ebr mrekulli. Ndon\u00ebse ai nuk flet, un\u00eb e kuptoj shum\u00eb mir\u00eb.. P\u00ebr 20 vjet jemi bashk\u00eb, mund ta kuptoj nga shikimi se \u00e7far\u00eb d\u00ebshiron t\u00eb m\u00eb thot\u00eb\u201d, thot\u00eb Fanka.<\/p>\n<div id=\"attachment_94002\" style=\"width: 1610px\" class=\"wp-caption alignnone\"><a href=\"https:\/\/sdk.mk\/wp-content\/uploads\/2019\/07\/fanka-i-jonce-miravci3.jpg\"><img aria-describedby=\"caption-attachment-94002\" loading=\"lazy\" class=\"wp-image-94002 size-full\" src=\"https:\/\/sdk.mk\/wp-content\/uploads\/2019\/07\/fanka-i-jonce-miravci3.jpg\" alt=\"\" width=\"1600\" height=\"1047\" srcset=\"https:\/\/sdk.mk\/wp-content\/uploads\/2019\/07\/fanka-i-jonce-miravci3.jpg 1600w, https:\/\/sdk.mk\/wp-content\/uploads\/2019\/07\/fanka-i-jonce-miravci3-250x164.jpg 250w, https:\/\/sdk.mk\/wp-content\/uploads\/2019\/07\/fanka-i-jonce-miravci3-400x262.jpg 400w, https:\/\/sdk.mk\/wp-content\/uploads\/2019\/07\/fanka-i-jonce-miravci3-768x503.jpg 768w, https:\/\/sdk.mk\/wp-content\/uploads\/2019\/07\/fanka-i-jonce-miravci3-650x425.jpg 650w, https:\/\/sdk.mk\/wp-content\/uploads\/2019\/07\/fanka-i-jonce-miravci3-150x98.jpg 150w, https:\/\/sdk.mk\/wp-content\/uploads\/2019\/07\/fanka-i-jonce-miravci3-800x524.jpg 800w, https:\/\/sdk.mk\/wp-content\/uploads\/2019\/07\/fanka-i-jonce-miravci3-1200x785.jpg 1200w\" sizes=\"(max-width: 1600px) 100vw, 1600px\" \/><\/a><p id=\"caption-attachment-94002\" class=\"wp-caption-text\">Nga dita e par\u00eb q\u00eb kur shkova hyra n\u00eb Banja Bansko, d\u00ebshira ime e vetme ishte q\u00eb jeta ime t\u00eb mos p\u00ebrfundonte k\u00ebtu. Dhe tani, fal\u00eb projektit t\u00eb Ministris\u00eb p\u00ebr pun\u00eb dhe politik\u00eb sociale p\u00ebr deinstitucionalizim un\u00eb jam rikthyer n\u00eb sht\u00ebpin\u00eb time, bashk\u00eb me dashurin\u00eb time, Jon\u00e7en. (Foto: Gj. Li\u00e7ovski)<\/p><\/div>\n<p>Fanka dhe Jon\u00e7e kan\u00eb nisur shprehi t\u00eb reja te sht\u00ebpia e tyre. Ai ngrihet her\u00ebt, zgjon Fank\u00ebn dhe bashk\u00eb presin q\u00eb t\u00eb vij\u00eb Ivana. Pastaj vjen koha e m\u00ebngjesit dhe kafes n\u00eb oborr, sh\u00ebtitja n\u00ebp\u00ebr fshat, pazari dhe gatimi i drek\u00ebs.<\/p>\n<p>\u201cPuna ime si asistent personal \u00ebsht\u00eb 8 or\u00eb n\u00eb dit\u00eb. Mb\u00ebrrij k\u00ebtu n\u00eb ora 9 dhe dal n\u00eb ora 14, e m\u00eb pas n\u00eb mbr\u00ebmje vij p\u00ebrs\u00ebri nga ora 20 deri n\u00eb ora 22. Jam e lumtur me ta. U ofroj mb\u00ebshtetjen dhe ndihm\u00ebn time \u00e7do dit\u00eb. B\u00ebjm\u00eb pazarin bashk\u00eb dhe t\u00eb premtet jan\u00eb dit\u00ebt e rezervuara ekskluzivisht p\u00ebr pazar. Tani q\u00eb kan\u00eb nisur t\u00eb organizojn\u00eb turne futbolli n\u00eb fshat, shkojm\u00eb \u00e7do pasdite me Jon\u00e7en p\u00ebr t\u00eb shikuar dhe p\u00ebr t\u00eb b\u00ebr\u00eb tifo\u201d, thot\u00eb Ivana, e cila punon p\u00ebr her\u00eb t\u00eb par\u00eb k\u00ebt\u00eb vit si asistente personale.<\/p>\n<p>.<\/p>\n<p>Ivana vjen nga fshati Miravci dhe kur Fanka kishte d\u00ebgjuar p\u00ebr programin e deinstitucionalizimit i ka ofruar q\u00eb t\u00eb jet\u00eb asistentja e tyre.<\/p>\n<p>\u201cNe e njohim gjat\u00eb koh\u00eb Ivan\u00ebn. Fola me t\u00eb q\u00eb at\u00ebher\u00eb kue e dinim se pas pak muajsh do t\u00eb shp\u00ebrnguleshim n\u00eb nj\u00eb sht\u00ebpi t\u00eb re dhe e pyeta n\u00ebse donte t\u00eb b\u00ebhej pjes\u00eb e familjes son\u00eb, nd\u00ebrsa ajo pranoi pa hezitim. \u00cbsht\u00eb nj\u00eb \u00e7lirim i madh p\u00ebr ne t\u00eb kemi nj\u00eb asistent t\u00eb angazhuar nga shteti\u201d, thot\u00eb Fanka.<\/p>\n<p>Ajo dhe Jon\u00e7e nuk kan\u00eb asnj\u00eb lloj problemi q\u00eb t\u00eb mbeten vet\u00ebm p\u00ebrderisa Ivanka \u00ebsht\u00eb n\u00eb pauz\u00eb, thot\u00eb se shikojn\u00eb filma, d\u00ebgjojn\u00eb muzik\u00eb, lexojn\u00eb libra.<\/p>\n<p>\u201cNa b\u00ebn mir\u00eb t\u00eb jemi pak vet\u00eb\u201d, thot\u00eb Fanka me buz\u00ebqeshje n\u00eb fytyr\u00eb, duke shpjeguar se \u00ebsht\u00eb n\u00eb proces e sip\u00ebr q\u00eb t\u00eb fitoj\u00eb edhe nj\u00eb asistent tjer\u00ebt nga Ministria e cila do t\u2019iu ndihmonte gjat\u00eb fundjavave, pasi Ivana \u00ebsht\u00eb e angazhuar vet\u00ebm gjat\u00eb dit\u00ebve t\u00eb pun\u00ebs. Megjithat\u00eb shpesh her\u00eb ajo vjen edhe gjat\u00eb fundjav\u00ebs me d\u00ebshir\u00ebn e saj q\u00eb t\u2019iu ndihmoj\u00eb.<\/p>\n<p>\u201cNe jemi t\u00eb par\u00ebt q\u00eb dol\u00ebm nga \u201cBanja Bankso\u201d q\u00eb kur filloi procesi i deinstitucionalizimit. \u00cbsht\u00eb e bukur q\u00eb secilit prej nesh si persona me nj\u00eb invaliditet fizik, t\u2019i jepet mund\u00ebsia q\u00eb t\u00eb jet\u00eb i p\u00ebrfshir\u00eb n\u00eb bashk\u00ebsi, n\u00eb nj\u00eb m\u00ebnyr\u00eb funksionimi t\u00eb zakonshme. Do t\u00eb kisha nxitur k\u00ebdo q\u00eb t\u00eb mund ta pranoj\u00eb k\u00ebt\u00eb mund\u00ebsi dhe t\u00eb mos ket\u00eb frik\u00eb. Shum\u00eb nga miqt\u00eb tan\u00eb nga \u201cBanja Bansko\u201d nuk kan\u00eb vendosur p\u00ebr k\u00ebt\u00eb gj\u00eb, pasi iu ndjellet frika nga t\u00eb pun\u00ebsuarit dhe udh\u00ebheq\u00ebsit e institucionit se nuk do t\u00eb t\u00eb mund t\u00eb jetojn\u00eb dot vet\u00ebm, pasi ata vet\u00eb kan\u00eb frik\u00eb se do t\u00eb humbasin vendin e tyre t\u00eb pun\u00ebs, n\u00ebse ne largohemi\u201d, thot\u00eb Fanka.<\/p>\n<p><em><strong>A. ANTEVSKA\u00a0<\/strong><\/em><\/p>\n\n<div style=\"font-size: 0px; height: 0px; line-height: 0px; margin: 0; padding: 0; clear: both;\"><\/div>","protected":false},"excerpt":{"rendered":"<p>Q\u00eb kur kam qen\u00eb e vog\u00ebl \u00a0kam \u00ebnd\u00ebrruar q\u00eb jeta ime t\u00eb mos p\u00ebrfundonte n\u00eb nj\u00eb institucion, por t\u00eb kthehesha [&hellip;]<\/p>\n","protected":false},"author":25,"featured_media":93999,"comment_status":"closed","ping_status":"closed","sticky":false,"template":"","format":"standard","meta":{"_mo_disable_npp":"","inline_featured_image":false},"categories":[3085],"tags":[],"imageURL":"https:\/\/sdk.mk\/wp-content\/uploads\/2019\/07\/fanka-i-jonce-miravci1-650x417.jpg","thumbURL":"https:\/\/sdk.mk\/wp-content\/uploads\/2019\/07\/fanka-i-jonce-miravci1-250x160.jpg","categoryNames":["Histori t\u00eb parr\u00ebfyera"],"feature_caption":"Fanka Dinova dhe partneri i saj Jon\u00e7e Gogov jan\u00eb personat e par\u00eb me penges\u00eb fizike t\u00eb cil\u00ebt e braktis\u00ebn Institutin p\u00ebr rehabilitim \u201cBanja Bansko\u201d n\u00eb kornizat e projektit p\u00ebr deinstitucionalizim dhe tani jetojn\u00eb n\u00eb sht\u00ebpin\u00eb familjare n\u00eb Miravic. (Foto: Gj. Li\u00e7ovski)","subtitle":"","views":"7798","source":"Gjevgjeli, SAKAMDAKAZAM.MK","yoast_head":"<!-- This site is optimized with the Yoast SEO Premium plugin v15.0 - https:\/\/yoast.com\/wordpress\/plugins\/seo\/ -->\n<title>30 VJET ME RADH\u00cb \u00cbND\u00cbRRONIM Q\u00cb JETA T\u00cb MOS NA P\u00cbRFUNDONTE N\u00cb INSTITUCION, THON\u00cb FANKA DHE JON\u00c7E, DY PERSONAT E PAR\u00cb ME PENGES\u00cb FIZIKE T\u00cb CIL\u00cbT E BRAKTIS\u00cbN \u201cBANJA BANSKO\u201d-N - \u0421\u0430\u043a\u0430\u043c \u0414\u0430 \u041a\u0430\u0436\u0430\u043c<\/title>\n<meta name=\"robots\" content=\"index, follow, max-snippet:-1, max-image-preview:large, max-video-preview:-1\" \/>\n<link rel=\"canonical\" href=\"https:\/\/sdk.mk\/index.php\/histori-te-parrefyera\/30-vjet-me-radhe-enderronim-qe-jeta-te-mos-na-perfundonte-ne-institucion-thone-fanka-dhe-jonce-dy-personat-e-pare-me-pengese-fizike-te-cilet-e-braktisen-banja-bansko-n\/\" \/>\n<meta property=\"og:locale\" content=\"mk_MK\" \/>\n<meta property=\"og:type\" content=\"article\" \/>\n<meta property=\"og:title\" content=\"30 VJET ME RADH\u00cb \u00cbND\u00cbRRONIM Q\u00cb JETA T\u00cb MOS NA P\u00cbRFUNDONTE N\u00cb INSTITUCION, THON\u00cb FANKA DHE JON\u00c7E, DY PERSONAT E PAR\u00cb ME PENGES\u00cb FIZIKE T\u00cb CIL\u00cbT E BRAKTIS\u00cbN \u201cBANJA BANSKO\u201d-N - \u0421\u0430\u043a\u0430\u043c \u0414\u0430 \u041a\u0430\u0436\u0430\u043c\" \/>\n<meta property=\"og:description\" content=\"Q\u00eb kur kam qen\u00eb e vog\u00ebl \u00a0kam \u00ebnd\u00ebrruar q\u00eb jeta ime t\u00eb mos p\u00ebrfundonte n\u00eb nj\u00eb institucion, por t\u00eb kthehesha [&hellip;]\" \/>\n<meta property=\"og:url\" content=\"https:\/\/sdk.mk\/index.php\/histori-te-parrefyera\/30-vjet-me-radhe-enderronim-qe-jeta-te-mos-na-perfundonte-ne-institucion-thone-fanka-dhe-jonce-dy-personat-e-pare-me-pengese-fizike-te-cilet-e-braktisen-banja-bansko-n\/\" \/>\n<meta property=\"og:site_name\" content=\"\u0421\u0430\u043a\u0430\u043c \u0414\u0430 \u041a\u0430\u0436\u0430\u043c\" \/>\n<meta property=\"article:published_time\" content=\"2019-08-06T09:13:54+00:00\" \/>\n<meta property=\"og:image\" content=\"https:\/\/sdk.mk\/wp-content\/uploads\/2019\/07\/fanka-i-jonce-miravci1.jpg\" \/>\n\t<meta property=\"og:image:width\" content=\"1600\" \/>\n\t<meta property=\"og:image:height\" content=\"1026\" \/>\n<meta property=\"fb:app_id\" content=\"2407985809428537\" \/>\n<meta name=\"twitter:card\" content=\"summary\" \/>\n<script type=\"application\/ld+json\" class=\"yoast-schema-graph\">{\"@context\":\"https:\/\/schema.org\",\"@graph\":[{\"@type\":\"WebSite\",\"@id\":\"https:\/\/sdk.mk\/#website\",\"url\":\"https:\/\/sdk.mk\/\",\"name\":\"\\u0421\\u0430\\u043a\\u0430\\u043c \\u0414\\u0430 \\u041a\\u0430\\u0436\\u0430\\u043c\",\"description\":\"\\u0417\\u0430 \\u0441\\u043b\\u043e\\u0431\\u043e\\u0434\\u043e\\u0443\\u043c\\u043d\\u0438\",\"potentialAction\":[{\"@type\":\"SearchAction\",\"target\":\"https:\/\/sdk.mk\/?s={search_term_string}\",\"query-input\":\"required name=search_term_string\"}],\"inLanguage\":\"mk-MK\"},{\"@type\":\"ImageObject\",\"@id\":\"https:\/\/sdk.mk\/index.php\/histori-te-parrefyera\/30-vjet-me-radhe-enderronim-qe-jeta-te-mos-na-perfundonte-ne-institucion-thone-fanka-dhe-jonce-dy-personat-e-pare-me-pengese-fizike-te-cilet-e-braktisen-banja-bansko-n\/#primaryimage\",\"inLanguage\":\"mk-MK\",\"url\":\"https:\/\/sdk.mk\/wp-content\/uploads\/2019\/07\/fanka-i-jonce-miravci1.jpg\",\"width\":1600,\"height\":1026},{\"@type\":\"WebPage\",\"@id\":\"https:\/\/sdk.mk\/index.php\/histori-te-parrefyera\/30-vjet-me-radhe-enderronim-qe-jeta-te-mos-na-perfundonte-ne-institucion-thone-fanka-dhe-jonce-dy-personat-e-pare-me-pengese-fizike-te-cilet-e-braktisen-banja-bansko-n\/#webpage\",\"url\":\"https:\/\/sdk.mk\/index.php\/histori-te-parrefyera\/30-vjet-me-radhe-enderronim-qe-jeta-te-mos-na-perfundonte-ne-institucion-thone-fanka-dhe-jonce-dy-personat-e-pare-me-pengese-fizike-te-cilet-e-braktisen-banja-bansko-n\/\",\"name\":\"30 VJET ME RADH\\u00cb \\u00cbND\\u00cbRRONIM Q\\u00cb JETA T\\u00cb MOS NA P\\u00cbRFUNDONTE N\\u00cb INSTITUCION, THON\\u00cb FANKA DHE JON\\u00c7E, DY PERSONAT E PAR\\u00cb ME PENGES\\u00cb FIZIKE T\\u00cb CIL\\u00cbT E BRAKTIS\\u00cbN \\u201cBANJA BANSKO\\u201d-N - \\u0421\\u0430\\u043a\\u0430\\u043c \\u0414\\u0430 \\u041a\\u0430\\u0436\\u0430\\u043c\",\"isPartOf\":{\"@id\":\"https:\/\/sdk.mk\/#website\"},\"primaryImageOfPage\":{\"@id\":\"https:\/\/sdk.mk\/index.php\/histori-te-parrefyera\/30-vjet-me-radhe-enderronim-qe-jeta-te-mos-na-perfundonte-ne-institucion-thone-fanka-dhe-jonce-dy-personat-e-pare-me-pengese-fizike-te-cilet-e-braktisen-banja-bansko-n\/#primaryimage\"},\"datePublished\":\"2019-08-06T09:13:54+00:00\",\"dateModified\":\"2019-08-06T09:13:54+00:00\",\"author\":{\"@id\":\"https:\/\/sdk.mk\/#\/schema\/person\/737021aeacbe893f7e2c347186c5c7a1\"},\"inLanguage\":\"mk-MK\",\"potentialAction\":[{\"@type\":\"ReadAction\",\"target\":[\"https:\/\/sdk.mk\/index.php\/histori-te-parrefyera\/30-vjet-me-radhe-enderronim-qe-jeta-te-mos-na-perfundonte-ne-institucion-thone-fanka-dhe-jonce-dy-personat-e-pare-me-pengese-fizike-te-cilet-e-braktisen-banja-bansko-n\/\"]}]},{\"@type\":\"Person\",\"@id\":\"https:\/\/sdk.mk\/#\/schema\/person\/737021aeacbe893f7e2c347186c5c7a1\",\"name\":\"\\u0424\\u0458\\u043e\\u043b\\u0430 \\u0417\\u043b\\u0430\\u0442\\u043a\\u0443\"}]}<\/script>\n<!-- \/ Yoast SEO Premium plugin. -->","_links":{"self":[{"href":"https:\/\/sdk.mk\/index.php\/wp-json\/wp\/v2\/posts\/94413"}],"collection":[{"href":"https:\/\/sdk.mk\/index.php\/wp-json\/wp\/v2\/posts"}],"about":[{"href":"https:\/\/sdk.mk\/index.php\/wp-json\/wp\/v2\/types\/post"}],"author":[{"embeddable":true,"href":"https:\/\/sdk.mk\/index.php\/wp-json\/wp\/v2\/users\/25"}],"replies":[{"embeddable":true,"href":"https:\/\/sdk.mk\/index.php\/wp-json\/wp\/v2\/comments?post=94413"}],"version-history":[{"count":0,"href":"https:\/\/sdk.mk\/index.php\/wp-json\/wp\/v2\/posts\/94413\/revisions"}],"wp:featuredmedia":[{"embeddable":true,"href":"https:\/\/sdk.mk\/index.php\/wp-json\/wp\/v2\/media\/93999"}],"wp:attachment":[{"href":"https:\/\/sdk.mk\/index.php\/wp-json\/wp\/v2\/media?parent=94413"}],"wp:term":[{"taxonomy":"category","embeddable":true,"href":"https:\/\/sdk.mk\/index.php\/wp-json\/wp\/v2\/categories?post=94413"},{"taxonomy":"post_tag","embeddable":true,"href":"https:\/\/sdk.mk\/index.php\/wp-json\/wp\/v2\/tags?post=94413"}],"curies":[{"name":"wp","href":"https:\/\/api.w.org\/{rel}","templated":true}]}}