{"id":97773,"date":"2019-09-26T16:13:10","date_gmt":"2019-09-26T14:13:10","guid":{"rendered":"https:\/\/sdk.mk\/?p=97773"},"modified":"2019-09-26T16:14:17","modified_gmt":"2019-09-26T14:14:17","slug":"komunat-nuk-kane-parashikuar-mjaft-mjete-per-asistentet-e-femijeve-me-nevoja-te-vecanta-mbajne-shpresen-per-ndihme-nga-jashte","status":"publish","type":"post","link":"https:\/\/sdk.mk\/index.php\/histori-te-parrefyera\/komunat-nuk-kane-parashikuar-mjaft-mjete-per-asistentet-e-femijeve-me-nevoja-te-vecanta-mbajne-shpresen-per-ndihme-nga-jashte\/","title":{"rendered":"KOMUNAT NUK KAN\u00cb PARASHIKUAR MJAFT MJETE P\u00cbR ASISTENT\u00cbT E F\u00cbMIJ\u00cbVE ME NEVOJA T\u00cb VE\u00c7ANTA, MBAJN\u00cb SHPRES\u00cbN P\u00cbR NDIHM\u00cb NGA JASHT\u00cb"},"content":{"rendered":"<div class=\"f52428582a4b906b2d2e2a7d733c7d27\" data-index=\"7\" style=\"float: none; margin:10px 0 10px 0; text-align:center;\">\n<!-- MSP Ads Asynchronous JS Tag - Generated with Revive Adserver v5.4.1 -->\r\n<ins data-revive-zoneid=\"167\" data-revive-id=\"060fdb01f6430ec164d3519234aa4967\"><\/ins>\r\n<script async src=\"\/\/panel.ads.com.mk\/www\/delivery\/asyncjs.php\"><\/script>\n<\/div>\n<p>Shumica e komunave n\u00eb shtet nuk kan\u00eb parashikuar mjaft para n\u00eb buxhetin e tyre p\u00ebr asistent\u00ebt e f\u00ebmij\u00ebve me pengesa n\u00eb zhvillim p\u00ebr p\u00ebrfshirjen e tyre n\u00eb shkollat fillore dhe t\u00eb mesme p\u00ebr k\u00ebt\u00eb vit shkollor. Ministria e arsimit akoma nuk ka t\u00eb dh\u00ebna se sa f\u00ebmij\u00eb me pengesa duhet t\u00eb p\u00ebrfshihen n\u00eb procesin arsimor, pasi komunat akoma jan\u00eb n\u00eb procesin e dor\u00ebzimit t\u00eb raporteve.<\/p>\n<p>Numri i asistent\u00ebve arsimor\u00eb q\u00eb do t\u2019u ndihmojn\u00eb f\u00ebmij\u00ebve me pengesa n\u00eb zhvillim edhe k\u00ebt\u00eb vit \u00ebsht\u00eb rritur, por angazhimi i tyre \u00ebsht\u00eb kryesisht i financuar nga projekti i UNDP-s\u00eb.<\/p>\n<p>Me Ligjin e ri p\u00ebr arsim fillor, i cili u soll k\u00ebt\u00eb ver\u00eb, p\u00ebrfshirja e f\u00ebmij\u00ebve me pengesa n\u00eb zhvillim n\u00eb shkollat e mesme fillon nga ky vit shkollor. Para sjelljes s\u00eb Ligjit, Avokati i popullit reagoi se arsimi nuk \u00ebsht\u00eb i gatsh\u00ebm p\u00ebr nj\u00eb p\u00ebrfshirje t\u00eb till\u00eb dhe se kjo do t\u00eb rregullohet n\u00eb m\u00ebnyr\u00eb ligjore, por se zbatimi \u00ebsht\u00eb i v\u00ebshtir\u00eb.<\/p>\n<p>Ministria e arsimit nuk ka t\u00eb dh\u00ebna t\u00eb plota rreth numrit t\u00eb f\u00ebmij\u00ebve q\u00eb jan\u00eb p\u00ebrfshir\u00eb n\u00eb m\u00ebsimdh\u00ebnien e rregullt dhe se sa asistent\u00eb nevojiten q\u00eb t\u00eb p\u00ebrfshihen n\u00eb procesin arsimor.<\/p>\n<p>\u201cT\u00eb dh\u00ebna t\u00eb plota mbi k\u00ebt\u00eb vit shkollor do t\u00eb kemi nga fundi i muajit, pasi p\u00ebr momentin nj\u00eb pjes\u00eb e komunave jan\u00eb n\u00eb procesin e dor\u00ebzimit t\u00eb raporteve. Sipas t\u00eb dh\u00ebnave nga vitet e kaluara, n\u00eb shkollat e shtetit ton\u00eb ka rreth 1.200 nx\u00ebn\u00ebs t\u00eb shkollave fillore me nevoja t\u00eb ve\u00e7anta n\u00eb procesin e m\u00ebsimit, nga t\u00eb cil\u00ebt 400 ndodhen n\u00ebp\u00ebr shkollat fillore dhe 800 n\u00eb shkollat e rregullta t\u00eb mesme. Ekzistojn\u00eb rreth 500 nx\u00ebn\u00ebs t\u00eb shkoll\u00ebs s\u00eb mesme me nevoja t\u00eb ve\u00e7anta arsimore, nga t\u00eb cil\u00ebt 240 jan\u00eb n\u00eb shkolla t\u00eb mesme p\u00ebr nx\u00ebn\u00ebs me nevoja t\u00eb ve\u00e7anta arsimore dhe 280 n\u00eb shkollat e rregullta t\u00eb mesme\u201d, thon\u00eb nga Ministria e arsimit dhe shkenc\u00ebs.<\/p>\n<p>Projekti i UNDP-s\u00eb p\u00ebr asistent\u00eb arsimor\u00eb dhe personal\u00eb p\u00ebr nx\u00ebn\u00ebsit me nevoja t\u00eb ve\u00e7anta n\u00eb shkollat fillore dhe t\u00eb mesme ka filluar si nj\u00eb projekt pilot para pes\u00eb vjet\u00ebsh dhe \u00ebsht\u00eb pjes\u00eb e programit t\u00eb pun\u00ebs s\u00eb dobishme shoq\u00ebrore nga plani operativ i Qeveris\u00eb p\u00ebr masa dhe programe aktive p\u00ebr pun\u00ebsim dhe sh\u00ebrbime n\u00eb tregun e pun\u00ebs.<\/p>\n<p>Nga UNDP thon\u00eb se pas reagimeve pozitive nga ana e nx\u00ebn\u00ebsve, prind\u00ebrve dhe rrethit, kan\u00eb vazhduar me k\u00ebt\u00eb projekt edhe gjat\u00eb viteve t\u00eb tjera.<\/p>\n<p>\u201cP\u00ebr k\u00ebt\u00eb vit shkollor jan\u00eb angazhuar gjithsej 271 asistent\u00eb, nga t\u00eb cil\u00ebt 200 jan\u00eb t\u00eb mb\u00ebshtetur nga programi p\u00ebr pun\u00eb t\u00eb dobishme shoq\u00ebrore, kurse t\u00eb tjer\u00ebt jan\u00eb krejt\u00ebsisht t\u00eb financuar nga komunat. Vjet, n\u00eb procesin arsimor jan\u00eb p\u00ebrfshir\u00eb 334 asistent\u00eb n\u00eb shkollat fillore dhe t\u00eb mesme n\u00eb 36 komuna brenda shtetit, kurse vitin e kaluar ishin angazhuar 140 asistent\u00eb n\u00eb 18 komuna\u201d, thon\u00eb nga UNDP.<\/p>\n<p>Asistent\u00ebt arsimor\u00eb marrin kompensim prej 9.000 denar\u00ebsh p\u00ebr pun\u00ebn e tyre me f\u00ebmij\u00ebt me pengesa n\u00eb zhvillim, nga t\u00eb cilat 80 p\u00ebrqind mbulohen nga projekti i UNDP-s\u00eb, kurse 20 p\u00ebrqind nga komunat. Ata q\u00eb punojn\u00eb me f\u00ebmij\u00ebt me pengesa n\u00eb zhvillim punojn\u00eb nga 20 or\u00eb n\u00eb jav\u00eb, apo kat\u00ebr or\u00eb n\u00eb dit\u00eb.<\/p>\n<p>V\u00ebshtir\u00ebsit\u00eb n\u00eb fillim t\u00eb viti shkollor me p\u00ebrfshirjen e f\u00ebmij\u00ebve me pengesa n\u00eb zhvillim kan\u00eb ekzistuar n\u00eb disa komuna t\u00eb cilat kan\u00eb qen\u00eb t\u00eb p\u00ebrfshira m\u00eb par\u00eb n\u00eb projektin e UNDP-s\u00eb, nd\u00ebrsa k\u00ebt\u00eb vit kan\u00eb marr\u00eb m\u00eb pak mjete, pasi ndihma \u00ebsht\u00eb zgjeruar edhe n\u00eb komunat e tjera. K\u00ebshtu, n\u00eb Komun\u00ebn e Qendr\u00ebs n\u00eb vend t\u00eb mjeteve p\u00ebr 15 asistent\u00eb jan\u00eb dh\u00ebn\u00eb mjete p\u00ebr 5, kurse brenda buxhetit nuk jan\u00eb parashikuar mjetet p\u00ebr angazhimin e asistent\u00ebve t\u00eb mbetur dhe si pasoj\u00eb e k\u00ebsaj 7 f\u00ebmij\u00eb kan\u00eb filluar vitin shkollor pa asistent\u00eb. Nga komuna arsyetohen se informimin p\u00ebr zvog\u00eblimin e mjeteve e kan\u00eb marr\u00eb shum\u00eb von\u00eb nga UNDP dhe se do t\u00eb p\u00ebrpiqen t\u00eb sigurojn\u00eb mjetet e nevojshme me nj\u00eb ribalanc.<\/p>\n<div id=\"attachment_96135\" style=\"width: 310px\" class=\"wp-caption alignright\"><a href=\"https:\/\/sdk.mk\/wp-content\/uploads\/2019\/09\/mila-carovska-03.09.2019.jpg\"><img aria-describedby=\"caption-attachment-96135\" loading=\"lazy\" class=\"size-medium wp-image-96135\" src=\"https:\/\/sdk.mk\/wp-content\/uploads\/2019\/09\/mila-carovska-03.09.2019-400x250.jpg\" alt=\"\" width=\"300\" height=\"188\" srcset=\"https:\/\/sdk.mk\/wp-content\/uploads\/2019\/09\/mila-carovska-03.09.2019-400x250.jpg 400w, https:\/\/sdk.mk\/wp-content\/uploads\/2019\/09\/mila-carovska-03.09.2019-250x156.jpg 250w, https:\/\/sdk.mk\/wp-content\/uploads\/2019\/09\/mila-carovska-03.09.2019-768x480.jpg 768w, https:\/\/sdk.mk\/wp-content\/uploads\/2019\/09\/mila-carovska-03.09.2019-650x407.jpg 650w, https:\/\/sdk.mk\/wp-content\/uploads\/2019\/09\/mila-carovska-03.09.2019-150x94.jpg 150w, https:\/\/sdk.mk\/wp-content\/uploads\/2019\/09\/mila-carovska-03.09.2019-800x500.jpg 800w, https:\/\/sdk.mk\/wp-content\/uploads\/2019\/09\/mila-carovska-03.09.2019-1200x751.jpg 1200w, https:\/\/sdk.mk\/wp-content\/uploads\/2019\/09\/mila-carovska-03.09.2019-1600x1001.jpg 1600w, https:\/\/sdk.mk\/wp-content\/uploads\/2019\/09\/mila-carovska-03.09.2019-2000x1251.jpg 2000w, https:\/\/sdk.mk\/wp-content\/uploads\/2019\/09\/mila-carovska-03.09.2019.jpg 2048w\" sizes=\"(max-width: 300px) 100vw, 300px\" \/><\/a><p id=\"caption-attachment-96135\" class=\"wp-caption-text\">Mund t\u00eb fitohen deri n\u00eb 10,8 milion\u00eb euro nga t\u00eb gjitha komunat t\u00eb cilat do t\u00eb zhvillojn\u00eb projekte p\u00ebr shtresat n\u00eb nevoj\u00eb. Komunat mund t\u00eb aplikojn\u00eb p\u00ebr nj\u00eb sh\u00ebrbim t\u00eb ngjash\u00ebm social, ndihm\u00eb p\u00ebr nj\u00eb individ apo familje, p\u00ebrkujdesje ditore, p\u00ebrkujdesje t\u00eb p\u00ebrkohshme, grupe t\u00eb vogla sht\u00ebpish, qendrash ditore dhe sh\u00ebrbimesh p\u00ebr jetes\u00eb me mb\u00ebshtetje; &#8211; Ministrja Milla Carovska (Foto: Qeveria e RMV)<\/p><\/div>\n<p>Nga Komuna Kisella Vod\u00eb thon\u00eb se p\u00ebr vitin e pest\u00eb me radh\u00eb, n\u00eb bashk\u00ebpunim me UNDP-n\u00eb n\u00eb shkolla jan\u00eb p\u00ebrfshir\u00eb asistent\u00ebt arsimor\u00eb dhe se sivjet jan\u00eb angazhuar 30 asistent\u00eb, prej t\u00eb cil\u00ebve 20 jan\u00eb angazhuar p\u00ebrmes projektit UNDP, kurse t\u00eb tjer\u00ebt nga buxheti komunal.<\/p>\n<p>\u201cSipas njohurive tona, n\u00eb komun\u00eb ka rreth 70 deri n\u00eb 80 f\u00ebmij\u00eb me pengesa\u201d, thon\u00eb nga Komuna Kisella Vod\u00eb.<\/p>\n<p>Komuna Gjor\u00e7e Petrov \u00ebsht\u00eb e p\u00ebrfshir\u00eb p\u00ebr t\u00eb dyt\u00ebn her\u00eb radhazi n\u00eb projektin UNDP p\u00ebr asistent\u00eb arsimor\u00eb dhe sipas vler\u00ebsimeve t\u00eb tyre ata kan\u00eb rreth tet\u00ebdhjet\u00eb f\u00ebmi\u00eb me pengesa n\u00eb zhvillim.<\/p>\n<p>\u201cP\u00ebr k\u00ebt\u00eb vit shkollor n\u00ebp\u00ebrmjet projektit t\u00eb UNDP-s\u00eb kemi fituar 13 asistent\u00eb, nga t\u00eb cil\u00ebt 10 jan\u00eb asistent\u00eb arsimor\u00eb dhe tre personal\u00eb\u201d, thon\u00eb nga komuna Gjor\u00e7e Petrov, duke shtuar se p\u00ebrfshirja e k\u00ebtyre f\u00ebmij\u00ebve duhet t\u00eb zhvillohet me ndihm\u00ebn e Ministris\u00eb s\u00eb arsimit dhe shkenc\u00ebs.<\/p>\n<p>&nbsp;<\/p>\n<p>&nbsp;<\/p>\n<p><a href=\"https:\/\/sdk.mk\/wp-content\/uploads\/2018\/09\/Prv-ucilisen-den.jpg\"><img loading=\"lazy\" class=\"size-full wp-image-66966\" src=\"https:\/\/sdk.mk\/wp-content\/uploads\/2018\/09\/Prv-ucilisen-den.jpg\" alt=\"\" width=\"1738\" height=\"1001\" srcset=\"https:\/\/sdk.mk\/wp-content\/uploads\/2018\/09\/Prv-ucilisen-den.jpg 1738w, https:\/\/sdk.mk\/wp-content\/uploads\/2018\/09\/Prv-ucilisen-den-250x144.jpg 250w, https:\/\/sdk.mk\/wp-content\/uploads\/2018\/09\/Prv-ucilisen-den-400x230.jpg 400w, https:\/\/sdk.mk\/wp-content\/uploads\/2018\/09\/Prv-ucilisen-den-768x442.jpg 768w, https:\/\/sdk.mk\/wp-content\/uploads\/2018\/09\/Prv-ucilisen-den-650x374.jpg 650w, https:\/\/sdk.mk\/wp-content\/uploads\/2018\/09\/Prv-ucilisen-den-150x86.jpg 150w, https:\/\/sdk.mk\/wp-content\/uploads\/2018\/09\/Prv-ucilisen-den-800x461.jpg 800w, https:\/\/sdk.mk\/wp-content\/uploads\/2018\/09\/Prv-ucilisen-den-1200x691.jpg 1200w, https:\/\/sdk.mk\/wp-content\/uploads\/2018\/09\/Prv-ucilisen-den-1600x922.jpg 1600w\" sizes=\"(max-width: 1738px) 100vw, 1738px\" \/><\/a><\/p>\n<p>N\u00eb 8 janar Qeveria e pranoi informacionin p\u00ebr p\u00ebrfshirje t\u00eb detyruar t\u00eb f\u00ebmij\u00ebt me penges\u00eb t\u00eb leht\u00eb n\u00eb zhvillim n\u00eb m\u00ebsimet e rregullta shkollore dhe e detyroi Ministrin\u00eb e arsimit dhe shkenc\u00ebs t\u00eb integroj\u00eb sistem t\u00eb ri p\u00ebr ndjekjen e k\u00ebtyre f\u00ebmij\u00ebve nga ekipe eksperte n\u00eb t\u00eb gjitha shkollat n\u00eb Maqedoni. Ky sistem duhej t\u00eb ishte p\u00ebrgatitur nga Ministria e arsimit m\u00eb s\u00eb vonti deri n\u00eb mars dhe t\u00eb informohej Qeverin\u00eb \u00e7do tre muaj p\u00ebr zhvillimet e tij. (Foto: SDK.MK)Nga Komuna e Gazi Bab\u00ebs thon\u00eb se n\u00eb komun\u00ebn e tyre ka 70 f\u00ebmij\u00eb me pengesa n\u00eb zhvillim, kurse defektolog\u00ebt q\u00eb jan\u00eb angazhuar atje thon\u00eb se gjithsej 9 f\u00ebmij\u00eb kan\u00eb nevoj\u00eb p\u00ebr asistent\u00eb arsimor\u00eb. Vjet, k\u00ebta asistent\u00eb kan\u00eb qen\u00eb t\u00eb p\u00ebrfshir\u00eb n\u00ebp\u00ebrmjet projektit t\u00eb UNDP-s\u00eb, kurse sivjet Komuna e financon angazhimin e tyre nga buxheti i saj.<\/p>\n<p>\u201cN\u00eb komun\u00ebn ton\u00eb ka 27 f\u00ebmij\u00eb me nevoja t\u00eb ve\u00e7anta, nd\u00ebrsa p\u00ebr 17 f\u00ebmij\u00eb kemi marr\u00eb k\u00ebrkes\u00eb p\u00ebr nj\u00eb asistent personal. Me an\u00eb t\u00eb projektit t\u00eb UNDP-s\u00eb na jan\u00eb miratuar 13 asistent\u00eb, kurse p\u00ebrparsi u \u00ebsht\u00eb dh\u00ebn\u00eb f\u00ebmij\u00ebve t\u00eb cil\u00ebt vjet kan\u00eb shfryt\u00ebzuar sh\u00ebrbimet e nj\u00eb asistenti. N\u00eb t\u00eb ardhmen do t\u00eb punojm\u00eb mbi p\u00ebrmir\u00ebsimin e kushteve t\u00eb f\u00ebmij\u00ebve me nevojat t\u00eb ve\u00e7anta arsimore n\u00eb drejtimin e nj\u00eb zbatimi m\u00eb t\u00eb madh t\u00eb p\u00ebrfshirjes n\u00eb sistemin arsimor\u201d, thon\u00eb nga Komuna e Butelit.<\/p>\n<p>Nga Komuna e Karposhit thon\u00eb se t\u00eb gjith\u00eb nx\u00ebn\u00ebsit me nevoja t\u00eb ve\u00e7anta do t\u00eb ken\u00eb asistent\u00eb. N\u00eb shpalljen publike kan\u00eb aplikuar 37 asistent\u00eb, nga t\u00eb cil\u00ebt 20 jan\u00eb angazhuar p\u00ebrmes projektit t\u00eb UNDP-s\u00eb, kurse mjetet e mbetura jan\u00eb siguruar nga buxheti i komun\u00ebs.<\/p>\n<p>Qyteti i Shkupit, n\u00ebn kompetencat e t\u00eb cilit ndodhen shkollat e mesme, bashk\u00eb me asistent\u00eb personal\u00eb nga UNDP do t\u00eb sigurojn\u00eb mjete p\u00ebr t\u00eb gjith\u00eb nx\u00ebn\u00ebsit e shkollve t\u00eb mesme (gjithsej 16) t\u00eb cil\u00ebt jan\u00eb paraqitur se kan\u00eb nevoj\u00eb p\u00ebr ndihm\u00eb gjat\u00eb m\u00ebsimit. Nga ky vit, Qyteti ka sjell\u00eb edhe nj\u00eb burs\u00eb prej 3.000 denar\u00ebsh n\u00eb muaj p\u00ebr t\u00eb gjith\u00eb nx\u00ebn\u00ebsit me nevoja t\u00eb ve\u00e7anta.<\/p>\n<p>M\u00eb pak mjete nga sa ka k\u00ebrkuar ka marr\u00eb dhe Komuna e Manastirit. Q\u00eb atje thon\u00eb se k\u00ebt\u00eb vit kan\u00eb aplikuar p\u00ebr 20 asistent\u00eb arsimor\u00eb, por edhe se nga Ministria p\u00ebr arsim p\u00ebrmes projektit t\u00eb UNDP-s\u00eb u jan\u00eb miratuar mjete p\u00ebr 13 asistent\u00eb personal\u00eb dhe arsimor\u00eb. Edhe kjo komun\u00eb p\u00ebrmes projektit t\u00eb nj\u00ebjt\u00eb m\u00eb par\u00eb kishte angazhuar asistent\u00eb arsimor\u00eb.<\/p>\n<p>Nga Komuna e Shtipit thon\u00eb se p\u00ebrmes projekteve ekzistuese p\u00ebr dhjet\u00eb nx\u00ebn\u00ebs me nevoja t\u00eb ve\u00e7anta kan\u00eb angazhuar 3 asistent\u00eb dhe se n\u00ebp\u00ebrmjet projektit t\u00eb ri t\u00eb Ministris\u00eb s\u00eb arsimit do t\u00eb p\u00ebrpiqen t\u00eb p\u00ebrfshijn\u00eb m\u00eb shum\u00eb nx\u00ebn\u00ebs.<\/p>\n<p>Nga Komuna e Ohrit thon\u00eb se kan\u00eb marr\u00eb mjete p\u00ebr angazhimin e 18 asistent\u00ebve arsimor\u00eb p\u00ebr t\u00eb cil\u00ebt dhe kan\u00eb k\u00ebrkuar, duke shtuar se kan\u00eb informata se n\u00eb komun\u00ebn e tyre ndodhen m\u00eb shum\u00eb f\u00ebmij\u00eb me nevoja t\u00eb ve\u00e7anta, por shkollat dhe f\u00ebmij\u00ebt nuk i paraqesin.<\/p>\n<p>Komuna e Tetov\u00ebs gjat\u00eb k\u00ebtij viti, n\u00ebp\u00ebrmjet projektit t\u00eb UNDPS-s\u00eb ka fituar mjete p\u00ebr 25 f\u00ebmij\u00eb me pengesa n\u00eb zhvillim apo 5 m\u00eb shum\u00eb se vjet. Nga Komuna thon\u00eb se para pes\u00eb vjet\u00ebsh, me fillimin e projektit, u jan\u00eb miratuar mjete p\u00ebr 10 asistent\u00eb arsimor\u00eb.<\/p>\n<p>\u201cNj\u00eb risi q\u00ebndron te fakti se sivjet, me k\u00ebrkes\u00ebn e UNDP, asisten\u00ebt\u00eb arsimor\u00eb do t\u00eb jen\u00eb n\u00eb ndihm\u00eb ekskluzivisht p\u00ebr nx\u00ebn\u00ebsit q\u00eb kan\u00eb dor\u00ebzuar mendim nga Komisioni p\u00ebr kategorizim, duke shpjeguar se b\u00ebhet fjal\u00eb p\u00ebr persona me pengesa n\u00eb zhvillim, e jo si\u00e7 funksiononte deri m\u00eb tani, vet\u00ebm me nj\u00eb dokument nga mjeku. P\u00ebr t\u00eb gjitha ata q\u00eb kan\u00eb sjell\u00eb dokumente t\u00eb k\u00ebtilla jan\u00eb siguruar asistent\u00eb arsimor\u00eb\u201d, thon\u00eb nga Komuna e Tetov\u00ebs.<\/p>\n<p>Nga Komuna e Strumic\u00ebs thon\u00eb se vjet jan\u00eb angazhuar 18 asistent\u00eb personal\u00eb dhe arsimor\u00eb, kurse k\u00ebt\u00eb vit 22, t\u00eb cil\u00ebt kan\u00eb filluar me pun\u00eb nga fillimi i k\u00ebtij muaji.<\/p>\n<p>\u201cPrej tyre 7 jan\u00eb nx\u00ebn\u00ebs t\u00eb shkoll\u00ebs fillore dhe t\u00eb mesme, nd\u00ebrsa t\u00eb tjer\u00ebt jan\u00eb asistent\u00eb personal\u00eb. 9 prej tyre jan\u00eb angazhuar n\u00eb projektin e UNDP-s\u00eb, kurse t\u00eb tjer\u00ebt financohen nga buxheti yn\u00eb\u201d, thon\u00eb nga Komuna e Strumic\u00ebs.<\/p>\n<p>Nga Ministria e arsimit thon\u00eb se asistent\u00ebt arsimor\u00eb do t\u00eb jen\u00eb persona t\u00eb aft\u00eb profesionalisht, t\u00eb angazhuar n\u00eb shkolla t\u00eb ve\u00e7anta nga qendrat burimore.<\/p>\n<p>Ministria e pun\u00ebs dhe politik\u00ebs sociale u ka b\u00ebr\u00eb thirrje n\u00eb fillim t\u00eb muajit t\u00eb gjitha komunave q\u00eb t\u00eb b\u00ebjn\u00eb projekte p\u00ebr shtresat n\u00eb nevoj\u00eb dhe t\u00eb aplikojn\u00eb p\u00ebr grante p\u00ebr zhvillimin e sh\u00ebrbimeve sociale, gj\u00eb p\u00ebr t\u00eb cil\u00ebn nga buxheti i Ministris\u00eb jan\u00eb parashikuar 10,8 milion\u00eb euro.<\/p>\n<p><strong><em>EKIPI I SDK.MK<\/em><\/strong><\/p>\n\n<div style=\"font-size: 0px; height: 0px; line-height: 0px; margin: 0; padding: 0; clear: both;\"><\/div>","protected":false},"excerpt":{"rendered":"<p>Shumica e komunave n\u00eb shtet nuk kan\u00eb parashikuar mjaft para n\u00eb buxhetin e tyre p\u00ebr asistent\u00ebt e f\u00ebmij\u00ebve me pengesa [&hellip;]<\/p>\n","protected":false},"author":25,"featured_media":84190,"comment_status":"closed","ping_status":"closed","sticky":false,"template":"","format":"standard","meta":{"_mo_disable_npp":"","inline_featured_image":false},"categories":[3085],"tags":[],"imageURL":"https:\/\/sdk.mk\/wp-content\/uploads\/2019\/03\/obrazovni-asistenti-Kosta3-650x470.jpg","thumbURL":"https:\/\/sdk.mk\/wp-content\/uploads\/2019\/03\/obrazovni-asistenti-Kosta3-250x181.jpg","categoryNames":["Histori t\u00eb parr\u00ebfyera"],"feature_caption":"Ministria e arsimit nuk ka t\u00eb dh\u00ebna t\u00eb plota rreth numrit t\u00eb f\u00ebmij\u00ebve q\u00eb jan\u00eb p\u00ebrfshir\u00eb n\u00eb m\u00ebsimdh\u00ebnien e rregullt dhe se sa asistent\u00eb nevojiten q\u00eb t\u00eb p\u00ebrfshihen n\u00eb procesin arsimor.(Foto: Gj. Li\u00e7ovski)","subtitle":"","views":"5204","source":"Shkup, (SAKAMDAKAZAM.MK)","yoast_head":"<!-- This site is optimized with the Yoast SEO Premium plugin v15.0 - https:\/\/yoast.com\/wordpress\/plugins\/seo\/ -->\n<title>KOMUNAT NUK KAN\u00cb PARASHIKUAR MJAFT MJETE P\u00cbR ASISTENT\u00cbT E F\u00cbMIJ\u00cbVE ME NEVOJA T\u00cb VE\u00c7ANTA, MBAJN\u00cb SHPRES\u00cbN P\u00cbR NDIHM\u00cb NGA JASHT\u00cb - \u0421\u0430\u043a\u0430\u043c \u0414\u0430 \u041a\u0430\u0436\u0430\u043c<\/title>\n<meta name=\"robots\" content=\"index, follow, max-snippet:-1, max-image-preview:large, max-video-preview:-1\" \/>\n<link rel=\"canonical\" href=\"https:\/\/sdk.mk\/index.php\/histori-te-parrefyera\/komunat-nuk-kane-parashikuar-mjaft-mjete-per-asistentet-e-femijeve-me-nevoja-te-vecanta-mbajne-shpresen-per-ndihme-nga-jashte\/\" \/>\n<meta property=\"og:locale\" content=\"mk_MK\" \/>\n<meta property=\"og:type\" content=\"article\" \/>\n<meta property=\"og:title\" content=\"KOMUNAT NUK KAN\u00cb PARASHIKUAR MJAFT MJETE P\u00cbR ASISTENT\u00cbT E F\u00cbMIJ\u00cbVE ME NEVOJA T\u00cb VE\u00c7ANTA, MBAJN\u00cb SHPRES\u00cbN P\u00cbR NDIHM\u00cb NGA JASHT\u00cb - \u0421\u0430\u043a\u0430\u043c \u0414\u0430 \u041a\u0430\u0436\u0430\u043c\" \/>\n<meta property=\"og:description\" content=\"Shumica e komunave n\u00eb shtet nuk kan\u00eb parashikuar mjaft para n\u00eb buxhetin e tyre p\u00ebr asistent\u00ebt e f\u00ebmij\u00ebve me pengesa [&hellip;]\" \/>\n<meta property=\"og:url\" content=\"https:\/\/sdk.mk\/index.php\/histori-te-parrefyera\/komunat-nuk-kane-parashikuar-mjaft-mjete-per-asistentet-e-femijeve-me-nevoja-te-vecanta-mbajne-shpresen-per-ndihme-nga-jashte\/\" \/>\n<meta property=\"og:site_name\" content=\"\u0421\u0430\u043a\u0430\u043c \u0414\u0430 \u041a\u0430\u0436\u0430\u043c\" \/>\n<meta property=\"article:published_time\" content=\"2019-09-26T14:13:10+00:00\" \/>\n<meta property=\"article:modified_time\" content=\"2019-09-26T14:14:17+00:00\" \/>\n<meta property=\"og:image\" content=\"https:\/\/sdk.mk\/wp-content\/uploads\/2019\/03\/obrazovni-asistenti-Kosta3.jpg\" \/>\n\t<meta property=\"og:image:width\" content=\"1400\" \/>\n\t<meta property=\"og:image:height\" content=\"1012\" \/>\n<meta property=\"fb:app_id\" content=\"2407985809428537\" \/>\n<meta name=\"twitter:card\" content=\"summary\" \/>\n<script type=\"application\/ld+json\" class=\"yoast-schema-graph\">{\"@context\":\"https:\/\/schema.org\",\"@graph\":[{\"@type\":\"WebSite\",\"@id\":\"https:\/\/sdk.mk\/#website\",\"url\":\"https:\/\/sdk.mk\/\",\"name\":\"\\u0421\\u0430\\u043a\\u0430\\u043c \\u0414\\u0430 \\u041a\\u0430\\u0436\\u0430\\u043c\",\"description\":\"\\u0417\\u0430 \\u0441\\u043b\\u043e\\u0431\\u043e\\u0434\\u043e\\u0443\\u043c\\u043d\\u0438\",\"potentialAction\":[{\"@type\":\"SearchAction\",\"target\":\"https:\/\/sdk.mk\/?s={search_term_string}\",\"query-input\":\"required name=search_term_string\"}],\"inLanguage\":\"mk-MK\"},{\"@type\":\"ImageObject\",\"@id\":\"https:\/\/sdk.mk\/index.php\/histori-te-parrefyera\/komunat-nuk-kane-parashikuar-mjaft-mjete-per-asistentet-e-femijeve-me-nevoja-te-vecanta-mbajne-shpresen-per-ndihme-nga-jashte\/#primaryimage\",\"inLanguage\":\"mk-MK\",\"url\":\"https:\/\/sdk.mk\/wp-content\/uploads\/2019\/03\/obrazovni-asistenti-Kosta3.jpg\",\"width\":1400,\"height\":1012},{\"@type\":\"WebPage\",\"@id\":\"https:\/\/sdk.mk\/index.php\/histori-te-parrefyera\/komunat-nuk-kane-parashikuar-mjaft-mjete-per-asistentet-e-femijeve-me-nevoja-te-vecanta-mbajne-shpresen-per-ndihme-nga-jashte\/#webpage\",\"url\":\"https:\/\/sdk.mk\/index.php\/histori-te-parrefyera\/komunat-nuk-kane-parashikuar-mjaft-mjete-per-asistentet-e-femijeve-me-nevoja-te-vecanta-mbajne-shpresen-per-ndihme-nga-jashte\/\",\"name\":\"KOMUNAT NUK KAN\\u00cb PARASHIKUAR MJAFT MJETE P\\u00cbR ASISTENT\\u00cbT E F\\u00cbMIJ\\u00cbVE ME NEVOJA T\\u00cb VE\\u00c7ANTA, MBAJN\\u00cb SHPRES\\u00cbN P\\u00cbR NDIHM\\u00cb NGA JASHT\\u00cb - \\u0421\\u0430\\u043a\\u0430\\u043c \\u0414\\u0430 \\u041a\\u0430\\u0436\\u0430\\u043c\",\"isPartOf\":{\"@id\":\"https:\/\/sdk.mk\/#website\"},\"primaryImageOfPage\":{\"@id\":\"https:\/\/sdk.mk\/index.php\/histori-te-parrefyera\/komunat-nuk-kane-parashikuar-mjaft-mjete-per-asistentet-e-femijeve-me-nevoja-te-vecanta-mbajne-shpresen-per-ndihme-nga-jashte\/#primaryimage\"},\"datePublished\":\"2019-09-26T14:13:10+00:00\",\"dateModified\":\"2019-09-26T14:14:17+00:00\",\"author\":{\"@id\":\"https:\/\/sdk.mk\/#\/schema\/person\/737021aeacbe893f7e2c347186c5c7a1\"},\"inLanguage\":\"mk-MK\",\"potentialAction\":[{\"@type\":\"ReadAction\",\"target\":[\"https:\/\/sdk.mk\/index.php\/histori-te-parrefyera\/komunat-nuk-kane-parashikuar-mjaft-mjete-per-asistentet-e-femijeve-me-nevoja-te-vecanta-mbajne-shpresen-per-ndihme-nga-jashte\/\"]}]},{\"@type\":\"Person\",\"@id\":\"https:\/\/sdk.mk\/#\/schema\/person\/737021aeacbe893f7e2c347186c5c7a1\",\"name\":\"\\u0424\\u0458\\u043e\\u043b\\u0430 \\u0417\\u043b\\u0430\\u0442\\u043a\\u0443\"}]}<\/script>\n<!-- \/ Yoast SEO Premium plugin. -->","_links":{"self":[{"href":"https:\/\/sdk.mk\/index.php\/wp-json\/wp\/v2\/posts\/97773"}],"collection":[{"href":"https:\/\/sdk.mk\/index.php\/wp-json\/wp\/v2\/posts"}],"about":[{"href":"https:\/\/sdk.mk\/index.php\/wp-json\/wp\/v2\/types\/post"}],"author":[{"embeddable":true,"href":"https:\/\/sdk.mk\/index.php\/wp-json\/wp\/v2\/users\/25"}],"replies":[{"embeddable":true,"href":"https:\/\/sdk.mk\/index.php\/wp-json\/wp\/v2\/comments?post=97773"}],"version-history":[{"count":0,"href":"https:\/\/sdk.mk\/index.php\/wp-json\/wp\/v2\/posts\/97773\/revisions"}],"wp:featuredmedia":[{"embeddable":true,"href":"https:\/\/sdk.mk\/index.php\/wp-json\/wp\/v2\/media\/84190"}],"wp:attachment":[{"href":"https:\/\/sdk.mk\/index.php\/wp-json\/wp\/v2\/media?parent=97773"}],"wp:term":[{"taxonomy":"category","embeddable":true,"href":"https:\/\/sdk.mk\/index.php\/wp-json\/wp\/v2\/categories?post=97773"},{"taxonomy":"post_tag","embeddable":true,"href":"https:\/\/sdk.mk\/index.php\/wp-json\/wp\/v2\/tags?post=97773"}],"curies":[{"name":"wp","href":"https:\/\/api.w.org\/{rel}","templated":true}]}}